{"id":53505,"date":"2015-06-14T10:34:53","date_gmt":"2015-06-14T13:34:53","guid":{"rendered":"http:\/\/www.notibras.com\/site\/?p=53505"},"modified":"2015-06-14T21:41:28","modified_gmt":"2015-06-15T00:41:28","slug":"recanto-das-emas-pede-ao-detran-reducao-de-velocidade","status":"publish","type":"post","link":"https:\/\/www.notibras.com\/site\/recanto-das-emas-pede-ao-detran-reducao-de-velocidade\/","title":{"rendered":"Recanto das Emas pede ao Detran redu\u00e7\u00e3o de velocidade nas ruas"},"content":{"rendered":"<p>Em uma das avenidas principais do Recanto das Emas, tem ocorrido constantemente acidentes em raz\u00e3o da aus\u00eancia de redutores de velocidade. Morador da cidade, Jos\u00e9 Farias entrou em contato com o\u00a0ZapZap das Quadras para relatar o problema na cidade, que tem deixado moradores preocupados. Ele relata que por conta da velocidade alta dos carros, moradores que fazem a travessia\u00a0correm o risco de acidente. Jos\u00e9 sugere ao governo que instale quebra-molas ou fiscaliza\u00e7\u00e3o eletr\u00f4nica.<\/p>\n","protected":false},"excerpt":{"rendered":"<p>Em uma das avenidas principais do Recanto das Emas, tem ocorrido constantemente acidentes em raz\u00e3o da aus\u00eancia de redutores de velocidade. Morador da cidade, Jos\u00e9 Farias entrou em contato com o\u00a0ZapZap das Quadras para relatar o problema na cidade, que tem deixado moradores preocupados. Ele relata que por conta da velocidade alta dos carros, moradores [&hellip;]<\/p>\n","protected":false},"author":2,"featured_media":53506,"comment_status":"open","ping_status":"closed","sticky":false,"template":"","format":"standard","meta":{"_acf_changed":false,"footnotes":""},"categories":[40],"tags":[],"class_list":["post-53505","post","type-post","status-publish","format-standard","has-post-thumbnail","hentry","category-zapzap-das-quadras"],"acf":[],"yoast_head":"<!-- This site is optimized with the Yoast SEO plugin v27.2 - https:\/\/yoast.com\/product\/yoast-seo-wordpress\/ -->\n<title>Recanto das Emas pede ao Detran redu\u00e7\u00e3o de velocidade nas ruas - Notibras<\/title>\n<meta name=\"robots\" content=\"index, follow, max-snippet:-1, max-image-preview:large, max-video-preview:-1\" \/>\n<link rel=\"canonical\" href=\"https:\/\/www.notibras.com\/site\/recanto-das-emas-pede-ao-detran-reducao-de-velocidade\/\" \/>\n<meta property=\"og:locale\" content=\"pt_BR\" \/>\n<meta property=\"og:type\" content=\"article\" \/>\n<meta property=\"og:title\" content=\"Recanto das Emas pede ao Detran redu\u00e7\u00e3o de velocidade nas ruas - Notibras\" \/>\n<meta property=\"og:description\" content=\"Em uma das avenidas principais do Recanto das Emas, tem ocorrido constantemente acidentes em raz\u00e3o da aus\u00eancia de redutores de velocidade. Morador da cidade, Jos\u00e9 Farias entrou em contato com o\u00a0ZapZap das Quadras para relatar o problema na cidade, que tem deixado moradores preocupados. Ele relata que por conta da velocidade alta dos carros, moradores [&hellip;]\" \/>\n<meta property=\"og:url\" content=\"https:\/\/www.notibras.com\/site\/recanto-das-emas-pede-ao-detran-reducao-de-velocidade\/\" \/>\n<meta property=\"og:site_name\" content=\"Notibras\" \/>\n<meta property=\"article:publisher\" content=\"https:\/\/www.facebook.com\/notibras\/\" \/>\n<meta property=\"article:published_time\" content=\"2015-06-14T13:34:53+00:00\" \/>\n<meta property=\"article:modified_time\" content=\"2015-06-15T00:41:28+00:00\" \/>\n<meta property=\"og:image\" content=\"https:\/\/www.notibras.com\/site\/wp-content\/uploads\/2015\/06\/recanto.jpg\" \/>\n\t<meta property=\"og:image:width\" content=\"400\" \/>\n\t<meta property=\"og:image:height\" content=\"300\" \/>\n\t<meta property=\"og:image:type\" content=\"image\/jpeg\" \/>\n<meta name=\"author\" content=\"Reda\u00e7\u00e3o\" \/>\n<meta name=\"twitter:card\" content=\"summary_large_image\" \/>\n<meta name=\"twitter:creator\" content=\"@Notibras\" \/>\n<meta name=\"twitter:site\" content=\"@Notibras\" \/>\n<meta name=\"twitter:label1\" content=\"Escrito por\" \/>\n\t<meta name=\"twitter:data1\" content=\"Reda\u00e7\u00e3o\" \/>\n<script type=\"application\/ld+json\" class=\"yoast-schema-graph\">{\"@context\":\"https:\/\/schema.org\",\"@graph\":[{\"@type\":\"Article\",\"@id\":\"https:\/\/www.notibras.com\/site\/recanto-das-emas-pede-ao-detran-reducao-de-velocidade\/#article\",\"isPartOf\":{\"@id\":\"https:\/\/www.notibras.com\/site\/recanto-das-emas-pede-ao-detran-reducao-de-velocidade\/\"},\"author\":{\"name\":\"Reda\u00e7\u00e3o\",\"@id\":\"https:\/\/www.notibras.com\/site\/#\/schema\/person\/36ab0979449956132d3e5b517ea76ac8\"},\"headline\":\"Recanto das Emas pede ao Detran redu\u00e7\u00e3o de velocidade nas ruas\",\"datePublished\":\"2015-06-14T13:34:53+00:00\",\"dateModified\":\"2015-06-15T00:41:28+00:00\",\"mainEntityOfPage\":{\"@id\":\"https:\/\/www.notibras.com\/site\/recanto-das-emas-pede-ao-detran-reducao-de-velocidade\/\"},\"wordCount\":91,\"commentCount\":0,\"publisher\":{\"@id\":\"https:\/\/www.notibras.com\/site\/#organization\"},\"image\":{\"@id\":\"https:\/\/www.notibras.com\/site\/recanto-das-emas-pede-ao-detran-reducao-de-velocidade\/#primaryimage\"},\"thumbnailUrl\":\"https:\/\/www.notibras.com\/site\/wp-content\/uploads\/2015\/06\/recanto.jpg\",\"articleSection\":[\"ZapZap das Quadras\"],\"inLanguage\":\"pt-BR\",\"potentialAction\":[{\"@type\":\"CommentAction\",\"name\":\"Comment\",\"target\":[\"https:\/\/www.notibras.com\/site\/recanto-das-emas-pede-ao-detran-reducao-de-velocidade\/#respond\"]}]},{\"@type\":\"WebPage\",\"@id\":\"https:\/\/www.notibras.com\/site\/recanto-das-emas-pede-ao-detran-reducao-de-velocidade\/\",\"url\":\"https:\/\/www.notibras.com\/site\/recanto-das-emas-pede-ao-detran-reducao-de-velocidade\/\",\"name\":\"Recanto das Emas pede ao Detran redu\u00e7\u00e3o de velocidade nas ruas - Notibras\",\"isPartOf\":{\"@id\":\"https:\/\/www.notibras.com\/site\/#website\"},\"primaryImageOfPage\":{\"@id\":\"https:\/\/www.notibras.com\/site\/recanto-das-emas-pede-ao-detran-reducao-de-velocidade\/#primaryimage\"},\"image\":{\"@id\":\"https:\/\/www.notibras.com\/site\/recanto-das-emas-pede-ao-detran-reducao-de-velocidade\/#primaryimage\"},\"thumbnailUrl\":\"https:\/\/www.notibras.com\/site\/wp-content\/uploads\/2015\/06\/recanto.jpg\",\"datePublished\":\"2015-06-14T13:34:53+00:00\",\"dateModified\":\"2015-06-15T00:41:28+00:00\",\"breadcrumb\":{\"@id\":\"https:\/\/www.notibras.com\/site\/recanto-das-emas-pede-ao-detran-reducao-de-velocidade\/#breadcrumb\"},\"inLanguage\":\"pt-BR\",\"potentialAction\":[{\"@type\":\"ReadAction\",\"target\":[\"https:\/\/www.notibras.com\/site\/recanto-das-emas-pede-ao-detran-reducao-de-velocidade\/\"]}]},{\"@type\":\"ImageObject\",\"inLanguage\":\"pt-BR\",\"@id\":\"https:\/\/www.notibras.com\/site\/recanto-das-emas-pede-ao-detran-reducao-de-velocidade\/#primaryimage\",\"url\":\"https:\/\/www.notibras.com\/site\/wp-content\/uploads\/2015\/06\/recanto.jpg\",\"contentUrl\":\"https:\/\/www.notibras.com\/site\/wp-content\/uploads\/2015\/06\/recanto.jpg\",\"width\":400,\"height\":300},{\"@type\":\"BreadcrumbList\",\"@id\":\"https:\/\/www.notibras.com\/site\/recanto-das-emas-pede-ao-detran-reducao-de-velocidade\/#breadcrumb\",\"itemListElement\":[{\"@type\":\"ListItem\",\"position\":1,\"name\":\"In\u00edcio\",\"item\":\"https:\/\/www.notibras.com\/site\/\"},{\"@type\":\"ListItem\",\"position\":2,\"name\":\"Recanto das Emas pede ao Detran redu\u00e7\u00e3o de velocidade nas ruas\"}]},{\"@type\":\"WebSite\",\"@id\":\"https:\/\/www.notibras.com\/site\/#website\",\"url\":\"https:\/\/www.notibras.com\/site\/\",\"name\":\"Notibras\",\"description\":\"Not\u00edcias de Bras\u00edlia, do Brasil e do Mundo\",\"publisher\":{\"@id\":\"https:\/\/www.notibras.com\/site\/#organization\"},\"potentialAction\":[{\"@type\":\"SearchAction\",\"target\":{\"@type\":\"EntryPoint\",\"urlTemplate\":\"https:\/\/www.notibras.com\/site\/?s={search_term_string}\"},\"query-input\":{\"@type\":\"PropertyValueSpecification\",\"valueRequired\":true,\"valueName\":\"search_term_string\"}}],\"inLanguage\":\"pt-BR\"},{\"@type\":\"Organization\",\"@id\":\"https:\/\/www.notibras.com\/site\/#organization\",\"name\":\"Grupo Notibras de Comunica\u00e7\u00e3o\",\"url\":\"https:\/\/www.notibras.com\/site\/\",\"logo\":{\"@type\":\"ImageObject\",\"inLanguage\":\"pt-BR\",\"@id\":\"https:\/\/www.notibras.com\/site\/#\/schema\/logo\/image\/\",\"url\":\"https:\/\/www.notibras.com\/site\/wp-content\/uploads\/2023\/01\/notibras23.png\",\"contentUrl\":\"https:\/\/www.notibras.com\/site\/wp-content\/uploads\/2023\/01\/notibras23.png\",\"width\":350,\"height\":87,\"caption\":\"Grupo Notibras de Comunica\u00e7\u00e3o\"},\"image\":{\"@id\":\"https:\/\/www.notibras.com\/site\/#\/schema\/logo\/image\/\"},\"sameAs\":[\"https:\/\/www.facebook.com\/notibras\/\",\"https:\/\/x.com\/Notibras\",\"https:\/\/www.instagram.com\/notibras\/\"]},{\"@type\":\"Person\",\"@id\":\"https:\/\/www.notibras.com\/site\/#\/schema\/person\/36ab0979449956132d3e5b517ea76ac8\",\"name\":\"Reda\u00e7\u00e3o\",\"image\":{\"@type\":\"ImageObject\",\"inLanguage\":\"pt-BR\",\"@id\":\"https:\/\/secure.gravatar.com\/avatar\/e0a867bdedb85fd243eadf09663511f96fc81e0720a4a42581f334ad4303aa6b?s=96&d=mm&r=g\",\"url\":\"https:\/\/secure.gravatar.com\/avatar\/e0a867bdedb85fd243eadf09663511f96fc81e0720a4a42581f334ad4303aa6b?s=96&d=mm&r=g\",\"contentUrl\":\"https:\/\/secure.gravatar.com\/avatar\/e0a867bdedb85fd243eadf09663511f96fc81e0720a4a42581f334ad4303aa6b?s=96&d=mm&r=g\",\"caption\":\"Reda\u00e7\u00e3o\"}}]}<\/script>\n<!-- \/ Yoast SEO plugin. -->","yoast_head_json":{"title":"Recanto das Emas pede ao Detran redu\u00e7\u00e3o de velocidade nas ruas - Notibras","robots":{"index":"index","follow":"follow","max-snippet":"max-snippet:-1","max-image-preview":"max-image-preview:large","max-video-preview":"max-video-preview:-1"},"canonical":"https:\/\/www.notibras.com\/site\/recanto-das-emas-pede-ao-detran-reducao-de-velocidade\/","og_locale":"pt_BR","og_type":"article","og_title":"Recanto das Emas pede ao Detran redu\u00e7\u00e3o de velocidade nas ruas - Notibras","og_description":"Em uma das avenidas principais do Recanto das Emas, tem ocorrido constantemente acidentes em raz\u00e3o da aus\u00eancia de redutores de velocidade. Morador da cidade, Jos\u00e9 Farias entrou em contato com o\u00a0ZapZap das Quadras para relatar o problema na cidade, que tem deixado moradores preocupados. Ele relata que por conta da velocidade alta dos carros, moradores [&hellip;]","og_url":"https:\/\/www.notibras.com\/site\/recanto-das-emas-pede-ao-detran-reducao-de-velocidade\/","og_site_name":"Notibras","article_publisher":"https:\/\/www.facebook.com\/notibras\/","article_published_time":"2015-06-14T13:34:53+00:00","article_modified_time":"2015-06-15T00:41:28+00:00","og_image":[{"width":400,"height":300,"url":"https:\/\/www.notibras.com\/site\/wp-content\/uploads\/2015\/06\/recanto.jpg","type":"image\/jpeg"}],"author":"Reda\u00e7\u00e3o","twitter_card":"summary_large_image","twitter_creator":"@Notibras","twitter_site":"@Notibras","twitter_misc":{"Escrito por":"Reda\u00e7\u00e3o"},"schema":{"@context":"https:\/\/schema.org","@graph":[{"@type":"Article","@id":"https:\/\/www.notibras.com\/site\/recanto-das-emas-pede-ao-detran-reducao-de-velocidade\/#article","isPartOf":{"@id":"https:\/\/www.notibras.com\/site\/recanto-das-emas-pede-ao-detran-reducao-de-velocidade\/"},"author":{"name":"Reda\u00e7\u00e3o","@id":"https:\/\/www.notibras.com\/site\/#\/schema\/person\/36ab0979449956132d3e5b517ea76ac8"},"headline":"Recanto das Emas pede ao Detran redu\u00e7\u00e3o de velocidade nas ruas","datePublished":"2015-06-14T13:34:53+00:00","dateModified":"2015-06-15T00:41:28+00:00","mainEntityOfPage":{"@id":"https:\/\/www.notibras.com\/site\/recanto-das-emas-pede-ao-detran-reducao-de-velocidade\/"},"wordCount":91,"commentCount":0,"publisher":{"@id":"https:\/\/www.notibras.com\/site\/#organization"},"image":{"@id":"https:\/\/www.notibras.com\/site\/recanto-das-emas-pede-ao-detran-reducao-de-velocidade\/#primaryimage"},"thumbnailUrl":"https:\/\/www.notibras.com\/site\/wp-content\/uploads\/2015\/06\/recanto.jpg","articleSection":["ZapZap das Quadras"],"inLanguage":"pt-BR","potentialAction":[{"@type":"CommentAction","name":"Comment","target":["https:\/\/www.notibras.com\/site\/recanto-das-emas-pede-ao-detran-reducao-de-velocidade\/#respond"]}]},{"@type":"WebPage","@id":"https:\/\/www.notibras.com\/site\/recanto-das-emas-pede-ao-detran-reducao-de-velocidade\/","url":"https:\/\/www.notibras.com\/site\/recanto-das-emas-pede-ao-detran-reducao-de-velocidade\/","name":"Recanto das Emas pede ao Detran redu\u00e7\u00e3o de velocidade nas ruas - Notibras","isPartOf":{"@id":"https:\/\/www.notibras.com\/site\/#website"},"primaryImageOfPage":{"@id":"https:\/\/www.notibras.com\/site\/recanto-das-emas-pede-ao-detran-reducao-de-velocidade\/#primaryimage"},"image":{"@id":"https:\/\/www.notibras.com\/site\/recanto-das-emas-pede-ao-detran-reducao-de-velocidade\/#primaryimage"},"thumbnailUrl":"https:\/\/www.notibras.com\/site\/wp-content\/uploads\/2015\/06\/recanto.jpg","datePublished":"2015-06-14T13:34:53+00:00","dateModified":"2015-06-15T00:41:28+00:00","breadcrumb":{"@id":"https:\/\/www.notibras.com\/site\/recanto-das-emas-pede-ao-detran-reducao-de-velocidade\/#breadcrumb"},"inLanguage":"pt-BR","potentialAction":[{"@type":"ReadAction","target":["https:\/\/www.notibras.com\/site\/recanto-das-emas-pede-ao-detran-reducao-de-velocidade\/"]}]},{"@type":"ImageObject","inLanguage":"pt-BR","@id":"https:\/\/www.notibras.com\/site\/recanto-das-emas-pede-ao-detran-reducao-de-velocidade\/#primaryimage","url":"https:\/\/www.notibras.com\/site\/wp-content\/uploads\/2015\/06\/recanto.jpg","contentUrl":"https:\/\/www.notibras.com\/site\/wp-content\/uploads\/2015\/06\/recanto.jpg","width":400,"height":300},{"@type":"BreadcrumbList","@id":"https:\/\/www.notibras.com\/site\/recanto-das-emas-pede-ao-detran-reducao-de-velocidade\/#breadcrumb","itemListElement":[{"@type":"ListItem","position":1,"name":"In\u00edcio","item":"https:\/\/www.notibras.com\/site\/"},{"@type":"ListItem","position":2,"name":"Recanto das Emas pede ao Detran redu\u00e7\u00e3o de velocidade nas ruas"}]},{"@type":"WebSite","@id":"https:\/\/www.notibras.com\/site\/#website","url":"https:\/\/www.notibras.com\/site\/","name":"Notibras","description":"Not\u00edcias de Bras\u00edlia, do Brasil e do Mundo","publisher":{"@id":"https:\/\/www.notibras.com\/site\/#organization"},"potentialAction":[{"@type":"SearchAction","target":{"@type":"EntryPoint","urlTemplate":"https:\/\/www.notibras.com\/site\/?s={search_term_string}"},"query-input":{"@type":"PropertyValueSpecification","valueRequired":true,"valueName":"search_term_string"}}],"inLanguage":"pt-BR"},{"@type":"Organization","@id":"https:\/\/www.notibras.com\/site\/#organization","name":"Grupo Notibras de Comunica\u00e7\u00e3o","url":"https:\/\/www.notibras.com\/site\/","logo":{"@type":"ImageObject","inLanguage":"pt-BR","@id":"https:\/\/www.notibras.com\/site\/#\/schema\/logo\/image\/","url":"https:\/\/www.notibras.com\/site\/wp-content\/uploads\/2023\/01\/notibras23.png","contentUrl":"https:\/\/www.notibras.com\/site\/wp-content\/uploads\/2023\/01\/notibras23.png","width":350,"height":87,"caption":"Grupo Notibras de Comunica\u00e7\u00e3o"},"image":{"@id":"https:\/\/www.notibras.com\/site\/#\/schema\/logo\/image\/"},"sameAs":["https:\/\/www.facebook.com\/notibras\/","https:\/\/x.com\/Notibras","https:\/\/www.instagram.com\/notibras\/"]},{"@type":"Person","@id":"https:\/\/www.notibras.com\/site\/#\/schema\/person\/36ab0979449956132d3e5b517ea76ac8","name":"Reda\u00e7\u00e3o","image":{"@type":"ImageObject","inLanguage":"pt-BR","@id":"https:\/\/secure.gravatar.com\/avatar\/e0a867bdedb85fd243eadf09663511f96fc81e0720a4a42581f334ad4303aa6b?s=96&d=mm&r=g","url":"https:\/\/secure.gravatar.com\/avatar\/e0a867bdedb85fd243eadf09663511f96fc81e0720a4a42581f334ad4303aa6b?s=96&d=mm&r=g","contentUrl":"https:\/\/secure.gravatar.com\/avatar\/e0a867bdedb85fd243eadf09663511f96fc81e0720a4a42581f334ad4303aa6b?s=96&d=mm&r=g","caption":"Reda\u00e7\u00e3o"}}]}},"amp_enabled":true,"_links":{"self":[{"href":"https:\/\/www.notibras.com\/site\/wp-json\/wp\/v2\/posts\/53505","targetHints":{"allow":["GET"]}}],"collection":[{"href":"https:\/\/www.notibras.com\/site\/wp-json\/wp\/v2\/posts"}],"about":[{"href":"https:\/\/www.notibras.com\/site\/wp-json\/wp\/v2\/types\/post"}],"author":[{"embeddable":true,"href":"https:\/\/www.notibras.com\/site\/wp-json\/wp\/v2\/users\/2"}],"replies":[{"embeddable":true,"href":"https:\/\/www.notibras.com\/site\/wp-json\/wp\/v2\/comments?post=53505"}],"version-history":[{"count":0,"href":"https:\/\/www.notibras.com\/site\/wp-json\/wp\/v2\/posts\/53505\/revisions"}],"wp:featuredmedia":[{"embeddable":true,"href":"https:\/\/www.notibras.com\/site\/wp-json\/wp\/v2\/media\/53506"}],"wp:attachment":[{"href":"https:\/\/www.notibras.com\/site\/wp-json\/wp\/v2\/media?parent=53505"}],"wp:term":[{"taxonomy":"category","embeddable":true,"href":"https:\/\/www.notibras.com\/site\/wp-json\/wp\/v2\/categories?post=53505"},{"taxonomy":"post_tag","embeddable":true,"href":"https:\/\/www.notibras.com\/site\/wp-json\/wp\/v2\/tags?post=53505"}],"curies":[{"name":"wp","href":"https:\/\/api.w.org\/{rel}","templated":true}]}}