{"id":53513,"date":"2015-06-14T21:47:53","date_gmt":"2015-06-15T00:47:53","guid":{"rendered":"http:\/\/www.notibras.com\/site\/?p=53513"},"modified":"2015-06-15T02:33:09","modified_gmt":"2015-06-15T05:33:09","slug":"quem-nao-gosta-de-lixo-nas-ruas-nao-ama-morar-no-gama","status":"publish","type":"post","link":"https:\/\/www.notibras.com\/site\/quem-nao-gosta-de-lixo-nas-ruas-nao-ama-morar-no-gama\/","title":{"rendered":"Quem n\u00e3o gosta de lixo nas ruas n\u00e3o ama como amava morar no Gama"},"content":{"rendered":"<p>S\u00e9rgio Sampaio, morador da Quadra 41 Setor Leste do Gama, reclama da sujeira que tem se acumulado tornando o bairro um lix\u00e3o a c\u00e9u aberto. O morador afirma que no local h\u00e1 uma placa que pro\u00edbe todos de jogar lixo, mas\u00a0ningu\u00e9m respeita. \u201cTodos os dias flagro os pr\u00f3prios moradores da quadra jogando restos de constru\u00e7\u00e3o, lixo org\u00e2nico entre outros, que causam mau cheiro e desconforto a todos\u201d, ressalta o morador.<\/p>\n","protected":false},"excerpt":{"rendered":"<p>S\u00e9rgio Sampaio, morador da Quadra 41 Setor Leste do Gama, reclama da sujeira que tem se acumulado tornando o bairro um lix\u00e3o a c\u00e9u aberto. O morador afirma que no local h\u00e1 uma placa que pro\u00edbe todos de jogar lixo, mas\u00a0ningu\u00e9m respeita. \u201cTodos os dias flagro os pr\u00f3prios moradores da quadra jogando restos de constru\u00e7\u00e3o, [&hellip;]<\/p>\n","protected":false},"author":2,"featured_media":53514,"comment_status":"open","ping_status":"closed","sticky":false,"template":"","format":"standard","meta":{"_acf_changed":false,"footnotes":""},"categories":[40],"tags":[],"class_list":["post-53513","post","type-post","status-publish","format-standard","has-post-thumbnail","hentry","category-zapzap-das-quadras"],"acf":[],"yoast_head":"<!-- This site is optimized with the Yoast SEO plugin v27.2 - https:\/\/yoast.com\/product\/yoast-seo-wordpress\/ -->\n<title>Quem n\u00e3o gosta de lixo nas ruas n\u00e3o ama como amava morar no Gama - Notibras<\/title>\n<meta name=\"robots\" content=\"index, follow, max-snippet:-1, max-image-preview:large, max-video-preview:-1\" \/>\n<link rel=\"canonical\" href=\"https:\/\/www.notibras.com\/site\/quem-nao-gosta-de-lixo-nas-ruas-nao-ama-morar-no-gama\/\" \/>\n<meta property=\"og:locale\" content=\"pt_BR\" \/>\n<meta property=\"og:type\" content=\"article\" \/>\n<meta property=\"og:title\" content=\"Quem n\u00e3o gosta de lixo nas ruas n\u00e3o ama como amava morar no Gama - Notibras\" \/>\n<meta property=\"og:description\" content=\"S\u00e9rgio Sampaio, morador da Quadra 41 Setor Leste do Gama, reclama da sujeira que tem se acumulado tornando o bairro um lix\u00e3o a c\u00e9u aberto. O morador afirma que no local h\u00e1 uma placa que pro\u00edbe todos de jogar lixo, mas\u00a0ningu\u00e9m respeita. \u201cTodos os dias flagro os pr\u00f3prios moradores da quadra jogando restos de constru\u00e7\u00e3o, [&hellip;]\" \/>\n<meta property=\"og:url\" content=\"https:\/\/www.notibras.com\/site\/quem-nao-gosta-de-lixo-nas-ruas-nao-ama-morar-no-gama\/\" \/>\n<meta property=\"og:site_name\" content=\"Notibras\" \/>\n<meta property=\"article:publisher\" content=\"https:\/\/www.facebook.com\/notibras\/\" \/>\n<meta property=\"article:published_time\" content=\"2015-06-15T00:47:53+00:00\" \/>\n<meta property=\"article:modified_time\" content=\"2015-06-15T05:33:09+00:00\" \/>\n<meta property=\"og:image\" content=\"https:\/\/www.notibras.com\/site\/wp-content\/uploads\/2015\/06\/proibido-jogar-lixo.jpg\" \/>\n\t<meta property=\"og:image:width\" content=\"400\" \/>\n\t<meta property=\"og:image:height\" content=\"300\" \/>\n\t<meta property=\"og:image:type\" content=\"image\/jpeg\" \/>\n<meta name=\"author\" content=\"Reda\u00e7\u00e3o\" \/>\n<meta name=\"twitter:card\" content=\"summary_large_image\" \/>\n<meta name=\"twitter:creator\" content=\"@Notibras\" \/>\n<meta name=\"twitter:site\" content=\"@Notibras\" \/>\n<meta name=\"twitter:label1\" content=\"Escrito por\" \/>\n\t<meta name=\"twitter:data1\" content=\"Reda\u00e7\u00e3o\" \/>\n<script type=\"application\/ld+json\" class=\"yoast-schema-graph\">{\"@context\":\"https:\/\/schema.org\",\"@graph\":[{\"@type\":\"Article\",\"@id\":\"https:\/\/www.notibras.com\/site\/quem-nao-gosta-de-lixo-nas-ruas-nao-ama-morar-no-gama\/#article\",\"isPartOf\":{\"@id\":\"https:\/\/www.notibras.com\/site\/quem-nao-gosta-de-lixo-nas-ruas-nao-ama-morar-no-gama\/\"},\"author\":{\"name\":\"Reda\u00e7\u00e3o\",\"@id\":\"https:\/\/www.notibras.com\/site\/#\/schema\/person\/36ab0979449956132d3e5b517ea76ac8\"},\"headline\":\"Quem n\u00e3o gosta de lixo nas ruas n\u00e3o ama como amava morar no Gama\",\"datePublished\":\"2015-06-15T00:47:53+00:00\",\"dateModified\":\"2015-06-15T05:33:09+00:00\",\"mainEntityOfPage\":{\"@id\":\"https:\/\/www.notibras.com\/site\/quem-nao-gosta-de-lixo-nas-ruas-nao-ama-morar-no-gama\/\"},\"wordCount\":94,\"commentCount\":0,\"publisher\":{\"@id\":\"https:\/\/www.notibras.com\/site\/#organization\"},\"image\":{\"@id\":\"https:\/\/www.notibras.com\/site\/quem-nao-gosta-de-lixo-nas-ruas-nao-ama-morar-no-gama\/#primaryimage\"},\"thumbnailUrl\":\"https:\/\/www.notibras.com\/site\/wp-content\/uploads\/2015\/06\/proibido-jogar-lixo.jpg\",\"articleSection\":[\"ZapZap das Quadras\"],\"inLanguage\":\"pt-BR\",\"potentialAction\":[{\"@type\":\"CommentAction\",\"name\":\"Comment\",\"target\":[\"https:\/\/www.notibras.com\/site\/quem-nao-gosta-de-lixo-nas-ruas-nao-ama-morar-no-gama\/#respond\"]}]},{\"@type\":\"WebPage\",\"@id\":\"https:\/\/www.notibras.com\/site\/quem-nao-gosta-de-lixo-nas-ruas-nao-ama-morar-no-gama\/\",\"url\":\"https:\/\/www.notibras.com\/site\/quem-nao-gosta-de-lixo-nas-ruas-nao-ama-morar-no-gama\/\",\"name\":\"Quem n\u00e3o gosta de lixo nas ruas n\u00e3o ama como amava morar no Gama - Notibras\",\"isPartOf\":{\"@id\":\"https:\/\/www.notibras.com\/site\/#website\"},\"primaryImageOfPage\":{\"@id\":\"https:\/\/www.notibras.com\/site\/quem-nao-gosta-de-lixo-nas-ruas-nao-ama-morar-no-gama\/#primaryimage\"},\"image\":{\"@id\":\"https:\/\/www.notibras.com\/site\/quem-nao-gosta-de-lixo-nas-ruas-nao-ama-morar-no-gama\/#primaryimage\"},\"thumbnailUrl\":\"https:\/\/www.notibras.com\/site\/wp-content\/uploads\/2015\/06\/proibido-jogar-lixo.jpg\",\"datePublished\":\"2015-06-15T00:47:53+00:00\",\"dateModified\":\"2015-06-15T05:33:09+00:00\",\"breadcrumb\":{\"@id\":\"https:\/\/www.notibras.com\/site\/quem-nao-gosta-de-lixo-nas-ruas-nao-ama-morar-no-gama\/#breadcrumb\"},\"inLanguage\":\"pt-BR\",\"potentialAction\":[{\"@type\":\"ReadAction\",\"target\":[\"https:\/\/www.notibras.com\/site\/quem-nao-gosta-de-lixo-nas-ruas-nao-ama-morar-no-gama\/\"]}]},{\"@type\":\"ImageObject\",\"inLanguage\":\"pt-BR\",\"@id\":\"https:\/\/www.notibras.com\/site\/quem-nao-gosta-de-lixo-nas-ruas-nao-ama-morar-no-gama\/#primaryimage\",\"url\":\"https:\/\/www.notibras.com\/site\/wp-content\/uploads\/2015\/06\/proibido-jogar-lixo.jpg\",\"contentUrl\":\"https:\/\/www.notibras.com\/site\/wp-content\/uploads\/2015\/06\/proibido-jogar-lixo.jpg\",\"width\":400,\"height\":300},{\"@type\":\"BreadcrumbList\",\"@id\":\"https:\/\/www.notibras.com\/site\/quem-nao-gosta-de-lixo-nas-ruas-nao-ama-morar-no-gama\/#breadcrumb\",\"itemListElement\":[{\"@type\":\"ListItem\",\"position\":1,\"name\":\"In\u00edcio\",\"item\":\"https:\/\/www.notibras.com\/site\/\"},{\"@type\":\"ListItem\",\"position\":2,\"name\":\"Quem n\u00e3o gosta de lixo nas ruas n\u00e3o ama como amava morar no Gama\"}]},{\"@type\":\"WebSite\",\"@id\":\"https:\/\/www.notibras.com\/site\/#website\",\"url\":\"https:\/\/www.notibras.com\/site\/\",\"name\":\"Notibras\",\"description\":\"Not\u00edcias de Bras\u00edlia, do Brasil e do Mundo\",\"publisher\":{\"@id\":\"https:\/\/www.notibras.com\/site\/#organization\"},\"potentialAction\":[{\"@type\":\"SearchAction\",\"target\":{\"@type\":\"EntryPoint\",\"urlTemplate\":\"https:\/\/www.notibras.com\/site\/?s={search_term_string}\"},\"query-input\":{\"@type\":\"PropertyValueSpecification\",\"valueRequired\":true,\"valueName\":\"search_term_string\"}}],\"inLanguage\":\"pt-BR\"},{\"@type\":\"Organization\",\"@id\":\"https:\/\/www.notibras.com\/site\/#organization\",\"name\":\"Grupo Notibras de Comunica\u00e7\u00e3o\",\"url\":\"https:\/\/www.notibras.com\/site\/\",\"logo\":{\"@type\":\"ImageObject\",\"inLanguage\":\"pt-BR\",\"@id\":\"https:\/\/www.notibras.com\/site\/#\/schema\/logo\/image\/\",\"url\":\"https:\/\/www.notibras.com\/site\/wp-content\/uploads\/2023\/01\/notibras23.png\",\"contentUrl\":\"https:\/\/www.notibras.com\/site\/wp-content\/uploads\/2023\/01\/notibras23.png\",\"width\":350,\"height\":87,\"caption\":\"Grupo Notibras de Comunica\u00e7\u00e3o\"},\"image\":{\"@id\":\"https:\/\/www.notibras.com\/site\/#\/schema\/logo\/image\/\"},\"sameAs\":[\"https:\/\/www.facebook.com\/notibras\/\",\"https:\/\/x.com\/Notibras\",\"https:\/\/www.instagram.com\/notibras\/\"]},{\"@type\":\"Person\",\"@id\":\"https:\/\/www.notibras.com\/site\/#\/schema\/person\/36ab0979449956132d3e5b517ea76ac8\",\"name\":\"Reda\u00e7\u00e3o\",\"image\":{\"@type\":\"ImageObject\",\"inLanguage\":\"pt-BR\",\"@id\":\"https:\/\/secure.gravatar.com\/avatar\/e0a867bdedb85fd243eadf09663511f96fc81e0720a4a42581f334ad4303aa6b?s=96&d=mm&r=g\",\"url\":\"https:\/\/secure.gravatar.com\/avatar\/e0a867bdedb85fd243eadf09663511f96fc81e0720a4a42581f334ad4303aa6b?s=96&d=mm&r=g\",\"contentUrl\":\"https:\/\/secure.gravatar.com\/avatar\/e0a867bdedb85fd243eadf09663511f96fc81e0720a4a42581f334ad4303aa6b?s=96&d=mm&r=g\",\"caption\":\"Reda\u00e7\u00e3o\"}}]}<\/script>\n<!-- \/ Yoast SEO plugin. -->","yoast_head_json":{"title":"Quem n\u00e3o gosta de lixo nas ruas n\u00e3o ama como amava morar no Gama - Notibras","robots":{"index":"index","follow":"follow","max-snippet":"max-snippet:-1","max-image-preview":"max-image-preview:large","max-video-preview":"max-video-preview:-1"},"canonical":"https:\/\/www.notibras.com\/site\/quem-nao-gosta-de-lixo-nas-ruas-nao-ama-morar-no-gama\/","og_locale":"pt_BR","og_type":"article","og_title":"Quem n\u00e3o gosta de lixo nas ruas n\u00e3o ama como amava morar no Gama - Notibras","og_description":"S\u00e9rgio Sampaio, morador da Quadra 41 Setor Leste do Gama, reclama da sujeira que tem se acumulado tornando o bairro um lix\u00e3o a c\u00e9u aberto. O morador afirma que no local h\u00e1 uma placa que pro\u00edbe todos de jogar lixo, mas\u00a0ningu\u00e9m respeita. \u201cTodos os dias flagro os pr\u00f3prios moradores da quadra jogando restos de constru\u00e7\u00e3o, [&hellip;]","og_url":"https:\/\/www.notibras.com\/site\/quem-nao-gosta-de-lixo-nas-ruas-nao-ama-morar-no-gama\/","og_site_name":"Notibras","article_publisher":"https:\/\/www.facebook.com\/notibras\/","article_published_time":"2015-06-15T00:47:53+00:00","article_modified_time":"2015-06-15T05:33:09+00:00","og_image":[{"width":400,"height":300,"url":"https:\/\/www.notibras.com\/site\/wp-content\/uploads\/2015\/06\/proibido-jogar-lixo.jpg","type":"image\/jpeg"}],"author":"Reda\u00e7\u00e3o","twitter_card":"summary_large_image","twitter_creator":"@Notibras","twitter_site":"@Notibras","twitter_misc":{"Escrito por":"Reda\u00e7\u00e3o"},"schema":{"@context":"https:\/\/schema.org","@graph":[{"@type":"Article","@id":"https:\/\/www.notibras.com\/site\/quem-nao-gosta-de-lixo-nas-ruas-nao-ama-morar-no-gama\/#article","isPartOf":{"@id":"https:\/\/www.notibras.com\/site\/quem-nao-gosta-de-lixo-nas-ruas-nao-ama-morar-no-gama\/"},"author":{"name":"Reda\u00e7\u00e3o","@id":"https:\/\/www.notibras.com\/site\/#\/schema\/person\/36ab0979449956132d3e5b517ea76ac8"},"headline":"Quem n\u00e3o gosta de lixo nas ruas n\u00e3o ama como amava morar no Gama","datePublished":"2015-06-15T00:47:53+00:00","dateModified":"2015-06-15T05:33:09+00:00","mainEntityOfPage":{"@id":"https:\/\/www.notibras.com\/site\/quem-nao-gosta-de-lixo-nas-ruas-nao-ama-morar-no-gama\/"},"wordCount":94,"commentCount":0,"publisher":{"@id":"https:\/\/www.notibras.com\/site\/#organization"},"image":{"@id":"https:\/\/www.notibras.com\/site\/quem-nao-gosta-de-lixo-nas-ruas-nao-ama-morar-no-gama\/#primaryimage"},"thumbnailUrl":"https:\/\/www.notibras.com\/site\/wp-content\/uploads\/2015\/06\/proibido-jogar-lixo.jpg","articleSection":["ZapZap das Quadras"],"inLanguage":"pt-BR","potentialAction":[{"@type":"CommentAction","name":"Comment","target":["https:\/\/www.notibras.com\/site\/quem-nao-gosta-de-lixo-nas-ruas-nao-ama-morar-no-gama\/#respond"]}]},{"@type":"WebPage","@id":"https:\/\/www.notibras.com\/site\/quem-nao-gosta-de-lixo-nas-ruas-nao-ama-morar-no-gama\/","url":"https:\/\/www.notibras.com\/site\/quem-nao-gosta-de-lixo-nas-ruas-nao-ama-morar-no-gama\/","name":"Quem n\u00e3o gosta de lixo nas ruas n\u00e3o ama como amava morar no Gama - Notibras","isPartOf":{"@id":"https:\/\/www.notibras.com\/site\/#website"},"primaryImageOfPage":{"@id":"https:\/\/www.notibras.com\/site\/quem-nao-gosta-de-lixo-nas-ruas-nao-ama-morar-no-gama\/#primaryimage"},"image":{"@id":"https:\/\/www.notibras.com\/site\/quem-nao-gosta-de-lixo-nas-ruas-nao-ama-morar-no-gama\/#primaryimage"},"thumbnailUrl":"https:\/\/www.notibras.com\/site\/wp-content\/uploads\/2015\/06\/proibido-jogar-lixo.jpg","datePublished":"2015-06-15T00:47:53+00:00","dateModified":"2015-06-15T05:33:09+00:00","breadcrumb":{"@id":"https:\/\/www.notibras.com\/site\/quem-nao-gosta-de-lixo-nas-ruas-nao-ama-morar-no-gama\/#breadcrumb"},"inLanguage":"pt-BR","potentialAction":[{"@type":"ReadAction","target":["https:\/\/www.notibras.com\/site\/quem-nao-gosta-de-lixo-nas-ruas-nao-ama-morar-no-gama\/"]}]},{"@type":"ImageObject","inLanguage":"pt-BR","@id":"https:\/\/www.notibras.com\/site\/quem-nao-gosta-de-lixo-nas-ruas-nao-ama-morar-no-gama\/#primaryimage","url":"https:\/\/www.notibras.com\/site\/wp-content\/uploads\/2015\/06\/proibido-jogar-lixo.jpg","contentUrl":"https:\/\/www.notibras.com\/site\/wp-content\/uploads\/2015\/06\/proibido-jogar-lixo.jpg","width":400,"height":300},{"@type":"BreadcrumbList","@id":"https:\/\/www.notibras.com\/site\/quem-nao-gosta-de-lixo-nas-ruas-nao-ama-morar-no-gama\/#breadcrumb","itemListElement":[{"@type":"ListItem","position":1,"name":"In\u00edcio","item":"https:\/\/www.notibras.com\/site\/"},{"@type":"ListItem","position":2,"name":"Quem n\u00e3o gosta de lixo nas ruas n\u00e3o ama como amava morar no Gama"}]},{"@type":"WebSite","@id":"https:\/\/www.notibras.com\/site\/#website","url":"https:\/\/www.notibras.com\/site\/","name":"Notibras","description":"Not\u00edcias de Bras\u00edlia, do Brasil e do Mundo","publisher":{"@id":"https:\/\/www.notibras.com\/site\/#organization"},"potentialAction":[{"@type":"SearchAction","target":{"@type":"EntryPoint","urlTemplate":"https:\/\/www.notibras.com\/site\/?s={search_term_string}"},"query-input":{"@type":"PropertyValueSpecification","valueRequired":true,"valueName":"search_term_string"}}],"inLanguage":"pt-BR"},{"@type":"Organization","@id":"https:\/\/www.notibras.com\/site\/#organization","name":"Grupo Notibras de Comunica\u00e7\u00e3o","url":"https:\/\/www.notibras.com\/site\/","logo":{"@type":"ImageObject","inLanguage":"pt-BR","@id":"https:\/\/www.notibras.com\/site\/#\/schema\/logo\/image\/","url":"https:\/\/www.notibras.com\/site\/wp-content\/uploads\/2023\/01\/notibras23.png","contentUrl":"https:\/\/www.notibras.com\/site\/wp-content\/uploads\/2023\/01\/notibras23.png","width":350,"height":87,"caption":"Grupo Notibras de Comunica\u00e7\u00e3o"},"image":{"@id":"https:\/\/www.notibras.com\/site\/#\/schema\/logo\/image\/"},"sameAs":["https:\/\/www.facebook.com\/notibras\/","https:\/\/x.com\/Notibras","https:\/\/www.instagram.com\/notibras\/"]},{"@type":"Person","@id":"https:\/\/www.notibras.com\/site\/#\/schema\/person\/36ab0979449956132d3e5b517ea76ac8","name":"Reda\u00e7\u00e3o","image":{"@type":"ImageObject","inLanguage":"pt-BR","@id":"https:\/\/secure.gravatar.com\/avatar\/e0a867bdedb85fd243eadf09663511f96fc81e0720a4a42581f334ad4303aa6b?s=96&d=mm&r=g","url":"https:\/\/secure.gravatar.com\/avatar\/e0a867bdedb85fd243eadf09663511f96fc81e0720a4a42581f334ad4303aa6b?s=96&d=mm&r=g","contentUrl":"https:\/\/secure.gravatar.com\/avatar\/e0a867bdedb85fd243eadf09663511f96fc81e0720a4a42581f334ad4303aa6b?s=96&d=mm&r=g","caption":"Reda\u00e7\u00e3o"}}]}},"amp_enabled":true,"_links":{"self":[{"href":"https:\/\/www.notibras.com\/site\/wp-json\/wp\/v2\/posts\/53513","targetHints":{"allow":["GET"]}}],"collection":[{"href":"https:\/\/www.notibras.com\/site\/wp-json\/wp\/v2\/posts"}],"about":[{"href":"https:\/\/www.notibras.com\/site\/wp-json\/wp\/v2\/types\/post"}],"author":[{"embeddable":true,"href":"https:\/\/www.notibras.com\/site\/wp-json\/wp\/v2\/users\/2"}],"replies":[{"embeddable":true,"href":"https:\/\/www.notibras.com\/site\/wp-json\/wp\/v2\/comments?post=53513"}],"version-history":[{"count":0,"href":"https:\/\/www.notibras.com\/site\/wp-json\/wp\/v2\/posts\/53513\/revisions"}],"wp:featuredmedia":[{"embeddable":true,"href":"https:\/\/www.notibras.com\/site\/wp-json\/wp\/v2\/media\/53514"}],"wp:attachment":[{"href":"https:\/\/www.notibras.com\/site\/wp-json\/wp\/v2\/media?parent=53513"}],"wp:term":[{"taxonomy":"category","embeddable":true,"href":"https:\/\/www.notibras.com\/site\/wp-json\/wp\/v2\/categories?post=53513"},{"taxonomy":"post_tag","embeddable":true,"href":"https:\/\/www.notibras.com\/site\/wp-json\/wp\/v2\/tags?post=53513"}],"curies":[{"name":"wp","href":"https:\/\/api.w.org\/{rel}","templated":true}]}}