{"id":53520,"date":"2015-06-15T04:15:28","date_gmt":"2015-06-15T07:15:28","guid":{"rendered":"http:\/\/www.notibras.com\/site\/?p=53520"},"modified":"2015-06-15T04:15:28","modified_gmt":"2015-06-15T07:15:28","slug":"e-preciso-garantir-a-crianca-o-seu-direito-de-ser-crianca","status":"publish","type":"post","link":"https:\/\/www.notibras.com\/site\/e-preciso-garantir-a-crianca-o-seu-direito-de-ser-crianca\/","title":{"rendered":"\u00c9 preciso garantir \u00e0 crian\u00e7a o seu direito de ser crian\u00e7a"},"content":{"rendered":"<p>Quando o assunto \u00e9 a erradica\u00e7\u00e3o do trabalho infantil, as estat\u00edsticas mundiais e locais refor\u00e7am uma realidade para a qual n\u00e3o podemos fechar os olhos. Muito menos, cruzar os bra\u00e7os. O ingresso precoce da crian\u00e7a como m\u00e3o de obra em diversos setores da economia constitui uma grave viola\u00e7\u00e3o do direito a um desenvolvimento pleno, assegurado pelo Estatuto da Crian\u00e7a e do Adolescente.<\/p>\n<p>Essa \u00e9 a reflex\u00e3o proposta para o dia 12 de junho, Dia Mundial Contra o Trabalho Infantil. Ap\u00f3s a publica\u00e7\u00e3o de primeiro relat\u00f3rio global da OIT (Organiza\u00e7\u00e3o Internacional do Trabalho) sobre o uso da m\u00e3o de obra infantil, em 2002, instituiu-se a data para lembrar e sensibilizar o mundo sobre a necessidade de erradica\u00e7\u00e3o dessa pr\u00e1tica.<\/p>\n<p>At\u00e9 2013, persistiam na condi\u00e7\u00e3o de explorados 11% de toda a popula\u00e7\u00e3o infanto-juvenil do planeta. Um total de 168 milh\u00f5es de crian\u00e7as, segundo a pr\u00f3pria OIT.<\/p>\n<p>Trabalho infantil corresponde a toda atividade, remunerada ou n\u00e3o, praticada abaixo da idade legalmente permitida. O 7\u00ba artigo da Constitui\u00e7\u00e3o Federal do Brasil pro\u00edbe qualquer tipo de trabalho para menores de 16 anos, exceto na condi\u00e7\u00e3o de aprendiz. Por meio da Lei da Aprendizagem, jovens de 14 a 24 anos podem exercer a atividade objetivando uma forma\u00e7\u00e3o t\u00e9cnico-profissional, desde que a frequ\u00eancia escolar seja mantida e todos os direitos trabalhistas, garantidos.<\/p>\n<p>Como resultado de pol\u00edticas de Estado e engajamento direto da sociedade civil, o n\u00famero de meninos e meninas que trabalham no pa\u00eds reduziu caiu 59% de 1992 a 2013. Contudo, a Pnad (IBGE 2013) apontava mais de 3,1 milh\u00f5es de crian\u00e7as e adolescentes em situa\u00e7\u00e3o de trabalho, um n\u00famero equivalente a 7,5% da popula\u00e7\u00e3o na faixa et\u00e1ria de 5 a 17 anos.<\/p>\n<blockquote><p>O Brasil assumiu compromissos internacionais em rela\u00e7\u00e3o \u00e0 erradica\u00e7\u00e3o desse problema, classificando mais de 90 pr\u00e1ticas como as piores formas de trabalho infantil. Exp\u00f4s a tipifica\u00e7\u00e3o daquelas mais nocivas \u00e0 sa\u00fade, \u00e0 seguran\u00e7a e \u00e0 dignidade de crian\u00e7as e adolescentes, englobando todos os tipos de escravid\u00e3o, trabalho dom\u00e9stico, explora\u00e7\u00e3o sexual, trabalho informal urbano, produ\u00e7\u00e3o agr\u00edcola (incluindo as il\u00edcitas) e tr\u00e1fico de drogas.<\/p><\/blockquote>\n<p>O F\u00f3rum Nacional de Preven\u00e7\u00e3o e Erradica\u00e7\u00e3o do Trabalho Infantil, analisando os indicadores desde 1992, projeta que no ano em que nos compromissamos com a erradica\u00e7\u00e3o de todas as formas de explora\u00e7\u00e3o da m\u00e3o de obra infantil (em 2020), infelizmente, ainda teremos cerca de 2 milh\u00f5es de crian\u00e7as e adolescentes trabalhando em nosso territ\u00f3rio, um imenso desafio para as pol\u00edticas sociais de enfrentamento.<\/p>\n<p>O trabalho infantil apresenta caracter\u00edsticas peculiares relacionadas \u00e0 renda, faixa et\u00e1ria, g\u00eanero, ra\u00e7a, escolaridade, territ\u00f3rio; que contribuem para repensar as pol\u00edticas. Ele alcan\u00e7a maiores percentuais entre os meninos, negros, nas \u00e1reas urbanas, em domic\u00edlios com renda de at\u00e9 um sal\u00e1rio m\u00ednimo por pessoa. Dos mais de 3,1 milh\u00f5es inseridos no trabalho infantil, 2,5 milh\u00f5es estudam e trabalham e 627 mil s\u00f3 trabalham.<\/p>\n<blockquote><p>A Funda\u00e7\u00e3o Abrinq, em 1995, iniciou o Programa Empresa Amiga da Crian\u00e7a que mobiliza e reconhece empresas que combatem o trabalho infantil e promovem a forma\u00e7\u00e3o profissional e o trabalho decente de adolescentes. Tamb\u00e9m apoia de maneira t\u00e9cnica e financeira organiza\u00e7\u00f5es sociais em prol da preven\u00e7\u00e3o e erradica\u00e7\u00e3o, al\u00e9m de contribuir com os prefeitos orientando na constru\u00e7\u00e3o dos planos municipais.<\/p><\/blockquote>\n<p>Ainda, para chamar a aten\u00e7\u00e3o para o problema, realizamos anualmente um flashmob e outras a\u00e7\u00f5es no dia 12 de junho, o Dia Mundial de Combate ao Trabalho Infantil, para sensibilizar e engajar a sociedade nessa quest\u00e3o. Na capital paulista, esse ano, a a\u00e7\u00e3o ocorre das 12h \u00e0s 13h em frente ao Masp.<\/p>\n<p>Os riscos e preju\u00edzos do trabalho infantil s\u00e3o irrepar\u00e1veis e ocasionam a priva\u00e7\u00e3o do conv\u00edvio familiar, do direito de brincar, estudar, descansar, e as impedem de realizar demais atividades primordiais na vida das crian\u00e7as e dos jovens comprometendo seu desenvolvimento f\u00edsico, emocional e intelectual.<\/p>\n<p>Erradicar o trabalho infantil \u00e9 uma causa de interesse da sociedade brasileira que quer avan\u00e7ar nos aspectos econ\u00f4mico, pol\u00edtico e social. \u00c9 preciso garantir \u00e0 crian\u00e7a o seu tempo de ser crian\u00e7a, depois, de ser adolescente, resultando, assim, na forma\u00e7\u00e3o de um cidad\u00e3o adulto bem preparado para a vida, para o trabalho e para os avan\u00e7os esperados ao nosso pa\u00eds.<\/p>\n<p><strong>Denise Cesario<\/strong><\/p>\n","protected":false},"excerpt":{"rendered":"<p>Quando o assunto \u00e9 a erradica\u00e7\u00e3o do trabalho infantil, as estat\u00edsticas mundiais e locais refor\u00e7am uma realidade para a qual n\u00e3o podemos fechar os olhos. Muito menos, cruzar os bra\u00e7os. O ingresso precoce da crian\u00e7a como m\u00e3o de obra em diversos setores da economia constitui uma grave viola\u00e7\u00e3o do direito a um desenvolvimento pleno, assegurado [&hellip;]<\/p>\n","protected":false},"author":2,"featured_media":53521,"comment_status":"open","ping_status":"closed","sticky":false,"template":"","format":"standard","meta":{"_acf_changed":false,"footnotes":""},"categories":[25],"tags":[],"class_list":["post-53520","post","type-post","status-publish","format-standard","has-post-thumbnail","hentry","category-opina-ai"],"acf":[],"yoast_head":"<!-- This site is optimized with the Yoast SEO plugin v27.2 - https:\/\/yoast.com\/product\/yoast-seo-wordpress\/ -->\n<title>\u00c9 preciso garantir \u00e0 crian\u00e7a o seu direito de ser crian\u00e7a - Notibras<\/title>\n<meta name=\"robots\" content=\"index, follow, max-snippet:-1, max-image-preview:large, max-video-preview:-1\" \/>\n<link rel=\"canonical\" href=\"https:\/\/www.notibras.com\/site\/e-preciso-garantir-a-crianca-o-seu-direito-de-ser-crianca\/\" \/>\n<meta property=\"og:locale\" content=\"pt_BR\" \/>\n<meta property=\"og:type\" content=\"article\" \/>\n<meta property=\"og:title\" content=\"\u00c9 preciso garantir \u00e0 crian\u00e7a o seu direito de ser crian\u00e7a - Notibras\" \/>\n<meta property=\"og:description\" content=\"Quando o assunto \u00e9 a erradica\u00e7\u00e3o do trabalho infantil, as estat\u00edsticas mundiais e locais refor\u00e7am uma realidade para a qual n\u00e3o podemos fechar os olhos. Muito menos, cruzar os bra\u00e7os. O ingresso precoce da crian\u00e7a como m\u00e3o de obra em diversos setores da economia constitui uma grave viola\u00e7\u00e3o do direito a um desenvolvimento pleno, assegurado [&hellip;]\" \/>\n<meta property=\"og:url\" content=\"https:\/\/www.notibras.com\/site\/e-preciso-garantir-a-crianca-o-seu-direito-de-ser-crianca\/\" \/>\n<meta property=\"og:site_name\" content=\"Notibras\" \/>\n<meta property=\"article:publisher\" content=\"https:\/\/www.facebook.com\/notibras\/\" \/>\n<meta property=\"article:published_time\" content=\"2015-06-15T07:15:28+00:00\" \/>\n<meta property=\"og:image\" content=\"https:\/\/www.notibras.com\/site\/wp-content\/uploads\/2015\/06\/estinfantil2.jpg\" \/>\n\t<meta property=\"og:image:width\" content=\"500\" \/>\n\t<meta property=\"og:image:height\" content=\"349\" \/>\n\t<meta property=\"og:image:type\" content=\"image\/jpeg\" \/>\n<meta name=\"author\" content=\"Reda\u00e7\u00e3o\" \/>\n<meta name=\"twitter:card\" content=\"summary_large_image\" \/>\n<meta name=\"twitter:creator\" content=\"@Notibras\" \/>\n<meta name=\"twitter:site\" content=\"@Notibras\" \/>\n<meta name=\"twitter:label1\" content=\"Escrito por\" \/>\n\t<meta name=\"twitter:data1\" content=\"Reda\u00e7\u00e3o\" \/>\n\t<meta name=\"twitter:label2\" content=\"Est. tempo de leitura\" \/>\n\t<meta name=\"twitter:data2\" content=\"4 minutos\" \/>\n<script type=\"application\/ld+json\" class=\"yoast-schema-graph\">{\"@context\":\"https:\/\/schema.org\",\"@graph\":[{\"@type\":\"Article\",\"@id\":\"https:\/\/www.notibras.com\/site\/e-preciso-garantir-a-crianca-o-seu-direito-de-ser-crianca\/#article\",\"isPartOf\":{\"@id\":\"https:\/\/www.notibras.com\/site\/e-preciso-garantir-a-crianca-o-seu-direito-de-ser-crianca\/\"},\"author\":{\"name\":\"Reda\u00e7\u00e3o\",\"@id\":\"https:\/\/www.notibras.com\/site\/#\/schema\/person\/36ab0979449956132d3e5b517ea76ac8\"},\"headline\":\"\u00c9 preciso garantir \u00e0 crian\u00e7a o seu direito de ser crian\u00e7a\",\"datePublished\":\"2015-06-15T07:15:28+00:00\",\"mainEntityOfPage\":{\"@id\":\"https:\/\/www.notibras.com\/site\/e-preciso-garantir-a-crianca-o-seu-direito-de-ser-crianca\/\"},\"wordCount\":762,\"commentCount\":0,\"publisher\":{\"@id\":\"https:\/\/www.notibras.com\/site\/#organization\"},\"image\":{\"@id\":\"https:\/\/www.notibras.com\/site\/e-preciso-garantir-a-crianca-o-seu-direito-de-ser-crianca\/#primaryimage\"},\"thumbnailUrl\":\"https:\/\/www.notibras.com\/site\/wp-content\/uploads\/2015\/06\/estinfantil2.jpg\",\"articleSection\":[\"Opina a\u00ed\"],\"inLanguage\":\"pt-BR\",\"potentialAction\":[{\"@type\":\"CommentAction\",\"name\":\"Comment\",\"target\":[\"https:\/\/www.notibras.com\/site\/e-preciso-garantir-a-crianca-o-seu-direito-de-ser-crianca\/#respond\"]}]},{\"@type\":\"WebPage\",\"@id\":\"https:\/\/www.notibras.com\/site\/e-preciso-garantir-a-crianca-o-seu-direito-de-ser-crianca\/\",\"url\":\"https:\/\/www.notibras.com\/site\/e-preciso-garantir-a-crianca-o-seu-direito-de-ser-crianca\/\",\"name\":\"\u00c9 preciso garantir \u00e0 crian\u00e7a o seu direito de ser crian\u00e7a - Notibras\",\"isPartOf\":{\"@id\":\"https:\/\/www.notibras.com\/site\/#website\"},\"primaryImageOfPage\":{\"@id\":\"https:\/\/www.notibras.com\/site\/e-preciso-garantir-a-crianca-o-seu-direito-de-ser-crianca\/#primaryimage\"},\"image\":{\"@id\":\"https:\/\/www.notibras.com\/site\/e-preciso-garantir-a-crianca-o-seu-direito-de-ser-crianca\/#primaryimage\"},\"thumbnailUrl\":\"https:\/\/www.notibras.com\/site\/wp-content\/uploads\/2015\/06\/estinfantil2.jpg\",\"datePublished\":\"2015-06-15T07:15:28+00:00\",\"breadcrumb\":{\"@id\":\"https:\/\/www.notibras.com\/site\/e-preciso-garantir-a-crianca-o-seu-direito-de-ser-crianca\/#breadcrumb\"},\"inLanguage\":\"pt-BR\",\"potentialAction\":[{\"@type\":\"ReadAction\",\"target\":[\"https:\/\/www.notibras.com\/site\/e-preciso-garantir-a-crianca-o-seu-direito-de-ser-crianca\/\"]}]},{\"@type\":\"ImageObject\",\"inLanguage\":\"pt-BR\",\"@id\":\"https:\/\/www.notibras.com\/site\/e-preciso-garantir-a-crianca-o-seu-direito-de-ser-crianca\/#primaryimage\",\"url\":\"https:\/\/www.notibras.com\/site\/wp-content\/uploads\/2015\/06\/estinfantil2.jpg\",\"contentUrl\":\"https:\/\/www.notibras.com\/site\/wp-content\/uploads\/2015\/06\/estinfantil2.jpg\",\"width\":500,\"height\":349},{\"@type\":\"BreadcrumbList\",\"@id\":\"https:\/\/www.notibras.com\/site\/e-preciso-garantir-a-crianca-o-seu-direito-de-ser-crianca\/#breadcrumb\",\"itemListElement\":[{\"@type\":\"ListItem\",\"position\":1,\"name\":\"In\u00edcio\",\"item\":\"https:\/\/www.notibras.com\/site\/\"},{\"@type\":\"ListItem\",\"position\":2,\"name\":\"\u00c9 preciso garantir \u00e0 crian\u00e7a o seu direito de ser crian\u00e7a\"}]},{\"@type\":\"WebSite\",\"@id\":\"https:\/\/www.notibras.com\/site\/#website\",\"url\":\"https:\/\/www.notibras.com\/site\/\",\"name\":\"Notibras\",\"description\":\"Not\u00edcias de Bras\u00edlia, do Brasil e do Mundo\",\"publisher\":{\"@id\":\"https:\/\/www.notibras.com\/site\/#organization\"},\"potentialAction\":[{\"@type\":\"SearchAction\",\"target\":{\"@type\":\"EntryPoint\",\"urlTemplate\":\"https:\/\/www.notibras.com\/site\/?s={search_term_string}\"},\"query-input\":{\"@type\":\"PropertyValueSpecification\",\"valueRequired\":true,\"valueName\":\"search_term_string\"}}],\"inLanguage\":\"pt-BR\"},{\"@type\":\"Organization\",\"@id\":\"https:\/\/www.notibras.com\/site\/#organization\",\"name\":\"Grupo Notibras de Comunica\u00e7\u00e3o\",\"url\":\"https:\/\/www.notibras.com\/site\/\",\"logo\":{\"@type\":\"ImageObject\",\"inLanguage\":\"pt-BR\",\"@id\":\"https:\/\/www.notibras.com\/site\/#\/schema\/logo\/image\/\",\"url\":\"https:\/\/www.notibras.com\/site\/wp-content\/uploads\/2023\/01\/notibras23.png\",\"contentUrl\":\"https:\/\/www.notibras.com\/site\/wp-content\/uploads\/2023\/01\/notibras23.png\",\"width\":350,\"height\":87,\"caption\":\"Grupo Notibras de Comunica\u00e7\u00e3o\"},\"image\":{\"@id\":\"https:\/\/www.notibras.com\/site\/#\/schema\/logo\/image\/\"},\"sameAs\":[\"https:\/\/www.facebook.com\/notibras\/\",\"https:\/\/x.com\/Notibras\",\"https:\/\/www.instagram.com\/notibras\/\"]},{\"@type\":\"Person\",\"@id\":\"https:\/\/www.notibras.com\/site\/#\/schema\/person\/36ab0979449956132d3e5b517ea76ac8\",\"name\":\"Reda\u00e7\u00e3o\",\"image\":{\"@type\":\"ImageObject\",\"inLanguage\":\"pt-BR\",\"@id\":\"https:\/\/secure.gravatar.com\/avatar\/e0a867bdedb85fd243eadf09663511f96fc81e0720a4a42581f334ad4303aa6b?s=96&d=mm&r=g\",\"url\":\"https:\/\/secure.gravatar.com\/avatar\/e0a867bdedb85fd243eadf09663511f96fc81e0720a4a42581f334ad4303aa6b?s=96&d=mm&r=g\",\"contentUrl\":\"https:\/\/secure.gravatar.com\/avatar\/e0a867bdedb85fd243eadf09663511f96fc81e0720a4a42581f334ad4303aa6b?s=96&d=mm&r=g\",\"caption\":\"Reda\u00e7\u00e3o\"}}]}<\/script>\n<!-- \/ Yoast SEO plugin. -->","yoast_head_json":{"title":"\u00c9 preciso garantir \u00e0 crian\u00e7a o seu direito de ser crian\u00e7a - Notibras","robots":{"index":"index","follow":"follow","max-snippet":"max-snippet:-1","max-image-preview":"max-image-preview:large","max-video-preview":"max-video-preview:-1"},"canonical":"https:\/\/www.notibras.com\/site\/e-preciso-garantir-a-crianca-o-seu-direito-de-ser-crianca\/","og_locale":"pt_BR","og_type":"article","og_title":"\u00c9 preciso garantir \u00e0 crian\u00e7a o seu direito de ser crian\u00e7a - Notibras","og_description":"Quando o assunto \u00e9 a erradica\u00e7\u00e3o do trabalho infantil, as estat\u00edsticas mundiais e locais refor\u00e7am uma realidade para a qual n\u00e3o podemos fechar os olhos. Muito menos, cruzar os bra\u00e7os. O ingresso precoce da crian\u00e7a como m\u00e3o de obra em diversos setores da economia constitui uma grave viola\u00e7\u00e3o do direito a um desenvolvimento pleno, assegurado [&hellip;]","og_url":"https:\/\/www.notibras.com\/site\/e-preciso-garantir-a-crianca-o-seu-direito-de-ser-crianca\/","og_site_name":"Notibras","article_publisher":"https:\/\/www.facebook.com\/notibras\/","article_published_time":"2015-06-15T07:15:28+00:00","og_image":[{"width":500,"height":349,"url":"https:\/\/www.notibras.com\/site\/wp-content\/uploads\/2015\/06\/estinfantil2.jpg","type":"image\/jpeg"}],"author":"Reda\u00e7\u00e3o","twitter_card":"summary_large_image","twitter_creator":"@Notibras","twitter_site":"@Notibras","twitter_misc":{"Escrito por":"Reda\u00e7\u00e3o","Est. tempo de leitura":"4 minutos"},"schema":{"@context":"https:\/\/schema.org","@graph":[{"@type":"Article","@id":"https:\/\/www.notibras.com\/site\/e-preciso-garantir-a-crianca-o-seu-direito-de-ser-crianca\/#article","isPartOf":{"@id":"https:\/\/www.notibras.com\/site\/e-preciso-garantir-a-crianca-o-seu-direito-de-ser-crianca\/"},"author":{"name":"Reda\u00e7\u00e3o","@id":"https:\/\/www.notibras.com\/site\/#\/schema\/person\/36ab0979449956132d3e5b517ea76ac8"},"headline":"\u00c9 preciso garantir \u00e0 crian\u00e7a o seu direito de ser crian\u00e7a","datePublished":"2015-06-15T07:15:28+00:00","mainEntityOfPage":{"@id":"https:\/\/www.notibras.com\/site\/e-preciso-garantir-a-crianca-o-seu-direito-de-ser-crianca\/"},"wordCount":762,"commentCount":0,"publisher":{"@id":"https:\/\/www.notibras.com\/site\/#organization"},"image":{"@id":"https:\/\/www.notibras.com\/site\/e-preciso-garantir-a-crianca-o-seu-direito-de-ser-crianca\/#primaryimage"},"thumbnailUrl":"https:\/\/www.notibras.com\/site\/wp-content\/uploads\/2015\/06\/estinfantil2.jpg","articleSection":["Opina a\u00ed"],"inLanguage":"pt-BR","potentialAction":[{"@type":"CommentAction","name":"Comment","target":["https:\/\/www.notibras.com\/site\/e-preciso-garantir-a-crianca-o-seu-direito-de-ser-crianca\/#respond"]}]},{"@type":"WebPage","@id":"https:\/\/www.notibras.com\/site\/e-preciso-garantir-a-crianca-o-seu-direito-de-ser-crianca\/","url":"https:\/\/www.notibras.com\/site\/e-preciso-garantir-a-crianca-o-seu-direito-de-ser-crianca\/","name":"\u00c9 preciso garantir \u00e0 crian\u00e7a o seu direito de ser crian\u00e7a - Notibras","isPartOf":{"@id":"https:\/\/www.notibras.com\/site\/#website"},"primaryImageOfPage":{"@id":"https:\/\/www.notibras.com\/site\/e-preciso-garantir-a-crianca-o-seu-direito-de-ser-crianca\/#primaryimage"},"image":{"@id":"https:\/\/www.notibras.com\/site\/e-preciso-garantir-a-crianca-o-seu-direito-de-ser-crianca\/#primaryimage"},"thumbnailUrl":"https:\/\/www.notibras.com\/site\/wp-content\/uploads\/2015\/06\/estinfantil2.jpg","datePublished":"2015-06-15T07:15:28+00:00","breadcrumb":{"@id":"https:\/\/www.notibras.com\/site\/e-preciso-garantir-a-crianca-o-seu-direito-de-ser-crianca\/#breadcrumb"},"inLanguage":"pt-BR","potentialAction":[{"@type":"ReadAction","target":["https:\/\/www.notibras.com\/site\/e-preciso-garantir-a-crianca-o-seu-direito-de-ser-crianca\/"]}]},{"@type":"ImageObject","inLanguage":"pt-BR","@id":"https:\/\/www.notibras.com\/site\/e-preciso-garantir-a-crianca-o-seu-direito-de-ser-crianca\/#primaryimage","url":"https:\/\/www.notibras.com\/site\/wp-content\/uploads\/2015\/06\/estinfantil2.jpg","contentUrl":"https:\/\/www.notibras.com\/site\/wp-content\/uploads\/2015\/06\/estinfantil2.jpg","width":500,"height":349},{"@type":"BreadcrumbList","@id":"https:\/\/www.notibras.com\/site\/e-preciso-garantir-a-crianca-o-seu-direito-de-ser-crianca\/#breadcrumb","itemListElement":[{"@type":"ListItem","position":1,"name":"In\u00edcio","item":"https:\/\/www.notibras.com\/site\/"},{"@type":"ListItem","position":2,"name":"\u00c9 preciso garantir \u00e0 crian\u00e7a o seu direito de ser crian\u00e7a"}]},{"@type":"WebSite","@id":"https:\/\/www.notibras.com\/site\/#website","url":"https:\/\/www.notibras.com\/site\/","name":"Notibras","description":"Not\u00edcias de Bras\u00edlia, do Brasil e do Mundo","publisher":{"@id":"https:\/\/www.notibras.com\/site\/#organization"},"potentialAction":[{"@type":"SearchAction","target":{"@type":"EntryPoint","urlTemplate":"https:\/\/www.notibras.com\/site\/?s={search_term_string}"},"query-input":{"@type":"PropertyValueSpecification","valueRequired":true,"valueName":"search_term_string"}}],"inLanguage":"pt-BR"},{"@type":"Organization","@id":"https:\/\/www.notibras.com\/site\/#organization","name":"Grupo Notibras de Comunica\u00e7\u00e3o","url":"https:\/\/www.notibras.com\/site\/","logo":{"@type":"ImageObject","inLanguage":"pt-BR","@id":"https:\/\/www.notibras.com\/site\/#\/schema\/logo\/image\/","url":"https:\/\/www.notibras.com\/site\/wp-content\/uploads\/2023\/01\/notibras23.png","contentUrl":"https:\/\/www.notibras.com\/site\/wp-content\/uploads\/2023\/01\/notibras23.png","width":350,"height":87,"caption":"Grupo Notibras de Comunica\u00e7\u00e3o"},"image":{"@id":"https:\/\/www.notibras.com\/site\/#\/schema\/logo\/image\/"},"sameAs":["https:\/\/www.facebook.com\/notibras\/","https:\/\/x.com\/Notibras","https:\/\/www.instagram.com\/notibras\/"]},{"@type":"Person","@id":"https:\/\/www.notibras.com\/site\/#\/schema\/person\/36ab0979449956132d3e5b517ea76ac8","name":"Reda\u00e7\u00e3o","image":{"@type":"ImageObject","inLanguage":"pt-BR","@id":"https:\/\/secure.gravatar.com\/avatar\/e0a867bdedb85fd243eadf09663511f96fc81e0720a4a42581f334ad4303aa6b?s=96&d=mm&r=g","url":"https:\/\/secure.gravatar.com\/avatar\/e0a867bdedb85fd243eadf09663511f96fc81e0720a4a42581f334ad4303aa6b?s=96&d=mm&r=g","contentUrl":"https:\/\/secure.gravatar.com\/avatar\/e0a867bdedb85fd243eadf09663511f96fc81e0720a4a42581f334ad4303aa6b?s=96&d=mm&r=g","caption":"Reda\u00e7\u00e3o"}}]}},"amp_enabled":true,"_links":{"self":[{"href":"https:\/\/www.notibras.com\/site\/wp-json\/wp\/v2\/posts\/53520","targetHints":{"allow":["GET"]}}],"collection":[{"href":"https:\/\/www.notibras.com\/site\/wp-json\/wp\/v2\/posts"}],"about":[{"href":"https:\/\/www.notibras.com\/site\/wp-json\/wp\/v2\/types\/post"}],"author":[{"embeddable":true,"href":"https:\/\/www.notibras.com\/site\/wp-json\/wp\/v2\/users\/2"}],"replies":[{"embeddable":true,"href":"https:\/\/www.notibras.com\/site\/wp-json\/wp\/v2\/comments?post=53520"}],"version-history":[{"count":0,"href":"https:\/\/www.notibras.com\/site\/wp-json\/wp\/v2\/posts\/53520\/revisions"}],"wp:featuredmedia":[{"embeddable":true,"href":"https:\/\/www.notibras.com\/site\/wp-json\/wp\/v2\/media\/53521"}],"wp:attachment":[{"href":"https:\/\/www.notibras.com\/site\/wp-json\/wp\/v2\/media?parent=53520"}],"wp:term":[{"taxonomy":"category","embeddable":true,"href":"https:\/\/www.notibras.com\/site\/wp-json\/wp\/v2\/categories?post=53520"},{"taxonomy":"post_tag","embeddable":true,"href":"https:\/\/www.notibras.com\/site\/wp-json\/wp\/v2\/tags?post=53520"}],"curies":[{"name":"wp","href":"https:\/\/api.w.org\/{rel}","templated":true}]}}