{"id":53523,"date":"2015-06-14T19:16:27","date_gmt":"2015-06-14T22:16:27","guid":{"rendered":"http:\/\/www.notibras.com\/site\/?p=53523"},"modified":"2015-06-15T04:20:47","modified_gmt":"2015-06-15T07:20:47","slug":"zito-bi-campeao-pelo-brasil-e-santos-morre-em-sao-paulo-aos-82","status":"publish","type":"post","link":"https:\/\/www.notibras.com\/site\/zito-bi-campeao-pelo-brasil-e-santos-morre-em-sao-paulo-aos-82\/","title":{"rendered":"Zito, bi campe\u00e3o pelo Brasil e Santos, morre em S\u00e3o Paulo aos 82"},"content":{"rendered":"<p>Morreu neste domingo Jos\u00e9 Ely de Miranda, mais conhecido como Zito, um dos respons\u00e1veis por revelar Neymar e por ser integrante do time que tinha Pel\u00e9. Ele morreu em sua casa, em Santos, aos 82 anos.<\/p>\n<p>A morte foi confirmada pela assessoria de imprensa do Santos, que n\u00e3o revelou a causa. O vel\u00f3rio ser\u00e1 nesta segunda-feira, das 8 \u00e0s 11 horas, no Memorial Necr\u00f3pole Ecum\u00eanica, na cidade do litoral paulista. Depois do vel\u00f3rio, o corpo ser\u00e1 encaminhado para Roseira, no interior de S\u00e3o Paulo, cidade natal de Zito.<\/p>\n<p>O ex-jogador recebia acompanhamento m\u00e9dico em casa depois que sofreu um Acidente Vascular Cerebral h\u00e1 menos de um ano. Ele passou 32 dias na Santa Casa de Miseric\u00f3rdia de Santos.<\/p>\n<p>Modesto Roma, presidente do Santos, foi informado da morte em participa\u00e7\u00e3o ao vivo no programa Mesa Redonda, da Gazeta.<\/p>\n<blockquote><p>&#8220;Dif\u00edcil, cara, dif\u00edcil falar do amigo, principalmente. A cadeira do Zito na Vila \u00e9 ao lado da minha, assistimos muitos jogos juntos e eu dizia: &#8216;voc\u00ea \u00e9 o maior corneteiro que conheci&#8217;. Mas um homem com uma vis\u00e3o. Voc\u00ea falou Neymar? Eu digo que Zito viu Robinho, viu Diego, foi um dos grandes nomes de revela\u00e7\u00e3o do Santos. Zito \u00e9 um amigo, agora j\u00e1 saudoso. Meu sentimento a dona Cec\u00edla, \u00e0s filhas do Zito e, realmente, triste, chateado pela perda do grande capit\u00e3o, ele sim, o grande capit\u00e3o&#8221;, falou o presidente ao ficar sabendo.<\/p><\/blockquote>\n<p>Pela morte de Zito, o Santos decretou sete dias de luto oficial e suspendeu as atividades desta segunda-feira. O clube lan\u00e7aria um livro do t\u00edtulo Paulista nesta segunda-feira, mas cancelou o evento.<\/p>\n<p>&#8220;Obrigado por tudo, Zito. Descanse em paz, eterno capit\u00e3o&#8221;, escreveu o Santos no Twitter.<\/p>\n","protected":false},"excerpt":{"rendered":"<p>Morreu neste domingo Jos\u00e9 Ely de Miranda, mais conhecido como Zito, um dos respons\u00e1veis por revelar Neymar e por ser integrante do time que tinha Pel\u00e9. Ele morreu em sua casa, em Santos, aos 82 anos. A morte foi confirmada pela assessoria de imprensa do Santos, que n\u00e3o revelou a causa. O vel\u00f3rio ser\u00e1 nesta [&hellip;]<\/p>\n","protected":false},"author":2,"featured_media":53524,"comment_status":"open","ping_status":"closed","sticky":false,"template":"","format":"standard","meta":{"_acf_changed":false,"footnotes":""},"categories":[19],"tags":[],"class_list":["post-53523","post","type-post","status-publish","format-standard","has-post-thumbnail","hentry","category-esportes"],"acf":[],"yoast_head":"<!-- This site is optimized with the Yoast SEO plugin v27.2 - https:\/\/yoast.com\/product\/yoast-seo-wordpress\/ -->\n<title>Zito, bi campe\u00e3o pelo Brasil e Santos, morre em S\u00e3o Paulo aos 82 - Notibras<\/title>\n<meta name=\"robots\" content=\"index, follow, max-snippet:-1, max-image-preview:large, max-video-preview:-1\" \/>\n<link rel=\"canonical\" href=\"https:\/\/www.notibras.com\/site\/zito-bi-campeao-pelo-brasil-e-santos-morre-em-sao-paulo-aos-82\/\" \/>\n<meta property=\"og:locale\" content=\"pt_BR\" \/>\n<meta property=\"og:type\" content=\"article\" \/>\n<meta property=\"og:title\" content=\"Zito, bi campe\u00e3o pelo Brasil e Santos, morre em S\u00e3o Paulo aos 82 - Notibras\" \/>\n<meta property=\"og:description\" content=\"Morreu neste domingo Jos\u00e9 Ely de Miranda, mais conhecido como Zito, um dos respons\u00e1veis por revelar Neymar e por ser integrante do time que tinha Pel\u00e9. Ele morreu em sua casa, em Santos, aos 82 anos. A morte foi confirmada pela assessoria de imprensa do Santos, que n\u00e3o revelou a causa. O vel\u00f3rio ser\u00e1 nesta [&hellip;]\" \/>\n<meta property=\"og:url\" content=\"https:\/\/www.notibras.com\/site\/zito-bi-campeao-pelo-brasil-e-santos-morre-em-sao-paulo-aos-82\/\" \/>\n<meta property=\"og:site_name\" content=\"Notibras\" \/>\n<meta property=\"article:publisher\" content=\"https:\/\/www.facebook.com\/notibras\/\" \/>\n<meta property=\"article:published_time\" content=\"2015-06-14T22:16:27+00:00\" \/>\n<meta property=\"article:modified_time\" content=\"2015-06-15T07:20:47+00:00\" \/>\n<meta property=\"og:image\" content=\"https:\/\/www.notibras.com\/site\/wp-content\/uploads\/2015\/06\/6-Zito-em-2006_divulga\u00e7\u00e3o.jpg\" \/>\n\t<meta property=\"og:image:width\" content=\"525\" \/>\n\t<meta property=\"og:image:height\" content=\"350\" \/>\n\t<meta property=\"og:image:type\" content=\"image\/jpeg\" \/>\n<meta name=\"author\" content=\"Reda\u00e7\u00e3o\" \/>\n<meta name=\"twitter:card\" content=\"summary_large_image\" \/>\n<meta name=\"twitter:creator\" content=\"@Notibras\" \/>\n<meta name=\"twitter:site\" content=\"@Notibras\" \/>\n<meta name=\"twitter:label1\" content=\"Escrito por\" \/>\n\t<meta name=\"twitter:data1\" content=\"Reda\u00e7\u00e3o\" \/>\n\t<meta name=\"twitter:label2\" content=\"Est. tempo de leitura\" \/>\n\t<meta name=\"twitter:data2\" content=\"1 minuto\" \/>\n<script type=\"application\/ld+json\" class=\"yoast-schema-graph\">{\"@context\":\"https:\/\/schema.org\",\"@graph\":[{\"@type\":\"Article\",\"@id\":\"https:\/\/www.notibras.com\/site\/zito-bi-campeao-pelo-brasil-e-santos-morre-em-sao-paulo-aos-82\/#article\",\"isPartOf\":{\"@id\":\"https:\/\/www.notibras.com\/site\/zito-bi-campeao-pelo-brasil-e-santos-morre-em-sao-paulo-aos-82\/\"},\"author\":{\"name\":\"Reda\u00e7\u00e3o\",\"@id\":\"https:\/\/www.notibras.com\/site\/#\/schema\/person\/36ab0979449956132d3e5b517ea76ac8\"},\"headline\":\"Zito, bi campe\u00e3o pelo Brasil e Santos, morre em S\u00e3o Paulo aos 82\",\"datePublished\":\"2015-06-14T22:16:27+00:00\",\"dateModified\":\"2015-06-15T07:20:47+00:00\",\"mainEntityOfPage\":{\"@id\":\"https:\/\/www.notibras.com\/site\/zito-bi-campeao-pelo-brasil-e-santos-morre-em-sao-paulo-aos-82\/\"},\"wordCount\":304,\"commentCount\":0,\"publisher\":{\"@id\":\"https:\/\/www.notibras.com\/site\/#organization\"},\"image\":{\"@id\":\"https:\/\/www.notibras.com\/site\/zito-bi-campeao-pelo-brasil-e-santos-morre-em-sao-paulo-aos-82\/#primaryimage\"},\"thumbnailUrl\":\"https:\/\/www.notibras.com\/site\/wp-content\/uploads\/2015\/06\/6-Zito-em-2006_divulga\u00e7\u00e3o.jpg\",\"articleSection\":[\"Esportes\"],\"inLanguage\":\"pt-BR\",\"potentialAction\":[{\"@type\":\"CommentAction\",\"name\":\"Comment\",\"target\":[\"https:\/\/www.notibras.com\/site\/zito-bi-campeao-pelo-brasil-e-santos-morre-em-sao-paulo-aos-82\/#respond\"]}]},{\"@type\":\"WebPage\",\"@id\":\"https:\/\/www.notibras.com\/site\/zito-bi-campeao-pelo-brasil-e-santos-morre-em-sao-paulo-aos-82\/\",\"url\":\"https:\/\/www.notibras.com\/site\/zito-bi-campeao-pelo-brasil-e-santos-morre-em-sao-paulo-aos-82\/\",\"name\":\"Zito, bi campe\u00e3o pelo Brasil e Santos, morre em S\u00e3o Paulo aos 82 - Notibras\",\"isPartOf\":{\"@id\":\"https:\/\/www.notibras.com\/site\/#website\"},\"primaryImageOfPage\":{\"@id\":\"https:\/\/www.notibras.com\/site\/zito-bi-campeao-pelo-brasil-e-santos-morre-em-sao-paulo-aos-82\/#primaryimage\"},\"image\":{\"@id\":\"https:\/\/www.notibras.com\/site\/zito-bi-campeao-pelo-brasil-e-santos-morre-em-sao-paulo-aos-82\/#primaryimage\"},\"thumbnailUrl\":\"https:\/\/www.notibras.com\/site\/wp-content\/uploads\/2015\/06\/6-Zito-em-2006_divulga\u00e7\u00e3o.jpg\",\"datePublished\":\"2015-06-14T22:16:27+00:00\",\"dateModified\":\"2015-06-15T07:20:47+00:00\",\"breadcrumb\":{\"@id\":\"https:\/\/www.notibras.com\/site\/zito-bi-campeao-pelo-brasil-e-santos-morre-em-sao-paulo-aos-82\/#breadcrumb\"},\"inLanguage\":\"pt-BR\",\"potentialAction\":[{\"@type\":\"ReadAction\",\"target\":[\"https:\/\/www.notibras.com\/site\/zito-bi-campeao-pelo-brasil-e-santos-morre-em-sao-paulo-aos-82\/\"]}]},{\"@type\":\"ImageObject\",\"inLanguage\":\"pt-BR\",\"@id\":\"https:\/\/www.notibras.com\/site\/zito-bi-campeao-pelo-brasil-e-santos-morre-em-sao-paulo-aos-82\/#primaryimage\",\"url\":\"https:\/\/www.notibras.com\/site\/wp-content\/uploads\/2015\/06\/6-Zito-em-2006_divulga\u00e7\u00e3o.jpg\",\"contentUrl\":\"https:\/\/www.notibras.com\/site\/wp-content\/uploads\/2015\/06\/6-Zito-em-2006_divulga\u00e7\u00e3o.jpg\",\"width\":525,\"height\":350},{\"@type\":\"BreadcrumbList\",\"@id\":\"https:\/\/www.notibras.com\/site\/zito-bi-campeao-pelo-brasil-e-santos-morre-em-sao-paulo-aos-82\/#breadcrumb\",\"itemListElement\":[{\"@type\":\"ListItem\",\"position\":1,\"name\":\"In\u00edcio\",\"item\":\"https:\/\/www.notibras.com\/site\/\"},{\"@type\":\"ListItem\",\"position\":2,\"name\":\"Zito, bi campe\u00e3o pelo Brasil e Santos, morre em S\u00e3o Paulo aos 82\"}]},{\"@type\":\"WebSite\",\"@id\":\"https:\/\/www.notibras.com\/site\/#website\",\"url\":\"https:\/\/www.notibras.com\/site\/\",\"name\":\"Notibras\",\"description\":\"Not\u00edcias de Bras\u00edlia, do Brasil e do Mundo\",\"publisher\":{\"@id\":\"https:\/\/www.notibras.com\/site\/#organization\"},\"potentialAction\":[{\"@type\":\"SearchAction\",\"target\":{\"@type\":\"EntryPoint\",\"urlTemplate\":\"https:\/\/www.notibras.com\/site\/?s={search_term_string}\"},\"query-input\":{\"@type\":\"PropertyValueSpecification\",\"valueRequired\":true,\"valueName\":\"search_term_string\"}}],\"inLanguage\":\"pt-BR\"},{\"@type\":\"Organization\",\"@id\":\"https:\/\/www.notibras.com\/site\/#organization\",\"name\":\"Grupo Notibras de Comunica\u00e7\u00e3o\",\"url\":\"https:\/\/www.notibras.com\/site\/\",\"logo\":{\"@type\":\"ImageObject\",\"inLanguage\":\"pt-BR\",\"@id\":\"https:\/\/www.notibras.com\/site\/#\/schema\/logo\/image\/\",\"url\":\"https:\/\/www.notibras.com\/site\/wp-content\/uploads\/2023\/01\/notibras23.png\",\"contentUrl\":\"https:\/\/www.notibras.com\/site\/wp-content\/uploads\/2023\/01\/notibras23.png\",\"width\":350,\"height\":87,\"caption\":\"Grupo Notibras de Comunica\u00e7\u00e3o\"},\"image\":{\"@id\":\"https:\/\/www.notibras.com\/site\/#\/schema\/logo\/image\/\"},\"sameAs\":[\"https:\/\/www.facebook.com\/notibras\/\",\"https:\/\/x.com\/Notibras\",\"https:\/\/www.instagram.com\/notibras\/\"]},{\"@type\":\"Person\",\"@id\":\"https:\/\/www.notibras.com\/site\/#\/schema\/person\/36ab0979449956132d3e5b517ea76ac8\",\"name\":\"Reda\u00e7\u00e3o\",\"image\":{\"@type\":\"ImageObject\",\"inLanguage\":\"pt-BR\",\"@id\":\"https:\/\/secure.gravatar.com\/avatar\/e0a867bdedb85fd243eadf09663511f96fc81e0720a4a42581f334ad4303aa6b?s=96&d=mm&r=g\",\"url\":\"https:\/\/secure.gravatar.com\/avatar\/e0a867bdedb85fd243eadf09663511f96fc81e0720a4a42581f334ad4303aa6b?s=96&d=mm&r=g\",\"contentUrl\":\"https:\/\/secure.gravatar.com\/avatar\/e0a867bdedb85fd243eadf09663511f96fc81e0720a4a42581f334ad4303aa6b?s=96&d=mm&r=g\",\"caption\":\"Reda\u00e7\u00e3o\"}}]}<\/script>\n<!-- \/ Yoast SEO plugin. -->","yoast_head_json":{"title":"Zito, bi campe\u00e3o pelo Brasil e Santos, morre em S\u00e3o Paulo aos 82 - Notibras","robots":{"index":"index","follow":"follow","max-snippet":"max-snippet:-1","max-image-preview":"max-image-preview:large","max-video-preview":"max-video-preview:-1"},"canonical":"https:\/\/www.notibras.com\/site\/zito-bi-campeao-pelo-brasil-e-santos-morre-em-sao-paulo-aos-82\/","og_locale":"pt_BR","og_type":"article","og_title":"Zito, bi campe\u00e3o pelo Brasil e Santos, morre em S\u00e3o Paulo aos 82 - Notibras","og_description":"Morreu neste domingo Jos\u00e9 Ely de Miranda, mais conhecido como Zito, um dos respons\u00e1veis por revelar Neymar e por ser integrante do time que tinha Pel\u00e9. Ele morreu em sua casa, em Santos, aos 82 anos. A morte foi confirmada pela assessoria de imprensa do Santos, que n\u00e3o revelou a causa. O vel\u00f3rio ser\u00e1 nesta [&hellip;]","og_url":"https:\/\/www.notibras.com\/site\/zito-bi-campeao-pelo-brasil-e-santos-morre-em-sao-paulo-aos-82\/","og_site_name":"Notibras","article_publisher":"https:\/\/www.facebook.com\/notibras\/","article_published_time":"2015-06-14T22:16:27+00:00","article_modified_time":"2015-06-15T07:20:47+00:00","og_image":[{"width":525,"height":350,"url":"https:\/\/www.notibras.com\/site\/wp-content\/uploads\/2015\/06\/6-Zito-em-2006_divulga\u00e7\u00e3o.jpg","type":"image\/jpeg"}],"author":"Reda\u00e7\u00e3o","twitter_card":"summary_large_image","twitter_creator":"@Notibras","twitter_site":"@Notibras","twitter_misc":{"Escrito por":"Reda\u00e7\u00e3o","Est. tempo de leitura":"1 minuto"},"schema":{"@context":"https:\/\/schema.org","@graph":[{"@type":"Article","@id":"https:\/\/www.notibras.com\/site\/zito-bi-campeao-pelo-brasil-e-santos-morre-em-sao-paulo-aos-82\/#article","isPartOf":{"@id":"https:\/\/www.notibras.com\/site\/zito-bi-campeao-pelo-brasil-e-santos-morre-em-sao-paulo-aos-82\/"},"author":{"name":"Reda\u00e7\u00e3o","@id":"https:\/\/www.notibras.com\/site\/#\/schema\/person\/36ab0979449956132d3e5b517ea76ac8"},"headline":"Zito, bi campe\u00e3o pelo Brasil e Santos, morre em S\u00e3o Paulo aos 82","datePublished":"2015-06-14T22:16:27+00:00","dateModified":"2015-06-15T07:20:47+00:00","mainEntityOfPage":{"@id":"https:\/\/www.notibras.com\/site\/zito-bi-campeao-pelo-brasil-e-santos-morre-em-sao-paulo-aos-82\/"},"wordCount":304,"commentCount":0,"publisher":{"@id":"https:\/\/www.notibras.com\/site\/#organization"},"image":{"@id":"https:\/\/www.notibras.com\/site\/zito-bi-campeao-pelo-brasil-e-santos-morre-em-sao-paulo-aos-82\/#primaryimage"},"thumbnailUrl":"https:\/\/www.notibras.com\/site\/wp-content\/uploads\/2015\/06\/6-Zito-em-2006_divulga\u00e7\u00e3o.jpg","articleSection":["Esportes"],"inLanguage":"pt-BR","potentialAction":[{"@type":"CommentAction","name":"Comment","target":["https:\/\/www.notibras.com\/site\/zito-bi-campeao-pelo-brasil-e-santos-morre-em-sao-paulo-aos-82\/#respond"]}]},{"@type":"WebPage","@id":"https:\/\/www.notibras.com\/site\/zito-bi-campeao-pelo-brasil-e-santos-morre-em-sao-paulo-aos-82\/","url":"https:\/\/www.notibras.com\/site\/zito-bi-campeao-pelo-brasil-e-santos-morre-em-sao-paulo-aos-82\/","name":"Zito, bi campe\u00e3o pelo Brasil e Santos, morre em S\u00e3o Paulo aos 82 - Notibras","isPartOf":{"@id":"https:\/\/www.notibras.com\/site\/#website"},"primaryImageOfPage":{"@id":"https:\/\/www.notibras.com\/site\/zito-bi-campeao-pelo-brasil-e-santos-morre-em-sao-paulo-aos-82\/#primaryimage"},"image":{"@id":"https:\/\/www.notibras.com\/site\/zito-bi-campeao-pelo-brasil-e-santos-morre-em-sao-paulo-aos-82\/#primaryimage"},"thumbnailUrl":"https:\/\/www.notibras.com\/site\/wp-content\/uploads\/2015\/06\/6-Zito-em-2006_divulga\u00e7\u00e3o.jpg","datePublished":"2015-06-14T22:16:27+00:00","dateModified":"2015-06-15T07:20:47+00:00","breadcrumb":{"@id":"https:\/\/www.notibras.com\/site\/zito-bi-campeao-pelo-brasil-e-santos-morre-em-sao-paulo-aos-82\/#breadcrumb"},"inLanguage":"pt-BR","potentialAction":[{"@type":"ReadAction","target":["https:\/\/www.notibras.com\/site\/zito-bi-campeao-pelo-brasil-e-santos-morre-em-sao-paulo-aos-82\/"]}]},{"@type":"ImageObject","inLanguage":"pt-BR","@id":"https:\/\/www.notibras.com\/site\/zito-bi-campeao-pelo-brasil-e-santos-morre-em-sao-paulo-aos-82\/#primaryimage","url":"https:\/\/www.notibras.com\/site\/wp-content\/uploads\/2015\/06\/6-Zito-em-2006_divulga\u00e7\u00e3o.jpg","contentUrl":"https:\/\/www.notibras.com\/site\/wp-content\/uploads\/2015\/06\/6-Zito-em-2006_divulga\u00e7\u00e3o.jpg","width":525,"height":350},{"@type":"BreadcrumbList","@id":"https:\/\/www.notibras.com\/site\/zito-bi-campeao-pelo-brasil-e-santos-morre-em-sao-paulo-aos-82\/#breadcrumb","itemListElement":[{"@type":"ListItem","position":1,"name":"In\u00edcio","item":"https:\/\/www.notibras.com\/site\/"},{"@type":"ListItem","position":2,"name":"Zito, bi campe\u00e3o pelo Brasil e Santos, morre em S\u00e3o Paulo aos 82"}]},{"@type":"WebSite","@id":"https:\/\/www.notibras.com\/site\/#website","url":"https:\/\/www.notibras.com\/site\/","name":"Notibras","description":"Not\u00edcias de Bras\u00edlia, do Brasil e do Mundo","publisher":{"@id":"https:\/\/www.notibras.com\/site\/#organization"},"potentialAction":[{"@type":"SearchAction","target":{"@type":"EntryPoint","urlTemplate":"https:\/\/www.notibras.com\/site\/?s={search_term_string}"},"query-input":{"@type":"PropertyValueSpecification","valueRequired":true,"valueName":"search_term_string"}}],"inLanguage":"pt-BR"},{"@type":"Organization","@id":"https:\/\/www.notibras.com\/site\/#organization","name":"Grupo Notibras de Comunica\u00e7\u00e3o","url":"https:\/\/www.notibras.com\/site\/","logo":{"@type":"ImageObject","inLanguage":"pt-BR","@id":"https:\/\/www.notibras.com\/site\/#\/schema\/logo\/image\/","url":"https:\/\/www.notibras.com\/site\/wp-content\/uploads\/2023\/01\/notibras23.png","contentUrl":"https:\/\/www.notibras.com\/site\/wp-content\/uploads\/2023\/01\/notibras23.png","width":350,"height":87,"caption":"Grupo Notibras de Comunica\u00e7\u00e3o"},"image":{"@id":"https:\/\/www.notibras.com\/site\/#\/schema\/logo\/image\/"},"sameAs":["https:\/\/www.facebook.com\/notibras\/","https:\/\/x.com\/Notibras","https:\/\/www.instagram.com\/notibras\/"]},{"@type":"Person","@id":"https:\/\/www.notibras.com\/site\/#\/schema\/person\/36ab0979449956132d3e5b517ea76ac8","name":"Reda\u00e7\u00e3o","image":{"@type":"ImageObject","inLanguage":"pt-BR","@id":"https:\/\/secure.gravatar.com\/avatar\/e0a867bdedb85fd243eadf09663511f96fc81e0720a4a42581f334ad4303aa6b?s=96&d=mm&r=g","url":"https:\/\/secure.gravatar.com\/avatar\/e0a867bdedb85fd243eadf09663511f96fc81e0720a4a42581f334ad4303aa6b?s=96&d=mm&r=g","contentUrl":"https:\/\/secure.gravatar.com\/avatar\/e0a867bdedb85fd243eadf09663511f96fc81e0720a4a42581f334ad4303aa6b?s=96&d=mm&r=g","caption":"Reda\u00e7\u00e3o"}}]}},"amp_enabled":true,"_links":{"self":[{"href":"https:\/\/www.notibras.com\/site\/wp-json\/wp\/v2\/posts\/53523","targetHints":{"allow":["GET"]}}],"collection":[{"href":"https:\/\/www.notibras.com\/site\/wp-json\/wp\/v2\/posts"}],"about":[{"href":"https:\/\/www.notibras.com\/site\/wp-json\/wp\/v2\/types\/post"}],"author":[{"embeddable":true,"href":"https:\/\/www.notibras.com\/site\/wp-json\/wp\/v2\/users\/2"}],"replies":[{"embeddable":true,"href":"https:\/\/www.notibras.com\/site\/wp-json\/wp\/v2\/comments?post=53523"}],"version-history":[{"count":0,"href":"https:\/\/www.notibras.com\/site\/wp-json\/wp\/v2\/posts\/53523\/revisions"}],"wp:featuredmedia":[{"embeddable":true,"href":"https:\/\/www.notibras.com\/site\/wp-json\/wp\/v2\/media\/53524"}],"wp:attachment":[{"href":"https:\/\/www.notibras.com\/site\/wp-json\/wp\/v2\/media?parent=53523"}],"wp:term":[{"taxonomy":"category","embeddable":true,"href":"https:\/\/www.notibras.com\/site\/wp-json\/wp\/v2\/categories?post=53523"},{"taxonomy":"post_tag","embeddable":true,"href":"https:\/\/www.notibras.com\/site\/wp-json\/wp\/v2\/tags?post=53523"}],"curies":[{"name":"wp","href":"https:\/\/api.w.org\/{rel}","templated":true}]}}