{"id":53610,"date":"2015-06-15T21:21:56","date_gmt":"2015-06-16T00:21:56","guid":{"rendered":"http:\/\/www.notibras.com\/site\/?p=53610"},"modified":"2015-06-15T23:27:07","modified_gmt":"2015-06-16T02:27:07","slug":"bolivia-bate-equador-e-enfim-vence-um-jogo-pela-copa-america","status":"publish","type":"post","link":"https:\/\/www.notibras.com\/site\/bolivia-bate-equador-e-enfim-vence-um-jogo-pela-copa-america\/","title":{"rendered":"Bol\u00edvia bate Equador e enfim vence um jogo pela Copa Am\u00e9rica"},"content":{"rendered":"<p>Finalmente a Bol\u00edvia ganhou um jogo na Copa Am\u00e9rica. Foi nesta segunda-feira, quando fez 3 a 2 contra o Equador. Ao longo da hist\u00f3ria da sele\u00e7\u00e3o boliviana, foram 18 anos, 16 jogos, oito empates e oito derrotas. Mas por pouco a vit\u00f3ria n\u00e3o sa\u00eda. A Bol\u00edvia chegou a abruir uma vantagem de 3 a 0, e permitiu uma rea\u00e7\u00e3o que quase acaba com a festa.<\/p>\n<p>O fim deste longo per\u00edodo sem vencer veio gra\u00e7as a gols de &#8220;estrangeiros&#8221;. Marcelo Moreno, que tem nacionalidade brasileira, e Smedberg, sueco que defendeu os europeus nas categorias de base e teve sua primeira chance na Bol\u00edvia em 2014. Raldes fez o outro.<\/p>\n<p>O bom futebol apresentado na estreia complicando o jogo para o Chile, dono da casa, colocou o Equador como amplo favorito no duelo desta segunda-feira. Mas, bastou a bola rolar para tudo mudar. A press\u00e3o boliviana aconteceu desde o come\u00e7o e foi assim que Raldes e Smedberg abriram 2 a 0 no placar. A rea\u00e7\u00e3o pareceu vir na sequ\u00eancia, mas Valencia marcou de p\u00eanalti e o juiz mandou voltar, na segunda cobran\u00e7a, Quinonez defendeu.<\/p>\n<p>O futebol brasileiro foi representado na sequ\u00eancia com um p\u00eanalti cometido por Erazo, ex-Flamengo hoje no Gr\u00eamio. Na cobran\u00e7a, Marcelo Moreno fez 3 a 0.<\/p>\n<blockquote><p>O que parecia decidido mudou com menos de 5 minutos da etapa final. Desta vez, com o gol aberto, Valencia marcou. A press\u00e3o foi grande no restante do segundo tempo, mas a bola s\u00f3 entrou aos 37 minutos, em um lindo chute de Bola\u00f1os de longe, com a ajuda do vento que estava muito forte \u00e0 favor dos equatorianos na etapa final. Do mesmo jeito, Noboa carimbou o travess\u00e3o de Quinonez, mas a press\u00e3o foi em v\u00e3o.<\/p><\/blockquote>\n","protected":false},"excerpt":{"rendered":"<p>Finalmente a Bol\u00edvia ganhou um jogo na Copa Am\u00e9rica. Foi nesta segunda-feira, quando fez 3 a 2 contra o Equador. Ao longo da hist\u00f3ria da sele\u00e7\u00e3o boliviana, foram 18 anos, 16 jogos, oito empates e oito derrotas. Mas por pouco a vit\u00f3ria n\u00e3o sa\u00eda. A Bol\u00edvia chegou a abruir uma vantagem de 3 a 0, [&hellip;]<\/p>\n","protected":false},"author":2,"featured_media":53611,"comment_status":"open","ping_status":"closed","sticky":false,"template":"","format":"standard","meta":{"_acf_changed":false,"footnotes":""},"categories":[19,29],"tags":[],"class_list":["post-53610","post","type-post","status-publish","format-standard","has-post-thumbnail","hentry","category-esportes","category-futebol"],"acf":[],"yoast_head":"<!-- This site is optimized with the Yoast SEO plugin v27.2 - https:\/\/yoast.com\/product\/yoast-seo-wordpress\/ -->\n<title>Bol\u00edvia bate Equador e enfim vence um jogo pela Copa Am\u00e9rica - Notibras<\/title>\n<meta name=\"robots\" content=\"index, follow, max-snippet:-1, max-image-preview:large, max-video-preview:-1\" \/>\n<link rel=\"canonical\" href=\"https:\/\/www.notibras.com\/site\/bolivia-bate-equador-e-enfim-vence-um-jogo-pela-copa-america\/\" \/>\n<meta property=\"og:locale\" content=\"pt_BR\" \/>\n<meta property=\"og:type\" content=\"article\" \/>\n<meta property=\"og:title\" content=\"Bol\u00edvia bate Equador e enfim vence um jogo pela Copa Am\u00e9rica - Notibras\" \/>\n<meta property=\"og:description\" content=\"Finalmente a Bol\u00edvia ganhou um jogo na Copa Am\u00e9rica. Foi nesta segunda-feira, quando fez 3 a 2 contra o Equador. Ao longo da hist\u00f3ria da sele\u00e7\u00e3o boliviana, foram 18 anos, 16 jogos, oito empates e oito derrotas. Mas por pouco a vit\u00f3ria n\u00e3o sa\u00eda. A Bol\u00edvia chegou a abruir uma vantagem de 3 a 0, [&hellip;]\" \/>\n<meta property=\"og:url\" content=\"https:\/\/www.notibras.com\/site\/bolivia-bate-equador-e-enfim-vence-um-jogo-pela-copa-america\/\" \/>\n<meta property=\"og:site_name\" content=\"Notibras\" \/>\n<meta property=\"article:publisher\" content=\"https:\/\/www.facebook.com\/notibras\/\" \/>\n<meta property=\"article:published_time\" content=\"2015-06-16T00:21:56+00:00\" \/>\n<meta property=\"article:modified_time\" content=\"2015-06-16T02:27:07+00:00\" \/>\n<meta property=\"og:image\" content=\"https:\/\/www.notibras.com\/site\/wp-content\/uploads\/2015\/06\/esportes-fut-bolivia-equador.jpg\" \/>\n\t<meta property=\"og:image:width\" content=\"940\" \/>\n\t<meta property=\"og:image:height\" content=\"709\" \/>\n\t<meta property=\"og:image:type\" content=\"image\/jpeg\" \/>\n<meta name=\"author\" content=\"Reda\u00e7\u00e3o\" \/>\n<meta name=\"twitter:card\" content=\"summary_large_image\" \/>\n<meta name=\"twitter:creator\" content=\"@Notibras\" \/>\n<meta name=\"twitter:site\" content=\"@Notibras\" \/>\n<meta name=\"twitter:label1\" content=\"Escrito por\" \/>\n\t<meta name=\"twitter:data1\" content=\"Reda\u00e7\u00e3o\" \/>\n\t<meta name=\"twitter:label2\" content=\"Est. tempo de leitura\" \/>\n\t<meta name=\"twitter:data2\" content=\"1 minuto\" \/>\n<script type=\"application\/ld+json\" class=\"yoast-schema-graph\">{\"@context\":\"https:\/\/schema.org\",\"@graph\":[{\"@type\":\"Article\",\"@id\":\"https:\/\/www.notibras.com\/site\/bolivia-bate-equador-e-enfim-vence-um-jogo-pela-copa-america\/#article\",\"isPartOf\":{\"@id\":\"https:\/\/www.notibras.com\/site\/bolivia-bate-equador-e-enfim-vence-um-jogo-pela-copa-america\/\"},\"author\":{\"name\":\"Reda\u00e7\u00e3o\",\"@id\":\"https:\/\/www.notibras.com\/site\/#\/schema\/person\/36ab0979449956132d3e5b517ea76ac8\"},\"headline\":\"Bol\u00edvia bate Equador e enfim vence um jogo pela Copa Am\u00e9rica\",\"datePublished\":\"2015-06-16T00:21:56+00:00\",\"dateModified\":\"2015-06-16T02:27:07+00:00\",\"mainEntityOfPage\":{\"@id\":\"https:\/\/www.notibras.com\/site\/bolivia-bate-equador-e-enfim-vence-um-jogo-pela-copa-america\/\"},\"wordCount\":310,\"commentCount\":0,\"publisher\":{\"@id\":\"https:\/\/www.notibras.com\/site\/#organization\"},\"image\":{\"@id\":\"https:\/\/www.notibras.com\/site\/bolivia-bate-equador-e-enfim-vence-um-jogo-pela-copa-america\/#primaryimage\"},\"thumbnailUrl\":\"https:\/\/www.notibras.com\/site\/wp-content\/uploads\/2015\/06\/esportes-fut-bolivia-equador.jpg\",\"articleSection\":[\"Esportes\",\"Futebol\"],\"inLanguage\":\"pt-BR\",\"potentialAction\":[{\"@type\":\"CommentAction\",\"name\":\"Comment\",\"target\":[\"https:\/\/www.notibras.com\/site\/bolivia-bate-equador-e-enfim-vence-um-jogo-pela-copa-america\/#respond\"]}]},{\"@type\":\"WebPage\",\"@id\":\"https:\/\/www.notibras.com\/site\/bolivia-bate-equador-e-enfim-vence-um-jogo-pela-copa-america\/\",\"url\":\"https:\/\/www.notibras.com\/site\/bolivia-bate-equador-e-enfim-vence-um-jogo-pela-copa-america\/\",\"name\":\"Bol\u00edvia bate Equador e enfim vence um jogo pela Copa Am\u00e9rica - Notibras\",\"isPartOf\":{\"@id\":\"https:\/\/www.notibras.com\/site\/#website\"},\"primaryImageOfPage\":{\"@id\":\"https:\/\/www.notibras.com\/site\/bolivia-bate-equador-e-enfim-vence-um-jogo-pela-copa-america\/#primaryimage\"},\"image\":{\"@id\":\"https:\/\/www.notibras.com\/site\/bolivia-bate-equador-e-enfim-vence-um-jogo-pela-copa-america\/#primaryimage\"},\"thumbnailUrl\":\"https:\/\/www.notibras.com\/site\/wp-content\/uploads\/2015\/06\/esportes-fut-bolivia-equador.jpg\",\"datePublished\":\"2015-06-16T00:21:56+00:00\",\"dateModified\":\"2015-06-16T02:27:07+00:00\",\"breadcrumb\":{\"@id\":\"https:\/\/www.notibras.com\/site\/bolivia-bate-equador-e-enfim-vence-um-jogo-pela-copa-america\/#breadcrumb\"},\"inLanguage\":\"pt-BR\",\"potentialAction\":[{\"@type\":\"ReadAction\",\"target\":[\"https:\/\/www.notibras.com\/site\/bolivia-bate-equador-e-enfim-vence-um-jogo-pela-copa-america\/\"]}]},{\"@type\":\"ImageObject\",\"inLanguage\":\"pt-BR\",\"@id\":\"https:\/\/www.notibras.com\/site\/bolivia-bate-equador-e-enfim-vence-um-jogo-pela-copa-america\/#primaryimage\",\"url\":\"https:\/\/www.notibras.com\/site\/wp-content\/uploads\/2015\/06\/esportes-fut-bolivia-equador.jpg\",\"contentUrl\":\"https:\/\/www.notibras.com\/site\/wp-content\/uploads\/2015\/06\/esportes-fut-bolivia-equador.jpg\",\"width\":940,\"height\":709},{\"@type\":\"BreadcrumbList\",\"@id\":\"https:\/\/www.notibras.com\/site\/bolivia-bate-equador-e-enfim-vence-um-jogo-pela-copa-america\/#breadcrumb\",\"itemListElement\":[{\"@type\":\"ListItem\",\"position\":1,\"name\":\"In\u00edcio\",\"item\":\"https:\/\/www.notibras.com\/site\/\"},{\"@type\":\"ListItem\",\"position\":2,\"name\":\"Bol\u00edvia bate Equador e enfim vence um jogo pela Copa Am\u00e9rica\"}]},{\"@type\":\"WebSite\",\"@id\":\"https:\/\/www.notibras.com\/site\/#website\",\"url\":\"https:\/\/www.notibras.com\/site\/\",\"name\":\"Notibras\",\"description\":\"Not\u00edcias de Bras\u00edlia, do Brasil e do Mundo\",\"publisher\":{\"@id\":\"https:\/\/www.notibras.com\/site\/#organization\"},\"potentialAction\":[{\"@type\":\"SearchAction\",\"target\":{\"@type\":\"EntryPoint\",\"urlTemplate\":\"https:\/\/www.notibras.com\/site\/?s={search_term_string}\"},\"query-input\":{\"@type\":\"PropertyValueSpecification\",\"valueRequired\":true,\"valueName\":\"search_term_string\"}}],\"inLanguage\":\"pt-BR\"},{\"@type\":\"Organization\",\"@id\":\"https:\/\/www.notibras.com\/site\/#organization\",\"name\":\"Grupo Notibras de Comunica\u00e7\u00e3o\",\"url\":\"https:\/\/www.notibras.com\/site\/\",\"logo\":{\"@type\":\"ImageObject\",\"inLanguage\":\"pt-BR\",\"@id\":\"https:\/\/www.notibras.com\/site\/#\/schema\/logo\/image\/\",\"url\":\"https:\/\/www.notibras.com\/site\/wp-content\/uploads\/2023\/01\/notibras23.png\",\"contentUrl\":\"https:\/\/www.notibras.com\/site\/wp-content\/uploads\/2023\/01\/notibras23.png\",\"width\":350,\"height\":87,\"caption\":\"Grupo Notibras de Comunica\u00e7\u00e3o\"},\"image\":{\"@id\":\"https:\/\/www.notibras.com\/site\/#\/schema\/logo\/image\/\"},\"sameAs\":[\"https:\/\/www.facebook.com\/notibras\/\",\"https:\/\/x.com\/Notibras\",\"https:\/\/www.instagram.com\/notibras\/\"]},{\"@type\":\"Person\",\"@id\":\"https:\/\/www.notibras.com\/site\/#\/schema\/person\/36ab0979449956132d3e5b517ea76ac8\",\"name\":\"Reda\u00e7\u00e3o\",\"image\":{\"@type\":\"ImageObject\",\"inLanguage\":\"pt-BR\",\"@id\":\"https:\/\/secure.gravatar.com\/avatar\/e0a867bdedb85fd243eadf09663511f96fc81e0720a4a42581f334ad4303aa6b?s=96&d=mm&r=g\",\"url\":\"https:\/\/secure.gravatar.com\/avatar\/e0a867bdedb85fd243eadf09663511f96fc81e0720a4a42581f334ad4303aa6b?s=96&d=mm&r=g\",\"contentUrl\":\"https:\/\/secure.gravatar.com\/avatar\/e0a867bdedb85fd243eadf09663511f96fc81e0720a4a42581f334ad4303aa6b?s=96&d=mm&r=g\",\"caption\":\"Reda\u00e7\u00e3o\"}}]}<\/script>\n<!-- \/ Yoast SEO plugin. -->","yoast_head_json":{"title":"Bol\u00edvia bate Equador e enfim vence um jogo pela Copa Am\u00e9rica - Notibras","robots":{"index":"index","follow":"follow","max-snippet":"max-snippet:-1","max-image-preview":"max-image-preview:large","max-video-preview":"max-video-preview:-1"},"canonical":"https:\/\/www.notibras.com\/site\/bolivia-bate-equador-e-enfim-vence-um-jogo-pela-copa-america\/","og_locale":"pt_BR","og_type":"article","og_title":"Bol\u00edvia bate Equador e enfim vence um jogo pela Copa Am\u00e9rica - Notibras","og_description":"Finalmente a Bol\u00edvia ganhou um jogo na Copa Am\u00e9rica. Foi nesta segunda-feira, quando fez 3 a 2 contra o Equador. Ao longo da hist\u00f3ria da sele\u00e7\u00e3o boliviana, foram 18 anos, 16 jogos, oito empates e oito derrotas. Mas por pouco a vit\u00f3ria n\u00e3o sa\u00eda. A Bol\u00edvia chegou a abruir uma vantagem de 3 a 0, [&hellip;]","og_url":"https:\/\/www.notibras.com\/site\/bolivia-bate-equador-e-enfim-vence-um-jogo-pela-copa-america\/","og_site_name":"Notibras","article_publisher":"https:\/\/www.facebook.com\/notibras\/","article_published_time":"2015-06-16T00:21:56+00:00","article_modified_time":"2015-06-16T02:27:07+00:00","og_image":[{"width":940,"height":709,"url":"https:\/\/www.notibras.com\/site\/wp-content\/uploads\/2015\/06\/esportes-fut-bolivia-equador.jpg","type":"image\/jpeg"}],"author":"Reda\u00e7\u00e3o","twitter_card":"summary_large_image","twitter_creator":"@Notibras","twitter_site":"@Notibras","twitter_misc":{"Escrito por":"Reda\u00e7\u00e3o","Est. tempo de leitura":"1 minuto"},"schema":{"@context":"https:\/\/schema.org","@graph":[{"@type":"Article","@id":"https:\/\/www.notibras.com\/site\/bolivia-bate-equador-e-enfim-vence-um-jogo-pela-copa-america\/#article","isPartOf":{"@id":"https:\/\/www.notibras.com\/site\/bolivia-bate-equador-e-enfim-vence-um-jogo-pela-copa-america\/"},"author":{"name":"Reda\u00e7\u00e3o","@id":"https:\/\/www.notibras.com\/site\/#\/schema\/person\/36ab0979449956132d3e5b517ea76ac8"},"headline":"Bol\u00edvia bate Equador e enfim vence um jogo pela Copa Am\u00e9rica","datePublished":"2015-06-16T00:21:56+00:00","dateModified":"2015-06-16T02:27:07+00:00","mainEntityOfPage":{"@id":"https:\/\/www.notibras.com\/site\/bolivia-bate-equador-e-enfim-vence-um-jogo-pela-copa-america\/"},"wordCount":310,"commentCount":0,"publisher":{"@id":"https:\/\/www.notibras.com\/site\/#organization"},"image":{"@id":"https:\/\/www.notibras.com\/site\/bolivia-bate-equador-e-enfim-vence-um-jogo-pela-copa-america\/#primaryimage"},"thumbnailUrl":"https:\/\/www.notibras.com\/site\/wp-content\/uploads\/2015\/06\/esportes-fut-bolivia-equador.jpg","articleSection":["Esportes","Futebol"],"inLanguage":"pt-BR","potentialAction":[{"@type":"CommentAction","name":"Comment","target":["https:\/\/www.notibras.com\/site\/bolivia-bate-equador-e-enfim-vence-um-jogo-pela-copa-america\/#respond"]}]},{"@type":"WebPage","@id":"https:\/\/www.notibras.com\/site\/bolivia-bate-equador-e-enfim-vence-um-jogo-pela-copa-america\/","url":"https:\/\/www.notibras.com\/site\/bolivia-bate-equador-e-enfim-vence-um-jogo-pela-copa-america\/","name":"Bol\u00edvia bate Equador e enfim vence um jogo pela Copa Am\u00e9rica - Notibras","isPartOf":{"@id":"https:\/\/www.notibras.com\/site\/#website"},"primaryImageOfPage":{"@id":"https:\/\/www.notibras.com\/site\/bolivia-bate-equador-e-enfim-vence-um-jogo-pela-copa-america\/#primaryimage"},"image":{"@id":"https:\/\/www.notibras.com\/site\/bolivia-bate-equador-e-enfim-vence-um-jogo-pela-copa-america\/#primaryimage"},"thumbnailUrl":"https:\/\/www.notibras.com\/site\/wp-content\/uploads\/2015\/06\/esportes-fut-bolivia-equador.jpg","datePublished":"2015-06-16T00:21:56+00:00","dateModified":"2015-06-16T02:27:07+00:00","breadcrumb":{"@id":"https:\/\/www.notibras.com\/site\/bolivia-bate-equador-e-enfim-vence-um-jogo-pela-copa-america\/#breadcrumb"},"inLanguage":"pt-BR","potentialAction":[{"@type":"ReadAction","target":["https:\/\/www.notibras.com\/site\/bolivia-bate-equador-e-enfim-vence-um-jogo-pela-copa-america\/"]}]},{"@type":"ImageObject","inLanguage":"pt-BR","@id":"https:\/\/www.notibras.com\/site\/bolivia-bate-equador-e-enfim-vence-um-jogo-pela-copa-america\/#primaryimage","url":"https:\/\/www.notibras.com\/site\/wp-content\/uploads\/2015\/06\/esportes-fut-bolivia-equador.jpg","contentUrl":"https:\/\/www.notibras.com\/site\/wp-content\/uploads\/2015\/06\/esportes-fut-bolivia-equador.jpg","width":940,"height":709},{"@type":"BreadcrumbList","@id":"https:\/\/www.notibras.com\/site\/bolivia-bate-equador-e-enfim-vence-um-jogo-pela-copa-america\/#breadcrumb","itemListElement":[{"@type":"ListItem","position":1,"name":"In\u00edcio","item":"https:\/\/www.notibras.com\/site\/"},{"@type":"ListItem","position":2,"name":"Bol\u00edvia bate Equador e enfim vence um jogo pela Copa Am\u00e9rica"}]},{"@type":"WebSite","@id":"https:\/\/www.notibras.com\/site\/#website","url":"https:\/\/www.notibras.com\/site\/","name":"Notibras","description":"Not\u00edcias de Bras\u00edlia, do Brasil e do Mundo","publisher":{"@id":"https:\/\/www.notibras.com\/site\/#organization"},"potentialAction":[{"@type":"SearchAction","target":{"@type":"EntryPoint","urlTemplate":"https:\/\/www.notibras.com\/site\/?s={search_term_string}"},"query-input":{"@type":"PropertyValueSpecification","valueRequired":true,"valueName":"search_term_string"}}],"inLanguage":"pt-BR"},{"@type":"Organization","@id":"https:\/\/www.notibras.com\/site\/#organization","name":"Grupo Notibras de Comunica\u00e7\u00e3o","url":"https:\/\/www.notibras.com\/site\/","logo":{"@type":"ImageObject","inLanguage":"pt-BR","@id":"https:\/\/www.notibras.com\/site\/#\/schema\/logo\/image\/","url":"https:\/\/www.notibras.com\/site\/wp-content\/uploads\/2023\/01\/notibras23.png","contentUrl":"https:\/\/www.notibras.com\/site\/wp-content\/uploads\/2023\/01\/notibras23.png","width":350,"height":87,"caption":"Grupo Notibras de Comunica\u00e7\u00e3o"},"image":{"@id":"https:\/\/www.notibras.com\/site\/#\/schema\/logo\/image\/"},"sameAs":["https:\/\/www.facebook.com\/notibras\/","https:\/\/x.com\/Notibras","https:\/\/www.instagram.com\/notibras\/"]},{"@type":"Person","@id":"https:\/\/www.notibras.com\/site\/#\/schema\/person\/36ab0979449956132d3e5b517ea76ac8","name":"Reda\u00e7\u00e3o","image":{"@type":"ImageObject","inLanguage":"pt-BR","@id":"https:\/\/secure.gravatar.com\/avatar\/e0a867bdedb85fd243eadf09663511f96fc81e0720a4a42581f334ad4303aa6b?s=96&d=mm&r=g","url":"https:\/\/secure.gravatar.com\/avatar\/e0a867bdedb85fd243eadf09663511f96fc81e0720a4a42581f334ad4303aa6b?s=96&d=mm&r=g","contentUrl":"https:\/\/secure.gravatar.com\/avatar\/e0a867bdedb85fd243eadf09663511f96fc81e0720a4a42581f334ad4303aa6b?s=96&d=mm&r=g","caption":"Reda\u00e7\u00e3o"}}]}},"amp_enabled":true,"_links":{"self":[{"href":"https:\/\/www.notibras.com\/site\/wp-json\/wp\/v2\/posts\/53610","targetHints":{"allow":["GET"]}}],"collection":[{"href":"https:\/\/www.notibras.com\/site\/wp-json\/wp\/v2\/posts"}],"about":[{"href":"https:\/\/www.notibras.com\/site\/wp-json\/wp\/v2\/types\/post"}],"author":[{"embeddable":true,"href":"https:\/\/www.notibras.com\/site\/wp-json\/wp\/v2\/users\/2"}],"replies":[{"embeddable":true,"href":"https:\/\/www.notibras.com\/site\/wp-json\/wp\/v2\/comments?post=53610"}],"version-history":[{"count":0,"href":"https:\/\/www.notibras.com\/site\/wp-json\/wp\/v2\/posts\/53610\/revisions"}],"wp:featuredmedia":[{"embeddable":true,"href":"https:\/\/www.notibras.com\/site\/wp-json\/wp\/v2\/media\/53611"}],"wp:attachment":[{"href":"https:\/\/www.notibras.com\/site\/wp-json\/wp\/v2\/media?parent=53610"}],"wp:term":[{"taxonomy":"category","embeddable":true,"href":"https:\/\/www.notibras.com\/site\/wp-json\/wp\/v2\/categories?post=53610"},{"taxonomy":"post_tag","embeddable":true,"href":"https:\/\/www.notibras.com\/site\/wp-json\/wp\/v2\/tags?post=53610"}],"curies":[{"name":"wp","href":"https:\/\/api.w.org\/{rel}","templated":true}]}}