{"id":53672,"date":"2015-06-16T09:39:50","date_gmt":"2015-06-16T12:39:50","guid":{"rendered":"http:\/\/www.notibras.com\/site\/?p=53672"},"modified":"2015-06-16T09:42:56","modified_gmt":"2015-06-16T12:42:56","slug":"usuarios-do-metro-ficam-sem-vagas-no-estacionamento-da-102-sul","status":"publish","type":"post","link":"https:\/\/www.notibras.com\/site\/usuarios-do-metro-ficam-sem-vagas-no-estacionamento-da-102-sul\/","title":{"rendered":"Usu\u00e1rios do metr\u00f4 da 102 Sul ficam sem vaga no estacionamento"},"content":{"rendered":"<p>Um pequeno estabelecimento comercial instalado no estacionamento da esta\u00e7\u00e3o do metr\u00f4 da 102 Sul tem deixado motoristas indignados. Um usu\u00e1rio da esta\u00e7\u00e3o que preferiu n\u00e3o se identificar, reclama do espa\u00e7o do com\u00e9rcio, que\u00a0tem ocupado algumas vagas do estacionamento.<\/p>\n","protected":false},"excerpt":{"rendered":"<p>Um pequeno estabelecimento comercial instalado no estacionamento da esta\u00e7\u00e3o do metr\u00f4 da 102 Sul tem deixado motoristas indignados. Um usu\u00e1rio da esta\u00e7\u00e3o que preferiu n\u00e3o se identificar, reclama do espa\u00e7o do com\u00e9rcio, que\u00a0tem ocupado algumas vagas do estacionamento.<\/p>\n","protected":false},"author":2,"featured_media":53673,"comment_status":"open","ping_status":"closed","sticky":false,"template":"","format":"standard","meta":{"_acf_changed":false,"footnotes":""},"categories":[40],"tags":[],"class_list":["post-53672","post","type-post","status-publish","format-standard","has-post-thumbnail","hentry","category-zapzap-das-quadras"],"acf":[],"yoast_head":"<!-- This site is optimized with the Yoast SEO plugin v27.2 - https:\/\/yoast.com\/product\/yoast-seo-wordpress\/ -->\n<title>Usu\u00e1rios do metr\u00f4 da 102 Sul ficam sem vaga no estacionamento - Notibras<\/title>\n<meta name=\"robots\" content=\"index, follow, max-snippet:-1, max-image-preview:large, max-video-preview:-1\" \/>\n<link rel=\"canonical\" href=\"https:\/\/www.notibras.com\/site\/usuarios-do-metro-ficam-sem-vagas-no-estacionamento-da-102-sul\/\" \/>\n<meta property=\"og:locale\" content=\"pt_BR\" \/>\n<meta property=\"og:type\" content=\"article\" \/>\n<meta property=\"og:title\" content=\"Usu\u00e1rios do metr\u00f4 da 102 Sul ficam sem vaga no estacionamento - Notibras\" \/>\n<meta property=\"og:description\" content=\"Um pequeno estabelecimento comercial instalado no estacionamento da esta\u00e7\u00e3o do metr\u00f4 da 102 Sul tem deixado motoristas indignados. Um usu\u00e1rio da esta\u00e7\u00e3o que preferiu n\u00e3o se identificar, reclama do espa\u00e7o do com\u00e9rcio, que\u00a0tem ocupado algumas vagas do estacionamento.\" \/>\n<meta property=\"og:url\" content=\"https:\/\/www.notibras.com\/site\/usuarios-do-metro-ficam-sem-vagas-no-estacionamento-da-102-sul\/\" \/>\n<meta property=\"og:site_name\" content=\"Notibras\" \/>\n<meta property=\"article:publisher\" content=\"https:\/\/www.facebook.com\/notibras\/\" \/>\n<meta property=\"article:published_time\" content=\"2015-06-16T12:39:50+00:00\" \/>\n<meta property=\"article:modified_time\" content=\"2015-06-16T12:42:56+00:00\" \/>\n<meta property=\"og:image\" content=\"https:\/\/www.notibras.com\/site\/wp-content\/uploads\/2015\/06\/102-sul.jpg\" \/>\n\t<meta property=\"og:image:width\" content=\"400\" \/>\n\t<meta property=\"og:image:height\" content=\"300\" \/>\n\t<meta property=\"og:image:type\" content=\"image\/jpeg\" \/>\n<meta name=\"author\" content=\"Reda\u00e7\u00e3o\" \/>\n<meta name=\"twitter:card\" content=\"summary_large_image\" \/>\n<meta name=\"twitter:creator\" content=\"@Notibras\" \/>\n<meta name=\"twitter:site\" content=\"@Notibras\" \/>\n<meta name=\"twitter:label1\" content=\"Escrito por\" \/>\n\t<meta name=\"twitter:data1\" content=\"Reda\u00e7\u00e3o\" \/>\n<script type=\"application\/ld+json\" class=\"yoast-schema-graph\">{\"@context\":\"https:\/\/schema.org\",\"@graph\":[{\"@type\":\"Article\",\"@id\":\"https:\/\/www.notibras.com\/site\/usuarios-do-metro-ficam-sem-vagas-no-estacionamento-da-102-sul\/#article\",\"isPartOf\":{\"@id\":\"https:\/\/www.notibras.com\/site\/usuarios-do-metro-ficam-sem-vagas-no-estacionamento-da-102-sul\/\"},\"author\":{\"name\":\"Reda\u00e7\u00e3o\",\"@id\":\"https:\/\/www.notibras.com\/site\/#\/schema\/person\/36ab0979449956132d3e5b517ea76ac8\"},\"headline\":\"Usu\u00e1rios do metr\u00f4 da 102 Sul ficam sem vaga no estacionamento\",\"datePublished\":\"2015-06-16T12:39:50+00:00\",\"dateModified\":\"2015-06-16T12:42:56+00:00\",\"mainEntityOfPage\":{\"@id\":\"https:\/\/www.notibras.com\/site\/usuarios-do-metro-ficam-sem-vagas-no-estacionamento-da-102-sul\/\"},\"wordCount\":55,\"commentCount\":0,\"publisher\":{\"@id\":\"https:\/\/www.notibras.com\/site\/#organization\"},\"image\":{\"@id\":\"https:\/\/www.notibras.com\/site\/usuarios-do-metro-ficam-sem-vagas-no-estacionamento-da-102-sul\/#primaryimage\"},\"thumbnailUrl\":\"https:\/\/www.notibras.com\/site\/wp-content\/uploads\/2015\/06\/102-sul.jpg\",\"articleSection\":[\"ZapZap das Quadras\"],\"inLanguage\":\"pt-BR\",\"potentialAction\":[{\"@type\":\"CommentAction\",\"name\":\"Comment\",\"target\":[\"https:\/\/www.notibras.com\/site\/usuarios-do-metro-ficam-sem-vagas-no-estacionamento-da-102-sul\/#respond\"]}]},{\"@type\":\"WebPage\",\"@id\":\"https:\/\/www.notibras.com\/site\/usuarios-do-metro-ficam-sem-vagas-no-estacionamento-da-102-sul\/\",\"url\":\"https:\/\/www.notibras.com\/site\/usuarios-do-metro-ficam-sem-vagas-no-estacionamento-da-102-sul\/\",\"name\":\"Usu\u00e1rios do metr\u00f4 da 102 Sul ficam sem vaga no estacionamento - Notibras\",\"isPartOf\":{\"@id\":\"https:\/\/www.notibras.com\/site\/#website\"},\"primaryImageOfPage\":{\"@id\":\"https:\/\/www.notibras.com\/site\/usuarios-do-metro-ficam-sem-vagas-no-estacionamento-da-102-sul\/#primaryimage\"},\"image\":{\"@id\":\"https:\/\/www.notibras.com\/site\/usuarios-do-metro-ficam-sem-vagas-no-estacionamento-da-102-sul\/#primaryimage\"},\"thumbnailUrl\":\"https:\/\/www.notibras.com\/site\/wp-content\/uploads\/2015\/06\/102-sul.jpg\",\"datePublished\":\"2015-06-16T12:39:50+00:00\",\"dateModified\":\"2015-06-16T12:42:56+00:00\",\"breadcrumb\":{\"@id\":\"https:\/\/www.notibras.com\/site\/usuarios-do-metro-ficam-sem-vagas-no-estacionamento-da-102-sul\/#breadcrumb\"},\"inLanguage\":\"pt-BR\",\"potentialAction\":[{\"@type\":\"ReadAction\",\"target\":[\"https:\/\/www.notibras.com\/site\/usuarios-do-metro-ficam-sem-vagas-no-estacionamento-da-102-sul\/\"]}]},{\"@type\":\"ImageObject\",\"inLanguage\":\"pt-BR\",\"@id\":\"https:\/\/www.notibras.com\/site\/usuarios-do-metro-ficam-sem-vagas-no-estacionamento-da-102-sul\/#primaryimage\",\"url\":\"https:\/\/www.notibras.com\/site\/wp-content\/uploads\/2015\/06\/102-sul.jpg\",\"contentUrl\":\"https:\/\/www.notibras.com\/site\/wp-content\/uploads\/2015\/06\/102-sul.jpg\",\"width\":400,\"height\":300},{\"@type\":\"BreadcrumbList\",\"@id\":\"https:\/\/www.notibras.com\/site\/usuarios-do-metro-ficam-sem-vagas-no-estacionamento-da-102-sul\/#breadcrumb\",\"itemListElement\":[{\"@type\":\"ListItem\",\"position\":1,\"name\":\"In\u00edcio\",\"item\":\"https:\/\/www.notibras.com\/site\/\"},{\"@type\":\"ListItem\",\"position\":2,\"name\":\"Usu\u00e1rios do metr\u00f4 da 102 Sul ficam sem vaga no estacionamento\"}]},{\"@type\":\"WebSite\",\"@id\":\"https:\/\/www.notibras.com\/site\/#website\",\"url\":\"https:\/\/www.notibras.com\/site\/\",\"name\":\"Notibras\",\"description\":\"Not\u00edcias de Bras\u00edlia, do Brasil e do Mundo\",\"publisher\":{\"@id\":\"https:\/\/www.notibras.com\/site\/#organization\"},\"potentialAction\":[{\"@type\":\"SearchAction\",\"target\":{\"@type\":\"EntryPoint\",\"urlTemplate\":\"https:\/\/www.notibras.com\/site\/?s={search_term_string}\"},\"query-input\":{\"@type\":\"PropertyValueSpecification\",\"valueRequired\":true,\"valueName\":\"search_term_string\"}}],\"inLanguage\":\"pt-BR\"},{\"@type\":\"Organization\",\"@id\":\"https:\/\/www.notibras.com\/site\/#organization\",\"name\":\"Grupo Notibras de Comunica\u00e7\u00e3o\",\"url\":\"https:\/\/www.notibras.com\/site\/\",\"logo\":{\"@type\":\"ImageObject\",\"inLanguage\":\"pt-BR\",\"@id\":\"https:\/\/www.notibras.com\/site\/#\/schema\/logo\/image\/\",\"url\":\"https:\/\/www.notibras.com\/site\/wp-content\/uploads\/2023\/01\/notibras23.png\",\"contentUrl\":\"https:\/\/www.notibras.com\/site\/wp-content\/uploads\/2023\/01\/notibras23.png\",\"width\":350,\"height\":87,\"caption\":\"Grupo Notibras de Comunica\u00e7\u00e3o\"},\"image\":{\"@id\":\"https:\/\/www.notibras.com\/site\/#\/schema\/logo\/image\/\"},\"sameAs\":[\"https:\/\/www.facebook.com\/notibras\/\",\"https:\/\/x.com\/Notibras\",\"https:\/\/www.instagram.com\/notibras\/\"]},{\"@type\":\"Person\",\"@id\":\"https:\/\/www.notibras.com\/site\/#\/schema\/person\/36ab0979449956132d3e5b517ea76ac8\",\"name\":\"Reda\u00e7\u00e3o\",\"image\":{\"@type\":\"ImageObject\",\"inLanguage\":\"pt-BR\",\"@id\":\"https:\/\/secure.gravatar.com\/avatar\/e0a867bdedb85fd243eadf09663511f96fc81e0720a4a42581f334ad4303aa6b?s=96&d=mm&r=g\",\"url\":\"https:\/\/secure.gravatar.com\/avatar\/e0a867bdedb85fd243eadf09663511f96fc81e0720a4a42581f334ad4303aa6b?s=96&d=mm&r=g\",\"contentUrl\":\"https:\/\/secure.gravatar.com\/avatar\/e0a867bdedb85fd243eadf09663511f96fc81e0720a4a42581f334ad4303aa6b?s=96&d=mm&r=g\",\"caption\":\"Reda\u00e7\u00e3o\"}}]}<\/script>\n<!-- \/ Yoast SEO plugin. -->","yoast_head_json":{"title":"Usu\u00e1rios do metr\u00f4 da 102 Sul ficam sem vaga no estacionamento - Notibras","robots":{"index":"index","follow":"follow","max-snippet":"max-snippet:-1","max-image-preview":"max-image-preview:large","max-video-preview":"max-video-preview:-1"},"canonical":"https:\/\/www.notibras.com\/site\/usuarios-do-metro-ficam-sem-vagas-no-estacionamento-da-102-sul\/","og_locale":"pt_BR","og_type":"article","og_title":"Usu\u00e1rios do metr\u00f4 da 102 Sul ficam sem vaga no estacionamento - Notibras","og_description":"Um pequeno estabelecimento comercial instalado no estacionamento da esta\u00e7\u00e3o do metr\u00f4 da 102 Sul tem deixado motoristas indignados. Um usu\u00e1rio da esta\u00e7\u00e3o que preferiu n\u00e3o se identificar, reclama do espa\u00e7o do com\u00e9rcio, que\u00a0tem ocupado algumas vagas do estacionamento.","og_url":"https:\/\/www.notibras.com\/site\/usuarios-do-metro-ficam-sem-vagas-no-estacionamento-da-102-sul\/","og_site_name":"Notibras","article_publisher":"https:\/\/www.facebook.com\/notibras\/","article_published_time":"2015-06-16T12:39:50+00:00","article_modified_time":"2015-06-16T12:42:56+00:00","og_image":[{"width":400,"height":300,"url":"https:\/\/www.notibras.com\/site\/wp-content\/uploads\/2015\/06\/102-sul.jpg","type":"image\/jpeg"}],"author":"Reda\u00e7\u00e3o","twitter_card":"summary_large_image","twitter_creator":"@Notibras","twitter_site":"@Notibras","twitter_misc":{"Escrito por":"Reda\u00e7\u00e3o"},"schema":{"@context":"https:\/\/schema.org","@graph":[{"@type":"Article","@id":"https:\/\/www.notibras.com\/site\/usuarios-do-metro-ficam-sem-vagas-no-estacionamento-da-102-sul\/#article","isPartOf":{"@id":"https:\/\/www.notibras.com\/site\/usuarios-do-metro-ficam-sem-vagas-no-estacionamento-da-102-sul\/"},"author":{"name":"Reda\u00e7\u00e3o","@id":"https:\/\/www.notibras.com\/site\/#\/schema\/person\/36ab0979449956132d3e5b517ea76ac8"},"headline":"Usu\u00e1rios do metr\u00f4 da 102 Sul ficam sem vaga no estacionamento","datePublished":"2015-06-16T12:39:50+00:00","dateModified":"2015-06-16T12:42:56+00:00","mainEntityOfPage":{"@id":"https:\/\/www.notibras.com\/site\/usuarios-do-metro-ficam-sem-vagas-no-estacionamento-da-102-sul\/"},"wordCount":55,"commentCount":0,"publisher":{"@id":"https:\/\/www.notibras.com\/site\/#organization"},"image":{"@id":"https:\/\/www.notibras.com\/site\/usuarios-do-metro-ficam-sem-vagas-no-estacionamento-da-102-sul\/#primaryimage"},"thumbnailUrl":"https:\/\/www.notibras.com\/site\/wp-content\/uploads\/2015\/06\/102-sul.jpg","articleSection":["ZapZap das Quadras"],"inLanguage":"pt-BR","potentialAction":[{"@type":"CommentAction","name":"Comment","target":["https:\/\/www.notibras.com\/site\/usuarios-do-metro-ficam-sem-vagas-no-estacionamento-da-102-sul\/#respond"]}]},{"@type":"WebPage","@id":"https:\/\/www.notibras.com\/site\/usuarios-do-metro-ficam-sem-vagas-no-estacionamento-da-102-sul\/","url":"https:\/\/www.notibras.com\/site\/usuarios-do-metro-ficam-sem-vagas-no-estacionamento-da-102-sul\/","name":"Usu\u00e1rios do metr\u00f4 da 102 Sul ficam sem vaga no estacionamento - Notibras","isPartOf":{"@id":"https:\/\/www.notibras.com\/site\/#website"},"primaryImageOfPage":{"@id":"https:\/\/www.notibras.com\/site\/usuarios-do-metro-ficam-sem-vagas-no-estacionamento-da-102-sul\/#primaryimage"},"image":{"@id":"https:\/\/www.notibras.com\/site\/usuarios-do-metro-ficam-sem-vagas-no-estacionamento-da-102-sul\/#primaryimage"},"thumbnailUrl":"https:\/\/www.notibras.com\/site\/wp-content\/uploads\/2015\/06\/102-sul.jpg","datePublished":"2015-06-16T12:39:50+00:00","dateModified":"2015-06-16T12:42:56+00:00","breadcrumb":{"@id":"https:\/\/www.notibras.com\/site\/usuarios-do-metro-ficam-sem-vagas-no-estacionamento-da-102-sul\/#breadcrumb"},"inLanguage":"pt-BR","potentialAction":[{"@type":"ReadAction","target":["https:\/\/www.notibras.com\/site\/usuarios-do-metro-ficam-sem-vagas-no-estacionamento-da-102-sul\/"]}]},{"@type":"ImageObject","inLanguage":"pt-BR","@id":"https:\/\/www.notibras.com\/site\/usuarios-do-metro-ficam-sem-vagas-no-estacionamento-da-102-sul\/#primaryimage","url":"https:\/\/www.notibras.com\/site\/wp-content\/uploads\/2015\/06\/102-sul.jpg","contentUrl":"https:\/\/www.notibras.com\/site\/wp-content\/uploads\/2015\/06\/102-sul.jpg","width":400,"height":300},{"@type":"BreadcrumbList","@id":"https:\/\/www.notibras.com\/site\/usuarios-do-metro-ficam-sem-vagas-no-estacionamento-da-102-sul\/#breadcrumb","itemListElement":[{"@type":"ListItem","position":1,"name":"In\u00edcio","item":"https:\/\/www.notibras.com\/site\/"},{"@type":"ListItem","position":2,"name":"Usu\u00e1rios do metr\u00f4 da 102 Sul ficam sem vaga no estacionamento"}]},{"@type":"WebSite","@id":"https:\/\/www.notibras.com\/site\/#website","url":"https:\/\/www.notibras.com\/site\/","name":"Notibras","description":"Not\u00edcias de Bras\u00edlia, do Brasil e do Mundo","publisher":{"@id":"https:\/\/www.notibras.com\/site\/#organization"},"potentialAction":[{"@type":"SearchAction","target":{"@type":"EntryPoint","urlTemplate":"https:\/\/www.notibras.com\/site\/?s={search_term_string}"},"query-input":{"@type":"PropertyValueSpecification","valueRequired":true,"valueName":"search_term_string"}}],"inLanguage":"pt-BR"},{"@type":"Organization","@id":"https:\/\/www.notibras.com\/site\/#organization","name":"Grupo Notibras de Comunica\u00e7\u00e3o","url":"https:\/\/www.notibras.com\/site\/","logo":{"@type":"ImageObject","inLanguage":"pt-BR","@id":"https:\/\/www.notibras.com\/site\/#\/schema\/logo\/image\/","url":"https:\/\/www.notibras.com\/site\/wp-content\/uploads\/2023\/01\/notibras23.png","contentUrl":"https:\/\/www.notibras.com\/site\/wp-content\/uploads\/2023\/01\/notibras23.png","width":350,"height":87,"caption":"Grupo Notibras de Comunica\u00e7\u00e3o"},"image":{"@id":"https:\/\/www.notibras.com\/site\/#\/schema\/logo\/image\/"},"sameAs":["https:\/\/www.facebook.com\/notibras\/","https:\/\/x.com\/Notibras","https:\/\/www.instagram.com\/notibras\/"]},{"@type":"Person","@id":"https:\/\/www.notibras.com\/site\/#\/schema\/person\/36ab0979449956132d3e5b517ea76ac8","name":"Reda\u00e7\u00e3o","image":{"@type":"ImageObject","inLanguage":"pt-BR","@id":"https:\/\/secure.gravatar.com\/avatar\/e0a867bdedb85fd243eadf09663511f96fc81e0720a4a42581f334ad4303aa6b?s=96&d=mm&r=g","url":"https:\/\/secure.gravatar.com\/avatar\/e0a867bdedb85fd243eadf09663511f96fc81e0720a4a42581f334ad4303aa6b?s=96&d=mm&r=g","contentUrl":"https:\/\/secure.gravatar.com\/avatar\/e0a867bdedb85fd243eadf09663511f96fc81e0720a4a42581f334ad4303aa6b?s=96&d=mm&r=g","caption":"Reda\u00e7\u00e3o"}}]}},"amp_enabled":true,"_links":{"self":[{"href":"https:\/\/www.notibras.com\/site\/wp-json\/wp\/v2\/posts\/53672","targetHints":{"allow":["GET"]}}],"collection":[{"href":"https:\/\/www.notibras.com\/site\/wp-json\/wp\/v2\/posts"}],"about":[{"href":"https:\/\/www.notibras.com\/site\/wp-json\/wp\/v2\/types\/post"}],"author":[{"embeddable":true,"href":"https:\/\/www.notibras.com\/site\/wp-json\/wp\/v2\/users\/2"}],"replies":[{"embeddable":true,"href":"https:\/\/www.notibras.com\/site\/wp-json\/wp\/v2\/comments?post=53672"}],"version-history":[{"count":0,"href":"https:\/\/www.notibras.com\/site\/wp-json\/wp\/v2\/posts\/53672\/revisions"}],"wp:featuredmedia":[{"embeddable":true,"href":"https:\/\/www.notibras.com\/site\/wp-json\/wp\/v2\/media\/53673"}],"wp:attachment":[{"href":"https:\/\/www.notibras.com\/site\/wp-json\/wp\/v2\/media?parent=53672"}],"wp:term":[{"taxonomy":"category","embeddable":true,"href":"https:\/\/www.notibras.com\/site\/wp-json\/wp\/v2\/categories?post=53672"},{"taxonomy":"post_tag","embeddable":true,"href":"https:\/\/www.notibras.com\/site\/wp-json\/wp\/v2\/tags?post=53672"}],"curies":[{"name":"wp","href":"https:\/\/api.w.org\/{rel}","templated":true}]}}