{"id":53787,"date":"2015-06-16T20:45:24","date_gmt":"2015-06-16T23:45:24","guid":{"rendered":"http:\/\/www.notibras.com\/site\/?p=53787"},"modified":"2015-06-16T20:45:24","modified_gmt":"2015-06-16T23:45:24","slug":"goleiro-pisa-na-bola-em-cabecada-e-jamaica-entrega-o-ouro-ao-paraguai","status":"publish","type":"post","link":"https:\/\/www.notibras.com\/site\/goleiro-pisa-na-bola-em-cabecada-e-jamaica-entrega-o-ouro-ao-paraguai\/","title":{"rendered":"Goleiro pisa na bola em cabe\u00e7ada e Jamaica entrega o ouro ao Paraguai"},"content":{"rendered":"<p>O Paraguai conseguiu sua primeira vit\u00f3ria na Copa Am\u00e9rica, nesta ter\u00e7a-feira (16), ao vencer a Jamaica por 1 a 0, gra\u00e7as a uma incr\u00edvel falha do goleiro Kerr, ainda no primeiro tempo. Esse triunfo n\u00e3o s\u00f3 \u00e9 importante para as pretens\u00f5es da equipe na atual edi\u00e7\u00e3o da competi\u00e7\u00e3o, como acaba com um jejum de oito anos, ou nove jogos, sem vit\u00f3ria no torneio sul-americano.<\/p>\n<p>Apesar do grande n\u00famero de chances criadas durante a partida, o Paraguai s\u00f3 balan\u00e7ou as redes com Ben\u00edtez, aos 35 minutos do primeiro tempo.<\/p>\n<p>Na pr\u00f3xima rodada, o Paraguai ter\u00e1 pela frente o Uruguai, no s\u00e1bado (20). No mesmo dia, a Jamaica, em situa\u00e7\u00e3o complicada na chave, enfrenta a Argentina.<\/p>\n<p>O primeiro tempo deixou bastante claro a baixa qualidade t\u00e9cnica da equipe da Jamaica. Foram poucas vezes em que a sele\u00e7\u00e3o conseguiu chegar ao gol paraguaio, e sempre com chutes de fora da \u00e1rea, que n\u00e3o assustaram o goleiro Antony Silva.<\/p>\n<blockquote><p>Jogando muito melhor, o Paraguai teve grandes chances de terminar a primeira etapa com uma confort\u00e1vel vantagem no placar, mas n\u00e3o conseguiu aproveitar. Aos 20 minutos, Ben\u00edtez tentou invadir a \u00e1rea, foi desarmado e a bola sobrou para Bobadilla, que pegou de primeira e mandou ao lado do gol de Kerr.<\/p><\/blockquote>\n<p>O Paraguai teve uma nova chance aos 31 minutos, quando Gonz\u00e1lez cruzou para Santa Cruz, que pegou de primeira e quase fez um gola\u00e7o, mas o goleiro Kerr conseguiu fazer a defesa em dois tempos.<\/p>\n<p>O mesmo Kerr, no entanto, terminou o primeiro como grande rival. Depois de um lan\u00e7amento feio por C\u00e1ceres, o goleiro saiu da \u00e1rea e, por algum motivo inexplic\u00e1vel, tentou tocar de cabe\u00e7a para baixo. A bola bateu na coxa de Ben\u00edtez e morreu no fundo do gol da Jamaica, aos 35 minutos.<\/p>\n<p>O Paraguai voltou para o segundo tempo e quase balan\u00e7ou as redes nos primeiros minutos. Ortigoza cobrou falta em dire\u00e7\u00e3o \u00e0 \u00e1rea, Paulo da Silva escorou para Aguilar, que cabeceou e C\u00e1ceres desviou. O volante, no entanto, estava em posi\u00e7\u00e3o irregular e o gol foi anulado.<\/p>\n<p>Em uma jogada muito bem trabalhada, o Paraguai quase fez o segundo aos 14 minutos. Samudio trouxe a bola desde o campo de defesa, tabelou com Bobadilla e carimbou o travess\u00e3o de Kerr.<\/p>\n<p>Assim como no primeiro tempo, a Jamaica encontrou muitas dificuldades para assustar o goleiro Antony Silva. Nem mesmo os chutes de fora da \u00e1rea da primeira etapa faziam alguma diferen\u00e7a.<\/p>\n<blockquote><p>Com vantagem no placar e melhor tecnicamente, o Paraguai claramente diminuiu o ritmo, mas mesmo assim conseguiu pressionar a Jamaica. Aos 27 minutos, Samudio cruzou, Roque Santa Cruz cabeceou e a bola bateu na m\u00e3o do lateral Mariappa. O \u00e1rbitro, no entanto, mandou o jogo seguir e n\u00e3o marcou o p\u00eanalti.<\/p><\/blockquote>\n<p>Somente aos 34 minutos do segundo tempo a Jamaica teve sua melhor chance na partida. McCleary avan\u00e7ou pelo meio e soltou a bomba. A bola passou rente \u00e0 trave do goleiro Antony Silva.<\/p>\n<p>Mesmo indo com o time todo para frente, a Jamaica n\u00e3o conseguiu buscar o empate e agora se encontra em uma situa\u00e7\u00e3o extremamente complicada na Copa Am\u00e9rica.<\/p>\n","protected":false},"excerpt":{"rendered":"<p>O Paraguai conseguiu sua primeira vit\u00f3ria na Copa Am\u00e9rica, nesta ter\u00e7a-feira (16), ao vencer a Jamaica por 1 a 0, gra\u00e7as a uma incr\u00edvel falha do goleiro Kerr, ainda no primeiro tempo. Esse triunfo n\u00e3o s\u00f3 \u00e9 importante para as pretens\u00f5es da equipe na atual edi\u00e7\u00e3o da competi\u00e7\u00e3o, como acaba com um jejum de oito [&hellip;]<\/p>\n","protected":false},"author":2,"featured_media":53788,"comment_status":"open","ping_status":"closed","sticky":false,"template":"","format":"standard","meta":{"_acf_changed":false,"footnotes":""},"categories":[19,29],"tags":[],"class_list":["post-53787","post","type-post","status-publish","format-standard","has-post-thumbnail","hentry","category-esportes","category-futebol"],"acf":[],"yoast_head":"<!-- This site is optimized with the Yoast SEO plugin v27.2 - https:\/\/yoast.com\/product\/yoast-seo-wordpress\/ -->\n<title>Goleiro pisa na bola em cabe\u00e7ada e Jamaica entrega o ouro ao Paraguai - Notibras<\/title>\n<meta name=\"robots\" content=\"index, follow, max-snippet:-1, max-image-preview:large, max-video-preview:-1\" \/>\n<link rel=\"canonical\" href=\"https:\/\/www.notibras.com\/site\/goleiro-pisa-na-bola-em-cabecada-e-jamaica-entrega-o-ouro-ao-paraguai\/\" \/>\n<meta property=\"og:locale\" content=\"pt_BR\" \/>\n<meta property=\"og:type\" content=\"article\" \/>\n<meta property=\"og:title\" content=\"Goleiro pisa na bola em cabe\u00e7ada e Jamaica entrega o ouro ao Paraguai - Notibras\" \/>\n<meta property=\"og:description\" content=\"O Paraguai conseguiu sua primeira vit\u00f3ria na Copa Am\u00e9rica, nesta ter\u00e7a-feira (16), ao vencer a Jamaica por 1 a 0, gra\u00e7as a uma incr\u00edvel falha do goleiro Kerr, ainda no primeiro tempo. Esse triunfo n\u00e3o s\u00f3 \u00e9 importante para as pretens\u00f5es da equipe na atual edi\u00e7\u00e3o da competi\u00e7\u00e3o, como acaba com um jejum de oito [&hellip;]\" \/>\n<meta property=\"og:url\" content=\"https:\/\/www.notibras.com\/site\/goleiro-pisa-na-bola-em-cabecada-e-jamaica-entrega-o-ouro-ao-paraguai\/\" \/>\n<meta property=\"og:site_name\" content=\"Notibras\" \/>\n<meta property=\"article:publisher\" content=\"https:\/\/www.facebook.com\/notibras\/\" \/>\n<meta property=\"article:published_time\" content=\"2015-06-16T23:45:24+00:00\" \/>\n<meta property=\"og:image\" content=\"https:\/\/www.notibras.com\/site\/wp-content\/uploads\/2015\/06\/paraguaifestaalexreyesgetty.jpg\" \/>\n\t<meta property=\"og:image:width\" content=\"600\" \/>\n\t<meta property=\"og:image:height\" content=\"400\" \/>\n\t<meta property=\"og:image:type\" content=\"image\/jpeg\" \/>\n<meta name=\"author\" content=\"Reda\u00e7\u00e3o\" \/>\n<meta name=\"twitter:card\" content=\"summary_large_image\" \/>\n<meta name=\"twitter:creator\" content=\"@Notibras\" \/>\n<meta name=\"twitter:site\" content=\"@Notibras\" \/>\n<meta name=\"twitter:label1\" content=\"Escrito por\" \/>\n\t<meta name=\"twitter:data1\" content=\"Reda\u00e7\u00e3o\" \/>\n\t<meta name=\"twitter:label2\" content=\"Est. tempo de leitura\" \/>\n\t<meta name=\"twitter:data2\" content=\"3 minutos\" \/>\n<script type=\"application\/ld+json\" class=\"yoast-schema-graph\">{\"@context\":\"https:\/\/schema.org\",\"@graph\":[{\"@type\":\"Article\",\"@id\":\"https:\/\/www.notibras.com\/site\/goleiro-pisa-na-bola-em-cabecada-e-jamaica-entrega-o-ouro-ao-paraguai\/#article\",\"isPartOf\":{\"@id\":\"https:\/\/www.notibras.com\/site\/goleiro-pisa-na-bola-em-cabecada-e-jamaica-entrega-o-ouro-ao-paraguai\/\"},\"author\":{\"name\":\"Reda\u00e7\u00e3o\",\"@id\":\"https:\/\/www.notibras.com\/site\/#\/schema\/person\/36ab0979449956132d3e5b517ea76ac8\"},\"headline\":\"Goleiro pisa na bola em cabe\u00e7ada e Jamaica entrega o ouro ao Paraguai\",\"datePublished\":\"2015-06-16T23:45:24+00:00\",\"mainEntityOfPage\":{\"@id\":\"https:\/\/www.notibras.com\/site\/goleiro-pisa-na-bola-em-cabecada-e-jamaica-entrega-o-ouro-ao-paraguai\/\"},\"wordCount\":555,\"commentCount\":0,\"publisher\":{\"@id\":\"https:\/\/www.notibras.com\/site\/#organization\"},\"image\":{\"@id\":\"https:\/\/www.notibras.com\/site\/goleiro-pisa-na-bola-em-cabecada-e-jamaica-entrega-o-ouro-ao-paraguai\/#primaryimage\"},\"thumbnailUrl\":\"https:\/\/www.notibras.com\/site\/wp-content\/uploads\/2015\/06\/paraguaifestaalexreyesgetty.jpg\",\"articleSection\":[\"Esportes\",\"Futebol\"],\"inLanguage\":\"pt-BR\",\"potentialAction\":[{\"@type\":\"CommentAction\",\"name\":\"Comment\",\"target\":[\"https:\/\/www.notibras.com\/site\/goleiro-pisa-na-bola-em-cabecada-e-jamaica-entrega-o-ouro-ao-paraguai\/#respond\"]}]},{\"@type\":\"WebPage\",\"@id\":\"https:\/\/www.notibras.com\/site\/goleiro-pisa-na-bola-em-cabecada-e-jamaica-entrega-o-ouro-ao-paraguai\/\",\"url\":\"https:\/\/www.notibras.com\/site\/goleiro-pisa-na-bola-em-cabecada-e-jamaica-entrega-o-ouro-ao-paraguai\/\",\"name\":\"Goleiro pisa na bola em cabe\u00e7ada e Jamaica entrega o ouro ao Paraguai - Notibras\",\"isPartOf\":{\"@id\":\"https:\/\/www.notibras.com\/site\/#website\"},\"primaryImageOfPage\":{\"@id\":\"https:\/\/www.notibras.com\/site\/goleiro-pisa-na-bola-em-cabecada-e-jamaica-entrega-o-ouro-ao-paraguai\/#primaryimage\"},\"image\":{\"@id\":\"https:\/\/www.notibras.com\/site\/goleiro-pisa-na-bola-em-cabecada-e-jamaica-entrega-o-ouro-ao-paraguai\/#primaryimage\"},\"thumbnailUrl\":\"https:\/\/www.notibras.com\/site\/wp-content\/uploads\/2015\/06\/paraguaifestaalexreyesgetty.jpg\",\"datePublished\":\"2015-06-16T23:45:24+00:00\",\"breadcrumb\":{\"@id\":\"https:\/\/www.notibras.com\/site\/goleiro-pisa-na-bola-em-cabecada-e-jamaica-entrega-o-ouro-ao-paraguai\/#breadcrumb\"},\"inLanguage\":\"pt-BR\",\"potentialAction\":[{\"@type\":\"ReadAction\",\"target\":[\"https:\/\/www.notibras.com\/site\/goleiro-pisa-na-bola-em-cabecada-e-jamaica-entrega-o-ouro-ao-paraguai\/\"]}]},{\"@type\":\"ImageObject\",\"inLanguage\":\"pt-BR\",\"@id\":\"https:\/\/www.notibras.com\/site\/goleiro-pisa-na-bola-em-cabecada-e-jamaica-entrega-o-ouro-ao-paraguai\/#primaryimage\",\"url\":\"https:\/\/www.notibras.com\/site\/wp-content\/uploads\/2015\/06\/paraguaifestaalexreyesgetty.jpg\",\"contentUrl\":\"https:\/\/www.notibras.com\/site\/wp-content\/uploads\/2015\/06\/paraguaifestaalexreyesgetty.jpg\",\"width\":600,\"height\":400},{\"@type\":\"BreadcrumbList\",\"@id\":\"https:\/\/www.notibras.com\/site\/goleiro-pisa-na-bola-em-cabecada-e-jamaica-entrega-o-ouro-ao-paraguai\/#breadcrumb\",\"itemListElement\":[{\"@type\":\"ListItem\",\"position\":1,\"name\":\"In\u00edcio\",\"item\":\"https:\/\/www.notibras.com\/site\/\"},{\"@type\":\"ListItem\",\"position\":2,\"name\":\"Goleiro pisa na bola em cabe\u00e7ada e Jamaica entrega o ouro ao Paraguai\"}]},{\"@type\":\"WebSite\",\"@id\":\"https:\/\/www.notibras.com\/site\/#website\",\"url\":\"https:\/\/www.notibras.com\/site\/\",\"name\":\"Notibras\",\"description\":\"Not\u00edcias de Bras\u00edlia, do Brasil e do Mundo\",\"publisher\":{\"@id\":\"https:\/\/www.notibras.com\/site\/#organization\"},\"potentialAction\":[{\"@type\":\"SearchAction\",\"target\":{\"@type\":\"EntryPoint\",\"urlTemplate\":\"https:\/\/www.notibras.com\/site\/?s={search_term_string}\"},\"query-input\":{\"@type\":\"PropertyValueSpecification\",\"valueRequired\":true,\"valueName\":\"search_term_string\"}}],\"inLanguage\":\"pt-BR\"},{\"@type\":\"Organization\",\"@id\":\"https:\/\/www.notibras.com\/site\/#organization\",\"name\":\"Grupo Notibras de Comunica\u00e7\u00e3o\",\"url\":\"https:\/\/www.notibras.com\/site\/\",\"logo\":{\"@type\":\"ImageObject\",\"inLanguage\":\"pt-BR\",\"@id\":\"https:\/\/www.notibras.com\/site\/#\/schema\/logo\/image\/\",\"url\":\"https:\/\/www.notibras.com\/site\/wp-content\/uploads\/2023\/01\/notibras23.png\",\"contentUrl\":\"https:\/\/www.notibras.com\/site\/wp-content\/uploads\/2023\/01\/notibras23.png\",\"width\":350,\"height\":87,\"caption\":\"Grupo Notibras de Comunica\u00e7\u00e3o\"},\"image\":{\"@id\":\"https:\/\/www.notibras.com\/site\/#\/schema\/logo\/image\/\"},\"sameAs\":[\"https:\/\/www.facebook.com\/notibras\/\",\"https:\/\/x.com\/Notibras\",\"https:\/\/www.instagram.com\/notibras\/\"]},{\"@type\":\"Person\",\"@id\":\"https:\/\/www.notibras.com\/site\/#\/schema\/person\/36ab0979449956132d3e5b517ea76ac8\",\"name\":\"Reda\u00e7\u00e3o\",\"image\":{\"@type\":\"ImageObject\",\"inLanguage\":\"pt-BR\",\"@id\":\"https:\/\/secure.gravatar.com\/avatar\/e0a867bdedb85fd243eadf09663511f96fc81e0720a4a42581f334ad4303aa6b?s=96&d=mm&r=g\",\"url\":\"https:\/\/secure.gravatar.com\/avatar\/e0a867bdedb85fd243eadf09663511f96fc81e0720a4a42581f334ad4303aa6b?s=96&d=mm&r=g\",\"contentUrl\":\"https:\/\/secure.gravatar.com\/avatar\/e0a867bdedb85fd243eadf09663511f96fc81e0720a4a42581f334ad4303aa6b?s=96&d=mm&r=g\",\"caption\":\"Reda\u00e7\u00e3o\"}}]}<\/script>\n<!-- \/ Yoast SEO plugin. -->","yoast_head_json":{"title":"Goleiro pisa na bola em cabe\u00e7ada e Jamaica entrega o ouro ao Paraguai - Notibras","robots":{"index":"index","follow":"follow","max-snippet":"max-snippet:-1","max-image-preview":"max-image-preview:large","max-video-preview":"max-video-preview:-1"},"canonical":"https:\/\/www.notibras.com\/site\/goleiro-pisa-na-bola-em-cabecada-e-jamaica-entrega-o-ouro-ao-paraguai\/","og_locale":"pt_BR","og_type":"article","og_title":"Goleiro pisa na bola em cabe\u00e7ada e Jamaica entrega o ouro ao Paraguai - Notibras","og_description":"O Paraguai conseguiu sua primeira vit\u00f3ria na Copa Am\u00e9rica, nesta ter\u00e7a-feira (16), ao vencer a Jamaica por 1 a 0, gra\u00e7as a uma incr\u00edvel falha do goleiro Kerr, ainda no primeiro tempo. Esse triunfo n\u00e3o s\u00f3 \u00e9 importante para as pretens\u00f5es da equipe na atual edi\u00e7\u00e3o da competi\u00e7\u00e3o, como acaba com um jejum de oito [&hellip;]","og_url":"https:\/\/www.notibras.com\/site\/goleiro-pisa-na-bola-em-cabecada-e-jamaica-entrega-o-ouro-ao-paraguai\/","og_site_name":"Notibras","article_publisher":"https:\/\/www.facebook.com\/notibras\/","article_published_time":"2015-06-16T23:45:24+00:00","og_image":[{"width":600,"height":400,"url":"https:\/\/www.notibras.com\/site\/wp-content\/uploads\/2015\/06\/paraguaifestaalexreyesgetty.jpg","type":"image\/jpeg"}],"author":"Reda\u00e7\u00e3o","twitter_card":"summary_large_image","twitter_creator":"@Notibras","twitter_site":"@Notibras","twitter_misc":{"Escrito por":"Reda\u00e7\u00e3o","Est. tempo de leitura":"3 minutos"},"schema":{"@context":"https:\/\/schema.org","@graph":[{"@type":"Article","@id":"https:\/\/www.notibras.com\/site\/goleiro-pisa-na-bola-em-cabecada-e-jamaica-entrega-o-ouro-ao-paraguai\/#article","isPartOf":{"@id":"https:\/\/www.notibras.com\/site\/goleiro-pisa-na-bola-em-cabecada-e-jamaica-entrega-o-ouro-ao-paraguai\/"},"author":{"name":"Reda\u00e7\u00e3o","@id":"https:\/\/www.notibras.com\/site\/#\/schema\/person\/36ab0979449956132d3e5b517ea76ac8"},"headline":"Goleiro pisa na bola em cabe\u00e7ada e Jamaica entrega o ouro ao Paraguai","datePublished":"2015-06-16T23:45:24+00:00","mainEntityOfPage":{"@id":"https:\/\/www.notibras.com\/site\/goleiro-pisa-na-bola-em-cabecada-e-jamaica-entrega-o-ouro-ao-paraguai\/"},"wordCount":555,"commentCount":0,"publisher":{"@id":"https:\/\/www.notibras.com\/site\/#organization"},"image":{"@id":"https:\/\/www.notibras.com\/site\/goleiro-pisa-na-bola-em-cabecada-e-jamaica-entrega-o-ouro-ao-paraguai\/#primaryimage"},"thumbnailUrl":"https:\/\/www.notibras.com\/site\/wp-content\/uploads\/2015\/06\/paraguaifestaalexreyesgetty.jpg","articleSection":["Esportes","Futebol"],"inLanguage":"pt-BR","potentialAction":[{"@type":"CommentAction","name":"Comment","target":["https:\/\/www.notibras.com\/site\/goleiro-pisa-na-bola-em-cabecada-e-jamaica-entrega-o-ouro-ao-paraguai\/#respond"]}]},{"@type":"WebPage","@id":"https:\/\/www.notibras.com\/site\/goleiro-pisa-na-bola-em-cabecada-e-jamaica-entrega-o-ouro-ao-paraguai\/","url":"https:\/\/www.notibras.com\/site\/goleiro-pisa-na-bola-em-cabecada-e-jamaica-entrega-o-ouro-ao-paraguai\/","name":"Goleiro pisa na bola em cabe\u00e7ada e Jamaica entrega o ouro ao Paraguai - Notibras","isPartOf":{"@id":"https:\/\/www.notibras.com\/site\/#website"},"primaryImageOfPage":{"@id":"https:\/\/www.notibras.com\/site\/goleiro-pisa-na-bola-em-cabecada-e-jamaica-entrega-o-ouro-ao-paraguai\/#primaryimage"},"image":{"@id":"https:\/\/www.notibras.com\/site\/goleiro-pisa-na-bola-em-cabecada-e-jamaica-entrega-o-ouro-ao-paraguai\/#primaryimage"},"thumbnailUrl":"https:\/\/www.notibras.com\/site\/wp-content\/uploads\/2015\/06\/paraguaifestaalexreyesgetty.jpg","datePublished":"2015-06-16T23:45:24+00:00","breadcrumb":{"@id":"https:\/\/www.notibras.com\/site\/goleiro-pisa-na-bola-em-cabecada-e-jamaica-entrega-o-ouro-ao-paraguai\/#breadcrumb"},"inLanguage":"pt-BR","potentialAction":[{"@type":"ReadAction","target":["https:\/\/www.notibras.com\/site\/goleiro-pisa-na-bola-em-cabecada-e-jamaica-entrega-o-ouro-ao-paraguai\/"]}]},{"@type":"ImageObject","inLanguage":"pt-BR","@id":"https:\/\/www.notibras.com\/site\/goleiro-pisa-na-bola-em-cabecada-e-jamaica-entrega-o-ouro-ao-paraguai\/#primaryimage","url":"https:\/\/www.notibras.com\/site\/wp-content\/uploads\/2015\/06\/paraguaifestaalexreyesgetty.jpg","contentUrl":"https:\/\/www.notibras.com\/site\/wp-content\/uploads\/2015\/06\/paraguaifestaalexreyesgetty.jpg","width":600,"height":400},{"@type":"BreadcrumbList","@id":"https:\/\/www.notibras.com\/site\/goleiro-pisa-na-bola-em-cabecada-e-jamaica-entrega-o-ouro-ao-paraguai\/#breadcrumb","itemListElement":[{"@type":"ListItem","position":1,"name":"In\u00edcio","item":"https:\/\/www.notibras.com\/site\/"},{"@type":"ListItem","position":2,"name":"Goleiro pisa na bola em cabe\u00e7ada e Jamaica entrega o ouro ao Paraguai"}]},{"@type":"WebSite","@id":"https:\/\/www.notibras.com\/site\/#website","url":"https:\/\/www.notibras.com\/site\/","name":"Notibras","description":"Not\u00edcias de Bras\u00edlia, do Brasil e do Mundo","publisher":{"@id":"https:\/\/www.notibras.com\/site\/#organization"},"potentialAction":[{"@type":"SearchAction","target":{"@type":"EntryPoint","urlTemplate":"https:\/\/www.notibras.com\/site\/?s={search_term_string}"},"query-input":{"@type":"PropertyValueSpecification","valueRequired":true,"valueName":"search_term_string"}}],"inLanguage":"pt-BR"},{"@type":"Organization","@id":"https:\/\/www.notibras.com\/site\/#organization","name":"Grupo Notibras de Comunica\u00e7\u00e3o","url":"https:\/\/www.notibras.com\/site\/","logo":{"@type":"ImageObject","inLanguage":"pt-BR","@id":"https:\/\/www.notibras.com\/site\/#\/schema\/logo\/image\/","url":"https:\/\/www.notibras.com\/site\/wp-content\/uploads\/2023\/01\/notibras23.png","contentUrl":"https:\/\/www.notibras.com\/site\/wp-content\/uploads\/2023\/01\/notibras23.png","width":350,"height":87,"caption":"Grupo Notibras de Comunica\u00e7\u00e3o"},"image":{"@id":"https:\/\/www.notibras.com\/site\/#\/schema\/logo\/image\/"},"sameAs":["https:\/\/www.facebook.com\/notibras\/","https:\/\/x.com\/Notibras","https:\/\/www.instagram.com\/notibras\/"]},{"@type":"Person","@id":"https:\/\/www.notibras.com\/site\/#\/schema\/person\/36ab0979449956132d3e5b517ea76ac8","name":"Reda\u00e7\u00e3o","image":{"@type":"ImageObject","inLanguage":"pt-BR","@id":"https:\/\/secure.gravatar.com\/avatar\/e0a867bdedb85fd243eadf09663511f96fc81e0720a4a42581f334ad4303aa6b?s=96&d=mm&r=g","url":"https:\/\/secure.gravatar.com\/avatar\/e0a867bdedb85fd243eadf09663511f96fc81e0720a4a42581f334ad4303aa6b?s=96&d=mm&r=g","contentUrl":"https:\/\/secure.gravatar.com\/avatar\/e0a867bdedb85fd243eadf09663511f96fc81e0720a4a42581f334ad4303aa6b?s=96&d=mm&r=g","caption":"Reda\u00e7\u00e3o"}}]}},"amp_enabled":true,"_links":{"self":[{"href":"https:\/\/www.notibras.com\/site\/wp-json\/wp\/v2\/posts\/53787","targetHints":{"allow":["GET"]}}],"collection":[{"href":"https:\/\/www.notibras.com\/site\/wp-json\/wp\/v2\/posts"}],"about":[{"href":"https:\/\/www.notibras.com\/site\/wp-json\/wp\/v2\/types\/post"}],"author":[{"embeddable":true,"href":"https:\/\/www.notibras.com\/site\/wp-json\/wp\/v2\/users\/2"}],"replies":[{"embeddable":true,"href":"https:\/\/www.notibras.com\/site\/wp-json\/wp\/v2\/comments?post=53787"}],"version-history":[{"count":0,"href":"https:\/\/www.notibras.com\/site\/wp-json\/wp\/v2\/posts\/53787\/revisions"}],"wp:featuredmedia":[{"embeddable":true,"href":"https:\/\/www.notibras.com\/site\/wp-json\/wp\/v2\/media\/53788"}],"wp:attachment":[{"href":"https:\/\/www.notibras.com\/site\/wp-json\/wp\/v2\/media?parent=53787"}],"wp:term":[{"taxonomy":"category","embeddable":true,"href":"https:\/\/www.notibras.com\/site\/wp-json\/wp\/v2\/categories?post=53787"},{"taxonomy":"post_tag","embeddable":true,"href":"https:\/\/www.notibras.com\/site\/wp-json\/wp\/v2\/tags?post=53787"}],"curies":[{"name":"wp","href":"https:\/\/api.w.org\/{rel}","templated":true}]}}