{"id":53997,"date":"2015-06-18T10:31:46","date_gmt":"2015-06-18T13:31:46","guid":{"rendered":"http:\/\/www.notibras.com\/site\/?p=53997"},"modified":"2015-06-18T10:31:46","modified_gmt":"2015-06-18T13:31:46","slug":"educacao-de-qualidade-exige-mesmo-discurso-em-sala-de-aula","status":"publish","type":"post","link":"https:\/\/www.notibras.com\/site\/educacao-de-qualidade-exige-mesmo-discurso-em-sala-de-aula\/","title":{"rendered":"Educa\u00e7\u00e3o de qualidade exige mesmo discurso em sala de aula"},"content":{"rendered":"<p>A educa\u00e7\u00e3o de qualidade, objetivo priorit\u00e1rio de todo pa\u00eds que almeje o desenvolvimento, somente ser\u00e1 vi\u00e1vel se estiver alinhada \u00e0s tecnologias da informa\u00e7\u00e3o e da comunica\u00e7\u00e3o.<\/p>\n<p>\u00c9 preciso ader\u00eancia aos novos meios com os quais as crian\u00e7as e adolescentes veem, percebem e entendem o mundo e interagem com as fam\u00edlias, os amigos e amplas redes virtuais de relacionamento social. Nesse contexto, a maneira de aprender e ensinar vai se transformando.<\/p>\n<p>As salas de aula e os sistemas de ensino precisam &#8220;falar&#8221; a mesma linguagem dos alunos inquietos e multim\u00eddia do s\u00e9culo 21. Devem oferecer-lhes as mesmas linguagens e facilidades das tecnologias com as quais convivem desde o despertar de sua consci\u00eancia como indiv\u00edduos: dos celulares aos computadores dom\u00e9sticos, dos e-readers aos aplicativos mais sofisticados, da eletr\u00f4nica embarcada nos ve\u00edculos, inclusive de transporte coletivo, \u00e0 smart TV.<\/p>\n<p>Sim, as crian\u00e7as e jovens de hoje t\u00eam dificuldades de entender um mundo sem telas, teclados e &#8220;touch screen&#8221;, no qual n\u00e3o seja poss\u00edvel ir a Londres, Pequim, Rio de Janeiro ou Saturno no lapso de um simples clique.<\/p>\n<p>Em resposta a essa demanda contempor\u00e2nea, o n\u00famero de produtos da chamada tecnologia educacional \u00e9 cada vez maior, tanto em aplicativos como em hardwares. Plataformas digitais aliam a distribui\u00e7\u00e3o de conte\u00fados pedag\u00f3gicos \u00e0 articula\u00e7\u00e3o de professores, coordenadores, gestores, alunos e fam\u00edlia.<\/p>\n<blockquote><p>Informa\u00e7\u00f5es e ferramentas s\u00e3o disponibilizadas a cada um desses grupos para que cooperem no processo educacional. S\u00e3o solu\u00e7\u00f5es que re\u00fanem, integram e d\u00e3o sinergia a todos os recursos, como rede, wifi, servidores, computadores, tablets e projetores, e-books e aplicativos.<\/p><\/blockquote>\n<p>Tudo isso transforma a sala de aula numa nave espacial de infinitos e instant\u00e2neos destinos na busca do conhecimento. Quem visitou a Bett Brasil Educar 2015, realizada em maio em S\u00e3o Paulo, teve uma clara percep\u00e7\u00e3o de como a tecnologia tem respostas avan\u00e7adas para educa\u00e7\u00e3o.<\/p>\n<p>As empresas fornecedoras de hardware, software e servi\u00e7os para esse mercado atendem \u00e0s demandas j\u00e1 existentes e tamb\u00e9m desenvolvem e ofertam novas solu\u00e7\u00f5es.<\/p>\n<p>No entanto, para que todos esses avan\u00e7os consolidem-se de modo amplo, contribuindo para a excel\u00eancia do ensino brasileiro, h\u00e1 quatro desafios fundamentais a serem vencidos. O primeiro deles diz respeito \u00e0 orienta\u00e7\u00e3o e direcionamento dos pr\u00f3prios alunos para utiliz\u00e1-los bem no processo de aquisi\u00e7\u00e3o de conhecimento. \u00c9 a convers\u00e3o do l\u00fadico ao did\u00e1tico.<\/p>\n<p>O segundo refere-se \u00e0s estrat\u00e9gias pedag\u00f3gicas para a integra\u00e7\u00e3o do curr\u00edculo educacional brasileiro \u00e0s ferramentas tecnol\u00f3gicas.<\/p>\n<p>O terceiro desafio \u00e9 relativo \u00e0 capacita\u00e7\u00e3o dos professores para lidar com as novas possibilidades abertas pela tecnologia da informa\u00e7\u00e3o. Importante enfatizar que, a despeito de todos os avan\u00e7os, os mestres s\u00e3o e ser\u00e3o sempre os principais respons\u00e1veis pela excel\u00eancia do ensino, que passa pela sua valoriza\u00e7\u00e3o, forma\u00e7\u00e3o e desenvolvimento profissional.<\/p>\n<blockquote><p>Finalmente, \u00e9 necess\u00e1rio que todo esse processo de moderniza\u00e7\u00e3o transformadora tenha imensa capilaridade, alcan\u00e7ando toda a rede educacional, p\u00fablica e privada.<\/p><\/blockquote>\n<p>Se vencermos os quatro desafios, a tecnologia ampliar\u00e1 grandiosamente a sua contribui\u00e7\u00e3o para que tenhamos a escola de nossos sonhos, que ser\u00e1 a plataforma essencial para a concretiza\u00e7\u00e3o de um projeto vitorioso de pa\u00eds.<\/p>\n<p><strong>Jos\u00e9 Roberto Reche<\/strong><\/p>\n","protected":false},"excerpt":{"rendered":"<p>A educa\u00e7\u00e3o de qualidade, objetivo priorit\u00e1rio de todo pa\u00eds que almeje o desenvolvimento, somente ser\u00e1 vi\u00e1vel se estiver alinhada \u00e0s tecnologias da informa\u00e7\u00e3o e da comunica\u00e7\u00e3o. \u00c9 preciso ader\u00eancia aos novos meios com os quais as crian\u00e7as e adolescentes veem, percebem e entendem o mundo e interagem com as fam\u00edlias, os amigos e amplas redes [&hellip;]<\/p>\n","protected":false},"author":2,"featured_media":53998,"comment_status":"open","ping_status":"closed","sticky":false,"template":"","format":"standard","meta":{"_acf_changed":false,"footnotes":""},"categories":[25],"tags":[],"class_list":["post-53997","post","type-post","status-publish","format-standard","has-post-thumbnail","hentry","category-opina-ai"],"acf":[],"yoast_head":"<!-- This site is optimized with the Yoast SEO plugin v27.2 - https:\/\/yoast.com\/product\/yoast-seo-wordpress\/ -->\n<title>Educa\u00e7\u00e3o de qualidade exige mesmo discurso em sala de aula - Notibras<\/title>\n<meta name=\"robots\" content=\"index, follow, max-snippet:-1, max-image-preview:large, max-video-preview:-1\" \/>\n<link rel=\"canonical\" href=\"https:\/\/www.notibras.com\/site\/educacao-de-qualidade-exige-mesmo-discurso-em-sala-de-aula\/\" \/>\n<meta property=\"og:locale\" content=\"pt_BR\" \/>\n<meta property=\"og:type\" content=\"article\" \/>\n<meta property=\"og:title\" content=\"Educa\u00e7\u00e3o de qualidade exige mesmo discurso em sala de aula - Notibras\" \/>\n<meta property=\"og:description\" content=\"A educa\u00e7\u00e3o de qualidade, objetivo priorit\u00e1rio de todo pa\u00eds que almeje o desenvolvimento, somente ser\u00e1 vi\u00e1vel se estiver alinhada \u00e0s tecnologias da informa\u00e7\u00e3o e da comunica\u00e7\u00e3o. \u00c9 preciso ader\u00eancia aos novos meios com os quais as crian\u00e7as e adolescentes veem, percebem e entendem o mundo e interagem com as fam\u00edlias, os amigos e amplas redes [&hellip;]\" \/>\n<meta property=\"og:url\" content=\"https:\/\/www.notibras.com\/site\/educacao-de-qualidade-exige-mesmo-discurso-em-sala-de-aula\/\" \/>\n<meta property=\"og:site_name\" content=\"Notibras\" \/>\n<meta property=\"article:publisher\" content=\"https:\/\/www.facebook.com\/notibras\/\" \/>\n<meta property=\"article:published_time\" content=\"2015-06-18T13:31:46+00:00\" \/>\n<meta property=\"og:image\" content=\"https:\/\/www.notibras.com\/site\/wp-content\/uploads\/2015\/06\/TemasGerais_630_420.jpg\" \/>\n\t<meta property=\"og:image:width\" content=\"630\" \/>\n\t<meta property=\"og:image:height\" content=\"420\" \/>\n\t<meta property=\"og:image:type\" content=\"image\/jpeg\" \/>\n<meta name=\"author\" content=\"Reda\u00e7\u00e3o\" \/>\n<meta name=\"twitter:card\" content=\"summary_large_image\" \/>\n<meta name=\"twitter:creator\" content=\"@Notibras\" \/>\n<meta name=\"twitter:site\" content=\"@Notibras\" \/>\n<meta name=\"twitter:label1\" content=\"Escrito por\" \/>\n\t<meta name=\"twitter:data1\" content=\"Reda\u00e7\u00e3o\" \/>\n\t<meta name=\"twitter:label2\" content=\"Est. tempo de leitura\" \/>\n\t<meta name=\"twitter:data2\" content=\"3 minutos\" \/>\n<script type=\"application\/ld+json\" class=\"yoast-schema-graph\">{\"@context\":\"https:\/\/schema.org\",\"@graph\":[{\"@type\":\"Article\",\"@id\":\"https:\/\/www.notibras.com\/site\/educacao-de-qualidade-exige-mesmo-discurso-em-sala-de-aula\/#article\",\"isPartOf\":{\"@id\":\"https:\/\/www.notibras.com\/site\/educacao-de-qualidade-exige-mesmo-discurso-em-sala-de-aula\/\"},\"author\":{\"name\":\"Reda\u00e7\u00e3o\",\"@id\":\"https:\/\/www.notibras.com\/site\/#\/schema\/person\/36ab0979449956132d3e5b517ea76ac8\"},\"headline\":\"Educa\u00e7\u00e3o de qualidade exige mesmo discurso em sala de aula\",\"datePublished\":\"2015-06-18T13:31:46+00:00\",\"mainEntityOfPage\":{\"@id\":\"https:\/\/www.notibras.com\/site\/educacao-de-qualidade-exige-mesmo-discurso-em-sala-de-aula\/\"},\"wordCount\":572,\"commentCount\":0,\"publisher\":{\"@id\":\"https:\/\/www.notibras.com\/site\/#organization\"},\"image\":{\"@id\":\"https:\/\/www.notibras.com\/site\/educacao-de-qualidade-exige-mesmo-discurso-em-sala-de-aula\/#primaryimage\"},\"thumbnailUrl\":\"https:\/\/www.notibras.com\/site\/wp-content\/uploads\/2015\/06\/TemasGerais_630_420.jpg\",\"articleSection\":[\"Opina a\u00ed\"],\"inLanguage\":\"pt-BR\",\"potentialAction\":[{\"@type\":\"CommentAction\",\"name\":\"Comment\",\"target\":[\"https:\/\/www.notibras.com\/site\/educacao-de-qualidade-exige-mesmo-discurso-em-sala-de-aula\/#respond\"]}]},{\"@type\":\"WebPage\",\"@id\":\"https:\/\/www.notibras.com\/site\/educacao-de-qualidade-exige-mesmo-discurso-em-sala-de-aula\/\",\"url\":\"https:\/\/www.notibras.com\/site\/educacao-de-qualidade-exige-mesmo-discurso-em-sala-de-aula\/\",\"name\":\"Educa\u00e7\u00e3o de qualidade exige mesmo discurso em sala de aula - Notibras\",\"isPartOf\":{\"@id\":\"https:\/\/www.notibras.com\/site\/#website\"},\"primaryImageOfPage\":{\"@id\":\"https:\/\/www.notibras.com\/site\/educacao-de-qualidade-exige-mesmo-discurso-em-sala-de-aula\/#primaryimage\"},\"image\":{\"@id\":\"https:\/\/www.notibras.com\/site\/educacao-de-qualidade-exige-mesmo-discurso-em-sala-de-aula\/#primaryimage\"},\"thumbnailUrl\":\"https:\/\/www.notibras.com\/site\/wp-content\/uploads\/2015\/06\/TemasGerais_630_420.jpg\",\"datePublished\":\"2015-06-18T13:31:46+00:00\",\"breadcrumb\":{\"@id\":\"https:\/\/www.notibras.com\/site\/educacao-de-qualidade-exige-mesmo-discurso-em-sala-de-aula\/#breadcrumb\"},\"inLanguage\":\"pt-BR\",\"potentialAction\":[{\"@type\":\"ReadAction\",\"target\":[\"https:\/\/www.notibras.com\/site\/educacao-de-qualidade-exige-mesmo-discurso-em-sala-de-aula\/\"]}]},{\"@type\":\"ImageObject\",\"inLanguage\":\"pt-BR\",\"@id\":\"https:\/\/www.notibras.com\/site\/educacao-de-qualidade-exige-mesmo-discurso-em-sala-de-aula\/#primaryimage\",\"url\":\"https:\/\/www.notibras.com\/site\/wp-content\/uploads\/2015\/06\/TemasGerais_630_420.jpg\",\"contentUrl\":\"https:\/\/www.notibras.com\/site\/wp-content\/uploads\/2015\/06\/TemasGerais_630_420.jpg\",\"width\":630,\"height\":420},{\"@type\":\"BreadcrumbList\",\"@id\":\"https:\/\/www.notibras.com\/site\/educacao-de-qualidade-exige-mesmo-discurso-em-sala-de-aula\/#breadcrumb\",\"itemListElement\":[{\"@type\":\"ListItem\",\"position\":1,\"name\":\"In\u00edcio\",\"item\":\"https:\/\/www.notibras.com\/site\/\"},{\"@type\":\"ListItem\",\"position\":2,\"name\":\"Educa\u00e7\u00e3o de qualidade exige mesmo discurso em sala de aula\"}]},{\"@type\":\"WebSite\",\"@id\":\"https:\/\/www.notibras.com\/site\/#website\",\"url\":\"https:\/\/www.notibras.com\/site\/\",\"name\":\"Notibras\",\"description\":\"Not\u00edcias de Bras\u00edlia, do Brasil e do Mundo\",\"publisher\":{\"@id\":\"https:\/\/www.notibras.com\/site\/#organization\"},\"potentialAction\":[{\"@type\":\"SearchAction\",\"target\":{\"@type\":\"EntryPoint\",\"urlTemplate\":\"https:\/\/www.notibras.com\/site\/?s={search_term_string}\"},\"query-input\":{\"@type\":\"PropertyValueSpecification\",\"valueRequired\":true,\"valueName\":\"search_term_string\"}}],\"inLanguage\":\"pt-BR\"},{\"@type\":\"Organization\",\"@id\":\"https:\/\/www.notibras.com\/site\/#organization\",\"name\":\"Grupo Notibras de Comunica\u00e7\u00e3o\",\"url\":\"https:\/\/www.notibras.com\/site\/\",\"logo\":{\"@type\":\"ImageObject\",\"inLanguage\":\"pt-BR\",\"@id\":\"https:\/\/www.notibras.com\/site\/#\/schema\/logo\/image\/\",\"url\":\"https:\/\/www.notibras.com\/site\/wp-content\/uploads\/2023\/01\/notibras23.png\",\"contentUrl\":\"https:\/\/www.notibras.com\/site\/wp-content\/uploads\/2023\/01\/notibras23.png\",\"width\":350,\"height\":87,\"caption\":\"Grupo Notibras de Comunica\u00e7\u00e3o\"},\"image\":{\"@id\":\"https:\/\/www.notibras.com\/site\/#\/schema\/logo\/image\/\"},\"sameAs\":[\"https:\/\/www.facebook.com\/notibras\/\",\"https:\/\/x.com\/Notibras\",\"https:\/\/www.instagram.com\/notibras\/\"]},{\"@type\":\"Person\",\"@id\":\"https:\/\/www.notibras.com\/site\/#\/schema\/person\/36ab0979449956132d3e5b517ea76ac8\",\"name\":\"Reda\u00e7\u00e3o\",\"image\":{\"@type\":\"ImageObject\",\"inLanguage\":\"pt-BR\",\"@id\":\"https:\/\/secure.gravatar.com\/avatar\/e0a867bdedb85fd243eadf09663511f96fc81e0720a4a42581f334ad4303aa6b?s=96&d=mm&r=g\",\"url\":\"https:\/\/secure.gravatar.com\/avatar\/e0a867bdedb85fd243eadf09663511f96fc81e0720a4a42581f334ad4303aa6b?s=96&d=mm&r=g\",\"contentUrl\":\"https:\/\/secure.gravatar.com\/avatar\/e0a867bdedb85fd243eadf09663511f96fc81e0720a4a42581f334ad4303aa6b?s=96&d=mm&r=g\",\"caption\":\"Reda\u00e7\u00e3o\"}}]}<\/script>\n<!-- \/ Yoast SEO plugin. -->","yoast_head_json":{"title":"Educa\u00e7\u00e3o de qualidade exige mesmo discurso em sala de aula - Notibras","robots":{"index":"index","follow":"follow","max-snippet":"max-snippet:-1","max-image-preview":"max-image-preview:large","max-video-preview":"max-video-preview:-1"},"canonical":"https:\/\/www.notibras.com\/site\/educacao-de-qualidade-exige-mesmo-discurso-em-sala-de-aula\/","og_locale":"pt_BR","og_type":"article","og_title":"Educa\u00e7\u00e3o de qualidade exige mesmo discurso em sala de aula - Notibras","og_description":"A educa\u00e7\u00e3o de qualidade, objetivo priorit\u00e1rio de todo pa\u00eds que almeje o desenvolvimento, somente ser\u00e1 vi\u00e1vel se estiver alinhada \u00e0s tecnologias da informa\u00e7\u00e3o e da comunica\u00e7\u00e3o. \u00c9 preciso ader\u00eancia aos novos meios com os quais as crian\u00e7as e adolescentes veem, percebem e entendem o mundo e interagem com as fam\u00edlias, os amigos e amplas redes [&hellip;]","og_url":"https:\/\/www.notibras.com\/site\/educacao-de-qualidade-exige-mesmo-discurso-em-sala-de-aula\/","og_site_name":"Notibras","article_publisher":"https:\/\/www.facebook.com\/notibras\/","article_published_time":"2015-06-18T13:31:46+00:00","og_image":[{"width":630,"height":420,"url":"https:\/\/www.notibras.com\/site\/wp-content\/uploads\/2015\/06\/TemasGerais_630_420.jpg","type":"image\/jpeg"}],"author":"Reda\u00e7\u00e3o","twitter_card":"summary_large_image","twitter_creator":"@Notibras","twitter_site":"@Notibras","twitter_misc":{"Escrito por":"Reda\u00e7\u00e3o","Est. tempo de leitura":"3 minutos"},"schema":{"@context":"https:\/\/schema.org","@graph":[{"@type":"Article","@id":"https:\/\/www.notibras.com\/site\/educacao-de-qualidade-exige-mesmo-discurso-em-sala-de-aula\/#article","isPartOf":{"@id":"https:\/\/www.notibras.com\/site\/educacao-de-qualidade-exige-mesmo-discurso-em-sala-de-aula\/"},"author":{"name":"Reda\u00e7\u00e3o","@id":"https:\/\/www.notibras.com\/site\/#\/schema\/person\/36ab0979449956132d3e5b517ea76ac8"},"headline":"Educa\u00e7\u00e3o de qualidade exige mesmo discurso em sala de aula","datePublished":"2015-06-18T13:31:46+00:00","mainEntityOfPage":{"@id":"https:\/\/www.notibras.com\/site\/educacao-de-qualidade-exige-mesmo-discurso-em-sala-de-aula\/"},"wordCount":572,"commentCount":0,"publisher":{"@id":"https:\/\/www.notibras.com\/site\/#organization"},"image":{"@id":"https:\/\/www.notibras.com\/site\/educacao-de-qualidade-exige-mesmo-discurso-em-sala-de-aula\/#primaryimage"},"thumbnailUrl":"https:\/\/www.notibras.com\/site\/wp-content\/uploads\/2015\/06\/TemasGerais_630_420.jpg","articleSection":["Opina a\u00ed"],"inLanguage":"pt-BR","potentialAction":[{"@type":"CommentAction","name":"Comment","target":["https:\/\/www.notibras.com\/site\/educacao-de-qualidade-exige-mesmo-discurso-em-sala-de-aula\/#respond"]}]},{"@type":"WebPage","@id":"https:\/\/www.notibras.com\/site\/educacao-de-qualidade-exige-mesmo-discurso-em-sala-de-aula\/","url":"https:\/\/www.notibras.com\/site\/educacao-de-qualidade-exige-mesmo-discurso-em-sala-de-aula\/","name":"Educa\u00e7\u00e3o de qualidade exige mesmo discurso em sala de aula - Notibras","isPartOf":{"@id":"https:\/\/www.notibras.com\/site\/#website"},"primaryImageOfPage":{"@id":"https:\/\/www.notibras.com\/site\/educacao-de-qualidade-exige-mesmo-discurso-em-sala-de-aula\/#primaryimage"},"image":{"@id":"https:\/\/www.notibras.com\/site\/educacao-de-qualidade-exige-mesmo-discurso-em-sala-de-aula\/#primaryimage"},"thumbnailUrl":"https:\/\/www.notibras.com\/site\/wp-content\/uploads\/2015\/06\/TemasGerais_630_420.jpg","datePublished":"2015-06-18T13:31:46+00:00","breadcrumb":{"@id":"https:\/\/www.notibras.com\/site\/educacao-de-qualidade-exige-mesmo-discurso-em-sala-de-aula\/#breadcrumb"},"inLanguage":"pt-BR","potentialAction":[{"@type":"ReadAction","target":["https:\/\/www.notibras.com\/site\/educacao-de-qualidade-exige-mesmo-discurso-em-sala-de-aula\/"]}]},{"@type":"ImageObject","inLanguage":"pt-BR","@id":"https:\/\/www.notibras.com\/site\/educacao-de-qualidade-exige-mesmo-discurso-em-sala-de-aula\/#primaryimage","url":"https:\/\/www.notibras.com\/site\/wp-content\/uploads\/2015\/06\/TemasGerais_630_420.jpg","contentUrl":"https:\/\/www.notibras.com\/site\/wp-content\/uploads\/2015\/06\/TemasGerais_630_420.jpg","width":630,"height":420},{"@type":"BreadcrumbList","@id":"https:\/\/www.notibras.com\/site\/educacao-de-qualidade-exige-mesmo-discurso-em-sala-de-aula\/#breadcrumb","itemListElement":[{"@type":"ListItem","position":1,"name":"In\u00edcio","item":"https:\/\/www.notibras.com\/site\/"},{"@type":"ListItem","position":2,"name":"Educa\u00e7\u00e3o de qualidade exige mesmo discurso em sala de aula"}]},{"@type":"WebSite","@id":"https:\/\/www.notibras.com\/site\/#website","url":"https:\/\/www.notibras.com\/site\/","name":"Notibras","description":"Not\u00edcias de Bras\u00edlia, do Brasil e do Mundo","publisher":{"@id":"https:\/\/www.notibras.com\/site\/#organization"},"potentialAction":[{"@type":"SearchAction","target":{"@type":"EntryPoint","urlTemplate":"https:\/\/www.notibras.com\/site\/?s={search_term_string}"},"query-input":{"@type":"PropertyValueSpecification","valueRequired":true,"valueName":"search_term_string"}}],"inLanguage":"pt-BR"},{"@type":"Organization","@id":"https:\/\/www.notibras.com\/site\/#organization","name":"Grupo Notibras de Comunica\u00e7\u00e3o","url":"https:\/\/www.notibras.com\/site\/","logo":{"@type":"ImageObject","inLanguage":"pt-BR","@id":"https:\/\/www.notibras.com\/site\/#\/schema\/logo\/image\/","url":"https:\/\/www.notibras.com\/site\/wp-content\/uploads\/2023\/01\/notibras23.png","contentUrl":"https:\/\/www.notibras.com\/site\/wp-content\/uploads\/2023\/01\/notibras23.png","width":350,"height":87,"caption":"Grupo Notibras de Comunica\u00e7\u00e3o"},"image":{"@id":"https:\/\/www.notibras.com\/site\/#\/schema\/logo\/image\/"},"sameAs":["https:\/\/www.facebook.com\/notibras\/","https:\/\/x.com\/Notibras","https:\/\/www.instagram.com\/notibras\/"]},{"@type":"Person","@id":"https:\/\/www.notibras.com\/site\/#\/schema\/person\/36ab0979449956132d3e5b517ea76ac8","name":"Reda\u00e7\u00e3o","image":{"@type":"ImageObject","inLanguage":"pt-BR","@id":"https:\/\/secure.gravatar.com\/avatar\/e0a867bdedb85fd243eadf09663511f96fc81e0720a4a42581f334ad4303aa6b?s=96&d=mm&r=g","url":"https:\/\/secure.gravatar.com\/avatar\/e0a867bdedb85fd243eadf09663511f96fc81e0720a4a42581f334ad4303aa6b?s=96&d=mm&r=g","contentUrl":"https:\/\/secure.gravatar.com\/avatar\/e0a867bdedb85fd243eadf09663511f96fc81e0720a4a42581f334ad4303aa6b?s=96&d=mm&r=g","caption":"Reda\u00e7\u00e3o"}}]}},"amp_enabled":true,"_links":{"self":[{"href":"https:\/\/www.notibras.com\/site\/wp-json\/wp\/v2\/posts\/53997","targetHints":{"allow":["GET"]}}],"collection":[{"href":"https:\/\/www.notibras.com\/site\/wp-json\/wp\/v2\/posts"}],"about":[{"href":"https:\/\/www.notibras.com\/site\/wp-json\/wp\/v2\/types\/post"}],"author":[{"embeddable":true,"href":"https:\/\/www.notibras.com\/site\/wp-json\/wp\/v2\/users\/2"}],"replies":[{"embeddable":true,"href":"https:\/\/www.notibras.com\/site\/wp-json\/wp\/v2\/comments?post=53997"}],"version-history":[{"count":0,"href":"https:\/\/www.notibras.com\/site\/wp-json\/wp\/v2\/posts\/53997\/revisions"}],"wp:featuredmedia":[{"embeddable":true,"href":"https:\/\/www.notibras.com\/site\/wp-json\/wp\/v2\/media\/53998"}],"wp:attachment":[{"href":"https:\/\/www.notibras.com\/site\/wp-json\/wp\/v2\/media?parent=53997"}],"wp:term":[{"taxonomy":"category","embeddable":true,"href":"https:\/\/www.notibras.com\/site\/wp-json\/wp\/v2\/categories?post=53997"},{"taxonomy":"post_tag","embeddable":true,"href":"https:\/\/www.notibras.com\/site\/wp-json\/wp\/v2\/tags?post=53997"}],"curies":[{"name":"wp","href":"https:\/\/api.w.org\/{rel}","templated":true}]}}