{"id":5406,"date":"2014-03-27T11:58:24","date_gmt":"2014-03-27T14:58:24","guid":{"rendered":"http:\/\/www.notibras.com\/site\/?p=5406"},"modified":"2014-03-27T14:08:37","modified_gmt":"2014-03-27T17:08:37","slug":"mecanico-de-bicicletas-mata-42-criancas-e-e-condenado-a-385-anos-de-cadeia","status":"publish","type":"post","link":"https:\/\/www.notibras.com\/site\/mecanico-de-bicicletas-mata-42-criancas-e-e-condenado-a-385-anos-de-cadeia\/","title":{"rendered":"Mec\u00e2nico de bicicletas mata 42 crian\u00e7as e pega 385 anos"},"content":{"rendered":"<p>Considerado o maior assassino em s\u00e9rie da hist\u00f3ria do Brasil, o mec\u00e2nico de bicicletas Francisco das Chagas Brito foi condenado nesta quarta-feira a 108 anos e seis meses de pris\u00e3o, em seu d\u00e9cimo primeiro julgamento. Somadas \u00e0s outras penas, Francisco j\u00e1 foi condenado a 385 anos e seis meses de reclus\u00e3o.<\/p>\n<p>Nesta quarta-feira, Brito foi condenado pela morte de Raimundo Nonato da Concei\u00e7\u00e3o Filho, 11 anos; Eduardo Rocha da Silva, 10 anos; e Edivam Pinto Lobato, 12 anos. Os dois primeiros foram assassinados em um matagal na Vila Nova Jerusal\u00e9m e o terceiro teve o corpo encontrado em uma constru\u00e7\u00e3o na Vila S\u00e3o Jos\u00e9, regi\u00e3o conhecida como Maioba.<\/p>\n<p>O j\u00fari acatou a tese do Minist\u00e9rio P\u00fablico de que o mec\u00e2nico teria cometido homic\u00eddio triplamente qualificado: motivo torpe, emprego de meio cruel e n\u00e3o possibilidade de defesa das v\u00edtimas. Chagas tamb\u00e9m foi condenado pelo crime vilip\u00eandio (desrespeito) a cad\u00e1ver, com pena de 6 anos e nove\u00a0meses na soma\u00a0dos casos.<\/p>\n<p>De acordo com a acusa\u00e7\u00e3o, a atua\u00e7\u00e3o de Francisco era semelhante em quase todos os casos: ele atra\u00eda as crian\u00e7as para \u00e1reas de matagal com a falsa promessa de recompensas e praticava os crimes, que teriam ocorrido entre 1991 e 2002.<\/p>\n<p>Desde 2004 o mec\u00e2nico est\u00e1 preso no Complexo Penitenci\u00e1rio de Pedrinhas, no Maranh\u00e3o. Sua \u00faltima condena\u00e7\u00e3o aconteceu na 1\u00aa Vara de S\u00e3o Jos\u00e9 de Ribamar, em 2012, quando foi considerado culpado pelo assassinato, por afogamento em um brejo, de uma crian\u00e7a, de 9 anos, que teria sido convidada para apanhar buriti &#8211;\u00a0fruto de uma palmeira nativa.<\/p>\n<p>Chagas responde por 25 processos, que\u00a0tramitam na 1\u00aa e 2\u00aa varas de S\u00e3o Jos\u00e9 de Ribamar, na 1\u00aa Vara de Pa\u00e7o do Lumiar e 9\u00aa Vara Criminal de S\u00e3o Lu\u00eds. Nas varas de S\u00e3o Jos\u00e9 de Ribamar existem 14 processos contra o mec\u00e2nico e outros nove processos em Pa\u00e7o do Lumiar.<\/p>\n<p>De acordo com o MP, o mec\u00e2nico teria assassinado pelo menos 42 meninos: 30 moravam no Maranh\u00e3o, na regi\u00e3o da Ilha de S\u00e3o Lu\u00eds, e 12 no Par\u00e1. Todas as v\u00edtimas tinham o mesmo perfil, com idade m\u00e1xima de 15 anos e eram de fam\u00edlias pobres.<\/p>\n","protected":false},"excerpt":{"rendered":"<p>Considerado o maior assassino em s\u00e9rie da hist\u00f3ria do Brasil, o mec\u00e2nico de bicicletas Francisco das Chagas Brito foi condenado nesta quarta-feira a 108 anos e seis meses de pris\u00e3o, em seu d\u00e9cimo primeiro julgamento. Somadas \u00e0s outras penas, Francisco j\u00e1 foi condenado a 385 anos e seis meses de reclus\u00e3o. Nesta quarta-feira, Brito foi [&hellip;]<\/p>\n","protected":false},"author":2,"featured_media":5407,"comment_status":"open","ping_status":"closed","sticky":false,"template":"","format":"standard","meta":{"_acf_changed":false,"footnotes":""},"categories":[16],"tags":[],"class_list":["post-5406","post","type-post","status-publish","format-standard","has-post-thumbnail","hentry","category-brasil"],"acf":[],"yoast_head":"<!-- This site is optimized with the Yoast SEO plugin v27.2 - https:\/\/yoast.com\/product\/yoast-seo-wordpress\/ -->\n<title>Mec\u00e2nico de bicicletas mata 42 crian\u00e7as e pega 385 anos - Notibras<\/title>\n<meta name=\"robots\" content=\"index, follow, max-snippet:-1, max-image-preview:large, max-video-preview:-1\" \/>\n<link rel=\"canonical\" href=\"https:\/\/www.notibras.com\/site\/mecanico-de-bicicletas-mata-42-criancas-e-e-condenado-a-385-anos-de-cadeia\/\" \/>\n<meta property=\"og:locale\" content=\"pt_BR\" \/>\n<meta property=\"og:type\" content=\"article\" \/>\n<meta property=\"og:title\" content=\"Mec\u00e2nico de bicicletas mata 42 crian\u00e7as e pega 385 anos - Notibras\" \/>\n<meta property=\"og:description\" content=\"Considerado o maior assassino em s\u00e9rie da hist\u00f3ria do Brasil, o mec\u00e2nico de bicicletas Francisco das Chagas Brito foi condenado nesta quarta-feira a 108 anos e seis meses de pris\u00e3o, em seu d\u00e9cimo primeiro julgamento. Somadas \u00e0s outras penas, Francisco j\u00e1 foi condenado a 385 anos e seis meses de reclus\u00e3o. Nesta quarta-feira, Brito foi [&hellip;]\" \/>\n<meta property=\"og:url\" content=\"https:\/\/www.notibras.com\/site\/mecanico-de-bicicletas-mata-42-criancas-e-e-condenado-a-385-anos-de-cadeia\/\" \/>\n<meta property=\"og:site_name\" content=\"Notibras\" \/>\n<meta property=\"article:publisher\" content=\"https:\/\/www.facebook.com\/notibras\/\" \/>\n<meta property=\"article:published_time\" content=\"2014-03-27T14:58:24+00:00\" \/>\n<meta property=\"article:modified_time\" content=\"2014-03-27T17:08:37+00:00\" \/>\n<meta property=\"og:image\" content=\"https:\/\/www.notibras.com\/site\/wp-content\/uploads\/2014\/03\/crian\u00e7as.jpg\" \/>\n\t<meta property=\"og:image:width\" content=\"259\" \/>\n\t<meta property=\"og:image:height\" content=\"194\" \/>\n\t<meta property=\"og:image:type\" content=\"image\/jpeg\" \/>\n<meta name=\"author\" content=\"Reda\u00e7\u00e3o\" \/>\n<meta name=\"twitter:card\" content=\"summary_large_image\" \/>\n<meta name=\"twitter:creator\" content=\"@Notibras\" \/>\n<meta name=\"twitter:site\" content=\"@Notibras\" \/>\n<meta name=\"twitter:label1\" content=\"Escrito por\" \/>\n\t<meta name=\"twitter:data1\" content=\"Reda\u00e7\u00e3o\" \/>\n\t<meta name=\"twitter:label2\" content=\"Est. tempo de leitura\" \/>\n\t<meta name=\"twitter:data2\" content=\"2 minutos\" \/>\n<script type=\"application\/ld+json\" class=\"yoast-schema-graph\">{\"@context\":\"https:\/\/schema.org\",\"@graph\":[{\"@type\":\"Article\",\"@id\":\"https:\/\/www.notibras.com\/site\/mecanico-de-bicicletas-mata-42-criancas-e-e-condenado-a-385-anos-de-cadeia\/#article\",\"isPartOf\":{\"@id\":\"https:\/\/www.notibras.com\/site\/mecanico-de-bicicletas-mata-42-criancas-e-e-condenado-a-385-anos-de-cadeia\/\"},\"author\":{\"name\":\"Reda\u00e7\u00e3o\",\"@id\":\"https:\/\/www.notibras.com\/site\/#\/schema\/person\/36ab0979449956132d3e5b517ea76ac8\"},\"headline\":\"Mec\u00e2nico de bicicletas mata 42 crian\u00e7as e pega 385 anos\",\"datePublished\":\"2014-03-27T14:58:24+00:00\",\"dateModified\":\"2014-03-27T17:08:37+00:00\",\"mainEntityOfPage\":{\"@id\":\"https:\/\/www.notibras.com\/site\/mecanico-de-bicicletas-mata-42-criancas-e-e-condenado-a-385-anos-de-cadeia\/\"},\"wordCount\":390,\"commentCount\":0,\"publisher\":{\"@id\":\"https:\/\/www.notibras.com\/site\/#organization\"},\"image\":{\"@id\":\"https:\/\/www.notibras.com\/site\/mecanico-de-bicicletas-mata-42-criancas-e-e-condenado-a-385-anos-de-cadeia\/#primaryimage\"},\"thumbnailUrl\":\"https:\/\/www.notibras.com\/site\/wp-content\/uploads\/2014\/03\/crian\u00e7as.jpg\",\"articleSection\":[\"Brasil\"],\"inLanguage\":\"pt-BR\",\"potentialAction\":[{\"@type\":\"CommentAction\",\"name\":\"Comment\",\"target\":[\"https:\/\/www.notibras.com\/site\/mecanico-de-bicicletas-mata-42-criancas-e-e-condenado-a-385-anos-de-cadeia\/#respond\"]}]},{\"@type\":\"WebPage\",\"@id\":\"https:\/\/www.notibras.com\/site\/mecanico-de-bicicletas-mata-42-criancas-e-e-condenado-a-385-anos-de-cadeia\/\",\"url\":\"https:\/\/www.notibras.com\/site\/mecanico-de-bicicletas-mata-42-criancas-e-e-condenado-a-385-anos-de-cadeia\/\",\"name\":\"Mec\u00e2nico de bicicletas mata 42 crian\u00e7as e pega 385 anos - Notibras\",\"isPartOf\":{\"@id\":\"https:\/\/www.notibras.com\/site\/#website\"},\"primaryImageOfPage\":{\"@id\":\"https:\/\/www.notibras.com\/site\/mecanico-de-bicicletas-mata-42-criancas-e-e-condenado-a-385-anos-de-cadeia\/#primaryimage\"},\"image\":{\"@id\":\"https:\/\/www.notibras.com\/site\/mecanico-de-bicicletas-mata-42-criancas-e-e-condenado-a-385-anos-de-cadeia\/#primaryimage\"},\"thumbnailUrl\":\"https:\/\/www.notibras.com\/site\/wp-content\/uploads\/2014\/03\/crian\u00e7as.jpg\",\"datePublished\":\"2014-03-27T14:58:24+00:00\",\"dateModified\":\"2014-03-27T17:08:37+00:00\",\"breadcrumb\":{\"@id\":\"https:\/\/www.notibras.com\/site\/mecanico-de-bicicletas-mata-42-criancas-e-e-condenado-a-385-anos-de-cadeia\/#breadcrumb\"},\"inLanguage\":\"pt-BR\",\"potentialAction\":[{\"@type\":\"ReadAction\",\"target\":[\"https:\/\/www.notibras.com\/site\/mecanico-de-bicicletas-mata-42-criancas-e-e-condenado-a-385-anos-de-cadeia\/\"]}]},{\"@type\":\"ImageObject\",\"inLanguage\":\"pt-BR\",\"@id\":\"https:\/\/www.notibras.com\/site\/mecanico-de-bicicletas-mata-42-criancas-e-e-condenado-a-385-anos-de-cadeia\/#primaryimage\",\"url\":\"https:\/\/www.notibras.com\/site\/wp-content\/uploads\/2014\/03\/crian\u00e7as.jpg\",\"contentUrl\":\"https:\/\/www.notibras.com\/site\/wp-content\/uploads\/2014\/03\/crian\u00e7as.jpg\",\"width\":259,\"height\":194},{\"@type\":\"BreadcrumbList\",\"@id\":\"https:\/\/www.notibras.com\/site\/mecanico-de-bicicletas-mata-42-criancas-e-e-condenado-a-385-anos-de-cadeia\/#breadcrumb\",\"itemListElement\":[{\"@type\":\"ListItem\",\"position\":1,\"name\":\"In\u00edcio\",\"item\":\"https:\/\/www.notibras.com\/site\/\"},{\"@type\":\"ListItem\",\"position\":2,\"name\":\"Mec\u00e2nico de bicicletas mata 42 crian\u00e7as e pega 385 anos\"}]},{\"@type\":\"WebSite\",\"@id\":\"https:\/\/www.notibras.com\/site\/#website\",\"url\":\"https:\/\/www.notibras.com\/site\/\",\"name\":\"Notibras\",\"description\":\"Not\u00edcias de Bras\u00edlia, do Brasil e do Mundo\",\"publisher\":{\"@id\":\"https:\/\/www.notibras.com\/site\/#organization\"},\"potentialAction\":[{\"@type\":\"SearchAction\",\"target\":{\"@type\":\"EntryPoint\",\"urlTemplate\":\"https:\/\/www.notibras.com\/site\/?s={search_term_string}\"},\"query-input\":{\"@type\":\"PropertyValueSpecification\",\"valueRequired\":true,\"valueName\":\"search_term_string\"}}],\"inLanguage\":\"pt-BR\"},{\"@type\":\"Organization\",\"@id\":\"https:\/\/www.notibras.com\/site\/#organization\",\"name\":\"Grupo Notibras de Comunica\u00e7\u00e3o\",\"url\":\"https:\/\/www.notibras.com\/site\/\",\"logo\":{\"@type\":\"ImageObject\",\"inLanguage\":\"pt-BR\",\"@id\":\"https:\/\/www.notibras.com\/site\/#\/schema\/logo\/image\/\",\"url\":\"https:\/\/www.notibras.com\/site\/wp-content\/uploads\/2023\/01\/notibras23.png\",\"contentUrl\":\"https:\/\/www.notibras.com\/site\/wp-content\/uploads\/2023\/01\/notibras23.png\",\"width\":350,\"height\":87,\"caption\":\"Grupo Notibras de Comunica\u00e7\u00e3o\"},\"image\":{\"@id\":\"https:\/\/www.notibras.com\/site\/#\/schema\/logo\/image\/\"},\"sameAs\":[\"https:\/\/www.facebook.com\/notibras\/\",\"https:\/\/x.com\/Notibras\",\"https:\/\/www.instagram.com\/notibras\/\"]},{\"@type\":\"Person\",\"@id\":\"https:\/\/www.notibras.com\/site\/#\/schema\/person\/36ab0979449956132d3e5b517ea76ac8\",\"name\":\"Reda\u00e7\u00e3o\",\"image\":{\"@type\":\"ImageObject\",\"inLanguage\":\"pt-BR\",\"@id\":\"https:\/\/secure.gravatar.com\/avatar\/e0a867bdedb85fd243eadf09663511f96fc81e0720a4a42581f334ad4303aa6b?s=96&d=mm&r=g\",\"url\":\"https:\/\/secure.gravatar.com\/avatar\/e0a867bdedb85fd243eadf09663511f96fc81e0720a4a42581f334ad4303aa6b?s=96&d=mm&r=g\",\"contentUrl\":\"https:\/\/secure.gravatar.com\/avatar\/e0a867bdedb85fd243eadf09663511f96fc81e0720a4a42581f334ad4303aa6b?s=96&d=mm&r=g\",\"caption\":\"Reda\u00e7\u00e3o\"}}]}<\/script>\n<!-- \/ Yoast SEO plugin. -->","yoast_head_json":{"title":"Mec\u00e2nico de bicicletas mata 42 crian\u00e7as e pega 385 anos - Notibras","robots":{"index":"index","follow":"follow","max-snippet":"max-snippet:-1","max-image-preview":"max-image-preview:large","max-video-preview":"max-video-preview:-1"},"canonical":"https:\/\/www.notibras.com\/site\/mecanico-de-bicicletas-mata-42-criancas-e-e-condenado-a-385-anos-de-cadeia\/","og_locale":"pt_BR","og_type":"article","og_title":"Mec\u00e2nico de bicicletas mata 42 crian\u00e7as e pega 385 anos - Notibras","og_description":"Considerado o maior assassino em s\u00e9rie da hist\u00f3ria do Brasil, o mec\u00e2nico de bicicletas Francisco das Chagas Brito foi condenado nesta quarta-feira a 108 anos e seis meses de pris\u00e3o, em seu d\u00e9cimo primeiro julgamento. Somadas \u00e0s outras penas, Francisco j\u00e1 foi condenado a 385 anos e seis meses de reclus\u00e3o. Nesta quarta-feira, Brito foi [&hellip;]","og_url":"https:\/\/www.notibras.com\/site\/mecanico-de-bicicletas-mata-42-criancas-e-e-condenado-a-385-anos-de-cadeia\/","og_site_name":"Notibras","article_publisher":"https:\/\/www.facebook.com\/notibras\/","article_published_time":"2014-03-27T14:58:24+00:00","article_modified_time":"2014-03-27T17:08:37+00:00","og_image":[{"width":259,"height":194,"url":"https:\/\/www.notibras.com\/site\/wp-content\/uploads\/2014\/03\/crian\u00e7as.jpg","type":"image\/jpeg"}],"author":"Reda\u00e7\u00e3o","twitter_card":"summary_large_image","twitter_creator":"@Notibras","twitter_site":"@Notibras","twitter_misc":{"Escrito por":"Reda\u00e7\u00e3o","Est. tempo de leitura":"2 minutos"},"schema":{"@context":"https:\/\/schema.org","@graph":[{"@type":"Article","@id":"https:\/\/www.notibras.com\/site\/mecanico-de-bicicletas-mata-42-criancas-e-e-condenado-a-385-anos-de-cadeia\/#article","isPartOf":{"@id":"https:\/\/www.notibras.com\/site\/mecanico-de-bicicletas-mata-42-criancas-e-e-condenado-a-385-anos-de-cadeia\/"},"author":{"name":"Reda\u00e7\u00e3o","@id":"https:\/\/www.notibras.com\/site\/#\/schema\/person\/36ab0979449956132d3e5b517ea76ac8"},"headline":"Mec\u00e2nico de bicicletas mata 42 crian\u00e7as e pega 385 anos","datePublished":"2014-03-27T14:58:24+00:00","dateModified":"2014-03-27T17:08:37+00:00","mainEntityOfPage":{"@id":"https:\/\/www.notibras.com\/site\/mecanico-de-bicicletas-mata-42-criancas-e-e-condenado-a-385-anos-de-cadeia\/"},"wordCount":390,"commentCount":0,"publisher":{"@id":"https:\/\/www.notibras.com\/site\/#organization"},"image":{"@id":"https:\/\/www.notibras.com\/site\/mecanico-de-bicicletas-mata-42-criancas-e-e-condenado-a-385-anos-de-cadeia\/#primaryimage"},"thumbnailUrl":"https:\/\/www.notibras.com\/site\/wp-content\/uploads\/2014\/03\/crian\u00e7as.jpg","articleSection":["Brasil"],"inLanguage":"pt-BR","potentialAction":[{"@type":"CommentAction","name":"Comment","target":["https:\/\/www.notibras.com\/site\/mecanico-de-bicicletas-mata-42-criancas-e-e-condenado-a-385-anos-de-cadeia\/#respond"]}]},{"@type":"WebPage","@id":"https:\/\/www.notibras.com\/site\/mecanico-de-bicicletas-mata-42-criancas-e-e-condenado-a-385-anos-de-cadeia\/","url":"https:\/\/www.notibras.com\/site\/mecanico-de-bicicletas-mata-42-criancas-e-e-condenado-a-385-anos-de-cadeia\/","name":"Mec\u00e2nico de bicicletas mata 42 crian\u00e7as e pega 385 anos - Notibras","isPartOf":{"@id":"https:\/\/www.notibras.com\/site\/#website"},"primaryImageOfPage":{"@id":"https:\/\/www.notibras.com\/site\/mecanico-de-bicicletas-mata-42-criancas-e-e-condenado-a-385-anos-de-cadeia\/#primaryimage"},"image":{"@id":"https:\/\/www.notibras.com\/site\/mecanico-de-bicicletas-mata-42-criancas-e-e-condenado-a-385-anos-de-cadeia\/#primaryimage"},"thumbnailUrl":"https:\/\/www.notibras.com\/site\/wp-content\/uploads\/2014\/03\/crian\u00e7as.jpg","datePublished":"2014-03-27T14:58:24+00:00","dateModified":"2014-03-27T17:08:37+00:00","breadcrumb":{"@id":"https:\/\/www.notibras.com\/site\/mecanico-de-bicicletas-mata-42-criancas-e-e-condenado-a-385-anos-de-cadeia\/#breadcrumb"},"inLanguage":"pt-BR","potentialAction":[{"@type":"ReadAction","target":["https:\/\/www.notibras.com\/site\/mecanico-de-bicicletas-mata-42-criancas-e-e-condenado-a-385-anos-de-cadeia\/"]}]},{"@type":"ImageObject","inLanguage":"pt-BR","@id":"https:\/\/www.notibras.com\/site\/mecanico-de-bicicletas-mata-42-criancas-e-e-condenado-a-385-anos-de-cadeia\/#primaryimage","url":"https:\/\/www.notibras.com\/site\/wp-content\/uploads\/2014\/03\/crian\u00e7as.jpg","contentUrl":"https:\/\/www.notibras.com\/site\/wp-content\/uploads\/2014\/03\/crian\u00e7as.jpg","width":259,"height":194},{"@type":"BreadcrumbList","@id":"https:\/\/www.notibras.com\/site\/mecanico-de-bicicletas-mata-42-criancas-e-e-condenado-a-385-anos-de-cadeia\/#breadcrumb","itemListElement":[{"@type":"ListItem","position":1,"name":"In\u00edcio","item":"https:\/\/www.notibras.com\/site\/"},{"@type":"ListItem","position":2,"name":"Mec\u00e2nico de bicicletas mata 42 crian\u00e7as e pega 385 anos"}]},{"@type":"WebSite","@id":"https:\/\/www.notibras.com\/site\/#website","url":"https:\/\/www.notibras.com\/site\/","name":"Notibras","description":"Not\u00edcias de Bras\u00edlia, do Brasil e do Mundo","publisher":{"@id":"https:\/\/www.notibras.com\/site\/#organization"},"potentialAction":[{"@type":"SearchAction","target":{"@type":"EntryPoint","urlTemplate":"https:\/\/www.notibras.com\/site\/?s={search_term_string}"},"query-input":{"@type":"PropertyValueSpecification","valueRequired":true,"valueName":"search_term_string"}}],"inLanguage":"pt-BR"},{"@type":"Organization","@id":"https:\/\/www.notibras.com\/site\/#organization","name":"Grupo Notibras de Comunica\u00e7\u00e3o","url":"https:\/\/www.notibras.com\/site\/","logo":{"@type":"ImageObject","inLanguage":"pt-BR","@id":"https:\/\/www.notibras.com\/site\/#\/schema\/logo\/image\/","url":"https:\/\/www.notibras.com\/site\/wp-content\/uploads\/2023\/01\/notibras23.png","contentUrl":"https:\/\/www.notibras.com\/site\/wp-content\/uploads\/2023\/01\/notibras23.png","width":350,"height":87,"caption":"Grupo Notibras de Comunica\u00e7\u00e3o"},"image":{"@id":"https:\/\/www.notibras.com\/site\/#\/schema\/logo\/image\/"},"sameAs":["https:\/\/www.facebook.com\/notibras\/","https:\/\/x.com\/Notibras","https:\/\/www.instagram.com\/notibras\/"]},{"@type":"Person","@id":"https:\/\/www.notibras.com\/site\/#\/schema\/person\/36ab0979449956132d3e5b517ea76ac8","name":"Reda\u00e7\u00e3o","image":{"@type":"ImageObject","inLanguage":"pt-BR","@id":"https:\/\/secure.gravatar.com\/avatar\/e0a867bdedb85fd243eadf09663511f96fc81e0720a4a42581f334ad4303aa6b?s=96&d=mm&r=g","url":"https:\/\/secure.gravatar.com\/avatar\/e0a867bdedb85fd243eadf09663511f96fc81e0720a4a42581f334ad4303aa6b?s=96&d=mm&r=g","contentUrl":"https:\/\/secure.gravatar.com\/avatar\/e0a867bdedb85fd243eadf09663511f96fc81e0720a4a42581f334ad4303aa6b?s=96&d=mm&r=g","caption":"Reda\u00e7\u00e3o"}}]}},"amp_enabled":true,"_links":{"self":[{"href":"https:\/\/www.notibras.com\/site\/wp-json\/wp\/v2\/posts\/5406","targetHints":{"allow":["GET"]}}],"collection":[{"href":"https:\/\/www.notibras.com\/site\/wp-json\/wp\/v2\/posts"}],"about":[{"href":"https:\/\/www.notibras.com\/site\/wp-json\/wp\/v2\/types\/post"}],"author":[{"embeddable":true,"href":"https:\/\/www.notibras.com\/site\/wp-json\/wp\/v2\/users\/2"}],"replies":[{"embeddable":true,"href":"https:\/\/www.notibras.com\/site\/wp-json\/wp\/v2\/comments?post=5406"}],"version-history":[{"count":0,"href":"https:\/\/www.notibras.com\/site\/wp-json\/wp\/v2\/posts\/5406\/revisions"}],"wp:featuredmedia":[{"embeddable":true,"href":"https:\/\/www.notibras.com\/site\/wp-json\/wp\/v2\/media\/5407"}],"wp:attachment":[{"href":"https:\/\/www.notibras.com\/site\/wp-json\/wp\/v2\/media?parent=5406"}],"wp:term":[{"taxonomy":"category","embeddable":true,"href":"https:\/\/www.notibras.com\/site\/wp-json\/wp\/v2\/categories?post=5406"},{"taxonomy":"post_tag","embeddable":true,"href":"https:\/\/www.notibras.com\/site\/wp-json\/wp\/v2\/tags?post=5406"}],"curies":[{"name":"wp","href":"https:\/\/api.w.org\/{rel}","templated":true}]}}