{"id":54091,"date":"2015-06-18T20:02:56","date_gmt":"2015-06-18T23:02:56","guid":{"rendered":"http:\/\/www.notibras.com\/site\/?p=54091"},"modified":"2015-06-19T00:11:58","modified_gmt":"2015-06-19T03:11:58","slug":"vento-vira-desculpa-para-jogo-frio-e-feio-de-figueirense-0-e-inter-0","status":"publish","type":"post","link":"https:\/\/www.notibras.com\/site\/vento-vira-desculpa-para-jogo-frio-e-feio-de-figueirense-0-e-inter-0\/","title":{"rendered":"Vento vira desculpa para jogo frio e feio de Figueirense 0 e Inter 0"},"content":{"rendered":"<p>O vento roubou a cena na noite desta quinta-feira (18) em Florian\u00f3polis, na abertura da 8\u00aa rodada do Campeonato Brasileiro. Com poucas chances de gol e muitos erros de passe, Figueirense e Internacional ficaram em um sonolento 0 a 0. A todo momento, a ventania atrapalhava a arma\u00e7\u00e3o das duas equipes, especialmente quando a bola era lan\u00e7ada por cima.<\/p>\n<p>O resultado \u00e9 ruim para os dois. O time ga\u00facho continua sem vencer nenhuma partida fora de casa nesta competi\u00e7\u00e3o. Os catarinenses, por sua vez, n\u00e3o conseguiram cumprir o que tinham feito nas rodadas anteriores dentro de casa, quando a equipe bateu os favoritos Cruzeiro e o Palmeiras.<\/p>\n<blockquote><p>Os dois ficam embolados no meio da tabela. O Internacional, que recebe o Santos, no outro domingo (28), fica com 10 pontos. O Figueirense, que viaja para enfrentar o Figueirense no s\u00e1bado (27), estaciona nos nove pontos. Os dois times ficam bem perto da zona de rebaixamento, que tem o Santos como o primeiro colocado com sete pontos.<\/p><\/blockquote>\n<p>O primeiro tempo teve o vento como principal protagonista. Jogando a favor do Figueirense, a for\u00e7a da ventania ajudava os donos da casa a segurar as investidas do Internacional em jogadas a\u00e9reas. No ataque, transformava qualquer chute em perigo. Por isso, Alisson precisou trabalhar por duas vezes de forma mais aguda para evitar os gols do time de Florian\u00f3polis.<\/p>\n<p>O vento passou a jogar a favor do Internacional, mas os donos da casa trataram de compensar, colocando muito mais intensidade no futebol. Logo aos 12, Alisson precisou fazer defesa espetacular em chute de Elias quase dentro da pequena \u00e1rea. Depois disso, o time da casa seguiu pressionando com chutes de longe e bolas al\u00e7adas, mas sempre sem efetividade.<\/p>\n","protected":false},"excerpt":{"rendered":"<p>O vento roubou a cena na noite desta quinta-feira (18) em Florian\u00f3polis, na abertura da 8\u00aa rodada do Campeonato Brasileiro. Com poucas chances de gol e muitos erros de passe, Figueirense e Internacional ficaram em um sonolento 0 a 0. A todo momento, a ventania atrapalhava a arma\u00e7\u00e3o das duas equipes, especialmente quando a bola [&hellip;]<\/p>\n","protected":false},"author":2,"featured_media":54092,"comment_status":"open","ping_status":"closed","sticky":false,"template":"","format":"standard","meta":{"_acf_changed":false,"footnotes":""},"categories":[19,29],"tags":[],"class_list":["post-54091","post","type-post","status-publish","format-standard","has-post-thumbnail","hentry","category-esportes","category-futebol"],"acf":[],"yoast_head":"<!-- This site is optimized with the Yoast SEO plugin v27.2 - https:\/\/yoast.com\/product\/yoast-seo-wordpress\/ -->\n<title>Vento vira desculpa para jogo frio e feio de Figueirense 0 e Inter 0 - Notibras<\/title>\n<meta name=\"robots\" content=\"index, follow, max-snippet:-1, max-image-preview:large, max-video-preview:-1\" \/>\n<link rel=\"canonical\" href=\"https:\/\/www.notibras.com\/site\/vento-vira-desculpa-para-jogo-frio-e-feio-de-figueirense-0-e-inter-0\/\" \/>\n<meta property=\"og:locale\" content=\"pt_BR\" \/>\n<meta property=\"og:type\" content=\"article\" \/>\n<meta property=\"og:title\" content=\"Vento vira desculpa para jogo frio e feio de Figueirense 0 e Inter 0 - Notibras\" \/>\n<meta property=\"og:description\" content=\"O vento roubou a cena na noite desta quinta-feira (18) em Florian\u00f3polis, na abertura da 8\u00aa rodada do Campeonato Brasileiro. Com poucas chances de gol e muitos erros de passe, Figueirense e Internacional ficaram em um sonolento 0 a 0. A todo momento, a ventania atrapalhava a arma\u00e7\u00e3o das duas equipes, especialmente quando a bola [&hellip;]\" \/>\n<meta property=\"og:url\" content=\"https:\/\/www.notibras.com\/site\/vento-vira-desculpa-para-jogo-frio-e-feio-de-figueirense-0-e-inter-0\/\" \/>\n<meta property=\"og:site_name\" content=\"Notibras\" \/>\n<meta property=\"article:publisher\" content=\"https:\/\/www.facebook.com\/notibras\/\" \/>\n<meta property=\"article:published_time\" content=\"2015-06-18T23:02:56+00:00\" \/>\n<meta property=\"article:modified_time\" content=\"2015-06-19T03:11:58+00:00\" \/>\n<meta property=\"og:image\" content=\"https:\/\/www.notibras.com\/site\/wp-content\/uploads\/2015\/06\/frio.jpg\" \/>\n\t<meta property=\"og:image:width\" content=\"940\" \/>\n\t<meta property=\"og:image:height\" content=\"626\" \/>\n\t<meta property=\"og:image:type\" content=\"image\/jpeg\" \/>\n<meta name=\"author\" content=\"Reda\u00e7\u00e3o\" \/>\n<meta name=\"twitter:card\" content=\"summary_large_image\" \/>\n<meta name=\"twitter:creator\" content=\"@Notibras\" \/>\n<meta name=\"twitter:site\" content=\"@Notibras\" \/>\n<meta name=\"twitter:label1\" content=\"Escrito por\" \/>\n\t<meta name=\"twitter:data1\" content=\"Reda\u00e7\u00e3o\" \/>\n\t<meta name=\"twitter:label2\" content=\"Est. tempo de leitura\" \/>\n\t<meta name=\"twitter:data2\" content=\"1 minuto\" \/>\n<script type=\"application\/ld+json\" class=\"yoast-schema-graph\">{\"@context\":\"https:\/\/schema.org\",\"@graph\":[{\"@type\":\"Article\",\"@id\":\"https:\/\/www.notibras.com\/site\/vento-vira-desculpa-para-jogo-frio-e-feio-de-figueirense-0-e-inter-0\/#article\",\"isPartOf\":{\"@id\":\"https:\/\/www.notibras.com\/site\/vento-vira-desculpa-para-jogo-frio-e-feio-de-figueirense-0-e-inter-0\/\"},\"author\":{\"name\":\"Reda\u00e7\u00e3o\",\"@id\":\"https:\/\/www.notibras.com\/site\/#\/schema\/person\/36ab0979449956132d3e5b517ea76ac8\"},\"headline\":\"Vento vira desculpa para jogo frio e feio de Figueirense 0 e Inter 0\",\"datePublished\":\"2015-06-18T23:02:56+00:00\",\"dateModified\":\"2015-06-19T03:11:58+00:00\",\"mainEntityOfPage\":{\"@id\":\"https:\/\/www.notibras.com\/site\/vento-vira-desculpa-para-jogo-frio-e-feio-de-figueirense-0-e-inter-0\/\"},\"wordCount\":297,\"commentCount\":0,\"publisher\":{\"@id\":\"https:\/\/www.notibras.com\/site\/#organization\"},\"image\":{\"@id\":\"https:\/\/www.notibras.com\/site\/vento-vira-desculpa-para-jogo-frio-e-feio-de-figueirense-0-e-inter-0\/#primaryimage\"},\"thumbnailUrl\":\"https:\/\/www.notibras.com\/site\/wp-content\/uploads\/2015\/06\/frio.jpg\",\"articleSection\":[\"Esportes\",\"Futebol\"],\"inLanguage\":\"pt-BR\",\"potentialAction\":[{\"@type\":\"CommentAction\",\"name\":\"Comment\",\"target\":[\"https:\/\/www.notibras.com\/site\/vento-vira-desculpa-para-jogo-frio-e-feio-de-figueirense-0-e-inter-0\/#respond\"]}]},{\"@type\":\"WebPage\",\"@id\":\"https:\/\/www.notibras.com\/site\/vento-vira-desculpa-para-jogo-frio-e-feio-de-figueirense-0-e-inter-0\/\",\"url\":\"https:\/\/www.notibras.com\/site\/vento-vira-desculpa-para-jogo-frio-e-feio-de-figueirense-0-e-inter-0\/\",\"name\":\"Vento vira desculpa para jogo frio e feio de Figueirense 0 e Inter 0 - Notibras\",\"isPartOf\":{\"@id\":\"https:\/\/www.notibras.com\/site\/#website\"},\"primaryImageOfPage\":{\"@id\":\"https:\/\/www.notibras.com\/site\/vento-vira-desculpa-para-jogo-frio-e-feio-de-figueirense-0-e-inter-0\/#primaryimage\"},\"image\":{\"@id\":\"https:\/\/www.notibras.com\/site\/vento-vira-desculpa-para-jogo-frio-e-feio-de-figueirense-0-e-inter-0\/#primaryimage\"},\"thumbnailUrl\":\"https:\/\/www.notibras.com\/site\/wp-content\/uploads\/2015\/06\/frio.jpg\",\"datePublished\":\"2015-06-18T23:02:56+00:00\",\"dateModified\":\"2015-06-19T03:11:58+00:00\",\"breadcrumb\":{\"@id\":\"https:\/\/www.notibras.com\/site\/vento-vira-desculpa-para-jogo-frio-e-feio-de-figueirense-0-e-inter-0\/#breadcrumb\"},\"inLanguage\":\"pt-BR\",\"potentialAction\":[{\"@type\":\"ReadAction\",\"target\":[\"https:\/\/www.notibras.com\/site\/vento-vira-desculpa-para-jogo-frio-e-feio-de-figueirense-0-e-inter-0\/\"]}]},{\"@type\":\"ImageObject\",\"inLanguage\":\"pt-BR\",\"@id\":\"https:\/\/www.notibras.com\/site\/vento-vira-desculpa-para-jogo-frio-e-feio-de-figueirense-0-e-inter-0\/#primaryimage\",\"url\":\"https:\/\/www.notibras.com\/site\/wp-content\/uploads\/2015\/06\/frio.jpg\",\"contentUrl\":\"https:\/\/www.notibras.com\/site\/wp-content\/uploads\/2015\/06\/frio.jpg\",\"width\":940,\"height\":626},{\"@type\":\"BreadcrumbList\",\"@id\":\"https:\/\/www.notibras.com\/site\/vento-vira-desculpa-para-jogo-frio-e-feio-de-figueirense-0-e-inter-0\/#breadcrumb\",\"itemListElement\":[{\"@type\":\"ListItem\",\"position\":1,\"name\":\"In\u00edcio\",\"item\":\"https:\/\/www.notibras.com\/site\/\"},{\"@type\":\"ListItem\",\"position\":2,\"name\":\"Vento vira desculpa para jogo frio e feio de Figueirense 0 e Inter 0\"}]},{\"@type\":\"WebSite\",\"@id\":\"https:\/\/www.notibras.com\/site\/#website\",\"url\":\"https:\/\/www.notibras.com\/site\/\",\"name\":\"Notibras\",\"description\":\"Not\u00edcias de Bras\u00edlia, do Brasil e do Mundo\",\"publisher\":{\"@id\":\"https:\/\/www.notibras.com\/site\/#organization\"},\"potentialAction\":[{\"@type\":\"SearchAction\",\"target\":{\"@type\":\"EntryPoint\",\"urlTemplate\":\"https:\/\/www.notibras.com\/site\/?s={search_term_string}\"},\"query-input\":{\"@type\":\"PropertyValueSpecification\",\"valueRequired\":true,\"valueName\":\"search_term_string\"}}],\"inLanguage\":\"pt-BR\"},{\"@type\":\"Organization\",\"@id\":\"https:\/\/www.notibras.com\/site\/#organization\",\"name\":\"Grupo Notibras de Comunica\u00e7\u00e3o\",\"url\":\"https:\/\/www.notibras.com\/site\/\",\"logo\":{\"@type\":\"ImageObject\",\"inLanguage\":\"pt-BR\",\"@id\":\"https:\/\/www.notibras.com\/site\/#\/schema\/logo\/image\/\",\"url\":\"https:\/\/www.notibras.com\/site\/wp-content\/uploads\/2023\/01\/notibras23.png\",\"contentUrl\":\"https:\/\/www.notibras.com\/site\/wp-content\/uploads\/2023\/01\/notibras23.png\",\"width\":350,\"height\":87,\"caption\":\"Grupo Notibras de Comunica\u00e7\u00e3o\"},\"image\":{\"@id\":\"https:\/\/www.notibras.com\/site\/#\/schema\/logo\/image\/\"},\"sameAs\":[\"https:\/\/www.facebook.com\/notibras\/\",\"https:\/\/x.com\/Notibras\",\"https:\/\/www.instagram.com\/notibras\/\"]},{\"@type\":\"Person\",\"@id\":\"https:\/\/www.notibras.com\/site\/#\/schema\/person\/36ab0979449956132d3e5b517ea76ac8\",\"name\":\"Reda\u00e7\u00e3o\",\"image\":{\"@type\":\"ImageObject\",\"inLanguage\":\"pt-BR\",\"@id\":\"https:\/\/secure.gravatar.com\/avatar\/e0a867bdedb85fd243eadf09663511f96fc81e0720a4a42581f334ad4303aa6b?s=96&d=mm&r=g\",\"url\":\"https:\/\/secure.gravatar.com\/avatar\/e0a867bdedb85fd243eadf09663511f96fc81e0720a4a42581f334ad4303aa6b?s=96&d=mm&r=g\",\"contentUrl\":\"https:\/\/secure.gravatar.com\/avatar\/e0a867bdedb85fd243eadf09663511f96fc81e0720a4a42581f334ad4303aa6b?s=96&d=mm&r=g\",\"caption\":\"Reda\u00e7\u00e3o\"}}]}<\/script>\n<!-- \/ Yoast SEO plugin. -->","yoast_head_json":{"title":"Vento vira desculpa para jogo frio e feio de Figueirense 0 e Inter 0 - Notibras","robots":{"index":"index","follow":"follow","max-snippet":"max-snippet:-1","max-image-preview":"max-image-preview:large","max-video-preview":"max-video-preview:-1"},"canonical":"https:\/\/www.notibras.com\/site\/vento-vira-desculpa-para-jogo-frio-e-feio-de-figueirense-0-e-inter-0\/","og_locale":"pt_BR","og_type":"article","og_title":"Vento vira desculpa para jogo frio e feio de Figueirense 0 e Inter 0 - Notibras","og_description":"O vento roubou a cena na noite desta quinta-feira (18) em Florian\u00f3polis, na abertura da 8\u00aa rodada do Campeonato Brasileiro. Com poucas chances de gol e muitos erros de passe, Figueirense e Internacional ficaram em um sonolento 0 a 0. A todo momento, a ventania atrapalhava a arma\u00e7\u00e3o das duas equipes, especialmente quando a bola [&hellip;]","og_url":"https:\/\/www.notibras.com\/site\/vento-vira-desculpa-para-jogo-frio-e-feio-de-figueirense-0-e-inter-0\/","og_site_name":"Notibras","article_publisher":"https:\/\/www.facebook.com\/notibras\/","article_published_time":"2015-06-18T23:02:56+00:00","article_modified_time":"2015-06-19T03:11:58+00:00","og_image":[{"width":940,"height":626,"url":"https:\/\/www.notibras.com\/site\/wp-content\/uploads\/2015\/06\/frio.jpg","type":"image\/jpeg"}],"author":"Reda\u00e7\u00e3o","twitter_card":"summary_large_image","twitter_creator":"@Notibras","twitter_site":"@Notibras","twitter_misc":{"Escrito por":"Reda\u00e7\u00e3o","Est. tempo de leitura":"1 minuto"},"schema":{"@context":"https:\/\/schema.org","@graph":[{"@type":"Article","@id":"https:\/\/www.notibras.com\/site\/vento-vira-desculpa-para-jogo-frio-e-feio-de-figueirense-0-e-inter-0\/#article","isPartOf":{"@id":"https:\/\/www.notibras.com\/site\/vento-vira-desculpa-para-jogo-frio-e-feio-de-figueirense-0-e-inter-0\/"},"author":{"name":"Reda\u00e7\u00e3o","@id":"https:\/\/www.notibras.com\/site\/#\/schema\/person\/36ab0979449956132d3e5b517ea76ac8"},"headline":"Vento vira desculpa para jogo frio e feio de Figueirense 0 e Inter 0","datePublished":"2015-06-18T23:02:56+00:00","dateModified":"2015-06-19T03:11:58+00:00","mainEntityOfPage":{"@id":"https:\/\/www.notibras.com\/site\/vento-vira-desculpa-para-jogo-frio-e-feio-de-figueirense-0-e-inter-0\/"},"wordCount":297,"commentCount":0,"publisher":{"@id":"https:\/\/www.notibras.com\/site\/#organization"},"image":{"@id":"https:\/\/www.notibras.com\/site\/vento-vira-desculpa-para-jogo-frio-e-feio-de-figueirense-0-e-inter-0\/#primaryimage"},"thumbnailUrl":"https:\/\/www.notibras.com\/site\/wp-content\/uploads\/2015\/06\/frio.jpg","articleSection":["Esportes","Futebol"],"inLanguage":"pt-BR","potentialAction":[{"@type":"CommentAction","name":"Comment","target":["https:\/\/www.notibras.com\/site\/vento-vira-desculpa-para-jogo-frio-e-feio-de-figueirense-0-e-inter-0\/#respond"]}]},{"@type":"WebPage","@id":"https:\/\/www.notibras.com\/site\/vento-vira-desculpa-para-jogo-frio-e-feio-de-figueirense-0-e-inter-0\/","url":"https:\/\/www.notibras.com\/site\/vento-vira-desculpa-para-jogo-frio-e-feio-de-figueirense-0-e-inter-0\/","name":"Vento vira desculpa para jogo frio e feio de Figueirense 0 e Inter 0 - Notibras","isPartOf":{"@id":"https:\/\/www.notibras.com\/site\/#website"},"primaryImageOfPage":{"@id":"https:\/\/www.notibras.com\/site\/vento-vira-desculpa-para-jogo-frio-e-feio-de-figueirense-0-e-inter-0\/#primaryimage"},"image":{"@id":"https:\/\/www.notibras.com\/site\/vento-vira-desculpa-para-jogo-frio-e-feio-de-figueirense-0-e-inter-0\/#primaryimage"},"thumbnailUrl":"https:\/\/www.notibras.com\/site\/wp-content\/uploads\/2015\/06\/frio.jpg","datePublished":"2015-06-18T23:02:56+00:00","dateModified":"2015-06-19T03:11:58+00:00","breadcrumb":{"@id":"https:\/\/www.notibras.com\/site\/vento-vira-desculpa-para-jogo-frio-e-feio-de-figueirense-0-e-inter-0\/#breadcrumb"},"inLanguage":"pt-BR","potentialAction":[{"@type":"ReadAction","target":["https:\/\/www.notibras.com\/site\/vento-vira-desculpa-para-jogo-frio-e-feio-de-figueirense-0-e-inter-0\/"]}]},{"@type":"ImageObject","inLanguage":"pt-BR","@id":"https:\/\/www.notibras.com\/site\/vento-vira-desculpa-para-jogo-frio-e-feio-de-figueirense-0-e-inter-0\/#primaryimage","url":"https:\/\/www.notibras.com\/site\/wp-content\/uploads\/2015\/06\/frio.jpg","contentUrl":"https:\/\/www.notibras.com\/site\/wp-content\/uploads\/2015\/06\/frio.jpg","width":940,"height":626},{"@type":"BreadcrumbList","@id":"https:\/\/www.notibras.com\/site\/vento-vira-desculpa-para-jogo-frio-e-feio-de-figueirense-0-e-inter-0\/#breadcrumb","itemListElement":[{"@type":"ListItem","position":1,"name":"In\u00edcio","item":"https:\/\/www.notibras.com\/site\/"},{"@type":"ListItem","position":2,"name":"Vento vira desculpa para jogo frio e feio de Figueirense 0 e Inter 0"}]},{"@type":"WebSite","@id":"https:\/\/www.notibras.com\/site\/#website","url":"https:\/\/www.notibras.com\/site\/","name":"Notibras","description":"Not\u00edcias de Bras\u00edlia, do Brasil e do Mundo","publisher":{"@id":"https:\/\/www.notibras.com\/site\/#organization"},"potentialAction":[{"@type":"SearchAction","target":{"@type":"EntryPoint","urlTemplate":"https:\/\/www.notibras.com\/site\/?s={search_term_string}"},"query-input":{"@type":"PropertyValueSpecification","valueRequired":true,"valueName":"search_term_string"}}],"inLanguage":"pt-BR"},{"@type":"Organization","@id":"https:\/\/www.notibras.com\/site\/#organization","name":"Grupo Notibras de Comunica\u00e7\u00e3o","url":"https:\/\/www.notibras.com\/site\/","logo":{"@type":"ImageObject","inLanguage":"pt-BR","@id":"https:\/\/www.notibras.com\/site\/#\/schema\/logo\/image\/","url":"https:\/\/www.notibras.com\/site\/wp-content\/uploads\/2023\/01\/notibras23.png","contentUrl":"https:\/\/www.notibras.com\/site\/wp-content\/uploads\/2023\/01\/notibras23.png","width":350,"height":87,"caption":"Grupo Notibras de Comunica\u00e7\u00e3o"},"image":{"@id":"https:\/\/www.notibras.com\/site\/#\/schema\/logo\/image\/"},"sameAs":["https:\/\/www.facebook.com\/notibras\/","https:\/\/x.com\/Notibras","https:\/\/www.instagram.com\/notibras\/"]},{"@type":"Person","@id":"https:\/\/www.notibras.com\/site\/#\/schema\/person\/36ab0979449956132d3e5b517ea76ac8","name":"Reda\u00e7\u00e3o","image":{"@type":"ImageObject","inLanguage":"pt-BR","@id":"https:\/\/secure.gravatar.com\/avatar\/e0a867bdedb85fd243eadf09663511f96fc81e0720a4a42581f334ad4303aa6b?s=96&d=mm&r=g","url":"https:\/\/secure.gravatar.com\/avatar\/e0a867bdedb85fd243eadf09663511f96fc81e0720a4a42581f334ad4303aa6b?s=96&d=mm&r=g","contentUrl":"https:\/\/secure.gravatar.com\/avatar\/e0a867bdedb85fd243eadf09663511f96fc81e0720a4a42581f334ad4303aa6b?s=96&d=mm&r=g","caption":"Reda\u00e7\u00e3o"}}]}},"amp_enabled":true,"_links":{"self":[{"href":"https:\/\/www.notibras.com\/site\/wp-json\/wp\/v2\/posts\/54091","targetHints":{"allow":["GET"]}}],"collection":[{"href":"https:\/\/www.notibras.com\/site\/wp-json\/wp\/v2\/posts"}],"about":[{"href":"https:\/\/www.notibras.com\/site\/wp-json\/wp\/v2\/types\/post"}],"author":[{"embeddable":true,"href":"https:\/\/www.notibras.com\/site\/wp-json\/wp\/v2\/users\/2"}],"replies":[{"embeddable":true,"href":"https:\/\/www.notibras.com\/site\/wp-json\/wp\/v2\/comments?post=54091"}],"version-history":[{"count":0,"href":"https:\/\/www.notibras.com\/site\/wp-json\/wp\/v2\/posts\/54091\/revisions"}],"wp:featuredmedia":[{"embeddable":true,"href":"https:\/\/www.notibras.com\/site\/wp-json\/wp\/v2\/media\/54092"}],"wp:attachment":[{"href":"https:\/\/www.notibras.com\/site\/wp-json\/wp\/v2\/media?parent=54091"}],"wp:term":[{"taxonomy":"category","embeddable":true,"href":"https:\/\/www.notibras.com\/site\/wp-json\/wp\/v2\/categories?post=54091"},{"taxonomy":"post_tag","embeddable":true,"href":"https:\/\/www.notibras.com\/site\/wp-json\/wp\/v2\/tags?post=54091"}],"curies":[{"name":"wp","href":"https:\/\/api.w.org\/{rel}","templated":true}]}}