{"id":5420,"date":"2014-03-27T12:56:46","date_gmt":"2014-03-27T15:56:46","guid":{"rendered":"http:\/\/www.notibras.com\/site\/?p=5420"},"modified":"2014-03-27T12:56:46","modified_gmt":"2014-03-27T15:56:46","slug":"a-paz-do-poema-e-contra-a-escuridao-um-verso-maduro","status":"publish","type":"post","link":"https:\/\/www.notibras.com\/site\/a-paz-do-poema-e-contra-a-escuridao-um-verso-maduro\/","title":{"rendered":"A paz do poema (e contra a escurid\u00e3o, um verso maduro)"},"content":{"rendered":"<p>Poesia, fazei de mim instrumento de vossa paz. Onde houver escurid\u00e3o, que minhas m\u00e3os levem o verso maduro, renascido na clara luz de todo dia que nos faz sentir o al\u00e9m. Dai-me a grandeza das coisas que n\u00e3o podemos ver, mas sentir, ter, aqui dentro, bem fundo. Revelai-me o que est\u00e1 por dentro de tudo e pouco podemos sorver, viver.<\/p>\n<p>Como jardineiro da eternidade, sigo catando versos espalhados, estilha\u00e7os encontrados aqui e ali, procurando amigos que um dia acreditei perdidos, esquecidos mundo afora. Agora, estou a rev\u00ea-los, reencontr\u00e1-los em minha casa que tem v\u00e1rias moradas. Meu Deus, como tudo \u00e9 significativo, representativo. Nesse momento, enquanto me decanto em s\u00edlabas, ou\u00e7o o cd que a bela e perdida amiga me destinou do interior de Minas, depois de me encontrar nas ondas da internet. O mundo \u00e9 grande e cabe inteiro na tela do meu computador. E meu computador que processa tudo, n\u00e3o suporta sequer minhas dores menores, minhas angustias maiores. Sonhar \u00e9 preciso, e acreditar \u00e9 necess\u00e1rio. Afinal, o que o tempo nos deu al\u00e9m dos momentos? \u201cN\u00e3o os percamos agora\u201d.<\/p>\n<p>Cec\u00edlia Meirelles, entre tantos momentos de genial divindade, revelou-nos que \u201cj\u00e1 n\u00e3o tem mais lugar quem mora em tudo\u201d. Sei que moro em mim e dentro dos amigos. Habito abismos, estou onde sempre estive e onde nunca estarei. Estou na curva do destino, \u00e0 beira do caminho.<\/p>\n<p>De fora, do mundo paralelo e real, o vento sopra na minha janela, querendo sequestrar-me o instante. E eu s\u00f3 \u2018canto porque o instante existe\u2019. E \u2018sou alegre, sou triste; sou poeta\u2019. Poeta da palavra viva, da voz que dobra e faz da esquina a curva da lua, da rua que acende em n\u00f3s a noite e nos faz sonhar o imposs\u00edvel, o imprescind\u00edvel, o imponder\u00e1vel. Hoje, apenas quero viver o improv\u00e1vel, colher manh\u00e3s madrugadas adentro, fazer minha casa na sombra do tempo, me fundir com o momento&#8230; \u00c9 dif\u00edcil viver assim? N\u00e3o, \u00e9 f\u00e1cil, muito f\u00e1cil, basta apenas se alimentar de infinito, fisgar o arco-\u00edris no anzol das horas, vestir-se em simplicidade, polir a sensibilidade, fazer com que o tempo n\u00e3o tenha demora, tenha apenas um minuto para viver e se entregar, se encontrar.<\/p>\n<p>Se voc\u00ea n\u00e3o acredita, nada posso fazer. Te dou apenas este depoimento ancorado em palavras, minha verdade colhida sobre os muros cobertos pelas heras nas camadas da atmosfera. Se voc\u00ea jogar a m\u00e1scara fora, esquecer o ego, deixar a d\u00favida, o medo e o engano irem-se embora, libertar o pensamento aprisionado na palma de sua m\u00e3o, talvez entender\u00e1 esse mundo aqui traduzido, esse universo submerso em tantos s\u00f3is e seus infinitos girass\u00f3is&#8230;<\/p>\n<p>Eu, no entanto, vou um mundo novo desvendar, uma nova esquina encontrar, em um novo barco singrar a aurora em dire\u00e7\u00e3o aos caminhos secretos dos grandes mist\u00e9rios de Deus. Me exilar pela terra et\u00e9rea, ser cada vez mais os peda\u00e7os que tanto em tudo estou. Onde, n\u00e3o sei&#8230; Sei apenas que vou, que tenho a n\u00edtida, clara e confortante certeza que eu tamb\u00e9m sou parte dele, do todo. Com a b\u00ean\u00e7\u00e3o de Deus!<\/p>\n<p><strong>Petr\u00f4nio Souza Gon\u00e7alves, jornalista e escritor<\/strong><\/p>\n","protected":false},"excerpt":{"rendered":"<p>Poesia, fazei de mim instrumento de vossa paz. Onde houver escurid\u00e3o, que minhas m\u00e3os levem o verso maduro, renascido na clara luz de todo dia que nos faz sentir o al\u00e9m. Dai-me a grandeza das coisas que n\u00e3o podemos ver, mas sentir, ter, aqui dentro, bem fundo. Revelai-me o que est\u00e1 por dentro de tudo [&hellip;]<\/p>\n","protected":false},"author":2,"featured_media":5421,"comment_status":"open","ping_status":"closed","sticky":false,"template":"","format":"standard","meta":{"_acf_changed":false,"footnotes":""},"categories":[25],"tags":[],"class_list":["post-5420","post","type-post","status-publish","format-standard","has-post-thumbnail","hentry","category-opina-ai"],"acf":[],"yoast_head":"<!-- This site is optimized with the Yoast SEO plugin v27.2 - https:\/\/yoast.com\/product\/yoast-seo-wordpress\/ -->\n<title>A paz do poema (e contra a escurid\u00e3o, um verso maduro) - Notibras<\/title>\n<meta name=\"robots\" content=\"index, follow, max-snippet:-1, max-image-preview:large, max-video-preview:-1\" \/>\n<link rel=\"canonical\" href=\"https:\/\/www.notibras.com\/site\/a-paz-do-poema-e-contra-a-escuridao-um-verso-maduro\/\" \/>\n<meta property=\"og:locale\" content=\"pt_BR\" \/>\n<meta property=\"og:type\" content=\"article\" \/>\n<meta property=\"og:title\" content=\"A paz do poema (e contra a escurid\u00e3o, um verso maduro) - Notibras\" \/>\n<meta property=\"og:description\" content=\"Poesia, fazei de mim instrumento de vossa paz. Onde houver escurid\u00e3o, que minhas m\u00e3os levem o verso maduro, renascido na clara luz de todo dia que nos faz sentir o al\u00e9m. Dai-me a grandeza das coisas que n\u00e3o podemos ver, mas sentir, ter, aqui dentro, bem fundo. Revelai-me o que est\u00e1 por dentro de tudo [&hellip;]\" \/>\n<meta property=\"og:url\" content=\"https:\/\/www.notibras.com\/site\/a-paz-do-poema-e-contra-a-escuridao-um-verso-maduro\/\" \/>\n<meta property=\"og:site_name\" content=\"Notibras\" \/>\n<meta property=\"article:publisher\" content=\"https:\/\/www.facebook.com\/notibras\/\" \/>\n<meta property=\"article:published_time\" content=\"2014-03-27T15:56:46+00:00\" \/>\n<meta property=\"og:image\" content=\"https:\/\/www.notibras.com\/site\/wp-content\/uploads\/2014\/03\/hqdefault1.jpg\" \/>\n\t<meta property=\"og:image:width\" content=\"480\" \/>\n\t<meta property=\"og:image:height\" content=\"360\" \/>\n\t<meta property=\"og:image:type\" content=\"image\/jpeg\" \/>\n<meta name=\"author\" content=\"Reda\u00e7\u00e3o\" \/>\n<meta name=\"twitter:card\" content=\"summary_large_image\" \/>\n<meta name=\"twitter:creator\" content=\"@Notibras\" \/>\n<meta name=\"twitter:site\" content=\"@Notibras\" \/>\n<meta name=\"twitter:label1\" content=\"Escrito por\" \/>\n\t<meta name=\"twitter:data1\" content=\"Reda\u00e7\u00e3o\" \/>\n\t<meta name=\"twitter:label2\" content=\"Est. tempo de leitura\" \/>\n\t<meta name=\"twitter:data2\" content=\"3 minutos\" \/>\n<script type=\"application\/ld+json\" class=\"yoast-schema-graph\">{\"@context\":\"https:\/\/schema.org\",\"@graph\":[{\"@type\":\"Article\",\"@id\":\"https:\/\/www.notibras.com\/site\/a-paz-do-poema-e-contra-a-escuridao-um-verso-maduro\/#article\",\"isPartOf\":{\"@id\":\"https:\/\/www.notibras.com\/site\/a-paz-do-poema-e-contra-a-escuridao-um-verso-maduro\/\"},\"author\":{\"name\":\"Reda\u00e7\u00e3o\",\"@id\":\"https:\/\/www.notibras.com\/site\/#\/schema\/person\/36ab0979449956132d3e5b517ea76ac8\"},\"headline\":\"A paz do poema (e contra a escurid\u00e3o, um verso maduro)\",\"datePublished\":\"2014-03-27T15:56:46+00:00\",\"mainEntityOfPage\":{\"@id\":\"https:\/\/www.notibras.com\/site\/a-paz-do-poema-e-contra-a-escuridao-um-verso-maduro\/\"},\"wordCount\":563,\"commentCount\":0,\"publisher\":{\"@id\":\"https:\/\/www.notibras.com\/site\/#organization\"},\"image\":{\"@id\":\"https:\/\/www.notibras.com\/site\/a-paz-do-poema-e-contra-a-escuridao-um-verso-maduro\/#primaryimage\"},\"thumbnailUrl\":\"https:\/\/www.notibras.com\/site\/wp-content\/uploads\/2014\/03\/hqdefault1.jpg\",\"articleSection\":[\"Opina a\u00ed\"],\"inLanguage\":\"pt-BR\",\"potentialAction\":[{\"@type\":\"CommentAction\",\"name\":\"Comment\",\"target\":[\"https:\/\/www.notibras.com\/site\/a-paz-do-poema-e-contra-a-escuridao-um-verso-maduro\/#respond\"]}]},{\"@type\":\"WebPage\",\"@id\":\"https:\/\/www.notibras.com\/site\/a-paz-do-poema-e-contra-a-escuridao-um-verso-maduro\/\",\"url\":\"https:\/\/www.notibras.com\/site\/a-paz-do-poema-e-contra-a-escuridao-um-verso-maduro\/\",\"name\":\"A paz do poema (e contra a escurid\u00e3o, um verso maduro) - Notibras\",\"isPartOf\":{\"@id\":\"https:\/\/www.notibras.com\/site\/#website\"},\"primaryImageOfPage\":{\"@id\":\"https:\/\/www.notibras.com\/site\/a-paz-do-poema-e-contra-a-escuridao-um-verso-maduro\/#primaryimage\"},\"image\":{\"@id\":\"https:\/\/www.notibras.com\/site\/a-paz-do-poema-e-contra-a-escuridao-um-verso-maduro\/#primaryimage\"},\"thumbnailUrl\":\"https:\/\/www.notibras.com\/site\/wp-content\/uploads\/2014\/03\/hqdefault1.jpg\",\"datePublished\":\"2014-03-27T15:56:46+00:00\",\"breadcrumb\":{\"@id\":\"https:\/\/www.notibras.com\/site\/a-paz-do-poema-e-contra-a-escuridao-um-verso-maduro\/#breadcrumb\"},\"inLanguage\":\"pt-BR\",\"potentialAction\":[{\"@type\":\"ReadAction\",\"target\":[\"https:\/\/www.notibras.com\/site\/a-paz-do-poema-e-contra-a-escuridao-um-verso-maduro\/\"]}]},{\"@type\":\"ImageObject\",\"inLanguage\":\"pt-BR\",\"@id\":\"https:\/\/www.notibras.com\/site\/a-paz-do-poema-e-contra-a-escuridao-um-verso-maduro\/#primaryimage\",\"url\":\"https:\/\/www.notibras.com\/site\/wp-content\/uploads\/2014\/03\/hqdefault1.jpg\",\"contentUrl\":\"https:\/\/www.notibras.com\/site\/wp-content\/uploads\/2014\/03\/hqdefault1.jpg\",\"width\":480,\"height\":360},{\"@type\":\"BreadcrumbList\",\"@id\":\"https:\/\/www.notibras.com\/site\/a-paz-do-poema-e-contra-a-escuridao-um-verso-maduro\/#breadcrumb\",\"itemListElement\":[{\"@type\":\"ListItem\",\"position\":1,\"name\":\"In\u00edcio\",\"item\":\"https:\/\/www.notibras.com\/site\/\"},{\"@type\":\"ListItem\",\"position\":2,\"name\":\"A paz do poema (e contra a escurid\u00e3o, um verso maduro)\"}]},{\"@type\":\"WebSite\",\"@id\":\"https:\/\/www.notibras.com\/site\/#website\",\"url\":\"https:\/\/www.notibras.com\/site\/\",\"name\":\"Notibras\",\"description\":\"Not\u00edcias de Bras\u00edlia, do Brasil e do Mundo\",\"publisher\":{\"@id\":\"https:\/\/www.notibras.com\/site\/#organization\"},\"potentialAction\":[{\"@type\":\"SearchAction\",\"target\":{\"@type\":\"EntryPoint\",\"urlTemplate\":\"https:\/\/www.notibras.com\/site\/?s={search_term_string}\"},\"query-input\":{\"@type\":\"PropertyValueSpecification\",\"valueRequired\":true,\"valueName\":\"search_term_string\"}}],\"inLanguage\":\"pt-BR\"},{\"@type\":\"Organization\",\"@id\":\"https:\/\/www.notibras.com\/site\/#organization\",\"name\":\"Grupo Notibras de Comunica\u00e7\u00e3o\",\"url\":\"https:\/\/www.notibras.com\/site\/\",\"logo\":{\"@type\":\"ImageObject\",\"inLanguage\":\"pt-BR\",\"@id\":\"https:\/\/www.notibras.com\/site\/#\/schema\/logo\/image\/\",\"url\":\"https:\/\/www.notibras.com\/site\/wp-content\/uploads\/2023\/01\/notibras23.png\",\"contentUrl\":\"https:\/\/www.notibras.com\/site\/wp-content\/uploads\/2023\/01\/notibras23.png\",\"width\":350,\"height\":87,\"caption\":\"Grupo Notibras de Comunica\u00e7\u00e3o\"},\"image\":{\"@id\":\"https:\/\/www.notibras.com\/site\/#\/schema\/logo\/image\/\"},\"sameAs\":[\"https:\/\/www.facebook.com\/notibras\/\",\"https:\/\/x.com\/Notibras\",\"https:\/\/www.instagram.com\/notibras\/\"]},{\"@type\":\"Person\",\"@id\":\"https:\/\/www.notibras.com\/site\/#\/schema\/person\/36ab0979449956132d3e5b517ea76ac8\",\"name\":\"Reda\u00e7\u00e3o\",\"image\":{\"@type\":\"ImageObject\",\"inLanguage\":\"pt-BR\",\"@id\":\"https:\/\/secure.gravatar.com\/avatar\/e0a867bdedb85fd243eadf09663511f96fc81e0720a4a42581f334ad4303aa6b?s=96&d=mm&r=g\",\"url\":\"https:\/\/secure.gravatar.com\/avatar\/e0a867bdedb85fd243eadf09663511f96fc81e0720a4a42581f334ad4303aa6b?s=96&d=mm&r=g\",\"contentUrl\":\"https:\/\/secure.gravatar.com\/avatar\/e0a867bdedb85fd243eadf09663511f96fc81e0720a4a42581f334ad4303aa6b?s=96&d=mm&r=g\",\"caption\":\"Reda\u00e7\u00e3o\"}}]}<\/script>\n<!-- \/ Yoast SEO plugin. -->","yoast_head_json":{"title":"A paz do poema (e contra a escurid\u00e3o, um verso maduro) - Notibras","robots":{"index":"index","follow":"follow","max-snippet":"max-snippet:-1","max-image-preview":"max-image-preview:large","max-video-preview":"max-video-preview:-1"},"canonical":"https:\/\/www.notibras.com\/site\/a-paz-do-poema-e-contra-a-escuridao-um-verso-maduro\/","og_locale":"pt_BR","og_type":"article","og_title":"A paz do poema (e contra a escurid\u00e3o, um verso maduro) - Notibras","og_description":"Poesia, fazei de mim instrumento de vossa paz. Onde houver escurid\u00e3o, que minhas m\u00e3os levem o verso maduro, renascido na clara luz de todo dia que nos faz sentir o al\u00e9m. Dai-me a grandeza das coisas que n\u00e3o podemos ver, mas sentir, ter, aqui dentro, bem fundo. Revelai-me o que est\u00e1 por dentro de tudo [&hellip;]","og_url":"https:\/\/www.notibras.com\/site\/a-paz-do-poema-e-contra-a-escuridao-um-verso-maduro\/","og_site_name":"Notibras","article_publisher":"https:\/\/www.facebook.com\/notibras\/","article_published_time":"2014-03-27T15:56:46+00:00","og_image":[{"width":480,"height":360,"url":"https:\/\/www.notibras.com\/site\/wp-content\/uploads\/2014\/03\/hqdefault1.jpg","type":"image\/jpeg"}],"author":"Reda\u00e7\u00e3o","twitter_card":"summary_large_image","twitter_creator":"@Notibras","twitter_site":"@Notibras","twitter_misc":{"Escrito por":"Reda\u00e7\u00e3o","Est. tempo de leitura":"3 minutos"},"schema":{"@context":"https:\/\/schema.org","@graph":[{"@type":"Article","@id":"https:\/\/www.notibras.com\/site\/a-paz-do-poema-e-contra-a-escuridao-um-verso-maduro\/#article","isPartOf":{"@id":"https:\/\/www.notibras.com\/site\/a-paz-do-poema-e-contra-a-escuridao-um-verso-maduro\/"},"author":{"name":"Reda\u00e7\u00e3o","@id":"https:\/\/www.notibras.com\/site\/#\/schema\/person\/36ab0979449956132d3e5b517ea76ac8"},"headline":"A paz do poema (e contra a escurid\u00e3o, um verso maduro)","datePublished":"2014-03-27T15:56:46+00:00","mainEntityOfPage":{"@id":"https:\/\/www.notibras.com\/site\/a-paz-do-poema-e-contra-a-escuridao-um-verso-maduro\/"},"wordCount":563,"commentCount":0,"publisher":{"@id":"https:\/\/www.notibras.com\/site\/#organization"},"image":{"@id":"https:\/\/www.notibras.com\/site\/a-paz-do-poema-e-contra-a-escuridao-um-verso-maduro\/#primaryimage"},"thumbnailUrl":"https:\/\/www.notibras.com\/site\/wp-content\/uploads\/2014\/03\/hqdefault1.jpg","articleSection":["Opina a\u00ed"],"inLanguage":"pt-BR","potentialAction":[{"@type":"CommentAction","name":"Comment","target":["https:\/\/www.notibras.com\/site\/a-paz-do-poema-e-contra-a-escuridao-um-verso-maduro\/#respond"]}]},{"@type":"WebPage","@id":"https:\/\/www.notibras.com\/site\/a-paz-do-poema-e-contra-a-escuridao-um-verso-maduro\/","url":"https:\/\/www.notibras.com\/site\/a-paz-do-poema-e-contra-a-escuridao-um-verso-maduro\/","name":"A paz do poema (e contra a escurid\u00e3o, um verso maduro) - Notibras","isPartOf":{"@id":"https:\/\/www.notibras.com\/site\/#website"},"primaryImageOfPage":{"@id":"https:\/\/www.notibras.com\/site\/a-paz-do-poema-e-contra-a-escuridao-um-verso-maduro\/#primaryimage"},"image":{"@id":"https:\/\/www.notibras.com\/site\/a-paz-do-poema-e-contra-a-escuridao-um-verso-maduro\/#primaryimage"},"thumbnailUrl":"https:\/\/www.notibras.com\/site\/wp-content\/uploads\/2014\/03\/hqdefault1.jpg","datePublished":"2014-03-27T15:56:46+00:00","breadcrumb":{"@id":"https:\/\/www.notibras.com\/site\/a-paz-do-poema-e-contra-a-escuridao-um-verso-maduro\/#breadcrumb"},"inLanguage":"pt-BR","potentialAction":[{"@type":"ReadAction","target":["https:\/\/www.notibras.com\/site\/a-paz-do-poema-e-contra-a-escuridao-um-verso-maduro\/"]}]},{"@type":"ImageObject","inLanguage":"pt-BR","@id":"https:\/\/www.notibras.com\/site\/a-paz-do-poema-e-contra-a-escuridao-um-verso-maduro\/#primaryimage","url":"https:\/\/www.notibras.com\/site\/wp-content\/uploads\/2014\/03\/hqdefault1.jpg","contentUrl":"https:\/\/www.notibras.com\/site\/wp-content\/uploads\/2014\/03\/hqdefault1.jpg","width":480,"height":360},{"@type":"BreadcrumbList","@id":"https:\/\/www.notibras.com\/site\/a-paz-do-poema-e-contra-a-escuridao-um-verso-maduro\/#breadcrumb","itemListElement":[{"@type":"ListItem","position":1,"name":"In\u00edcio","item":"https:\/\/www.notibras.com\/site\/"},{"@type":"ListItem","position":2,"name":"A paz do poema (e contra a escurid\u00e3o, um verso maduro)"}]},{"@type":"WebSite","@id":"https:\/\/www.notibras.com\/site\/#website","url":"https:\/\/www.notibras.com\/site\/","name":"Notibras","description":"Not\u00edcias de Bras\u00edlia, do Brasil e do Mundo","publisher":{"@id":"https:\/\/www.notibras.com\/site\/#organization"},"potentialAction":[{"@type":"SearchAction","target":{"@type":"EntryPoint","urlTemplate":"https:\/\/www.notibras.com\/site\/?s={search_term_string}"},"query-input":{"@type":"PropertyValueSpecification","valueRequired":true,"valueName":"search_term_string"}}],"inLanguage":"pt-BR"},{"@type":"Organization","@id":"https:\/\/www.notibras.com\/site\/#organization","name":"Grupo Notibras de Comunica\u00e7\u00e3o","url":"https:\/\/www.notibras.com\/site\/","logo":{"@type":"ImageObject","inLanguage":"pt-BR","@id":"https:\/\/www.notibras.com\/site\/#\/schema\/logo\/image\/","url":"https:\/\/www.notibras.com\/site\/wp-content\/uploads\/2023\/01\/notibras23.png","contentUrl":"https:\/\/www.notibras.com\/site\/wp-content\/uploads\/2023\/01\/notibras23.png","width":350,"height":87,"caption":"Grupo Notibras de Comunica\u00e7\u00e3o"},"image":{"@id":"https:\/\/www.notibras.com\/site\/#\/schema\/logo\/image\/"},"sameAs":["https:\/\/www.facebook.com\/notibras\/","https:\/\/x.com\/Notibras","https:\/\/www.instagram.com\/notibras\/"]},{"@type":"Person","@id":"https:\/\/www.notibras.com\/site\/#\/schema\/person\/36ab0979449956132d3e5b517ea76ac8","name":"Reda\u00e7\u00e3o","image":{"@type":"ImageObject","inLanguage":"pt-BR","@id":"https:\/\/secure.gravatar.com\/avatar\/e0a867bdedb85fd243eadf09663511f96fc81e0720a4a42581f334ad4303aa6b?s=96&d=mm&r=g","url":"https:\/\/secure.gravatar.com\/avatar\/e0a867bdedb85fd243eadf09663511f96fc81e0720a4a42581f334ad4303aa6b?s=96&d=mm&r=g","contentUrl":"https:\/\/secure.gravatar.com\/avatar\/e0a867bdedb85fd243eadf09663511f96fc81e0720a4a42581f334ad4303aa6b?s=96&d=mm&r=g","caption":"Reda\u00e7\u00e3o"}}]}},"amp_enabled":true,"_links":{"self":[{"href":"https:\/\/www.notibras.com\/site\/wp-json\/wp\/v2\/posts\/5420","targetHints":{"allow":["GET"]}}],"collection":[{"href":"https:\/\/www.notibras.com\/site\/wp-json\/wp\/v2\/posts"}],"about":[{"href":"https:\/\/www.notibras.com\/site\/wp-json\/wp\/v2\/types\/post"}],"author":[{"embeddable":true,"href":"https:\/\/www.notibras.com\/site\/wp-json\/wp\/v2\/users\/2"}],"replies":[{"embeddable":true,"href":"https:\/\/www.notibras.com\/site\/wp-json\/wp\/v2\/comments?post=5420"}],"version-history":[{"count":0,"href":"https:\/\/www.notibras.com\/site\/wp-json\/wp\/v2\/posts\/5420\/revisions"}],"wp:featuredmedia":[{"embeddable":true,"href":"https:\/\/www.notibras.com\/site\/wp-json\/wp\/v2\/media\/5421"}],"wp:attachment":[{"href":"https:\/\/www.notibras.com\/site\/wp-json\/wp\/v2\/media?parent=5420"}],"wp:term":[{"taxonomy":"category","embeddable":true,"href":"https:\/\/www.notibras.com\/site\/wp-json\/wp\/v2\/categories?post=5420"},{"taxonomy":"post_tag","embeddable":true,"href":"https:\/\/www.notibras.com\/site\/wp-json\/wp\/v2\/tags?post=5420"}],"curies":[{"name":"wp","href":"https:\/\/api.w.org\/{rel}","templated":true}]}}