{"id":54215,"date":"2015-06-20T03:34:53","date_gmt":"2015-06-20T06:34:53","guid":{"rendered":"http:\/\/www.notibras.com\/site\/?p=54215"},"modified":"2015-06-20T07:49:52","modified_gmt":"2015-06-20T10:49:52","slug":"equador-faz-dever-de-casa-elimina-mexico-e-sonha-com-vaga","status":"publish","type":"post","link":"https:\/\/www.notibras.com\/site\/equador-faz-dever-de-casa-elimina-mexico-e-sonha-com-vaga\/","title":{"rendered":"Equador faz dever de casa, elimina M\u00e9xico e sonha com vaga"},"content":{"rendered":"<p>Equador e M\u00e9xico realizaram na noite desta sexta-feira uma melanc\u00f3lica despedida da Copa Am\u00e9rica no Est\u00e1dio El Teniente. No primeiro confronto da terceira rodada do Grupo A da competi\u00e7\u00e3o, o time treinado por Gustavo Quinteros conseguiu a primeira vit\u00f3ria, por 2 a 1, gra\u00e7as \u00e0 boa atua\u00e7\u00e3o do atacante Enner Valencia e o parceiro Miller Bola\u00f1os, que participaram dos gols. Jim\u00e9nez descontou de p\u00eanalti para os mexicanos. Veja como foi a partida minuto a minuto.<\/p>\n<p>Com os tr\u00eas pontos conquistados, o Equador subiu para a terceira posi\u00e7\u00e3o da chave, mas o saldo negativo de dois gols deve impedir que a sele\u00e7\u00e3o se classifique em uma das duas vagas de melhores terceiros, embora haja a chance disso acontecer. Com dois pontos, o time secund\u00e1rio do M\u00e9xico terminou na lanterna.<\/p>\n<p>O mist\u00e3o mexicano foi dominado desde o in\u00edcio pelo Equador, que havia perdido os dois jogos que realizou na competi\u00e7\u00e3o, para Chile e Bol\u00edvia. Enner Valencia, destaque equatoriano na \u00faltima Copa do Mundo, foi crucial para o resultado do confronto desta sexta.<\/p>\n<blockquote><p>No primeiro tempo, o atacante tentou finalizar contra Corona, mas teve o chute travado e desviado. Bola\u00f1os acompanhou o lance por tr\u00e1s da zaga e aproveitou o gol livre para empurrar \u00e0s redes. O lance foi aos 25min e deu a justa vantagem aos equatorianos, tamanha a superioridade em campo.<\/p><\/blockquote>\n<p>Valencia acertou o p\u00e9 na etapa complementar. Ap\u00f3s um lan\u00e7amento preciso de Bola\u00f1os pelo ch\u00e3o, o camisa 13 do Equador s\u00f3 deslocou Corona para ampliar a vantagem, que foi mantida por pouco tempo. O segundo gol equatoriano saiu aos 11, mas em sete minutos o M\u00e9xico descontou, em cobran\u00e7a de p\u00eanalti de Jim\u00e9nez.<\/p>\n<p>Se o Equador manteve vivas as chances de avan\u00e7ar \u00e0s quartas de final com a vit\u00f3ria, Bol\u00edvia e Chile garantiram antecipadamente a classifica\u00e7\u00e3o, independentemente de quem sair vitorioso no duelo que fecha o Grupo A.<\/p>\n","protected":false},"excerpt":{"rendered":"<p>Equador e M\u00e9xico realizaram na noite desta sexta-feira uma melanc\u00f3lica despedida da Copa Am\u00e9rica no Est\u00e1dio El Teniente. No primeiro confronto da terceira rodada do Grupo A da competi\u00e7\u00e3o, o time treinado por Gustavo Quinteros conseguiu a primeira vit\u00f3ria, por 2 a 1, gra\u00e7as \u00e0 boa atua\u00e7\u00e3o do atacante Enner Valencia e o parceiro Miller [&hellip;]<\/p>\n","protected":false},"author":2,"featured_media":54216,"comment_status":"open","ping_status":"closed","sticky":false,"template":"","format":"standard","meta":{"_acf_changed":false,"footnotes":""},"categories":[19,29],"tags":[],"class_list":["post-54215","post","type-post","status-publish","format-standard","has-post-thumbnail","hentry","category-esportes","category-futebol"],"acf":[],"yoast_head":"<!-- This site is optimized with the Yoast SEO plugin v27.2 - https:\/\/yoast.com\/product\/yoast-seo-wordpress\/ -->\n<title>Equador faz dever de casa, elimina M\u00e9xico e sonha com vaga - Notibras<\/title>\n<meta name=\"robots\" content=\"index, follow, max-snippet:-1, max-image-preview:large, max-video-preview:-1\" \/>\n<link rel=\"canonical\" href=\"https:\/\/www.notibras.com\/site\/equador-faz-dever-de-casa-elimina-mexico-e-sonha-com-vaga\/\" \/>\n<meta property=\"og:locale\" content=\"pt_BR\" \/>\n<meta property=\"og:type\" content=\"article\" \/>\n<meta property=\"og:title\" content=\"Equador faz dever de casa, elimina M\u00e9xico e sonha com vaga - Notibras\" \/>\n<meta property=\"og:description\" content=\"Equador e M\u00e9xico realizaram na noite desta sexta-feira uma melanc\u00f3lica despedida da Copa Am\u00e9rica no Est\u00e1dio El Teniente. No primeiro confronto da terceira rodada do Grupo A da competi\u00e7\u00e3o, o time treinado por Gustavo Quinteros conseguiu a primeira vit\u00f3ria, por 2 a 1, gra\u00e7as \u00e0 boa atua\u00e7\u00e3o do atacante Enner Valencia e o parceiro Miller [&hellip;]\" \/>\n<meta property=\"og:url\" content=\"https:\/\/www.notibras.com\/site\/equador-faz-dever-de-casa-elimina-mexico-e-sonha-com-vaga\/\" \/>\n<meta property=\"og:site_name\" content=\"Notibras\" \/>\n<meta property=\"article:publisher\" content=\"https:\/\/www.facebook.com\/notibras\/\" \/>\n<meta property=\"article:published_time\" content=\"2015-06-20T06:34:53+00:00\" \/>\n<meta property=\"article:modified_time\" content=\"2015-06-20T10:49:52+00:00\" \/>\n<meta property=\"og:image\" content=\"https:\/\/www.notibras.com\/site\/wp-content\/uploads\/2015\/06\/equadorcomemoragolricardomazalanap.jpg\" \/>\n\t<meta property=\"og:image:width\" content=\"940\" \/>\n\t<meta property=\"og:image:height\" content=\"671\" \/>\n\t<meta property=\"og:image:type\" content=\"image\/jpeg\" \/>\n<meta name=\"author\" content=\"Reda\u00e7\u00e3o\" \/>\n<meta name=\"twitter:card\" content=\"summary_large_image\" \/>\n<meta name=\"twitter:creator\" content=\"@Notibras\" \/>\n<meta name=\"twitter:site\" content=\"@Notibras\" \/>\n<meta name=\"twitter:label1\" content=\"Escrito por\" \/>\n\t<meta name=\"twitter:data1\" content=\"Reda\u00e7\u00e3o\" \/>\n\t<meta name=\"twitter:label2\" content=\"Est. tempo de leitura\" \/>\n\t<meta name=\"twitter:data2\" content=\"2 minutos\" \/>\n<script type=\"application\/ld+json\" class=\"yoast-schema-graph\">{\"@context\":\"https:\/\/schema.org\",\"@graph\":[{\"@type\":\"Article\",\"@id\":\"https:\/\/www.notibras.com\/site\/equador-faz-dever-de-casa-elimina-mexico-e-sonha-com-vaga\/#article\",\"isPartOf\":{\"@id\":\"https:\/\/www.notibras.com\/site\/equador-faz-dever-de-casa-elimina-mexico-e-sonha-com-vaga\/\"},\"author\":{\"name\":\"Reda\u00e7\u00e3o\",\"@id\":\"https:\/\/www.notibras.com\/site\/#\/schema\/person\/36ab0979449956132d3e5b517ea76ac8\"},\"headline\":\"Equador faz dever de casa, elimina M\u00e9xico e sonha com vaga\",\"datePublished\":\"2015-06-20T06:34:53+00:00\",\"dateModified\":\"2015-06-20T10:49:52+00:00\",\"mainEntityOfPage\":{\"@id\":\"https:\/\/www.notibras.com\/site\/equador-faz-dever-de-casa-elimina-mexico-e-sonha-com-vaga\/\"},\"wordCount\":349,\"commentCount\":0,\"publisher\":{\"@id\":\"https:\/\/www.notibras.com\/site\/#organization\"},\"image\":{\"@id\":\"https:\/\/www.notibras.com\/site\/equador-faz-dever-de-casa-elimina-mexico-e-sonha-com-vaga\/#primaryimage\"},\"thumbnailUrl\":\"https:\/\/www.notibras.com\/site\/wp-content\/uploads\/2015\/06\/equadorcomemoragolricardomazalanap.jpg\",\"articleSection\":[\"Esportes\",\"Futebol\"],\"inLanguage\":\"pt-BR\",\"potentialAction\":[{\"@type\":\"CommentAction\",\"name\":\"Comment\",\"target\":[\"https:\/\/www.notibras.com\/site\/equador-faz-dever-de-casa-elimina-mexico-e-sonha-com-vaga\/#respond\"]}]},{\"@type\":\"WebPage\",\"@id\":\"https:\/\/www.notibras.com\/site\/equador-faz-dever-de-casa-elimina-mexico-e-sonha-com-vaga\/\",\"url\":\"https:\/\/www.notibras.com\/site\/equador-faz-dever-de-casa-elimina-mexico-e-sonha-com-vaga\/\",\"name\":\"Equador faz dever de casa, elimina M\u00e9xico e sonha com vaga - Notibras\",\"isPartOf\":{\"@id\":\"https:\/\/www.notibras.com\/site\/#website\"},\"primaryImageOfPage\":{\"@id\":\"https:\/\/www.notibras.com\/site\/equador-faz-dever-de-casa-elimina-mexico-e-sonha-com-vaga\/#primaryimage\"},\"image\":{\"@id\":\"https:\/\/www.notibras.com\/site\/equador-faz-dever-de-casa-elimina-mexico-e-sonha-com-vaga\/#primaryimage\"},\"thumbnailUrl\":\"https:\/\/www.notibras.com\/site\/wp-content\/uploads\/2015\/06\/equadorcomemoragolricardomazalanap.jpg\",\"datePublished\":\"2015-06-20T06:34:53+00:00\",\"dateModified\":\"2015-06-20T10:49:52+00:00\",\"breadcrumb\":{\"@id\":\"https:\/\/www.notibras.com\/site\/equador-faz-dever-de-casa-elimina-mexico-e-sonha-com-vaga\/#breadcrumb\"},\"inLanguage\":\"pt-BR\",\"potentialAction\":[{\"@type\":\"ReadAction\",\"target\":[\"https:\/\/www.notibras.com\/site\/equador-faz-dever-de-casa-elimina-mexico-e-sonha-com-vaga\/\"]}]},{\"@type\":\"ImageObject\",\"inLanguage\":\"pt-BR\",\"@id\":\"https:\/\/www.notibras.com\/site\/equador-faz-dever-de-casa-elimina-mexico-e-sonha-com-vaga\/#primaryimage\",\"url\":\"https:\/\/www.notibras.com\/site\/wp-content\/uploads\/2015\/06\/equadorcomemoragolricardomazalanap.jpg\",\"contentUrl\":\"https:\/\/www.notibras.com\/site\/wp-content\/uploads\/2015\/06\/equadorcomemoragolricardomazalanap.jpg\",\"width\":940,\"height\":671},{\"@type\":\"BreadcrumbList\",\"@id\":\"https:\/\/www.notibras.com\/site\/equador-faz-dever-de-casa-elimina-mexico-e-sonha-com-vaga\/#breadcrumb\",\"itemListElement\":[{\"@type\":\"ListItem\",\"position\":1,\"name\":\"In\u00edcio\",\"item\":\"https:\/\/www.notibras.com\/site\/\"},{\"@type\":\"ListItem\",\"position\":2,\"name\":\"Equador faz dever de casa, elimina M\u00e9xico e sonha com vaga\"}]},{\"@type\":\"WebSite\",\"@id\":\"https:\/\/www.notibras.com\/site\/#website\",\"url\":\"https:\/\/www.notibras.com\/site\/\",\"name\":\"Notibras\",\"description\":\"Not\u00edcias de Bras\u00edlia, do Brasil e do Mundo\",\"publisher\":{\"@id\":\"https:\/\/www.notibras.com\/site\/#organization\"},\"potentialAction\":[{\"@type\":\"SearchAction\",\"target\":{\"@type\":\"EntryPoint\",\"urlTemplate\":\"https:\/\/www.notibras.com\/site\/?s={search_term_string}\"},\"query-input\":{\"@type\":\"PropertyValueSpecification\",\"valueRequired\":true,\"valueName\":\"search_term_string\"}}],\"inLanguage\":\"pt-BR\"},{\"@type\":\"Organization\",\"@id\":\"https:\/\/www.notibras.com\/site\/#organization\",\"name\":\"Grupo Notibras de Comunica\u00e7\u00e3o\",\"url\":\"https:\/\/www.notibras.com\/site\/\",\"logo\":{\"@type\":\"ImageObject\",\"inLanguage\":\"pt-BR\",\"@id\":\"https:\/\/www.notibras.com\/site\/#\/schema\/logo\/image\/\",\"url\":\"https:\/\/www.notibras.com\/site\/wp-content\/uploads\/2023\/01\/notibras23.png\",\"contentUrl\":\"https:\/\/www.notibras.com\/site\/wp-content\/uploads\/2023\/01\/notibras23.png\",\"width\":350,\"height\":87,\"caption\":\"Grupo Notibras de Comunica\u00e7\u00e3o\"},\"image\":{\"@id\":\"https:\/\/www.notibras.com\/site\/#\/schema\/logo\/image\/\"},\"sameAs\":[\"https:\/\/www.facebook.com\/notibras\/\",\"https:\/\/x.com\/Notibras\",\"https:\/\/www.instagram.com\/notibras\/\"]},{\"@type\":\"Person\",\"@id\":\"https:\/\/www.notibras.com\/site\/#\/schema\/person\/36ab0979449956132d3e5b517ea76ac8\",\"name\":\"Reda\u00e7\u00e3o\",\"image\":{\"@type\":\"ImageObject\",\"inLanguage\":\"pt-BR\",\"@id\":\"https:\/\/secure.gravatar.com\/avatar\/e0a867bdedb85fd243eadf09663511f96fc81e0720a4a42581f334ad4303aa6b?s=96&d=mm&r=g\",\"url\":\"https:\/\/secure.gravatar.com\/avatar\/e0a867bdedb85fd243eadf09663511f96fc81e0720a4a42581f334ad4303aa6b?s=96&d=mm&r=g\",\"contentUrl\":\"https:\/\/secure.gravatar.com\/avatar\/e0a867bdedb85fd243eadf09663511f96fc81e0720a4a42581f334ad4303aa6b?s=96&d=mm&r=g\",\"caption\":\"Reda\u00e7\u00e3o\"}}]}<\/script>\n<!-- \/ Yoast SEO plugin. -->","yoast_head_json":{"title":"Equador faz dever de casa, elimina M\u00e9xico e sonha com vaga - Notibras","robots":{"index":"index","follow":"follow","max-snippet":"max-snippet:-1","max-image-preview":"max-image-preview:large","max-video-preview":"max-video-preview:-1"},"canonical":"https:\/\/www.notibras.com\/site\/equador-faz-dever-de-casa-elimina-mexico-e-sonha-com-vaga\/","og_locale":"pt_BR","og_type":"article","og_title":"Equador faz dever de casa, elimina M\u00e9xico e sonha com vaga - Notibras","og_description":"Equador e M\u00e9xico realizaram na noite desta sexta-feira uma melanc\u00f3lica despedida da Copa Am\u00e9rica no Est\u00e1dio El Teniente. No primeiro confronto da terceira rodada do Grupo A da competi\u00e7\u00e3o, o time treinado por Gustavo Quinteros conseguiu a primeira vit\u00f3ria, por 2 a 1, gra\u00e7as \u00e0 boa atua\u00e7\u00e3o do atacante Enner Valencia e o parceiro Miller [&hellip;]","og_url":"https:\/\/www.notibras.com\/site\/equador-faz-dever-de-casa-elimina-mexico-e-sonha-com-vaga\/","og_site_name":"Notibras","article_publisher":"https:\/\/www.facebook.com\/notibras\/","article_published_time":"2015-06-20T06:34:53+00:00","article_modified_time":"2015-06-20T10:49:52+00:00","og_image":[{"width":940,"height":671,"url":"https:\/\/www.notibras.com\/site\/wp-content\/uploads\/2015\/06\/equadorcomemoragolricardomazalanap.jpg","type":"image\/jpeg"}],"author":"Reda\u00e7\u00e3o","twitter_card":"summary_large_image","twitter_creator":"@Notibras","twitter_site":"@Notibras","twitter_misc":{"Escrito por":"Reda\u00e7\u00e3o","Est. tempo de leitura":"2 minutos"},"schema":{"@context":"https:\/\/schema.org","@graph":[{"@type":"Article","@id":"https:\/\/www.notibras.com\/site\/equador-faz-dever-de-casa-elimina-mexico-e-sonha-com-vaga\/#article","isPartOf":{"@id":"https:\/\/www.notibras.com\/site\/equador-faz-dever-de-casa-elimina-mexico-e-sonha-com-vaga\/"},"author":{"name":"Reda\u00e7\u00e3o","@id":"https:\/\/www.notibras.com\/site\/#\/schema\/person\/36ab0979449956132d3e5b517ea76ac8"},"headline":"Equador faz dever de casa, elimina M\u00e9xico e sonha com vaga","datePublished":"2015-06-20T06:34:53+00:00","dateModified":"2015-06-20T10:49:52+00:00","mainEntityOfPage":{"@id":"https:\/\/www.notibras.com\/site\/equador-faz-dever-de-casa-elimina-mexico-e-sonha-com-vaga\/"},"wordCount":349,"commentCount":0,"publisher":{"@id":"https:\/\/www.notibras.com\/site\/#organization"},"image":{"@id":"https:\/\/www.notibras.com\/site\/equador-faz-dever-de-casa-elimina-mexico-e-sonha-com-vaga\/#primaryimage"},"thumbnailUrl":"https:\/\/www.notibras.com\/site\/wp-content\/uploads\/2015\/06\/equadorcomemoragolricardomazalanap.jpg","articleSection":["Esportes","Futebol"],"inLanguage":"pt-BR","potentialAction":[{"@type":"CommentAction","name":"Comment","target":["https:\/\/www.notibras.com\/site\/equador-faz-dever-de-casa-elimina-mexico-e-sonha-com-vaga\/#respond"]}]},{"@type":"WebPage","@id":"https:\/\/www.notibras.com\/site\/equador-faz-dever-de-casa-elimina-mexico-e-sonha-com-vaga\/","url":"https:\/\/www.notibras.com\/site\/equador-faz-dever-de-casa-elimina-mexico-e-sonha-com-vaga\/","name":"Equador faz dever de casa, elimina M\u00e9xico e sonha com vaga - Notibras","isPartOf":{"@id":"https:\/\/www.notibras.com\/site\/#website"},"primaryImageOfPage":{"@id":"https:\/\/www.notibras.com\/site\/equador-faz-dever-de-casa-elimina-mexico-e-sonha-com-vaga\/#primaryimage"},"image":{"@id":"https:\/\/www.notibras.com\/site\/equador-faz-dever-de-casa-elimina-mexico-e-sonha-com-vaga\/#primaryimage"},"thumbnailUrl":"https:\/\/www.notibras.com\/site\/wp-content\/uploads\/2015\/06\/equadorcomemoragolricardomazalanap.jpg","datePublished":"2015-06-20T06:34:53+00:00","dateModified":"2015-06-20T10:49:52+00:00","breadcrumb":{"@id":"https:\/\/www.notibras.com\/site\/equador-faz-dever-de-casa-elimina-mexico-e-sonha-com-vaga\/#breadcrumb"},"inLanguage":"pt-BR","potentialAction":[{"@type":"ReadAction","target":["https:\/\/www.notibras.com\/site\/equador-faz-dever-de-casa-elimina-mexico-e-sonha-com-vaga\/"]}]},{"@type":"ImageObject","inLanguage":"pt-BR","@id":"https:\/\/www.notibras.com\/site\/equador-faz-dever-de-casa-elimina-mexico-e-sonha-com-vaga\/#primaryimage","url":"https:\/\/www.notibras.com\/site\/wp-content\/uploads\/2015\/06\/equadorcomemoragolricardomazalanap.jpg","contentUrl":"https:\/\/www.notibras.com\/site\/wp-content\/uploads\/2015\/06\/equadorcomemoragolricardomazalanap.jpg","width":940,"height":671},{"@type":"BreadcrumbList","@id":"https:\/\/www.notibras.com\/site\/equador-faz-dever-de-casa-elimina-mexico-e-sonha-com-vaga\/#breadcrumb","itemListElement":[{"@type":"ListItem","position":1,"name":"In\u00edcio","item":"https:\/\/www.notibras.com\/site\/"},{"@type":"ListItem","position":2,"name":"Equador faz dever de casa, elimina M\u00e9xico e sonha com vaga"}]},{"@type":"WebSite","@id":"https:\/\/www.notibras.com\/site\/#website","url":"https:\/\/www.notibras.com\/site\/","name":"Notibras","description":"Not\u00edcias de Bras\u00edlia, do Brasil e do Mundo","publisher":{"@id":"https:\/\/www.notibras.com\/site\/#organization"},"potentialAction":[{"@type":"SearchAction","target":{"@type":"EntryPoint","urlTemplate":"https:\/\/www.notibras.com\/site\/?s={search_term_string}"},"query-input":{"@type":"PropertyValueSpecification","valueRequired":true,"valueName":"search_term_string"}}],"inLanguage":"pt-BR"},{"@type":"Organization","@id":"https:\/\/www.notibras.com\/site\/#organization","name":"Grupo Notibras de Comunica\u00e7\u00e3o","url":"https:\/\/www.notibras.com\/site\/","logo":{"@type":"ImageObject","inLanguage":"pt-BR","@id":"https:\/\/www.notibras.com\/site\/#\/schema\/logo\/image\/","url":"https:\/\/www.notibras.com\/site\/wp-content\/uploads\/2023\/01\/notibras23.png","contentUrl":"https:\/\/www.notibras.com\/site\/wp-content\/uploads\/2023\/01\/notibras23.png","width":350,"height":87,"caption":"Grupo Notibras de Comunica\u00e7\u00e3o"},"image":{"@id":"https:\/\/www.notibras.com\/site\/#\/schema\/logo\/image\/"},"sameAs":["https:\/\/www.facebook.com\/notibras\/","https:\/\/x.com\/Notibras","https:\/\/www.instagram.com\/notibras\/"]},{"@type":"Person","@id":"https:\/\/www.notibras.com\/site\/#\/schema\/person\/36ab0979449956132d3e5b517ea76ac8","name":"Reda\u00e7\u00e3o","image":{"@type":"ImageObject","inLanguage":"pt-BR","@id":"https:\/\/secure.gravatar.com\/avatar\/e0a867bdedb85fd243eadf09663511f96fc81e0720a4a42581f334ad4303aa6b?s=96&d=mm&r=g","url":"https:\/\/secure.gravatar.com\/avatar\/e0a867bdedb85fd243eadf09663511f96fc81e0720a4a42581f334ad4303aa6b?s=96&d=mm&r=g","contentUrl":"https:\/\/secure.gravatar.com\/avatar\/e0a867bdedb85fd243eadf09663511f96fc81e0720a4a42581f334ad4303aa6b?s=96&d=mm&r=g","caption":"Reda\u00e7\u00e3o"}}]}},"amp_enabled":true,"_links":{"self":[{"href":"https:\/\/www.notibras.com\/site\/wp-json\/wp\/v2\/posts\/54215","targetHints":{"allow":["GET"]}}],"collection":[{"href":"https:\/\/www.notibras.com\/site\/wp-json\/wp\/v2\/posts"}],"about":[{"href":"https:\/\/www.notibras.com\/site\/wp-json\/wp\/v2\/types\/post"}],"author":[{"embeddable":true,"href":"https:\/\/www.notibras.com\/site\/wp-json\/wp\/v2\/users\/2"}],"replies":[{"embeddable":true,"href":"https:\/\/www.notibras.com\/site\/wp-json\/wp\/v2\/comments?post=54215"}],"version-history":[{"count":0,"href":"https:\/\/www.notibras.com\/site\/wp-json\/wp\/v2\/posts\/54215\/revisions"}],"wp:featuredmedia":[{"embeddable":true,"href":"https:\/\/www.notibras.com\/site\/wp-json\/wp\/v2\/media\/54216"}],"wp:attachment":[{"href":"https:\/\/www.notibras.com\/site\/wp-json\/wp\/v2\/media?parent=54215"}],"wp:term":[{"taxonomy":"category","embeddable":true,"href":"https:\/\/www.notibras.com\/site\/wp-json\/wp\/v2\/categories?post=54215"},{"taxonomy":"post_tag","embeddable":true,"href":"https:\/\/www.notibras.com\/site\/wp-json\/wp\/v2\/tags?post=54215"}],"curies":[{"name":"wp","href":"https:\/\/api.w.org\/{rel}","templated":true}]}}