{"id":54218,"date":"2015-06-20T04:39:11","date_gmt":"2015-06-20T07:39:11","guid":{"rendered":"http:\/\/www.notibras.com\/site\/?p=54218"},"modified":"2015-06-20T06:41:11","modified_gmt":"2015-06-20T09:41:11","slug":"chile-massacra-bolivia-e-confirma-favoritismo-na-copa-america","status":"publish","type":"post","link":"https:\/\/www.notibras.com\/site\/chile-massacra-bolivia-e-confirma-favoritismo-na-copa-america\/","title":{"rendered":"Chile massacra Bol\u00edvia e confirma favoritismo na Copa Am\u00e9rica"},"content":{"rendered":"<p>Chile e Bol\u00edvia entraram em campo j\u00e1 classificados \u00e0s quartas de final da Copa Am\u00e9rica. Mas se engana quem pensou que isso faria com que os donos da casa jogassem com menos intensidade nesta sexta-feira. Querendo fazer bonito para os mais de 45 mil torcedores que lotaram o Est\u00e1dio Nacional, em Santiago, os comandados por Jorge Sampaoli n\u00e3o diminu\u00edram o ritmo e golearam com muita facilidade: 5 a 0. Ar\u00e1nguiz, duas vezes, S\u00e1nchez, que desencantou, Medel e Ronald Rald\u00e9s, contra, definiram a vit\u00f3ria chilena. Confira todos os detalhes do confronto aqui.<\/p>\n<p>O resultado positivo garantiu o Chile na primeira posi\u00e7\u00e3o do Grupo A, com sete pontos, tr\u00eas a mais que a Bol\u00edvia, que ficou com o segundo lugar. O Equador, com o triunfo sobre o M\u00e9xico, acabou em terceiro, com tr\u00eas pontos, precisando de uma combina\u00e7\u00e3o de resultados para avan\u00e7ar. J\u00e1 os mexicanos, com apenas dois empates, est\u00e3o eliminados.<\/p>\n<p>O Chile fez, sem d\u00favida, os melhores 45 minutos da Copa Am\u00e9rica. Dominante, n\u00e3o deu chances aos bolivianos. Manteve a bola longe da inst\u00e1vel defesa e, com muita habilidade, acertou boas trocas de passe para sufocar a Bol\u00edvia e abrir grande vantagem na etapa inicial. E nem precisou de muito tempo. Com apenas dois minutos, Ar\u00e1nguiz, volante do Internacional, abriu o placar em belo chute cruzado. A press\u00e3o continuou e, j\u00e1 na parte final, os donos da casa ampliaram: Valdivia deu assist\u00eancia e S\u00e1nchez acertou um peixinho para marcar pela primeira vez na Copa Am\u00e9rica.<\/p>\n<p>J\u00e1 classificado e praticamente com o primeiro lugar garantido, Sampaoli fez altera\u00e7\u00f5es visando poupar os principais atletas e evitar uma suspens\u00e3o para a pr\u00f3xima fase da competi\u00e7\u00e3o. Ele tirou Sanch\u00e9z, que havia sentido um desconforto muscular nos \u00faltimos dias, e Arturo Vidal, que sofreu um acidente de tr\u00e2nsito na semana, foi preso, mas perdoado e escalado. O craque, por\u00e9m, estava pendurado, e o t\u00e9cnico preferiu n\u00e3o arriscar.<\/p>\n<p>Com Angelo Henr\u00edquez e Mat\u00edas Fern\u00e1ndez, o Chile tirou um pouco o p\u00e9, mas era s\u00f3 se lan\u00e7ar ao ataque que encontrava brechas com facilidade. E n\u00e3o demorou para ampliar e transformar o placar em goleada. Ap\u00f3s receber de Fernand\u00e9z, Henr\u00edquez cruzou rasteiro e Ar\u00e1nguiz, na segunda trave, s\u00f3 completou. No outro lance crucial, Valdivia, que j\u00e1 havia dado assist\u00eancia para o gol de S\u00e1nchez, acertou lan\u00e7amento para o zagueiro Medel, que dominou no peito e marcou de cobertura. Mais tarde, Rald\u00e9s, contra, deu n\u00fameros finais ao placar.<\/p>\n<blockquote><p>Agora, o Chile aguarda a defini\u00e7\u00e3o dos outros grupos para saber quem ser\u00e1 o advers\u00e1rio nas quartas de final da Copa Am\u00e9rica. Como avan\u00e7ou em primeiro, os donos da casa pegar\u00e3o o melhor terceiro colocado, na pr\u00f3xima quarta, \u00e0s 20h30 (de Bras\u00edlia), em Santiago. J\u00e1 a Bol\u00edvia enfrentar\u00e1 o segundo colocado do Grupo B, no qual Argentina, Paraguai e Uruguai ainda disputam vaga. Essa partida ser\u00e1 na quinta, tamb\u00e9m \u00e0s 20h30, mas em Temuco.<\/p><\/blockquote>\n","protected":false},"excerpt":{"rendered":"<p>Chile e Bol\u00edvia entraram em campo j\u00e1 classificados \u00e0s quartas de final da Copa Am\u00e9rica. Mas se engana quem pensou que isso faria com que os donos da casa jogassem com menos intensidade nesta sexta-feira. Querendo fazer bonito para os mais de 45 mil torcedores que lotaram o Est\u00e1dio Nacional, em Santiago, os comandados por [&hellip;]<\/p>\n","protected":false},"author":2,"featured_media":54219,"comment_status":"open","ping_status":"closed","sticky":false,"template":"","format":"standard","meta":{"_acf_changed":false,"footnotes":""},"categories":[19,29],"tags":[],"class_list":["post-54218","post","type-post","status-publish","format-standard","has-post-thumbnail","hentry","category-esportes","category-futebol"],"acf":[],"yoast_head":"<!-- This site is optimized with the Yoast SEO plugin v27.2 - https:\/\/yoast.com\/product\/yoast-seo-wordpress\/ -->\n<title>Chile massacra Bol\u00edvia e confirma favoritismo na Copa Am\u00e9rica - Notibras<\/title>\n<meta name=\"robots\" content=\"index, follow, max-snippet:-1, max-image-preview:large, max-video-preview:-1\" \/>\n<link rel=\"canonical\" href=\"https:\/\/www.notibras.com\/site\/chile-massacra-bolivia-e-confirma-favoritismo-na-copa-america\/\" \/>\n<meta property=\"og:locale\" content=\"pt_BR\" \/>\n<meta property=\"og:type\" content=\"article\" \/>\n<meta property=\"og:title\" content=\"Chile massacra Bol\u00edvia e confirma favoritismo na Copa Am\u00e9rica - Notibras\" \/>\n<meta property=\"og:description\" content=\"Chile e Bol\u00edvia entraram em campo j\u00e1 classificados \u00e0s quartas de final da Copa Am\u00e9rica. Mas se engana quem pensou que isso faria com que os donos da casa jogassem com menos intensidade nesta sexta-feira. Querendo fazer bonito para os mais de 45 mil torcedores que lotaram o Est\u00e1dio Nacional, em Santiago, os comandados por [&hellip;]\" \/>\n<meta property=\"og:url\" content=\"https:\/\/www.notibras.com\/site\/chile-massacra-bolivia-e-confirma-favoritismo-na-copa-america\/\" \/>\n<meta property=\"og:site_name\" content=\"Notibras\" \/>\n<meta property=\"article:publisher\" content=\"https:\/\/www.facebook.com\/notibras\/\" \/>\n<meta property=\"article:published_time\" content=\"2015-06-20T07:39:11+00:00\" \/>\n<meta property=\"article:modified_time\" content=\"2015-06-20T09:41:11+00:00\" \/>\n<meta property=\"og:image\" content=\"https:\/\/www.notibras.com\/site\/wp-content\/uploads\/2015\/06\/chilefestagoljorgesaenzap.jpg\" \/>\n\t<meta property=\"og:image:width\" content=\"940\" \/>\n\t<meta property=\"og:image:height\" content=\"626\" \/>\n\t<meta property=\"og:image:type\" content=\"image\/jpeg\" \/>\n<meta name=\"author\" content=\"Reda\u00e7\u00e3o\" \/>\n<meta name=\"twitter:card\" content=\"summary_large_image\" \/>\n<meta name=\"twitter:creator\" content=\"@Notibras\" \/>\n<meta name=\"twitter:site\" content=\"@Notibras\" \/>\n<meta name=\"twitter:label1\" content=\"Escrito por\" \/>\n\t<meta name=\"twitter:data1\" content=\"Reda\u00e7\u00e3o\" \/>\n\t<meta name=\"twitter:label2\" content=\"Est. tempo de leitura\" \/>\n\t<meta name=\"twitter:data2\" content=\"3 minutos\" \/>\n<script type=\"application\/ld+json\" class=\"yoast-schema-graph\">{\"@context\":\"https:\/\/schema.org\",\"@graph\":[{\"@type\":\"Article\",\"@id\":\"https:\/\/www.notibras.com\/site\/chile-massacra-bolivia-e-confirma-favoritismo-na-copa-america\/#article\",\"isPartOf\":{\"@id\":\"https:\/\/www.notibras.com\/site\/chile-massacra-bolivia-e-confirma-favoritismo-na-copa-america\/\"},\"author\":{\"name\":\"Reda\u00e7\u00e3o\",\"@id\":\"https:\/\/www.notibras.com\/site\/#\/schema\/person\/36ab0979449956132d3e5b517ea76ac8\"},\"headline\":\"Chile massacra Bol\u00edvia e confirma favoritismo na Copa Am\u00e9rica\",\"datePublished\":\"2015-06-20T07:39:11+00:00\",\"dateModified\":\"2015-06-20T09:41:11+00:00\",\"mainEntityOfPage\":{\"@id\":\"https:\/\/www.notibras.com\/site\/chile-massacra-bolivia-e-confirma-favoritismo-na-copa-america\/\"},\"wordCount\":539,\"commentCount\":0,\"publisher\":{\"@id\":\"https:\/\/www.notibras.com\/site\/#organization\"},\"image\":{\"@id\":\"https:\/\/www.notibras.com\/site\/chile-massacra-bolivia-e-confirma-favoritismo-na-copa-america\/#primaryimage\"},\"thumbnailUrl\":\"https:\/\/www.notibras.com\/site\/wp-content\/uploads\/2015\/06\/chilefestagoljorgesaenzap.jpg\",\"articleSection\":[\"Esportes\",\"Futebol\"],\"inLanguage\":\"pt-BR\",\"potentialAction\":[{\"@type\":\"CommentAction\",\"name\":\"Comment\",\"target\":[\"https:\/\/www.notibras.com\/site\/chile-massacra-bolivia-e-confirma-favoritismo-na-copa-america\/#respond\"]}]},{\"@type\":\"WebPage\",\"@id\":\"https:\/\/www.notibras.com\/site\/chile-massacra-bolivia-e-confirma-favoritismo-na-copa-america\/\",\"url\":\"https:\/\/www.notibras.com\/site\/chile-massacra-bolivia-e-confirma-favoritismo-na-copa-america\/\",\"name\":\"Chile massacra Bol\u00edvia e confirma favoritismo na Copa Am\u00e9rica - Notibras\",\"isPartOf\":{\"@id\":\"https:\/\/www.notibras.com\/site\/#website\"},\"primaryImageOfPage\":{\"@id\":\"https:\/\/www.notibras.com\/site\/chile-massacra-bolivia-e-confirma-favoritismo-na-copa-america\/#primaryimage\"},\"image\":{\"@id\":\"https:\/\/www.notibras.com\/site\/chile-massacra-bolivia-e-confirma-favoritismo-na-copa-america\/#primaryimage\"},\"thumbnailUrl\":\"https:\/\/www.notibras.com\/site\/wp-content\/uploads\/2015\/06\/chilefestagoljorgesaenzap.jpg\",\"datePublished\":\"2015-06-20T07:39:11+00:00\",\"dateModified\":\"2015-06-20T09:41:11+00:00\",\"breadcrumb\":{\"@id\":\"https:\/\/www.notibras.com\/site\/chile-massacra-bolivia-e-confirma-favoritismo-na-copa-america\/#breadcrumb\"},\"inLanguage\":\"pt-BR\",\"potentialAction\":[{\"@type\":\"ReadAction\",\"target\":[\"https:\/\/www.notibras.com\/site\/chile-massacra-bolivia-e-confirma-favoritismo-na-copa-america\/\"]}]},{\"@type\":\"ImageObject\",\"inLanguage\":\"pt-BR\",\"@id\":\"https:\/\/www.notibras.com\/site\/chile-massacra-bolivia-e-confirma-favoritismo-na-copa-america\/#primaryimage\",\"url\":\"https:\/\/www.notibras.com\/site\/wp-content\/uploads\/2015\/06\/chilefestagoljorgesaenzap.jpg\",\"contentUrl\":\"https:\/\/www.notibras.com\/site\/wp-content\/uploads\/2015\/06\/chilefestagoljorgesaenzap.jpg\",\"width\":940,\"height\":626},{\"@type\":\"BreadcrumbList\",\"@id\":\"https:\/\/www.notibras.com\/site\/chile-massacra-bolivia-e-confirma-favoritismo-na-copa-america\/#breadcrumb\",\"itemListElement\":[{\"@type\":\"ListItem\",\"position\":1,\"name\":\"In\u00edcio\",\"item\":\"https:\/\/www.notibras.com\/site\/\"},{\"@type\":\"ListItem\",\"position\":2,\"name\":\"Chile massacra Bol\u00edvia e confirma favoritismo na Copa Am\u00e9rica\"}]},{\"@type\":\"WebSite\",\"@id\":\"https:\/\/www.notibras.com\/site\/#website\",\"url\":\"https:\/\/www.notibras.com\/site\/\",\"name\":\"Notibras\",\"description\":\"Not\u00edcias de Bras\u00edlia, do Brasil e do Mundo\",\"publisher\":{\"@id\":\"https:\/\/www.notibras.com\/site\/#organization\"},\"potentialAction\":[{\"@type\":\"SearchAction\",\"target\":{\"@type\":\"EntryPoint\",\"urlTemplate\":\"https:\/\/www.notibras.com\/site\/?s={search_term_string}\"},\"query-input\":{\"@type\":\"PropertyValueSpecification\",\"valueRequired\":true,\"valueName\":\"search_term_string\"}}],\"inLanguage\":\"pt-BR\"},{\"@type\":\"Organization\",\"@id\":\"https:\/\/www.notibras.com\/site\/#organization\",\"name\":\"Grupo Notibras de Comunica\u00e7\u00e3o\",\"url\":\"https:\/\/www.notibras.com\/site\/\",\"logo\":{\"@type\":\"ImageObject\",\"inLanguage\":\"pt-BR\",\"@id\":\"https:\/\/www.notibras.com\/site\/#\/schema\/logo\/image\/\",\"url\":\"https:\/\/www.notibras.com\/site\/wp-content\/uploads\/2023\/01\/notibras23.png\",\"contentUrl\":\"https:\/\/www.notibras.com\/site\/wp-content\/uploads\/2023\/01\/notibras23.png\",\"width\":350,\"height\":87,\"caption\":\"Grupo Notibras de Comunica\u00e7\u00e3o\"},\"image\":{\"@id\":\"https:\/\/www.notibras.com\/site\/#\/schema\/logo\/image\/\"},\"sameAs\":[\"https:\/\/www.facebook.com\/notibras\/\",\"https:\/\/x.com\/Notibras\",\"https:\/\/www.instagram.com\/notibras\/\"]},{\"@type\":\"Person\",\"@id\":\"https:\/\/www.notibras.com\/site\/#\/schema\/person\/36ab0979449956132d3e5b517ea76ac8\",\"name\":\"Reda\u00e7\u00e3o\",\"image\":{\"@type\":\"ImageObject\",\"inLanguage\":\"pt-BR\",\"@id\":\"https:\/\/secure.gravatar.com\/avatar\/e0a867bdedb85fd243eadf09663511f96fc81e0720a4a42581f334ad4303aa6b?s=96&d=mm&r=g\",\"url\":\"https:\/\/secure.gravatar.com\/avatar\/e0a867bdedb85fd243eadf09663511f96fc81e0720a4a42581f334ad4303aa6b?s=96&d=mm&r=g\",\"contentUrl\":\"https:\/\/secure.gravatar.com\/avatar\/e0a867bdedb85fd243eadf09663511f96fc81e0720a4a42581f334ad4303aa6b?s=96&d=mm&r=g\",\"caption\":\"Reda\u00e7\u00e3o\"}}]}<\/script>\n<!-- \/ Yoast SEO plugin. -->","yoast_head_json":{"title":"Chile massacra Bol\u00edvia e confirma favoritismo na Copa Am\u00e9rica - Notibras","robots":{"index":"index","follow":"follow","max-snippet":"max-snippet:-1","max-image-preview":"max-image-preview:large","max-video-preview":"max-video-preview:-1"},"canonical":"https:\/\/www.notibras.com\/site\/chile-massacra-bolivia-e-confirma-favoritismo-na-copa-america\/","og_locale":"pt_BR","og_type":"article","og_title":"Chile massacra Bol\u00edvia e confirma favoritismo na Copa Am\u00e9rica - Notibras","og_description":"Chile e Bol\u00edvia entraram em campo j\u00e1 classificados \u00e0s quartas de final da Copa Am\u00e9rica. Mas se engana quem pensou que isso faria com que os donos da casa jogassem com menos intensidade nesta sexta-feira. Querendo fazer bonito para os mais de 45 mil torcedores que lotaram o Est\u00e1dio Nacional, em Santiago, os comandados por [&hellip;]","og_url":"https:\/\/www.notibras.com\/site\/chile-massacra-bolivia-e-confirma-favoritismo-na-copa-america\/","og_site_name":"Notibras","article_publisher":"https:\/\/www.facebook.com\/notibras\/","article_published_time":"2015-06-20T07:39:11+00:00","article_modified_time":"2015-06-20T09:41:11+00:00","og_image":[{"width":940,"height":626,"url":"https:\/\/www.notibras.com\/site\/wp-content\/uploads\/2015\/06\/chilefestagoljorgesaenzap.jpg","type":"image\/jpeg"}],"author":"Reda\u00e7\u00e3o","twitter_card":"summary_large_image","twitter_creator":"@Notibras","twitter_site":"@Notibras","twitter_misc":{"Escrito por":"Reda\u00e7\u00e3o","Est. tempo de leitura":"3 minutos"},"schema":{"@context":"https:\/\/schema.org","@graph":[{"@type":"Article","@id":"https:\/\/www.notibras.com\/site\/chile-massacra-bolivia-e-confirma-favoritismo-na-copa-america\/#article","isPartOf":{"@id":"https:\/\/www.notibras.com\/site\/chile-massacra-bolivia-e-confirma-favoritismo-na-copa-america\/"},"author":{"name":"Reda\u00e7\u00e3o","@id":"https:\/\/www.notibras.com\/site\/#\/schema\/person\/36ab0979449956132d3e5b517ea76ac8"},"headline":"Chile massacra Bol\u00edvia e confirma favoritismo na Copa Am\u00e9rica","datePublished":"2015-06-20T07:39:11+00:00","dateModified":"2015-06-20T09:41:11+00:00","mainEntityOfPage":{"@id":"https:\/\/www.notibras.com\/site\/chile-massacra-bolivia-e-confirma-favoritismo-na-copa-america\/"},"wordCount":539,"commentCount":0,"publisher":{"@id":"https:\/\/www.notibras.com\/site\/#organization"},"image":{"@id":"https:\/\/www.notibras.com\/site\/chile-massacra-bolivia-e-confirma-favoritismo-na-copa-america\/#primaryimage"},"thumbnailUrl":"https:\/\/www.notibras.com\/site\/wp-content\/uploads\/2015\/06\/chilefestagoljorgesaenzap.jpg","articleSection":["Esportes","Futebol"],"inLanguage":"pt-BR","potentialAction":[{"@type":"CommentAction","name":"Comment","target":["https:\/\/www.notibras.com\/site\/chile-massacra-bolivia-e-confirma-favoritismo-na-copa-america\/#respond"]}]},{"@type":"WebPage","@id":"https:\/\/www.notibras.com\/site\/chile-massacra-bolivia-e-confirma-favoritismo-na-copa-america\/","url":"https:\/\/www.notibras.com\/site\/chile-massacra-bolivia-e-confirma-favoritismo-na-copa-america\/","name":"Chile massacra Bol\u00edvia e confirma favoritismo na Copa Am\u00e9rica - Notibras","isPartOf":{"@id":"https:\/\/www.notibras.com\/site\/#website"},"primaryImageOfPage":{"@id":"https:\/\/www.notibras.com\/site\/chile-massacra-bolivia-e-confirma-favoritismo-na-copa-america\/#primaryimage"},"image":{"@id":"https:\/\/www.notibras.com\/site\/chile-massacra-bolivia-e-confirma-favoritismo-na-copa-america\/#primaryimage"},"thumbnailUrl":"https:\/\/www.notibras.com\/site\/wp-content\/uploads\/2015\/06\/chilefestagoljorgesaenzap.jpg","datePublished":"2015-06-20T07:39:11+00:00","dateModified":"2015-06-20T09:41:11+00:00","breadcrumb":{"@id":"https:\/\/www.notibras.com\/site\/chile-massacra-bolivia-e-confirma-favoritismo-na-copa-america\/#breadcrumb"},"inLanguage":"pt-BR","potentialAction":[{"@type":"ReadAction","target":["https:\/\/www.notibras.com\/site\/chile-massacra-bolivia-e-confirma-favoritismo-na-copa-america\/"]}]},{"@type":"ImageObject","inLanguage":"pt-BR","@id":"https:\/\/www.notibras.com\/site\/chile-massacra-bolivia-e-confirma-favoritismo-na-copa-america\/#primaryimage","url":"https:\/\/www.notibras.com\/site\/wp-content\/uploads\/2015\/06\/chilefestagoljorgesaenzap.jpg","contentUrl":"https:\/\/www.notibras.com\/site\/wp-content\/uploads\/2015\/06\/chilefestagoljorgesaenzap.jpg","width":940,"height":626},{"@type":"BreadcrumbList","@id":"https:\/\/www.notibras.com\/site\/chile-massacra-bolivia-e-confirma-favoritismo-na-copa-america\/#breadcrumb","itemListElement":[{"@type":"ListItem","position":1,"name":"In\u00edcio","item":"https:\/\/www.notibras.com\/site\/"},{"@type":"ListItem","position":2,"name":"Chile massacra Bol\u00edvia e confirma favoritismo na Copa Am\u00e9rica"}]},{"@type":"WebSite","@id":"https:\/\/www.notibras.com\/site\/#website","url":"https:\/\/www.notibras.com\/site\/","name":"Notibras","description":"Not\u00edcias de Bras\u00edlia, do Brasil e do Mundo","publisher":{"@id":"https:\/\/www.notibras.com\/site\/#organization"},"potentialAction":[{"@type":"SearchAction","target":{"@type":"EntryPoint","urlTemplate":"https:\/\/www.notibras.com\/site\/?s={search_term_string}"},"query-input":{"@type":"PropertyValueSpecification","valueRequired":true,"valueName":"search_term_string"}}],"inLanguage":"pt-BR"},{"@type":"Organization","@id":"https:\/\/www.notibras.com\/site\/#organization","name":"Grupo Notibras de Comunica\u00e7\u00e3o","url":"https:\/\/www.notibras.com\/site\/","logo":{"@type":"ImageObject","inLanguage":"pt-BR","@id":"https:\/\/www.notibras.com\/site\/#\/schema\/logo\/image\/","url":"https:\/\/www.notibras.com\/site\/wp-content\/uploads\/2023\/01\/notibras23.png","contentUrl":"https:\/\/www.notibras.com\/site\/wp-content\/uploads\/2023\/01\/notibras23.png","width":350,"height":87,"caption":"Grupo Notibras de Comunica\u00e7\u00e3o"},"image":{"@id":"https:\/\/www.notibras.com\/site\/#\/schema\/logo\/image\/"},"sameAs":["https:\/\/www.facebook.com\/notibras\/","https:\/\/x.com\/Notibras","https:\/\/www.instagram.com\/notibras\/"]},{"@type":"Person","@id":"https:\/\/www.notibras.com\/site\/#\/schema\/person\/36ab0979449956132d3e5b517ea76ac8","name":"Reda\u00e7\u00e3o","image":{"@type":"ImageObject","inLanguage":"pt-BR","@id":"https:\/\/secure.gravatar.com\/avatar\/e0a867bdedb85fd243eadf09663511f96fc81e0720a4a42581f334ad4303aa6b?s=96&d=mm&r=g","url":"https:\/\/secure.gravatar.com\/avatar\/e0a867bdedb85fd243eadf09663511f96fc81e0720a4a42581f334ad4303aa6b?s=96&d=mm&r=g","contentUrl":"https:\/\/secure.gravatar.com\/avatar\/e0a867bdedb85fd243eadf09663511f96fc81e0720a4a42581f334ad4303aa6b?s=96&d=mm&r=g","caption":"Reda\u00e7\u00e3o"}}]}},"amp_enabled":true,"_links":{"self":[{"href":"https:\/\/www.notibras.com\/site\/wp-json\/wp\/v2\/posts\/54218","targetHints":{"allow":["GET"]}}],"collection":[{"href":"https:\/\/www.notibras.com\/site\/wp-json\/wp\/v2\/posts"}],"about":[{"href":"https:\/\/www.notibras.com\/site\/wp-json\/wp\/v2\/types\/post"}],"author":[{"embeddable":true,"href":"https:\/\/www.notibras.com\/site\/wp-json\/wp\/v2\/users\/2"}],"replies":[{"embeddable":true,"href":"https:\/\/www.notibras.com\/site\/wp-json\/wp\/v2\/comments?post=54218"}],"version-history":[{"count":0,"href":"https:\/\/www.notibras.com\/site\/wp-json\/wp\/v2\/posts\/54218\/revisions"}],"wp:featuredmedia":[{"embeddable":true,"href":"https:\/\/www.notibras.com\/site\/wp-json\/wp\/v2\/media\/54219"}],"wp:attachment":[{"href":"https:\/\/www.notibras.com\/site\/wp-json\/wp\/v2\/media?parent=54218"}],"wp:term":[{"taxonomy":"category","embeddable":true,"href":"https:\/\/www.notibras.com\/site\/wp-json\/wp\/v2\/categories?post=54218"},{"taxonomy":"post_tag","embeddable":true,"href":"https:\/\/www.notibras.com\/site\/wp-json\/wp\/v2\/tags?post=54218"}],"curies":[{"name":"wp","href":"https:\/\/api.w.org\/{rel}","templated":true}]}}