{"id":54237,"date":"2015-06-20T07:13:12","date_gmt":"2015-06-20T10:13:12","guid":{"rendered":"http:\/\/www.notibras.com\/site\/?p=54237"},"modified":"2015-06-20T07:13:12","modified_gmt":"2015-06-20T10:13:12","slug":"historia-da-sociedade-nao-se-escreve-sem-o-uso-de-biografias","status":"publish","type":"post","link":"https:\/\/www.notibras.com\/site\/historia-da-sociedade-nao-se-escreve-sem-o-uso-de-biografias\/","title":{"rendered":"Hist\u00f3ria da sociedade n\u00e3o se escreve sem o uso de biografias"},"content":{"rendered":"<p>Derrotando, em sess\u00e3o do dia 10 de junho, por 9&#215;0, a exig\u00eancia de autoriza\u00e7\u00e3o pr\u00e9via para a escrita de biografias, o STF nos consolou um pouco da goleada de 7&#215;1 sofrida pela sele\u00e7\u00e3o na \u00faltima copa.<\/p>\n<p>Fracassados no futebol, \u00e9 bom saber que ainda nos restam algumas raz\u00f5es de orgulho p\u00e1trio. A decis\u00e3o encerrou uma luta acirrada dos defensores da liberdade de express\u00e3o, esse baluarte das rep\u00fablicas democr\u00e1ticas, contra seus inimigos.<\/p>\n<p>Escrevi uma biografia de D. Pedro II. Toquei em temas delicados que diziam respeito \u00e0 vida privada do imperador e a sua imagem p\u00fablica. Embora membros da fam\u00edlia imperial, herdeiros de D. Pedro, tivessem conhecimento do conte\u00fado da obra, em nenhum momento fui por eles questionado, instado a fazer modifica\u00e7\u00f5es, ou processado, nem antes nem depois da publica\u00e7\u00e3o.<\/p>\n<p>O imperador certamente teria aprovado a postura de seus descendentes. Nunca chefe de Estado entre n\u00f3s foi mais claro e intransigente na defesa da liberdade de express\u00e3o. Ficou c\u00e9lebre sua resposta aos que lhe cobravam rea\u00e7\u00e3o diante das cr\u00edticas \u00e0s vezes virulentas e pessoais que se lhe faziam: quem controla a imprensa \u00e9 a pr\u00f3pria imprensa, disse ele. N\u00e3o pod\u00edamos regredir a tempos anteriores ao Imp\u00e9rio.<\/p>\n<p>Sou historiador. Biografias constituem parte do campo da historiografia. Mais ainda, a hist\u00f3ria n\u00e3o pode ser escrita sem a biografia, isto \u00e9, sem aten\u00e7\u00e3o \u00e0 vida daqueles que ajudam a constru\u00ed-la. O estudo da vida de protagonistas da hist\u00f3ria e mesmo, e cada vez mais, de simples cidad\u00e3os, voltou a ser instrumento indispens\u00e1vel ao conhecimento de uma \u00e9poca hist\u00f3rica, em suas dimens\u00f5es pol\u00edtica, social e cultural.<\/p>\n<p>Para serem confi\u00e1veis, hist\u00f3ria e biografia dependem das mesmas quatro liberdades: liberdade de acesso \u00e0s fontes, liberdade de interpreta\u00e7\u00e3o, liberdade de escrita e liberdade de publica\u00e7\u00e3o.<\/p>\n<p>Submeter a escrita de biografias a censura pr\u00e9via \u00e9 desmoraliz\u00e1-las. \u00c9 torn\u00e1-las autobiografias terceirizadas ou press releases do biografado. \u00c9 tornar o leitor e o cidad\u00e3o v\u00edtimas de uma fraude de que n\u00e3o se podem defender.<\/p>\n<p>Em \u00faltima inst\u00e2ncia, a censura pr\u00e9via de biografias, e por extens\u00e3o, da escrita da hist\u00f3ria, priva o leitor e o cidad\u00e3o do acesso ao conhecimento de suas pr\u00f3prias sociedades. Se algo constitui patrim\u00f4nio p\u00fablico de um povo, de cuja defesa trata o artigo 129 da Constitui\u00e7\u00e3o brasileira em seu inciso III, \u00e9 o conhecimento de sua pr\u00f3pria hist\u00f3ria.<\/p>\n<blockquote><p>A defesa da censura pr\u00e9via por parte das chamadas pessoas p\u00fablicas, al\u00e9m de inconstitucional, \u00e9 incoerente. Essas pessoas s\u00e3o p\u00fablicas porque optaram por uma vida p\u00fablica, na pol\u00edtica, nas artes, nos esportes, na m\u00eddia, nas redes sociais. Elas vivem do apoio do p\u00fablico, dos eleitores, dos leitores, dos seguidores, dos espectadores, dos consumidores.<\/p><\/blockquote>\n<p>Ora, viver do p\u00fablico, cortejar o p\u00fablico e, ao mesmo tempo, priv\u00e1-lo da liberdade de se manifestar sobre elas, inclusive sobre suas vidas privadas, servir-se do p\u00fablico e n\u00e3o querer servir o p\u00fablico, constitui incoer\u00eancia, al\u00e9m de revelar vis\u00e3o tosca de posi\u00e7\u00e3o que ocupam na sociedade.<\/p>\n<p>No caso dos artistas, essa vis\u00e3o amesquinha o pr\u00f3prio papel social que representam e que os torna parte integrante da cultura nacional. A decis\u00e3o un\u00e2nime do STF nos rep\u00f5e no caminho da rep\u00fablica e da democracia, ainda t\u00e3o maltratadas entre n\u00f3s.<\/p>\n<p><strong>Jos\u00e9 Murilo de Carvalho<\/strong><\/p>\n","protected":false},"excerpt":{"rendered":"<p>Derrotando, em sess\u00e3o do dia 10 de junho, por 9&#215;0, a exig\u00eancia de autoriza\u00e7\u00e3o pr\u00e9via para a escrita de biografias, o STF nos consolou um pouco da goleada de 7&#215;1 sofrida pela sele\u00e7\u00e3o na \u00faltima copa. Fracassados no futebol, \u00e9 bom saber que ainda nos restam algumas raz\u00f5es de orgulho p\u00e1trio. A decis\u00e3o encerrou uma [&hellip;]<\/p>\n","protected":false},"author":2,"featured_media":54238,"comment_status":"open","ping_status":"closed","sticky":false,"template":"","format":"standard","meta":{"_acf_changed":false,"footnotes":""},"categories":[25],"tags":[],"class_list":["post-54237","post","type-post","status-publish","format-standard","has-post-thumbnail","hentry","category-opina-ai"],"acf":[],"yoast_head":"<!-- This site is optimized with the Yoast SEO plugin v27.2 - https:\/\/yoast.com\/product\/yoast-seo-wordpress\/ -->\n<title>Hist\u00f3ria da sociedade n\u00e3o se escreve sem o uso de biografias - Notibras<\/title>\n<meta name=\"robots\" content=\"index, follow, max-snippet:-1, max-image-preview:large, max-video-preview:-1\" \/>\n<link rel=\"canonical\" href=\"https:\/\/www.notibras.com\/site\/historia-da-sociedade-nao-se-escreve-sem-o-uso-de-biografias\/\" \/>\n<meta property=\"og:locale\" content=\"pt_BR\" \/>\n<meta property=\"og:type\" content=\"article\" \/>\n<meta property=\"og:title\" content=\"Hist\u00f3ria da sociedade n\u00e3o se escreve sem o uso de biografias - Notibras\" \/>\n<meta property=\"og:description\" content=\"Derrotando, em sess\u00e3o do dia 10 de junho, por 9&#215;0, a exig\u00eancia de autoriza\u00e7\u00e3o pr\u00e9via para a escrita de biografias, o STF nos consolou um pouco da goleada de 7&#215;1 sofrida pela sele\u00e7\u00e3o na \u00faltima copa. Fracassados no futebol, \u00e9 bom saber que ainda nos restam algumas raz\u00f5es de orgulho p\u00e1trio. A decis\u00e3o encerrou uma [&hellip;]\" \/>\n<meta property=\"og:url\" content=\"https:\/\/www.notibras.com\/site\/historia-da-sociedade-nao-se-escreve-sem-o-uso-de-biografias\/\" \/>\n<meta property=\"og:site_name\" content=\"Notibras\" \/>\n<meta property=\"article:publisher\" content=\"https:\/\/www.facebook.com\/notibras\/\" \/>\n<meta property=\"article:published_time\" content=\"2015-06-20T10:13:12+00:00\" \/>\n<meta property=\"og:image\" content=\"https:\/\/www.notibras.com\/site\/wp-content\/uploads\/2015\/06\/biografia-autorizada2.jpg\" \/>\n\t<meta property=\"og:image:width\" content=\"1024\" \/>\n\t<meta property=\"og:image:height\" content=\"680\" \/>\n\t<meta property=\"og:image:type\" content=\"image\/jpeg\" \/>\n<meta name=\"author\" content=\"Reda\u00e7\u00e3o\" \/>\n<meta name=\"twitter:card\" content=\"summary_large_image\" \/>\n<meta name=\"twitter:creator\" content=\"@Notibras\" \/>\n<meta name=\"twitter:site\" content=\"@Notibras\" \/>\n<meta name=\"twitter:label1\" content=\"Escrito por\" \/>\n\t<meta name=\"twitter:data1\" content=\"Reda\u00e7\u00e3o\" \/>\n\t<meta name=\"twitter:label2\" content=\"Est. tempo de leitura\" \/>\n\t<meta name=\"twitter:data2\" content=\"3 minutos\" \/>\n<script type=\"application\/ld+json\" class=\"yoast-schema-graph\">{\"@context\":\"https:\/\/schema.org\",\"@graph\":[{\"@type\":\"Article\",\"@id\":\"https:\/\/www.notibras.com\/site\/historia-da-sociedade-nao-se-escreve-sem-o-uso-de-biografias\/#article\",\"isPartOf\":{\"@id\":\"https:\/\/www.notibras.com\/site\/historia-da-sociedade-nao-se-escreve-sem-o-uso-de-biografias\/\"},\"author\":{\"name\":\"Reda\u00e7\u00e3o\",\"@id\":\"https:\/\/www.notibras.com\/site\/#\/schema\/person\/36ab0979449956132d3e5b517ea76ac8\"},\"headline\":\"Hist\u00f3ria da sociedade n\u00e3o se escreve sem o uso de biografias\",\"datePublished\":\"2015-06-20T10:13:12+00:00\",\"mainEntityOfPage\":{\"@id\":\"https:\/\/www.notibras.com\/site\/historia-da-sociedade-nao-se-escreve-sem-o-uso-de-biografias\/\"},\"wordCount\":609,\"commentCount\":0,\"publisher\":{\"@id\":\"https:\/\/www.notibras.com\/site\/#organization\"},\"image\":{\"@id\":\"https:\/\/www.notibras.com\/site\/historia-da-sociedade-nao-se-escreve-sem-o-uso-de-biografias\/#primaryimage\"},\"thumbnailUrl\":\"https:\/\/www.notibras.com\/site\/wp-content\/uploads\/2015\/06\/biografia-autorizada2.jpg\",\"articleSection\":[\"Opina a\u00ed\"],\"inLanguage\":\"pt-BR\",\"potentialAction\":[{\"@type\":\"CommentAction\",\"name\":\"Comment\",\"target\":[\"https:\/\/www.notibras.com\/site\/historia-da-sociedade-nao-se-escreve-sem-o-uso-de-biografias\/#respond\"]}]},{\"@type\":\"WebPage\",\"@id\":\"https:\/\/www.notibras.com\/site\/historia-da-sociedade-nao-se-escreve-sem-o-uso-de-biografias\/\",\"url\":\"https:\/\/www.notibras.com\/site\/historia-da-sociedade-nao-se-escreve-sem-o-uso-de-biografias\/\",\"name\":\"Hist\u00f3ria da sociedade n\u00e3o se escreve sem o uso de biografias - Notibras\",\"isPartOf\":{\"@id\":\"https:\/\/www.notibras.com\/site\/#website\"},\"primaryImageOfPage\":{\"@id\":\"https:\/\/www.notibras.com\/site\/historia-da-sociedade-nao-se-escreve-sem-o-uso-de-biografias\/#primaryimage\"},\"image\":{\"@id\":\"https:\/\/www.notibras.com\/site\/historia-da-sociedade-nao-se-escreve-sem-o-uso-de-biografias\/#primaryimage\"},\"thumbnailUrl\":\"https:\/\/www.notibras.com\/site\/wp-content\/uploads\/2015\/06\/biografia-autorizada2.jpg\",\"datePublished\":\"2015-06-20T10:13:12+00:00\",\"breadcrumb\":{\"@id\":\"https:\/\/www.notibras.com\/site\/historia-da-sociedade-nao-se-escreve-sem-o-uso-de-biografias\/#breadcrumb\"},\"inLanguage\":\"pt-BR\",\"potentialAction\":[{\"@type\":\"ReadAction\",\"target\":[\"https:\/\/www.notibras.com\/site\/historia-da-sociedade-nao-se-escreve-sem-o-uso-de-biografias\/\"]}]},{\"@type\":\"ImageObject\",\"inLanguage\":\"pt-BR\",\"@id\":\"https:\/\/www.notibras.com\/site\/historia-da-sociedade-nao-se-escreve-sem-o-uso-de-biografias\/#primaryimage\",\"url\":\"https:\/\/www.notibras.com\/site\/wp-content\/uploads\/2015\/06\/biografia-autorizada2.jpg\",\"contentUrl\":\"https:\/\/www.notibras.com\/site\/wp-content\/uploads\/2015\/06\/biografia-autorizada2.jpg\",\"width\":1024,\"height\":680},{\"@type\":\"BreadcrumbList\",\"@id\":\"https:\/\/www.notibras.com\/site\/historia-da-sociedade-nao-se-escreve-sem-o-uso-de-biografias\/#breadcrumb\",\"itemListElement\":[{\"@type\":\"ListItem\",\"position\":1,\"name\":\"In\u00edcio\",\"item\":\"https:\/\/www.notibras.com\/site\/\"},{\"@type\":\"ListItem\",\"position\":2,\"name\":\"Hist\u00f3ria da sociedade n\u00e3o se escreve sem o uso de biografias\"}]},{\"@type\":\"WebSite\",\"@id\":\"https:\/\/www.notibras.com\/site\/#website\",\"url\":\"https:\/\/www.notibras.com\/site\/\",\"name\":\"Notibras\",\"description\":\"Not\u00edcias de Bras\u00edlia, do Brasil e do Mundo\",\"publisher\":{\"@id\":\"https:\/\/www.notibras.com\/site\/#organization\"},\"potentialAction\":[{\"@type\":\"SearchAction\",\"target\":{\"@type\":\"EntryPoint\",\"urlTemplate\":\"https:\/\/www.notibras.com\/site\/?s={search_term_string}\"},\"query-input\":{\"@type\":\"PropertyValueSpecification\",\"valueRequired\":true,\"valueName\":\"search_term_string\"}}],\"inLanguage\":\"pt-BR\"},{\"@type\":\"Organization\",\"@id\":\"https:\/\/www.notibras.com\/site\/#organization\",\"name\":\"Grupo Notibras de Comunica\u00e7\u00e3o\",\"url\":\"https:\/\/www.notibras.com\/site\/\",\"logo\":{\"@type\":\"ImageObject\",\"inLanguage\":\"pt-BR\",\"@id\":\"https:\/\/www.notibras.com\/site\/#\/schema\/logo\/image\/\",\"url\":\"https:\/\/www.notibras.com\/site\/wp-content\/uploads\/2023\/01\/notibras23.png\",\"contentUrl\":\"https:\/\/www.notibras.com\/site\/wp-content\/uploads\/2023\/01\/notibras23.png\",\"width\":350,\"height\":87,\"caption\":\"Grupo Notibras de Comunica\u00e7\u00e3o\"},\"image\":{\"@id\":\"https:\/\/www.notibras.com\/site\/#\/schema\/logo\/image\/\"},\"sameAs\":[\"https:\/\/www.facebook.com\/notibras\/\",\"https:\/\/x.com\/Notibras\",\"https:\/\/www.instagram.com\/notibras\/\"]},{\"@type\":\"Person\",\"@id\":\"https:\/\/www.notibras.com\/site\/#\/schema\/person\/36ab0979449956132d3e5b517ea76ac8\",\"name\":\"Reda\u00e7\u00e3o\",\"image\":{\"@type\":\"ImageObject\",\"inLanguage\":\"pt-BR\",\"@id\":\"https:\/\/secure.gravatar.com\/avatar\/e0a867bdedb85fd243eadf09663511f96fc81e0720a4a42581f334ad4303aa6b?s=96&d=mm&r=g\",\"url\":\"https:\/\/secure.gravatar.com\/avatar\/e0a867bdedb85fd243eadf09663511f96fc81e0720a4a42581f334ad4303aa6b?s=96&d=mm&r=g\",\"contentUrl\":\"https:\/\/secure.gravatar.com\/avatar\/e0a867bdedb85fd243eadf09663511f96fc81e0720a4a42581f334ad4303aa6b?s=96&d=mm&r=g\",\"caption\":\"Reda\u00e7\u00e3o\"}}]}<\/script>\n<!-- \/ Yoast SEO plugin. -->","yoast_head_json":{"title":"Hist\u00f3ria da sociedade n\u00e3o se escreve sem o uso de biografias - Notibras","robots":{"index":"index","follow":"follow","max-snippet":"max-snippet:-1","max-image-preview":"max-image-preview:large","max-video-preview":"max-video-preview:-1"},"canonical":"https:\/\/www.notibras.com\/site\/historia-da-sociedade-nao-se-escreve-sem-o-uso-de-biografias\/","og_locale":"pt_BR","og_type":"article","og_title":"Hist\u00f3ria da sociedade n\u00e3o se escreve sem o uso de biografias - Notibras","og_description":"Derrotando, em sess\u00e3o do dia 10 de junho, por 9&#215;0, a exig\u00eancia de autoriza\u00e7\u00e3o pr\u00e9via para a escrita de biografias, o STF nos consolou um pouco da goleada de 7&#215;1 sofrida pela sele\u00e7\u00e3o na \u00faltima copa. Fracassados no futebol, \u00e9 bom saber que ainda nos restam algumas raz\u00f5es de orgulho p\u00e1trio. A decis\u00e3o encerrou uma [&hellip;]","og_url":"https:\/\/www.notibras.com\/site\/historia-da-sociedade-nao-se-escreve-sem-o-uso-de-biografias\/","og_site_name":"Notibras","article_publisher":"https:\/\/www.facebook.com\/notibras\/","article_published_time":"2015-06-20T10:13:12+00:00","og_image":[{"width":1024,"height":680,"url":"https:\/\/www.notibras.com\/site\/wp-content\/uploads\/2015\/06\/biografia-autorizada2.jpg","type":"image\/jpeg"}],"author":"Reda\u00e7\u00e3o","twitter_card":"summary_large_image","twitter_creator":"@Notibras","twitter_site":"@Notibras","twitter_misc":{"Escrito por":"Reda\u00e7\u00e3o","Est. tempo de leitura":"3 minutos"},"schema":{"@context":"https:\/\/schema.org","@graph":[{"@type":"Article","@id":"https:\/\/www.notibras.com\/site\/historia-da-sociedade-nao-se-escreve-sem-o-uso-de-biografias\/#article","isPartOf":{"@id":"https:\/\/www.notibras.com\/site\/historia-da-sociedade-nao-se-escreve-sem-o-uso-de-biografias\/"},"author":{"name":"Reda\u00e7\u00e3o","@id":"https:\/\/www.notibras.com\/site\/#\/schema\/person\/36ab0979449956132d3e5b517ea76ac8"},"headline":"Hist\u00f3ria da sociedade n\u00e3o se escreve sem o uso de biografias","datePublished":"2015-06-20T10:13:12+00:00","mainEntityOfPage":{"@id":"https:\/\/www.notibras.com\/site\/historia-da-sociedade-nao-se-escreve-sem-o-uso-de-biografias\/"},"wordCount":609,"commentCount":0,"publisher":{"@id":"https:\/\/www.notibras.com\/site\/#organization"},"image":{"@id":"https:\/\/www.notibras.com\/site\/historia-da-sociedade-nao-se-escreve-sem-o-uso-de-biografias\/#primaryimage"},"thumbnailUrl":"https:\/\/www.notibras.com\/site\/wp-content\/uploads\/2015\/06\/biografia-autorizada2.jpg","articleSection":["Opina a\u00ed"],"inLanguage":"pt-BR","potentialAction":[{"@type":"CommentAction","name":"Comment","target":["https:\/\/www.notibras.com\/site\/historia-da-sociedade-nao-se-escreve-sem-o-uso-de-biografias\/#respond"]}]},{"@type":"WebPage","@id":"https:\/\/www.notibras.com\/site\/historia-da-sociedade-nao-se-escreve-sem-o-uso-de-biografias\/","url":"https:\/\/www.notibras.com\/site\/historia-da-sociedade-nao-se-escreve-sem-o-uso-de-biografias\/","name":"Hist\u00f3ria da sociedade n\u00e3o se escreve sem o uso de biografias - Notibras","isPartOf":{"@id":"https:\/\/www.notibras.com\/site\/#website"},"primaryImageOfPage":{"@id":"https:\/\/www.notibras.com\/site\/historia-da-sociedade-nao-se-escreve-sem-o-uso-de-biografias\/#primaryimage"},"image":{"@id":"https:\/\/www.notibras.com\/site\/historia-da-sociedade-nao-se-escreve-sem-o-uso-de-biografias\/#primaryimage"},"thumbnailUrl":"https:\/\/www.notibras.com\/site\/wp-content\/uploads\/2015\/06\/biografia-autorizada2.jpg","datePublished":"2015-06-20T10:13:12+00:00","breadcrumb":{"@id":"https:\/\/www.notibras.com\/site\/historia-da-sociedade-nao-se-escreve-sem-o-uso-de-biografias\/#breadcrumb"},"inLanguage":"pt-BR","potentialAction":[{"@type":"ReadAction","target":["https:\/\/www.notibras.com\/site\/historia-da-sociedade-nao-se-escreve-sem-o-uso-de-biografias\/"]}]},{"@type":"ImageObject","inLanguage":"pt-BR","@id":"https:\/\/www.notibras.com\/site\/historia-da-sociedade-nao-se-escreve-sem-o-uso-de-biografias\/#primaryimage","url":"https:\/\/www.notibras.com\/site\/wp-content\/uploads\/2015\/06\/biografia-autorizada2.jpg","contentUrl":"https:\/\/www.notibras.com\/site\/wp-content\/uploads\/2015\/06\/biografia-autorizada2.jpg","width":1024,"height":680},{"@type":"BreadcrumbList","@id":"https:\/\/www.notibras.com\/site\/historia-da-sociedade-nao-se-escreve-sem-o-uso-de-biografias\/#breadcrumb","itemListElement":[{"@type":"ListItem","position":1,"name":"In\u00edcio","item":"https:\/\/www.notibras.com\/site\/"},{"@type":"ListItem","position":2,"name":"Hist\u00f3ria da sociedade n\u00e3o se escreve sem o uso de biografias"}]},{"@type":"WebSite","@id":"https:\/\/www.notibras.com\/site\/#website","url":"https:\/\/www.notibras.com\/site\/","name":"Notibras","description":"Not\u00edcias de Bras\u00edlia, do Brasil e do Mundo","publisher":{"@id":"https:\/\/www.notibras.com\/site\/#organization"},"potentialAction":[{"@type":"SearchAction","target":{"@type":"EntryPoint","urlTemplate":"https:\/\/www.notibras.com\/site\/?s={search_term_string}"},"query-input":{"@type":"PropertyValueSpecification","valueRequired":true,"valueName":"search_term_string"}}],"inLanguage":"pt-BR"},{"@type":"Organization","@id":"https:\/\/www.notibras.com\/site\/#organization","name":"Grupo Notibras de Comunica\u00e7\u00e3o","url":"https:\/\/www.notibras.com\/site\/","logo":{"@type":"ImageObject","inLanguage":"pt-BR","@id":"https:\/\/www.notibras.com\/site\/#\/schema\/logo\/image\/","url":"https:\/\/www.notibras.com\/site\/wp-content\/uploads\/2023\/01\/notibras23.png","contentUrl":"https:\/\/www.notibras.com\/site\/wp-content\/uploads\/2023\/01\/notibras23.png","width":350,"height":87,"caption":"Grupo Notibras de Comunica\u00e7\u00e3o"},"image":{"@id":"https:\/\/www.notibras.com\/site\/#\/schema\/logo\/image\/"},"sameAs":["https:\/\/www.facebook.com\/notibras\/","https:\/\/x.com\/Notibras","https:\/\/www.instagram.com\/notibras\/"]},{"@type":"Person","@id":"https:\/\/www.notibras.com\/site\/#\/schema\/person\/36ab0979449956132d3e5b517ea76ac8","name":"Reda\u00e7\u00e3o","image":{"@type":"ImageObject","inLanguage":"pt-BR","@id":"https:\/\/secure.gravatar.com\/avatar\/e0a867bdedb85fd243eadf09663511f96fc81e0720a4a42581f334ad4303aa6b?s=96&d=mm&r=g","url":"https:\/\/secure.gravatar.com\/avatar\/e0a867bdedb85fd243eadf09663511f96fc81e0720a4a42581f334ad4303aa6b?s=96&d=mm&r=g","contentUrl":"https:\/\/secure.gravatar.com\/avatar\/e0a867bdedb85fd243eadf09663511f96fc81e0720a4a42581f334ad4303aa6b?s=96&d=mm&r=g","caption":"Reda\u00e7\u00e3o"}}]}},"amp_enabled":true,"_links":{"self":[{"href":"https:\/\/www.notibras.com\/site\/wp-json\/wp\/v2\/posts\/54237","targetHints":{"allow":["GET"]}}],"collection":[{"href":"https:\/\/www.notibras.com\/site\/wp-json\/wp\/v2\/posts"}],"about":[{"href":"https:\/\/www.notibras.com\/site\/wp-json\/wp\/v2\/types\/post"}],"author":[{"embeddable":true,"href":"https:\/\/www.notibras.com\/site\/wp-json\/wp\/v2\/users\/2"}],"replies":[{"embeddable":true,"href":"https:\/\/www.notibras.com\/site\/wp-json\/wp\/v2\/comments?post=54237"}],"version-history":[{"count":0,"href":"https:\/\/www.notibras.com\/site\/wp-json\/wp\/v2\/posts\/54237\/revisions"}],"wp:featuredmedia":[{"embeddable":true,"href":"https:\/\/www.notibras.com\/site\/wp-json\/wp\/v2\/media\/54238"}],"wp:attachment":[{"href":"https:\/\/www.notibras.com\/site\/wp-json\/wp\/v2\/media?parent=54237"}],"wp:term":[{"taxonomy":"category","embeddable":true,"href":"https:\/\/www.notibras.com\/site\/wp-json\/wp\/v2\/categories?post=54237"},{"taxonomy":"post_tag","embeddable":true,"href":"https:\/\/www.notibras.com\/site\/wp-json\/wp\/v2\/tags?post=54237"}],"curies":[{"name":"wp","href":"https:\/\/api.w.org\/{rel}","templated":true}]}}