{"id":54323,"date":"2015-06-20T18:51:49","date_gmt":"2015-06-20T21:51:49","guid":{"rendered":"http:\/\/www.notibras.com\/site\/?p=54323"},"modified":"2015-06-20T18:51:49","modified_gmt":"2015-06-20T21:51:49","slug":"ricardo-oliveira-decide-e-santos-faz-1-a-0-no-corinthians-na-vila","status":"publish","type":"post","link":"https:\/\/www.notibras.com\/site\/ricardo-oliveira-decide-e-santos-faz-1-a-0-no-corinthians-na-vila\/","title":{"rendered":"Ricardo Oliveira decide e Santos faz 1 a 0 no Corinthians na Vila"},"content":{"rendered":"<p>O torcedor santista come\u00e7a a se acostumar com grandes resultados. E a dizer que, se \u00e9 cl\u00e1ssico, pode chamar o Ricardo Oliveira.<\/p>\n<p>Essa teoria foi provada mais uma vez neste s\u00e1bado. Com brilho do veterano centroavante, o Santos superou o Corinthians por 1 a 0 na Vila Belmiro e respirou no Campeonato Brasileiro. Com pouco mais de 7 mil torcedores e futebol em ritmo lento, s\u00f3 mesmo Ricardo Oliveira para evitar um empate sem gols.<\/p>\n<blockquote><p>No oitavo cl\u00e1ssico disputado em 2015, Ricardo anotou seu s\u00e9timo gol e supriu as aus\u00eancias de Robinho e Lucas Lima. Ele fez aos 9min com bonito passe de Rafael Longuine e vacilos de C\u00e1ssio e Edu Dracena. Foi, ali\u00e1s, um dia de futebol pobre do Corinthians de Tite.<\/p><\/blockquote>\n<p>Com a vit\u00f3ria conquistada, o Santos chega a 10 pontos e passa \u00e0 metade de cima da classifica\u00e7\u00e3o do Campeonato Brasileiro, mas pode perder posi\u00e7\u00f5es ao longo desta 8\u00aa rodada. O Corinthians, por sua vez, se mant\u00e9m com 13 e perde lugar no G-4.<\/p>\n<p>Com duas equipes em crise por falta de dinheiro e com o elenco em mudan\u00e7a, o jogo n\u00e3o foi dos melhores no tradicional cl\u00e1ssico. O Corinthians come\u00e7ou de forma lenta e inicialmente s\u00f3 observava o Santos. Nesta toada, levou o primeiro gol logo na primeira chance dos mandantes: Ricardo Oliveira, em posi\u00e7\u00e3o duvidosa, conseguiu balan\u00e7ar as redes com um pouco de ajuda do goleiro C\u00e1ssio.<\/p>\n<blockquote><p>O duelo foi de poucas oportunidades e muitos erros dos dois lados. O time da capital teve trabalho com a velocidade santista, e no ataque mostrou falta de entrosamento do quarteto ofensivo formado por Renato Augusto, Jadson, Mendoza e Vagner Love. Tite at\u00e9 foi obrigado a aumentar o poderio com Luciano na vaga de Petros no segundo tempo.<\/p><\/blockquote>\n<p>A partida s\u00f3 foi finalmente esquentar nos minutos finais, quando o Corinthians, em um mesmo lance, perdeu duas chances claras, uma delas na trave. O time da capital ainda acertou outra na trave pouco depois, com Edilson, e deixou o campo lamentando as chances desperdi\u00e7adas na derrota.<\/p>\n","protected":false},"excerpt":{"rendered":"<p>O torcedor santista come\u00e7a a se acostumar com grandes resultados. E a dizer que, se \u00e9 cl\u00e1ssico, pode chamar o Ricardo Oliveira. Essa teoria foi provada mais uma vez neste s\u00e1bado. Com brilho do veterano centroavante, o Santos superou o Corinthians por 1 a 0 na Vila Belmiro e respirou no Campeonato Brasileiro. Com pouco [&hellip;]<\/p>\n","protected":false},"author":2,"featured_media":54326,"comment_status":"open","ping_status":"closed","sticky":false,"template":"","format":"standard","meta":{"_acf_changed":false,"footnotes":""},"categories":[19,29],"tags":[],"class_list":["post-54323","post","type-post","status-publish","format-standard","has-post-thumbnail","hentry","category-esportes","category-futebol"],"acf":[],"yoast_head":"<!-- This site is optimized with the Yoast SEO plugin v27.2 - https:\/\/yoast.com\/product\/yoast-seo-wordpress\/ -->\n<title>Ricardo Oliveira decide e Santos faz 1 a 0 no Corinthians na Vila - Notibras<\/title>\n<meta name=\"robots\" content=\"index, follow, max-snippet:-1, max-image-preview:large, max-video-preview:-1\" \/>\n<link rel=\"canonical\" href=\"https:\/\/www.notibras.com\/site\/ricardo-oliveira-decide-e-santos-faz-1-a-0-no-corinthians-na-vila\/\" \/>\n<meta property=\"og:locale\" content=\"pt_BR\" \/>\n<meta property=\"og:type\" content=\"article\" \/>\n<meta property=\"og:title\" content=\"Ricardo Oliveira decide e Santos faz 1 a 0 no Corinthians na Vila - Notibras\" \/>\n<meta property=\"og:description\" content=\"O torcedor santista come\u00e7a a se acostumar com grandes resultados. E a dizer que, se \u00e9 cl\u00e1ssico, pode chamar o Ricardo Oliveira. Essa teoria foi provada mais uma vez neste s\u00e1bado. Com brilho do veterano centroavante, o Santos superou o Corinthians por 1 a 0 na Vila Belmiro e respirou no Campeonato Brasileiro. Com pouco [&hellip;]\" \/>\n<meta property=\"og:url\" content=\"https:\/\/www.notibras.com\/site\/ricardo-oliveira-decide-e-santos-faz-1-a-0-no-corinthians-na-vila\/\" \/>\n<meta property=\"og:site_name\" content=\"Notibras\" \/>\n<meta property=\"article:publisher\" content=\"https:\/\/www.facebook.com\/notibras\/\" \/>\n<meta property=\"article:published_time\" content=\"2015-06-20T21:51:49+00:00\" \/>\n<meta property=\"og:image\" content=\"https:\/\/www.notibras.com\/site\/wp-content\/uploads\/2015\/06\/ricardo..jpg\" \/>\n\t<meta property=\"og:image:width\" content=\"622\" \/>\n\t<meta property=\"og:image:height\" content=\"350\" \/>\n\t<meta property=\"og:image:type\" content=\"image\/jpeg\" \/>\n<meta name=\"author\" content=\"Reda\u00e7\u00e3o\" \/>\n<meta name=\"twitter:card\" content=\"summary_large_image\" \/>\n<meta name=\"twitter:creator\" content=\"@Notibras\" \/>\n<meta name=\"twitter:site\" content=\"@Notibras\" \/>\n<meta name=\"twitter:label1\" content=\"Escrito por\" \/>\n\t<meta name=\"twitter:data1\" content=\"Reda\u00e7\u00e3o\" \/>\n\t<meta name=\"twitter:label2\" content=\"Est. tempo de leitura\" \/>\n\t<meta name=\"twitter:data2\" content=\"2 minutos\" \/>\n<script type=\"application\/ld+json\" class=\"yoast-schema-graph\">{\"@context\":\"https:\/\/schema.org\",\"@graph\":[{\"@type\":\"Article\",\"@id\":\"https:\/\/www.notibras.com\/site\/ricardo-oliveira-decide-e-santos-faz-1-a-0-no-corinthians-na-vila\/#article\",\"isPartOf\":{\"@id\":\"https:\/\/www.notibras.com\/site\/ricardo-oliveira-decide-e-santos-faz-1-a-0-no-corinthians-na-vila\/\"},\"author\":{\"name\":\"Reda\u00e7\u00e3o\",\"@id\":\"https:\/\/www.notibras.com\/site\/#\/schema\/person\/36ab0979449956132d3e5b517ea76ac8\"},\"headline\":\"Ricardo Oliveira decide e Santos faz 1 a 0 no Corinthians na Vila\",\"datePublished\":\"2015-06-20T21:51:49+00:00\",\"mainEntityOfPage\":{\"@id\":\"https:\/\/www.notibras.com\/site\/ricardo-oliveira-decide-e-santos-faz-1-a-0-no-corinthians-na-vila\/\"},\"wordCount\":359,\"commentCount\":0,\"publisher\":{\"@id\":\"https:\/\/www.notibras.com\/site\/#organization\"},\"image\":{\"@id\":\"https:\/\/www.notibras.com\/site\/ricardo-oliveira-decide-e-santos-faz-1-a-0-no-corinthians-na-vila\/#primaryimage\"},\"thumbnailUrl\":\"https:\/\/www.notibras.com\/site\/wp-content\/uploads\/2015\/06\/ricardo..jpg\",\"articleSection\":[\"Esportes\",\"Futebol\"],\"inLanguage\":\"pt-BR\",\"potentialAction\":[{\"@type\":\"CommentAction\",\"name\":\"Comment\",\"target\":[\"https:\/\/www.notibras.com\/site\/ricardo-oliveira-decide-e-santos-faz-1-a-0-no-corinthians-na-vila\/#respond\"]}]},{\"@type\":\"WebPage\",\"@id\":\"https:\/\/www.notibras.com\/site\/ricardo-oliveira-decide-e-santos-faz-1-a-0-no-corinthians-na-vila\/\",\"url\":\"https:\/\/www.notibras.com\/site\/ricardo-oliveira-decide-e-santos-faz-1-a-0-no-corinthians-na-vila\/\",\"name\":\"Ricardo Oliveira decide e Santos faz 1 a 0 no Corinthians na Vila - Notibras\",\"isPartOf\":{\"@id\":\"https:\/\/www.notibras.com\/site\/#website\"},\"primaryImageOfPage\":{\"@id\":\"https:\/\/www.notibras.com\/site\/ricardo-oliveira-decide-e-santos-faz-1-a-0-no-corinthians-na-vila\/#primaryimage\"},\"image\":{\"@id\":\"https:\/\/www.notibras.com\/site\/ricardo-oliveira-decide-e-santos-faz-1-a-0-no-corinthians-na-vila\/#primaryimage\"},\"thumbnailUrl\":\"https:\/\/www.notibras.com\/site\/wp-content\/uploads\/2015\/06\/ricardo..jpg\",\"datePublished\":\"2015-06-20T21:51:49+00:00\",\"breadcrumb\":{\"@id\":\"https:\/\/www.notibras.com\/site\/ricardo-oliveira-decide-e-santos-faz-1-a-0-no-corinthians-na-vila\/#breadcrumb\"},\"inLanguage\":\"pt-BR\",\"potentialAction\":[{\"@type\":\"ReadAction\",\"target\":[\"https:\/\/www.notibras.com\/site\/ricardo-oliveira-decide-e-santos-faz-1-a-0-no-corinthians-na-vila\/\"]}]},{\"@type\":\"ImageObject\",\"inLanguage\":\"pt-BR\",\"@id\":\"https:\/\/www.notibras.com\/site\/ricardo-oliveira-decide-e-santos-faz-1-a-0-no-corinthians-na-vila\/#primaryimage\",\"url\":\"https:\/\/www.notibras.com\/site\/wp-content\/uploads\/2015\/06\/ricardo..jpg\",\"contentUrl\":\"https:\/\/www.notibras.com\/site\/wp-content\/uploads\/2015\/06\/ricardo..jpg\",\"width\":622,\"height\":350},{\"@type\":\"BreadcrumbList\",\"@id\":\"https:\/\/www.notibras.com\/site\/ricardo-oliveira-decide-e-santos-faz-1-a-0-no-corinthians-na-vila\/#breadcrumb\",\"itemListElement\":[{\"@type\":\"ListItem\",\"position\":1,\"name\":\"In\u00edcio\",\"item\":\"https:\/\/www.notibras.com\/site\/\"},{\"@type\":\"ListItem\",\"position\":2,\"name\":\"Ricardo Oliveira decide e Santos faz 1 a 0 no Corinthians na Vila\"}]},{\"@type\":\"WebSite\",\"@id\":\"https:\/\/www.notibras.com\/site\/#website\",\"url\":\"https:\/\/www.notibras.com\/site\/\",\"name\":\"Notibras\",\"description\":\"Not\u00edcias de Bras\u00edlia, do Brasil e do Mundo\",\"publisher\":{\"@id\":\"https:\/\/www.notibras.com\/site\/#organization\"},\"potentialAction\":[{\"@type\":\"SearchAction\",\"target\":{\"@type\":\"EntryPoint\",\"urlTemplate\":\"https:\/\/www.notibras.com\/site\/?s={search_term_string}\"},\"query-input\":{\"@type\":\"PropertyValueSpecification\",\"valueRequired\":true,\"valueName\":\"search_term_string\"}}],\"inLanguage\":\"pt-BR\"},{\"@type\":\"Organization\",\"@id\":\"https:\/\/www.notibras.com\/site\/#organization\",\"name\":\"Grupo Notibras de Comunica\u00e7\u00e3o\",\"url\":\"https:\/\/www.notibras.com\/site\/\",\"logo\":{\"@type\":\"ImageObject\",\"inLanguage\":\"pt-BR\",\"@id\":\"https:\/\/www.notibras.com\/site\/#\/schema\/logo\/image\/\",\"url\":\"https:\/\/www.notibras.com\/site\/wp-content\/uploads\/2023\/01\/notibras23.png\",\"contentUrl\":\"https:\/\/www.notibras.com\/site\/wp-content\/uploads\/2023\/01\/notibras23.png\",\"width\":350,\"height\":87,\"caption\":\"Grupo Notibras de Comunica\u00e7\u00e3o\"},\"image\":{\"@id\":\"https:\/\/www.notibras.com\/site\/#\/schema\/logo\/image\/\"},\"sameAs\":[\"https:\/\/www.facebook.com\/notibras\/\",\"https:\/\/x.com\/Notibras\",\"https:\/\/www.instagram.com\/notibras\/\"]},{\"@type\":\"Person\",\"@id\":\"https:\/\/www.notibras.com\/site\/#\/schema\/person\/36ab0979449956132d3e5b517ea76ac8\",\"name\":\"Reda\u00e7\u00e3o\",\"image\":{\"@type\":\"ImageObject\",\"inLanguage\":\"pt-BR\",\"@id\":\"https:\/\/secure.gravatar.com\/avatar\/e0a867bdedb85fd243eadf09663511f96fc81e0720a4a42581f334ad4303aa6b?s=96&d=mm&r=g\",\"url\":\"https:\/\/secure.gravatar.com\/avatar\/e0a867bdedb85fd243eadf09663511f96fc81e0720a4a42581f334ad4303aa6b?s=96&d=mm&r=g\",\"contentUrl\":\"https:\/\/secure.gravatar.com\/avatar\/e0a867bdedb85fd243eadf09663511f96fc81e0720a4a42581f334ad4303aa6b?s=96&d=mm&r=g\",\"caption\":\"Reda\u00e7\u00e3o\"}}]}<\/script>\n<!-- \/ Yoast SEO plugin. -->","yoast_head_json":{"title":"Ricardo Oliveira decide e Santos faz 1 a 0 no Corinthians na Vila - Notibras","robots":{"index":"index","follow":"follow","max-snippet":"max-snippet:-1","max-image-preview":"max-image-preview:large","max-video-preview":"max-video-preview:-1"},"canonical":"https:\/\/www.notibras.com\/site\/ricardo-oliveira-decide-e-santos-faz-1-a-0-no-corinthians-na-vila\/","og_locale":"pt_BR","og_type":"article","og_title":"Ricardo Oliveira decide e Santos faz 1 a 0 no Corinthians na Vila - Notibras","og_description":"O torcedor santista come\u00e7a a se acostumar com grandes resultados. E a dizer que, se \u00e9 cl\u00e1ssico, pode chamar o Ricardo Oliveira. Essa teoria foi provada mais uma vez neste s\u00e1bado. Com brilho do veterano centroavante, o Santos superou o Corinthians por 1 a 0 na Vila Belmiro e respirou no Campeonato Brasileiro. Com pouco [&hellip;]","og_url":"https:\/\/www.notibras.com\/site\/ricardo-oliveira-decide-e-santos-faz-1-a-0-no-corinthians-na-vila\/","og_site_name":"Notibras","article_publisher":"https:\/\/www.facebook.com\/notibras\/","article_published_time":"2015-06-20T21:51:49+00:00","og_image":[{"width":622,"height":350,"url":"https:\/\/www.notibras.com\/site\/wp-content\/uploads\/2015\/06\/ricardo..jpg","type":"image\/jpeg"}],"author":"Reda\u00e7\u00e3o","twitter_card":"summary_large_image","twitter_creator":"@Notibras","twitter_site":"@Notibras","twitter_misc":{"Escrito por":"Reda\u00e7\u00e3o","Est. tempo de leitura":"2 minutos"},"schema":{"@context":"https:\/\/schema.org","@graph":[{"@type":"Article","@id":"https:\/\/www.notibras.com\/site\/ricardo-oliveira-decide-e-santos-faz-1-a-0-no-corinthians-na-vila\/#article","isPartOf":{"@id":"https:\/\/www.notibras.com\/site\/ricardo-oliveira-decide-e-santos-faz-1-a-0-no-corinthians-na-vila\/"},"author":{"name":"Reda\u00e7\u00e3o","@id":"https:\/\/www.notibras.com\/site\/#\/schema\/person\/36ab0979449956132d3e5b517ea76ac8"},"headline":"Ricardo Oliveira decide e Santos faz 1 a 0 no Corinthians na Vila","datePublished":"2015-06-20T21:51:49+00:00","mainEntityOfPage":{"@id":"https:\/\/www.notibras.com\/site\/ricardo-oliveira-decide-e-santos-faz-1-a-0-no-corinthians-na-vila\/"},"wordCount":359,"commentCount":0,"publisher":{"@id":"https:\/\/www.notibras.com\/site\/#organization"},"image":{"@id":"https:\/\/www.notibras.com\/site\/ricardo-oliveira-decide-e-santos-faz-1-a-0-no-corinthians-na-vila\/#primaryimage"},"thumbnailUrl":"https:\/\/www.notibras.com\/site\/wp-content\/uploads\/2015\/06\/ricardo..jpg","articleSection":["Esportes","Futebol"],"inLanguage":"pt-BR","potentialAction":[{"@type":"CommentAction","name":"Comment","target":["https:\/\/www.notibras.com\/site\/ricardo-oliveira-decide-e-santos-faz-1-a-0-no-corinthians-na-vila\/#respond"]}]},{"@type":"WebPage","@id":"https:\/\/www.notibras.com\/site\/ricardo-oliveira-decide-e-santos-faz-1-a-0-no-corinthians-na-vila\/","url":"https:\/\/www.notibras.com\/site\/ricardo-oliveira-decide-e-santos-faz-1-a-0-no-corinthians-na-vila\/","name":"Ricardo Oliveira decide e Santos faz 1 a 0 no Corinthians na Vila - Notibras","isPartOf":{"@id":"https:\/\/www.notibras.com\/site\/#website"},"primaryImageOfPage":{"@id":"https:\/\/www.notibras.com\/site\/ricardo-oliveira-decide-e-santos-faz-1-a-0-no-corinthians-na-vila\/#primaryimage"},"image":{"@id":"https:\/\/www.notibras.com\/site\/ricardo-oliveira-decide-e-santos-faz-1-a-0-no-corinthians-na-vila\/#primaryimage"},"thumbnailUrl":"https:\/\/www.notibras.com\/site\/wp-content\/uploads\/2015\/06\/ricardo..jpg","datePublished":"2015-06-20T21:51:49+00:00","breadcrumb":{"@id":"https:\/\/www.notibras.com\/site\/ricardo-oliveira-decide-e-santos-faz-1-a-0-no-corinthians-na-vila\/#breadcrumb"},"inLanguage":"pt-BR","potentialAction":[{"@type":"ReadAction","target":["https:\/\/www.notibras.com\/site\/ricardo-oliveira-decide-e-santos-faz-1-a-0-no-corinthians-na-vila\/"]}]},{"@type":"ImageObject","inLanguage":"pt-BR","@id":"https:\/\/www.notibras.com\/site\/ricardo-oliveira-decide-e-santos-faz-1-a-0-no-corinthians-na-vila\/#primaryimage","url":"https:\/\/www.notibras.com\/site\/wp-content\/uploads\/2015\/06\/ricardo..jpg","contentUrl":"https:\/\/www.notibras.com\/site\/wp-content\/uploads\/2015\/06\/ricardo..jpg","width":622,"height":350},{"@type":"BreadcrumbList","@id":"https:\/\/www.notibras.com\/site\/ricardo-oliveira-decide-e-santos-faz-1-a-0-no-corinthians-na-vila\/#breadcrumb","itemListElement":[{"@type":"ListItem","position":1,"name":"In\u00edcio","item":"https:\/\/www.notibras.com\/site\/"},{"@type":"ListItem","position":2,"name":"Ricardo Oliveira decide e Santos faz 1 a 0 no Corinthians na Vila"}]},{"@type":"WebSite","@id":"https:\/\/www.notibras.com\/site\/#website","url":"https:\/\/www.notibras.com\/site\/","name":"Notibras","description":"Not\u00edcias de Bras\u00edlia, do Brasil e do Mundo","publisher":{"@id":"https:\/\/www.notibras.com\/site\/#organization"},"potentialAction":[{"@type":"SearchAction","target":{"@type":"EntryPoint","urlTemplate":"https:\/\/www.notibras.com\/site\/?s={search_term_string}"},"query-input":{"@type":"PropertyValueSpecification","valueRequired":true,"valueName":"search_term_string"}}],"inLanguage":"pt-BR"},{"@type":"Organization","@id":"https:\/\/www.notibras.com\/site\/#organization","name":"Grupo Notibras de Comunica\u00e7\u00e3o","url":"https:\/\/www.notibras.com\/site\/","logo":{"@type":"ImageObject","inLanguage":"pt-BR","@id":"https:\/\/www.notibras.com\/site\/#\/schema\/logo\/image\/","url":"https:\/\/www.notibras.com\/site\/wp-content\/uploads\/2023\/01\/notibras23.png","contentUrl":"https:\/\/www.notibras.com\/site\/wp-content\/uploads\/2023\/01\/notibras23.png","width":350,"height":87,"caption":"Grupo Notibras de Comunica\u00e7\u00e3o"},"image":{"@id":"https:\/\/www.notibras.com\/site\/#\/schema\/logo\/image\/"},"sameAs":["https:\/\/www.facebook.com\/notibras\/","https:\/\/x.com\/Notibras","https:\/\/www.instagram.com\/notibras\/"]},{"@type":"Person","@id":"https:\/\/www.notibras.com\/site\/#\/schema\/person\/36ab0979449956132d3e5b517ea76ac8","name":"Reda\u00e7\u00e3o","image":{"@type":"ImageObject","inLanguage":"pt-BR","@id":"https:\/\/secure.gravatar.com\/avatar\/e0a867bdedb85fd243eadf09663511f96fc81e0720a4a42581f334ad4303aa6b?s=96&d=mm&r=g","url":"https:\/\/secure.gravatar.com\/avatar\/e0a867bdedb85fd243eadf09663511f96fc81e0720a4a42581f334ad4303aa6b?s=96&d=mm&r=g","contentUrl":"https:\/\/secure.gravatar.com\/avatar\/e0a867bdedb85fd243eadf09663511f96fc81e0720a4a42581f334ad4303aa6b?s=96&d=mm&r=g","caption":"Reda\u00e7\u00e3o"}}]}},"amp_enabled":true,"_links":{"self":[{"href":"https:\/\/www.notibras.com\/site\/wp-json\/wp\/v2\/posts\/54323","targetHints":{"allow":["GET"]}}],"collection":[{"href":"https:\/\/www.notibras.com\/site\/wp-json\/wp\/v2\/posts"}],"about":[{"href":"https:\/\/www.notibras.com\/site\/wp-json\/wp\/v2\/types\/post"}],"author":[{"embeddable":true,"href":"https:\/\/www.notibras.com\/site\/wp-json\/wp\/v2\/users\/2"}],"replies":[{"embeddable":true,"href":"https:\/\/www.notibras.com\/site\/wp-json\/wp\/v2\/comments?post=54323"}],"version-history":[{"count":0,"href":"https:\/\/www.notibras.com\/site\/wp-json\/wp\/v2\/posts\/54323\/revisions"}],"wp:featuredmedia":[{"embeddable":true,"href":"https:\/\/www.notibras.com\/site\/wp-json\/wp\/v2\/media\/54326"}],"wp:attachment":[{"href":"https:\/\/www.notibras.com\/site\/wp-json\/wp\/v2\/media?parent=54323"}],"wp:term":[{"taxonomy":"category","embeddable":true,"href":"https:\/\/www.notibras.com\/site\/wp-json\/wp\/v2\/categories?post=54323"},{"taxonomy":"post_tag","embeddable":true,"href":"https:\/\/www.notibras.com\/site\/wp-json\/wp\/v2\/tags?post=54323"}],"curies":[{"name":"wp","href":"https:\/\/api.w.org\/{rel}","templated":true}]}}