{"id":54328,"date":"2015-06-21T07:47:49","date_gmt":"2015-06-21T10:47:49","guid":{"rendered":"http:\/\/www.notibras.com\/site\/?p=54328"},"modified":"2015-06-21T07:48:23","modified_gmt":"2015-06-21T10:48:23","slug":"projeto-plural-leva-cassia-portugal-e-rebeca-abdo-ao-feitico-mineiro","status":"publish","type":"post","link":"https:\/\/www.notibras.com\/site\/projeto-plural-leva-cassia-portugal-e-rebeca-abdo-ao-feitico-mineiro\/","title":{"rendered":"Projeto Plural leva Cassia Portugal e Rebeca Abdo ao Feiti\u00e7o"},"content":{"rendered":"<p>O Projeto Plural, em sua quinta edi\u00e7\u00e3o, apresenta as cantoras e atrizes Cassia Portugal e Rebeca Abdo, no show \u201cNossa vida \u00e9 mesmo um musical\u201d.\u00a0A pluralidade das artistas, inseridas no cen\u00e1rio cultural do teatro e da m\u00fasica, dar\u00e1 o tom do show que traz no repert\u00f3rio uma mistura de can\u00e7\u00f5es brasileiras e cl\u00e1ssicos da Brodway, costurados por textos que refletem a trajet\u00f3ria das artistas. M\u00e3e e filha, unidas tamb\u00e9m pela arte, prometem uma noite repleta de emo\u00e7\u00f5es.\u00a0As artistas ser\u00e3o acompanhadas pelos m\u00fasicos Alberto Gambirasio (viol\u00e3o), Guiga Percuss\u00e3o (Percuss\u00e3o), Milena Almenara (piano) e contar\u00e3o com as participa\u00e7\u00f5es da cantora Alessandra Fiorese e do ator Bruno Estrela. Coloque na agenda: dia 25, 22 horas, no Feiti\u00e7o Mineiro<\/p>\n","protected":false},"excerpt":{"rendered":"<p>O Projeto Plural, em sua quinta edi\u00e7\u00e3o, apresenta as cantoras e atrizes Cassia Portugal e Rebeca Abdo, no show \u201cNossa vida \u00e9 mesmo um musical\u201d.\u00a0A pluralidade das artistas, inseridas no cen\u00e1rio cultural do teatro e da m\u00fasica, dar\u00e1 o tom do show que traz no repert\u00f3rio uma mistura de can\u00e7\u00f5es brasileiras e cl\u00e1ssicos da Brodway, [&hellip;]<\/p>\n","protected":false},"author":2,"featured_media":54329,"comment_status":"open","ping_status":"closed","sticky":false,"template":"","format":"standard","meta":{"_acf_changed":false,"footnotes":""},"categories":[40],"tags":[],"class_list":["post-54328","post","type-post","status-publish","format-standard","has-post-thumbnail","hentry","category-zapzap-das-quadras"],"acf":[],"yoast_head":"<!-- This site is optimized with the Yoast SEO plugin v27.2 - https:\/\/yoast.com\/product\/yoast-seo-wordpress\/ -->\n<title>Projeto Plural leva Cassia Portugal e Rebeca Abdo ao Feiti\u00e7o - Notibras<\/title>\n<meta name=\"robots\" content=\"index, follow, max-snippet:-1, max-image-preview:large, max-video-preview:-1\" \/>\n<link rel=\"canonical\" href=\"https:\/\/www.notibras.com\/site\/projeto-plural-leva-cassia-portugal-e-rebeca-abdo-ao-feitico-mineiro\/\" \/>\n<meta property=\"og:locale\" content=\"pt_BR\" \/>\n<meta property=\"og:type\" content=\"article\" \/>\n<meta property=\"og:title\" content=\"Projeto Plural leva Cassia Portugal e Rebeca Abdo ao Feiti\u00e7o - Notibras\" \/>\n<meta property=\"og:description\" content=\"O Projeto Plural, em sua quinta edi\u00e7\u00e3o, apresenta as cantoras e atrizes Cassia Portugal e Rebeca Abdo, no show \u201cNossa vida \u00e9 mesmo um musical\u201d.\u00a0A pluralidade das artistas, inseridas no cen\u00e1rio cultural do teatro e da m\u00fasica, dar\u00e1 o tom do show que traz no repert\u00f3rio uma mistura de can\u00e7\u00f5es brasileiras e cl\u00e1ssicos da Brodway, [&hellip;]\" \/>\n<meta property=\"og:url\" content=\"https:\/\/www.notibras.com\/site\/projeto-plural-leva-cassia-portugal-e-rebeca-abdo-ao-feitico-mineiro\/\" \/>\n<meta property=\"og:site_name\" content=\"Notibras\" \/>\n<meta property=\"article:publisher\" content=\"https:\/\/www.facebook.com\/notibras\/\" \/>\n<meta property=\"article:published_time\" content=\"2015-06-21T10:47:49+00:00\" \/>\n<meta property=\"article:modified_time\" content=\"2015-06-21T10:48:23+00:00\" \/>\n<meta property=\"og:image\" content=\"https:\/\/www.notibras.com\/site\/wp-content\/uploads\/2015\/06\/CassiaPortugal_Rebeca-Abdo.jpg\" \/>\n\t<meta property=\"og:image:width\" content=\"1200\" \/>\n\t<meta property=\"og:image:height\" content=\"600\" \/>\n\t<meta property=\"og:image:type\" content=\"image\/jpeg\" \/>\n<meta name=\"author\" content=\"Reda\u00e7\u00e3o\" \/>\n<meta name=\"twitter:card\" content=\"summary_large_image\" \/>\n<meta name=\"twitter:creator\" content=\"@Notibras\" \/>\n<meta name=\"twitter:site\" content=\"@Notibras\" \/>\n<meta name=\"twitter:label1\" content=\"Escrito por\" \/>\n\t<meta name=\"twitter:data1\" content=\"Reda\u00e7\u00e3o\" \/>\n\t<meta name=\"twitter:label2\" content=\"Est. tempo de leitura\" \/>\n\t<meta name=\"twitter:data2\" content=\"1 minuto\" \/>\n<script type=\"application\/ld+json\" class=\"yoast-schema-graph\">{\"@context\":\"https:\/\/schema.org\",\"@graph\":[{\"@type\":\"Article\",\"@id\":\"https:\/\/www.notibras.com\/site\/projeto-plural-leva-cassia-portugal-e-rebeca-abdo-ao-feitico-mineiro\/#article\",\"isPartOf\":{\"@id\":\"https:\/\/www.notibras.com\/site\/projeto-plural-leva-cassia-portugal-e-rebeca-abdo-ao-feitico-mineiro\/\"},\"author\":{\"name\":\"Reda\u00e7\u00e3o\",\"@id\":\"https:\/\/www.notibras.com\/site\/#\/schema\/person\/36ab0979449956132d3e5b517ea76ac8\"},\"headline\":\"Projeto Plural leva Cassia Portugal e Rebeca Abdo ao Feiti\u00e7o\",\"datePublished\":\"2015-06-21T10:47:49+00:00\",\"dateModified\":\"2015-06-21T10:48:23+00:00\",\"mainEntityOfPage\":{\"@id\":\"https:\/\/www.notibras.com\/site\/projeto-plural-leva-cassia-portugal-e-rebeca-abdo-ao-feitico-mineiro\/\"},\"wordCount\":143,\"commentCount\":0,\"publisher\":{\"@id\":\"https:\/\/www.notibras.com\/site\/#organization\"},\"image\":{\"@id\":\"https:\/\/www.notibras.com\/site\/projeto-plural-leva-cassia-portugal-e-rebeca-abdo-ao-feitico-mineiro\/#primaryimage\"},\"thumbnailUrl\":\"https:\/\/www.notibras.com\/site\/wp-content\/uploads\/2015\/06\/CassiaPortugal_Rebeca-Abdo.jpg\",\"articleSection\":[\"ZapZap das Quadras\"],\"inLanguage\":\"pt-BR\",\"potentialAction\":[{\"@type\":\"CommentAction\",\"name\":\"Comment\",\"target\":[\"https:\/\/www.notibras.com\/site\/projeto-plural-leva-cassia-portugal-e-rebeca-abdo-ao-feitico-mineiro\/#respond\"]}]},{\"@type\":\"WebPage\",\"@id\":\"https:\/\/www.notibras.com\/site\/projeto-plural-leva-cassia-portugal-e-rebeca-abdo-ao-feitico-mineiro\/\",\"url\":\"https:\/\/www.notibras.com\/site\/projeto-plural-leva-cassia-portugal-e-rebeca-abdo-ao-feitico-mineiro\/\",\"name\":\"Projeto Plural leva Cassia Portugal e Rebeca Abdo ao Feiti\u00e7o - Notibras\",\"isPartOf\":{\"@id\":\"https:\/\/www.notibras.com\/site\/#website\"},\"primaryImageOfPage\":{\"@id\":\"https:\/\/www.notibras.com\/site\/projeto-plural-leva-cassia-portugal-e-rebeca-abdo-ao-feitico-mineiro\/#primaryimage\"},\"image\":{\"@id\":\"https:\/\/www.notibras.com\/site\/projeto-plural-leva-cassia-portugal-e-rebeca-abdo-ao-feitico-mineiro\/#primaryimage\"},\"thumbnailUrl\":\"https:\/\/www.notibras.com\/site\/wp-content\/uploads\/2015\/06\/CassiaPortugal_Rebeca-Abdo.jpg\",\"datePublished\":\"2015-06-21T10:47:49+00:00\",\"dateModified\":\"2015-06-21T10:48:23+00:00\",\"breadcrumb\":{\"@id\":\"https:\/\/www.notibras.com\/site\/projeto-plural-leva-cassia-portugal-e-rebeca-abdo-ao-feitico-mineiro\/#breadcrumb\"},\"inLanguage\":\"pt-BR\",\"potentialAction\":[{\"@type\":\"ReadAction\",\"target\":[\"https:\/\/www.notibras.com\/site\/projeto-plural-leva-cassia-portugal-e-rebeca-abdo-ao-feitico-mineiro\/\"]}]},{\"@type\":\"ImageObject\",\"inLanguage\":\"pt-BR\",\"@id\":\"https:\/\/www.notibras.com\/site\/projeto-plural-leva-cassia-portugal-e-rebeca-abdo-ao-feitico-mineiro\/#primaryimage\",\"url\":\"https:\/\/www.notibras.com\/site\/wp-content\/uploads\/2015\/06\/CassiaPortugal_Rebeca-Abdo.jpg\",\"contentUrl\":\"https:\/\/www.notibras.com\/site\/wp-content\/uploads\/2015\/06\/CassiaPortugal_Rebeca-Abdo.jpg\",\"width\":1200,\"height\":600},{\"@type\":\"BreadcrumbList\",\"@id\":\"https:\/\/www.notibras.com\/site\/projeto-plural-leva-cassia-portugal-e-rebeca-abdo-ao-feitico-mineiro\/#breadcrumb\",\"itemListElement\":[{\"@type\":\"ListItem\",\"position\":1,\"name\":\"In\u00edcio\",\"item\":\"https:\/\/www.notibras.com\/site\/\"},{\"@type\":\"ListItem\",\"position\":2,\"name\":\"Projeto Plural leva Cassia Portugal e Rebeca Abdo ao Feiti\u00e7o\"}]},{\"@type\":\"WebSite\",\"@id\":\"https:\/\/www.notibras.com\/site\/#website\",\"url\":\"https:\/\/www.notibras.com\/site\/\",\"name\":\"Notibras\",\"description\":\"Not\u00edcias de Bras\u00edlia, do Brasil e do Mundo\",\"publisher\":{\"@id\":\"https:\/\/www.notibras.com\/site\/#organization\"},\"potentialAction\":[{\"@type\":\"SearchAction\",\"target\":{\"@type\":\"EntryPoint\",\"urlTemplate\":\"https:\/\/www.notibras.com\/site\/?s={search_term_string}\"},\"query-input\":{\"@type\":\"PropertyValueSpecification\",\"valueRequired\":true,\"valueName\":\"search_term_string\"}}],\"inLanguage\":\"pt-BR\"},{\"@type\":\"Organization\",\"@id\":\"https:\/\/www.notibras.com\/site\/#organization\",\"name\":\"Grupo Notibras de Comunica\u00e7\u00e3o\",\"url\":\"https:\/\/www.notibras.com\/site\/\",\"logo\":{\"@type\":\"ImageObject\",\"inLanguage\":\"pt-BR\",\"@id\":\"https:\/\/www.notibras.com\/site\/#\/schema\/logo\/image\/\",\"url\":\"https:\/\/www.notibras.com\/site\/wp-content\/uploads\/2023\/01\/notibras23.png\",\"contentUrl\":\"https:\/\/www.notibras.com\/site\/wp-content\/uploads\/2023\/01\/notibras23.png\",\"width\":350,\"height\":87,\"caption\":\"Grupo Notibras de Comunica\u00e7\u00e3o\"},\"image\":{\"@id\":\"https:\/\/www.notibras.com\/site\/#\/schema\/logo\/image\/\"},\"sameAs\":[\"https:\/\/www.facebook.com\/notibras\/\",\"https:\/\/x.com\/Notibras\",\"https:\/\/www.instagram.com\/notibras\/\"]},{\"@type\":\"Person\",\"@id\":\"https:\/\/www.notibras.com\/site\/#\/schema\/person\/36ab0979449956132d3e5b517ea76ac8\",\"name\":\"Reda\u00e7\u00e3o\",\"image\":{\"@type\":\"ImageObject\",\"inLanguage\":\"pt-BR\",\"@id\":\"https:\/\/secure.gravatar.com\/avatar\/e0a867bdedb85fd243eadf09663511f96fc81e0720a4a42581f334ad4303aa6b?s=96&d=mm&r=g\",\"url\":\"https:\/\/secure.gravatar.com\/avatar\/e0a867bdedb85fd243eadf09663511f96fc81e0720a4a42581f334ad4303aa6b?s=96&d=mm&r=g\",\"contentUrl\":\"https:\/\/secure.gravatar.com\/avatar\/e0a867bdedb85fd243eadf09663511f96fc81e0720a4a42581f334ad4303aa6b?s=96&d=mm&r=g\",\"caption\":\"Reda\u00e7\u00e3o\"}}]}<\/script>\n<!-- \/ Yoast SEO plugin. -->","yoast_head_json":{"title":"Projeto Plural leva Cassia Portugal e Rebeca Abdo ao Feiti\u00e7o - Notibras","robots":{"index":"index","follow":"follow","max-snippet":"max-snippet:-1","max-image-preview":"max-image-preview:large","max-video-preview":"max-video-preview:-1"},"canonical":"https:\/\/www.notibras.com\/site\/projeto-plural-leva-cassia-portugal-e-rebeca-abdo-ao-feitico-mineiro\/","og_locale":"pt_BR","og_type":"article","og_title":"Projeto Plural leva Cassia Portugal e Rebeca Abdo ao Feiti\u00e7o - Notibras","og_description":"O Projeto Plural, em sua quinta edi\u00e7\u00e3o, apresenta as cantoras e atrizes Cassia Portugal e Rebeca Abdo, no show \u201cNossa vida \u00e9 mesmo um musical\u201d.\u00a0A pluralidade das artistas, inseridas no cen\u00e1rio cultural do teatro e da m\u00fasica, dar\u00e1 o tom do show que traz no repert\u00f3rio uma mistura de can\u00e7\u00f5es brasileiras e cl\u00e1ssicos da Brodway, [&hellip;]","og_url":"https:\/\/www.notibras.com\/site\/projeto-plural-leva-cassia-portugal-e-rebeca-abdo-ao-feitico-mineiro\/","og_site_name":"Notibras","article_publisher":"https:\/\/www.facebook.com\/notibras\/","article_published_time":"2015-06-21T10:47:49+00:00","article_modified_time":"2015-06-21T10:48:23+00:00","og_image":[{"width":1200,"height":600,"url":"https:\/\/www.notibras.com\/site\/wp-content\/uploads\/2015\/06\/CassiaPortugal_Rebeca-Abdo.jpg","type":"image\/jpeg"}],"author":"Reda\u00e7\u00e3o","twitter_card":"summary_large_image","twitter_creator":"@Notibras","twitter_site":"@Notibras","twitter_misc":{"Escrito por":"Reda\u00e7\u00e3o","Est. tempo de leitura":"1 minuto"},"schema":{"@context":"https:\/\/schema.org","@graph":[{"@type":"Article","@id":"https:\/\/www.notibras.com\/site\/projeto-plural-leva-cassia-portugal-e-rebeca-abdo-ao-feitico-mineiro\/#article","isPartOf":{"@id":"https:\/\/www.notibras.com\/site\/projeto-plural-leva-cassia-portugal-e-rebeca-abdo-ao-feitico-mineiro\/"},"author":{"name":"Reda\u00e7\u00e3o","@id":"https:\/\/www.notibras.com\/site\/#\/schema\/person\/36ab0979449956132d3e5b517ea76ac8"},"headline":"Projeto Plural leva Cassia Portugal e Rebeca Abdo ao Feiti\u00e7o","datePublished":"2015-06-21T10:47:49+00:00","dateModified":"2015-06-21T10:48:23+00:00","mainEntityOfPage":{"@id":"https:\/\/www.notibras.com\/site\/projeto-plural-leva-cassia-portugal-e-rebeca-abdo-ao-feitico-mineiro\/"},"wordCount":143,"commentCount":0,"publisher":{"@id":"https:\/\/www.notibras.com\/site\/#organization"},"image":{"@id":"https:\/\/www.notibras.com\/site\/projeto-plural-leva-cassia-portugal-e-rebeca-abdo-ao-feitico-mineiro\/#primaryimage"},"thumbnailUrl":"https:\/\/www.notibras.com\/site\/wp-content\/uploads\/2015\/06\/CassiaPortugal_Rebeca-Abdo.jpg","articleSection":["ZapZap das Quadras"],"inLanguage":"pt-BR","potentialAction":[{"@type":"CommentAction","name":"Comment","target":["https:\/\/www.notibras.com\/site\/projeto-plural-leva-cassia-portugal-e-rebeca-abdo-ao-feitico-mineiro\/#respond"]}]},{"@type":"WebPage","@id":"https:\/\/www.notibras.com\/site\/projeto-plural-leva-cassia-portugal-e-rebeca-abdo-ao-feitico-mineiro\/","url":"https:\/\/www.notibras.com\/site\/projeto-plural-leva-cassia-portugal-e-rebeca-abdo-ao-feitico-mineiro\/","name":"Projeto Plural leva Cassia Portugal e Rebeca Abdo ao Feiti\u00e7o - Notibras","isPartOf":{"@id":"https:\/\/www.notibras.com\/site\/#website"},"primaryImageOfPage":{"@id":"https:\/\/www.notibras.com\/site\/projeto-plural-leva-cassia-portugal-e-rebeca-abdo-ao-feitico-mineiro\/#primaryimage"},"image":{"@id":"https:\/\/www.notibras.com\/site\/projeto-plural-leva-cassia-portugal-e-rebeca-abdo-ao-feitico-mineiro\/#primaryimage"},"thumbnailUrl":"https:\/\/www.notibras.com\/site\/wp-content\/uploads\/2015\/06\/CassiaPortugal_Rebeca-Abdo.jpg","datePublished":"2015-06-21T10:47:49+00:00","dateModified":"2015-06-21T10:48:23+00:00","breadcrumb":{"@id":"https:\/\/www.notibras.com\/site\/projeto-plural-leva-cassia-portugal-e-rebeca-abdo-ao-feitico-mineiro\/#breadcrumb"},"inLanguage":"pt-BR","potentialAction":[{"@type":"ReadAction","target":["https:\/\/www.notibras.com\/site\/projeto-plural-leva-cassia-portugal-e-rebeca-abdo-ao-feitico-mineiro\/"]}]},{"@type":"ImageObject","inLanguage":"pt-BR","@id":"https:\/\/www.notibras.com\/site\/projeto-plural-leva-cassia-portugal-e-rebeca-abdo-ao-feitico-mineiro\/#primaryimage","url":"https:\/\/www.notibras.com\/site\/wp-content\/uploads\/2015\/06\/CassiaPortugal_Rebeca-Abdo.jpg","contentUrl":"https:\/\/www.notibras.com\/site\/wp-content\/uploads\/2015\/06\/CassiaPortugal_Rebeca-Abdo.jpg","width":1200,"height":600},{"@type":"BreadcrumbList","@id":"https:\/\/www.notibras.com\/site\/projeto-plural-leva-cassia-portugal-e-rebeca-abdo-ao-feitico-mineiro\/#breadcrumb","itemListElement":[{"@type":"ListItem","position":1,"name":"In\u00edcio","item":"https:\/\/www.notibras.com\/site\/"},{"@type":"ListItem","position":2,"name":"Projeto Plural leva Cassia Portugal e Rebeca Abdo ao Feiti\u00e7o"}]},{"@type":"WebSite","@id":"https:\/\/www.notibras.com\/site\/#website","url":"https:\/\/www.notibras.com\/site\/","name":"Notibras","description":"Not\u00edcias de Bras\u00edlia, do Brasil e do Mundo","publisher":{"@id":"https:\/\/www.notibras.com\/site\/#organization"},"potentialAction":[{"@type":"SearchAction","target":{"@type":"EntryPoint","urlTemplate":"https:\/\/www.notibras.com\/site\/?s={search_term_string}"},"query-input":{"@type":"PropertyValueSpecification","valueRequired":true,"valueName":"search_term_string"}}],"inLanguage":"pt-BR"},{"@type":"Organization","@id":"https:\/\/www.notibras.com\/site\/#organization","name":"Grupo Notibras de Comunica\u00e7\u00e3o","url":"https:\/\/www.notibras.com\/site\/","logo":{"@type":"ImageObject","inLanguage":"pt-BR","@id":"https:\/\/www.notibras.com\/site\/#\/schema\/logo\/image\/","url":"https:\/\/www.notibras.com\/site\/wp-content\/uploads\/2023\/01\/notibras23.png","contentUrl":"https:\/\/www.notibras.com\/site\/wp-content\/uploads\/2023\/01\/notibras23.png","width":350,"height":87,"caption":"Grupo Notibras de Comunica\u00e7\u00e3o"},"image":{"@id":"https:\/\/www.notibras.com\/site\/#\/schema\/logo\/image\/"},"sameAs":["https:\/\/www.facebook.com\/notibras\/","https:\/\/x.com\/Notibras","https:\/\/www.instagram.com\/notibras\/"]},{"@type":"Person","@id":"https:\/\/www.notibras.com\/site\/#\/schema\/person\/36ab0979449956132d3e5b517ea76ac8","name":"Reda\u00e7\u00e3o","image":{"@type":"ImageObject","inLanguage":"pt-BR","@id":"https:\/\/secure.gravatar.com\/avatar\/e0a867bdedb85fd243eadf09663511f96fc81e0720a4a42581f334ad4303aa6b?s=96&d=mm&r=g","url":"https:\/\/secure.gravatar.com\/avatar\/e0a867bdedb85fd243eadf09663511f96fc81e0720a4a42581f334ad4303aa6b?s=96&d=mm&r=g","contentUrl":"https:\/\/secure.gravatar.com\/avatar\/e0a867bdedb85fd243eadf09663511f96fc81e0720a4a42581f334ad4303aa6b?s=96&d=mm&r=g","caption":"Reda\u00e7\u00e3o"}}]}},"amp_enabled":true,"_links":{"self":[{"href":"https:\/\/www.notibras.com\/site\/wp-json\/wp\/v2\/posts\/54328","targetHints":{"allow":["GET"]}}],"collection":[{"href":"https:\/\/www.notibras.com\/site\/wp-json\/wp\/v2\/posts"}],"about":[{"href":"https:\/\/www.notibras.com\/site\/wp-json\/wp\/v2\/types\/post"}],"author":[{"embeddable":true,"href":"https:\/\/www.notibras.com\/site\/wp-json\/wp\/v2\/users\/2"}],"replies":[{"embeddable":true,"href":"https:\/\/www.notibras.com\/site\/wp-json\/wp\/v2\/comments?post=54328"}],"version-history":[{"count":0,"href":"https:\/\/www.notibras.com\/site\/wp-json\/wp\/v2\/posts\/54328\/revisions"}],"wp:featuredmedia":[{"embeddable":true,"href":"https:\/\/www.notibras.com\/site\/wp-json\/wp\/v2\/media\/54329"}],"wp:attachment":[{"href":"https:\/\/www.notibras.com\/site\/wp-json\/wp\/v2\/media?parent=54328"}],"wp:term":[{"taxonomy":"category","embeddable":true,"href":"https:\/\/www.notibras.com\/site\/wp-json\/wp\/v2\/categories?post=54328"},{"taxonomy":"post_tag","embeddable":true,"href":"https:\/\/www.notibras.com\/site\/wp-json\/wp\/v2\/tags?post=54328"}],"curies":[{"name":"wp","href":"https:\/\/api.w.org\/{rel}","templated":true}]}}