{"id":54592,"date":"2015-06-23T03:18:13","date_gmt":"2015-06-23T06:18:13","guid":{"rendered":"http:\/\/www.notibras.com\/site\/?p=54592"},"modified":"2015-06-23T03:18:13","modified_gmt":"2015-06-23T06:18:13","slug":"fantasma-da-segundona-obriga-vasco-a-abrir-cofre-e-fazer-contratacoes","status":"publish","type":"post","link":"https:\/\/www.notibras.com\/site\/fantasma-da-segundona-obriga-vasco-a-abrir-cofre-e-fazer-contratacoes\/","title":{"rendered":"Fantasma da Segundona obriga Vasco a abrir cofre e fazer contrata\u00e7\u00f5es"},"content":{"rendered":"<p>A lanterna no Campeonato Brasileiro e o jejum de vit\u00f3rias que j\u00e1 dura 50 dias ligou de vez o alerta no Vasco sobre um poss\u00edvel retorno \u00e0 S\u00e9rie B em 2016. Em resposta \u00e0 crise que se instalou em S\u00e3o Janu\u00e1rio ap\u00f3s apenas oito rodadas da competi\u00e7\u00e3o nacional, a diretoria cruzmaltina decidiu abrir os cofres para escapar dos riscos de uma terceira passagem pela segunda divis\u00e3o em apenas oito anos.<\/p>\n<p>S\u00f3 nos \u00faltimos tr\u00eas dias, o time contratou o meia Andrezinho e o atacante Herrera, se aproximou de acertos com Ronaldinho Ga\u00facho, al\u00e9m de trazer o t\u00e9cnico Celso Roth para o lugar do desgastado Doriva, que entregou o cargo no \u00faltimo domingo. A movimenta\u00e7\u00e3o \u00e9 uma tentativa de impulsionar uma rea\u00e7\u00e3o no Brasileiro.<\/p>\n<p>Hoje, com apenas oito rodadas disputadas, o Vasco est\u00e1 a seis pontos de sair da zona de rebaixamento. Ou seja, para deixar a degola nas pr\u00f3ximas duas rodadas, o Cruzmaltino precisaria vencer o cl\u00e1ssico com o Flamengo no pr\u00f3ximo domingo e bater o Ava\u00ed em S\u00e3o Janu\u00e1rio na quarta-feira seguinte, al\u00e9m de contar com resultados favor\u00e1veis. Isso tudo vindo de um jejum de 10 jogos sem vit\u00f3rias.<\/p>\n<p>Apesar da sa\u00edda de Doriva, o diagn\u00f3stico feito pela diretoria do Vasco \u00e9 de que a qualidade do elenco \u00e9 o maior problema do Cruzmaltino. At\u00e9 por isso, o treinador n\u00e3o foi demitido mesmo diante de resultados fracos no Brasileiro. A mudan\u00e7a no comando aconteceu de forma natural: pressionado, o t\u00e9cnico preferiu entregar o cargo, e a diretoria n\u00e3o mais tentou convenc\u00ea-lo a ficar.<\/p>\n<blockquote><p>J\u00e1 Ronaldinho Ga\u00facho ser\u00e1 o maior investimento do Vasco para fugir da S\u00e9rie B caso oficialize seu acerto com o clube. O meia ganharia R$ 300 mil em S\u00e3o Janu\u00e1rio, o dobro do teto salarial estabelecido por Eurico Miranda no in\u00edcio do ano. Al\u00e9m disso, receberia bonifica\u00e7\u00f5es relacionadas a produtividade em campo. L\u00e9o Moura, por sua vez, deve receber valor pr\u00f3ximo do limite estabelecido anteriormente.<\/p><\/blockquote>\n<p>Andrezinho e Herrera tamb\u00e9m s\u00e3o investimentos pesados do Vasco em busca de uma rea\u00e7\u00e3o no Brasileiro. O primeiro ganhar\u00e1 sal\u00e1rio pr\u00f3ximo ao teto de R$ 150 mil, enquanto o segundo se enquandrou na pol\u00edtica salarial, mas ainda assim ter\u00e1 um dos maiores vencimentos do elenco. At\u00e9 mesmo o novo t\u00e9cnico Celso Roth chega como investimento, uma vez que tem custo maior que o antecessor Doriva.<\/p>\n<p>O medo de retornar \u00e0 S\u00e9rie B \u00e9 justificado pelo passado recente do clube. O Vasco disputou a segunda divis\u00e3o em 2009 e 2014. No ano passado, inclusive, o Cruzmaltino encontrou mais dificuldades que o esperado e subiu somente como o terceiro colocado da competi\u00e7\u00e3o em que era o maior favorito.<\/p>\n","protected":false},"excerpt":{"rendered":"<p>A lanterna no Campeonato Brasileiro e o jejum de vit\u00f3rias que j\u00e1 dura 50 dias ligou de vez o alerta no Vasco sobre um poss\u00edvel retorno \u00e0 S\u00e9rie B em 2016. Em resposta \u00e0 crise que se instalou em S\u00e3o Janu\u00e1rio ap\u00f3s apenas oito rodadas da competi\u00e7\u00e3o nacional, a diretoria cruzmaltina decidiu abrir os cofres [&hellip;]<\/p>\n","protected":false},"author":2,"featured_media":54593,"comment_status":"open","ping_status":"closed","sticky":false,"template":"","format":"standard","meta":{"_acf_changed":false,"footnotes":""},"categories":[19,29],"tags":[],"class_list":["post-54592","post","type-post","status-publish","format-standard","has-post-thumbnail","hentry","category-esportes","category-futebol"],"acf":[],"yoast_head":"<!-- This site is optimized with the Yoast SEO plugin v27.2 - https:\/\/yoast.com\/product\/yoast-seo-wordpress\/ -->\n<title>Fantasma da Segundona obriga Vasco a abrir cofre e fazer contrata\u00e7\u00f5es - Notibras<\/title>\n<meta name=\"robots\" content=\"index, follow, max-snippet:-1, max-image-preview:large, max-video-preview:-1\" \/>\n<link rel=\"canonical\" href=\"https:\/\/www.notibras.com\/site\/fantasma-da-segundona-obriga-vasco-a-abrir-cofre-e-fazer-contratacoes\/\" \/>\n<meta property=\"og:locale\" content=\"pt_BR\" \/>\n<meta property=\"og:type\" content=\"article\" \/>\n<meta property=\"og:title\" content=\"Fantasma da Segundona obriga Vasco a abrir cofre e fazer contrata\u00e7\u00f5es - Notibras\" \/>\n<meta property=\"og:description\" content=\"A lanterna no Campeonato Brasileiro e o jejum de vit\u00f3rias que j\u00e1 dura 50 dias ligou de vez o alerta no Vasco sobre um poss\u00edvel retorno \u00e0 S\u00e9rie B em 2016. Em resposta \u00e0 crise que se instalou em S\u00e3o Janu\u00e1rio ap\u00f3s apenas oito rodadas da competi\u00e7\u00e3o nacional, a diretoria cruzmaltina decidiu abrir os cofres [&hellip;]\" \/>\n<meta property=\"og:url\" content=\"https:\/\/www.notibras.com\/site\/fantasma-da-segundona-obriga-vasco-a-abrir-cofre-e-fazer-contratacoes\/\" \/>\n<meta property=\"og:site_name\" content=\"Notibras\" \/>\n<meta property=\"article:publisher\" content=\"https:\/\/www.facebook.com\/notibras\/\" \/>\n<meta property=\"article:published_time\" content=\"2015-06-23T06:18:13+00:00\" \/>\n<meta property=\"og:image\" content=\"https:\/\/www.notibras.com\/site\/wp-content\/uploads\/2015\/06\/ronaldinho_gauchoo.jpg\" \/>\n\t<meta property=\"og:image:width\" content=\"436\" \/>\n\t<meta property=\"og:image:height\" content=\"313\" \/>\n\t<meta property=\"og:image:type\" content=\"image\/jpeg\" \/>\n<meta name=\"author\" content=\"Reda\u00e7\u00e3o\" \/>\n<meta name=\"twitter:card\" content=\"summary_large_image\" \/>\n<meta name=\"twitter:creator\" content=\"@Notibras\" \/>\n<meta name=\"twitter:site\" content=\"@Notibras\" \/>\n<meta name=\"twitter:label1\" content=\"Escrito por\" \/>\n\t<meta name=\"twitter:data1\" content=\"Reda\u00e7\u00e3o\" \/>\n\t<meta name=\"twitter:label2\" content=\"Est. tempo de leitura\" \/>\n\t<meta name=\"twitter:data2\" content=\"2 minutos\" \/>\n<script type=\"application\/ld+json\" class=\"yoast-schema-graph\">{\"@context\":\"https:\/\/schema.org\",\"@graph\":[{\"@type\":\"Article\",\"@id\":\"https:\/\/www.notibras.com\/site\/fantasma-da-segundona-obriga-vasco-a-abrir-cofre-e-fazer-contratacoes\/#article\",\"isPartOf\":{\"@id\":\"https:\/\/www.notibras.com\/site\/fantasma-da-segundona-obriga-vasco-a-abrir-cofre-e-fazer-contratacoes\/\"},\"author\":{\"name\":\"Reda\u00e7\u00e3o\",\"@id\":\"https:\/\/www.notibras.com\/site\/#\/schema\/person\/36ab0979449956132d3e5b517ea76ac8\"},\"headline\":\"Fantasma da Segundona obriga Vasco a abrir cofre e fazer contrata\u00e7\u00f5es\",\"datePublished\":\"2015-06-23T06:18:13+00:00\",\"mainEntityOfPage\":{\"@id\":\"https:\/\/www.notibras.com\/site\/fantasma-da-segundona-obriga-vasco-a-abrir-cofre-e-fazer-contratacoes\/\"},\"wordCount\":481,\"commentCount\":0,\"publisher\":{\"@id\":\"https:\/\/www.notibras.com\/site\/#organization\"},\"image\":{\"@id\":\"https:\/\/www.notibras.com\/site\/fantasma-da-segundona-obriga-vasco-a-abrir-cofre-e-fazer-contratacoes\/#primaryimage\"},\"thumbnailUrl\":\"https:\/\/www.notibras.com\/site\/wp-content\/uploads\/2015\/06\/ronaldinho_gauchoo.jpg\",\"articleSection\":[\"Esportes\",\"Futebol\"],\"inLanguage\":\"pt-BR\",\"potentialAction\":[{\"@type\":\"CommentAction\",\"name\":\"Comment\",\"target\":[\"https:\/\/www.notibras.com\/site\/fantasma-da-segundona-obriga-vasco-a-abrir-cofre-e-fazer-contratacoes\/#respond\"]}]},{\"@type\":\"WebPage\",\"@id\":\"https:\/\/www.notibras.com\/site\/fantasma-da-segundona-obriga-vasco-a-abrir-cofre-e-fazer-contratacoes\/\",\"url\":\"https:\/\/www.notibras.com\/site\/fantasma-da-segundona-obriga-vasco-a-abrir-cofre-e-fazer-contratacoes\/\",\"name\":\"Fantasma da Segundona obriga Vasco a abrir cofre e fazer contrata\u00e7\u00f5es - Notibras\",\"isPartOf\":{\"@id\":\"https:\/\/www.notibras.com\/site\/#website\"},\"primaryImageOfPage\":{\"@id\":\"https:\/\/www.notibras.com\/site\/fantasma-da-segundona-obriga-vasco-a-abrir-cofre-e-fazer-contratacoes\/#primaryimage\"},\"image\":{\"@id\":\"https:\/\/www.notibras.com\/site\/fantasma-da-segundona-obriga-vasco-a-abrir-cofre-e-fazer-contratacoes\/#primaryimage\"},\"thumbnailUrl\":\"https:\/\/www.notibras.com\/site\/wp-content\/uploads\/2015\/06\/ronaldinho_gauchoo.jpg\",\"datePublished\":\"2015-06-23T06:18:13+00:00\",\"breadcrumb\":{\"@id\":\"https:\/\/www.notibras.com\/site\/fantasma-da-segundona-obriga-vasco-a-abrir-cofre-e-fazer-contratacoes\/#breadcrumb\"},\"inLanguage\":\"pt-BR\",\"potentialAction\":[{\"@type\":\"ReadAction\",\"target\":[\"https:\/\/www.notibras.com\/site\/fantasma-da-segundona-obriga-vasco-a-abrir-cofre-e-fazer-contratacoes\/\"]}]},{\"@type\":\"ImageObject\",\"inLanguage\":\"pt-BR\",\"@id\":\"https:\/\/www.notibras.com\/site\/fantasma-da-segundona-obriga-vasco-a-abrir-cofre-e-fazer-contratacoes\/#primaryimage\",\"url\":\"https:\/\/www.notibras.com\/site\/wp-content\/uploads\/2015\/06\/ronaldinho_gauchoo.jpg\",\"contentUrl\":\"https:\/\/www.notibras.com\/site\/wp-content\/uploads\/2015\/06\/ronaldinho_gauchoo.jpg\",\"width\":436,\"height\":313},{\"@type\":\"BreadcrumbList\",\"@id\":\"https:\/\/www.notibras.com\/site\/fantasma-da-segundona-obriga-vasco-a-abrir-cofre-e-fazer-contratacoes\/#breadcrumb\",\"itemListElement\":[{\"@type\":\"ListItem\",\"position\":1,\"name\":\"In\u00edcio\",\"item\":\"https:\/\/www.notibras.com\/site\/\"},{\"@type\":\"ListItem\",\"position\":2,\"name\":\"Fantasma da Segundona obriga Vasco a abrir cofre e fazer contrata\u00e7\u00f5es\"}]},{\"@type\":\"WebSite\",\"@id\":\"https:\/\/www.notibras.com\/site\/#website\",\"url\":\"https:\/\/www.notibras.com\/site\/\",\"name\":\"Notibras\",\"description\":\"Not\u00edcias de Bras\u00edlia, do Brasil e do Mundo\",\"publisher\":{\"@id\":\"https:\/\/www.notibras.com\/site\/#organization\"},\"potentialAction\":[{\"@type\":\"SearchAction\",\"target\":{\"@type\":\"EntryPoint\",\"urlTemplate\":\"https:\/\/www.notibras.com\/site\/?s={search_term_string}\"},\"query-input\":{\"@type\":\"PropertyValueSpecification\",\"valueRequired\":true,\"valueName\":\"search_term_string\"}}],\"inLanguage\":\"pt-BR\"},{\"@type\":\"Organization\",\"@id\":\"https:\/\/www.notibras.com\/site\/#organization\",\"name\":\"Grupo Notibras de Comunica\u00e7\u00e3o\",\"url\":\"https:\/\/www.notibras.com\/site\/\",\"logo\":{\"@type\":\"ImageObject\",\"inLanguage\":\"pt-BR\",\"@id\":\"https:\/\/www.notibras.com\/site\/#\/schema\/logo\/image\/\",\"url\":\"https:\/\/www.notibras.com\/site\/wp-content\/uploads\/2023\/01\/notibras23.png\",\"contentUrl\":\"https:\/\/www.notibras.com\/site\/wp-content\/uploads\/2023\/01\/notibras23.png\",\"width\":350,\"height\":87,\"caption\":\"Grupo Notibras de Comunica\u00e7\u00e3o\"},\"image\":{\"@id\":\"https:\/\/www.notibras.com\/site\/#\/schema\/logo\/image\/\"},\"sameAs\":[\"https:\/\/www.facebook.com\/notibras\/\",\"https:\/\/x.com\/Notibras\",\"https:\/\/www.instagram.com\/notibras\/\"]},{\"@type\":\"Person\",\"@id\":\"https:\/\/www.notibras.com\/site\/#\/schema\/person\/36ab0979449956132d3e5b517ea76ac8\",\"name\":\"Reda\u00e7\u00e3o\",\"image\":{\"@type\":\"ImageObject\",\"inLanguage\":\"pt-BR\",\"@id\":\"https:\/\/secure.gravatar.com\/avatar\/e0a867bdedb85fd243eadf09663511f96fc81e0720a4a42581f334ad4303aa6b?s=96&d=mm&r=g\",\"url\":\"https:\/\/secure.gravatar.com\/avatar\/e0a867bdedb85fd243eadf09663511f96fc81e0720a4a42581f334ad4303aa6b?s=96&d=mm&r=g\",\"contentUrl\":\"https:\/\/secure.gravatar.com\/avatar\/e0a867bdedb85fd243eadf09663511f96fc81e0720a4a42581f334ad4303aa6b?s=96&d=mm&r=g\",\"caption\":\"Reda\u00e7\u00e3o\"}}]}<\/script>\n<!-- \/ Yoast SEO plugin. -->","yoast_head_json":{"title":"Fantasma da Segundona obriga Vasco a abrir cofre e fazer contrata\u00e7\u00f5es - Notibras","robots":{"index":"index","follow":"follow","max-snippet":"max-snippet:-1","max-image-preview":"max-image-preview:large","max-video-preview":"max-video-preview:-1"},"canonical":"https:\/\/www.notibras.com\/site\/fantasma-da-segundona-obriga-vasco-a-abrir-cofre-e-fazer-contratacoes\/","og_locale":"pt_BR","og_type":"article","og_title":"Fantasma da Segundona obriga Vasco a abrir cofre e fazer contrata\u00e7\u00f5es - Notibras","og_description":"A lanterna no Campeonato Brasileiro e o jejum de vit\u00f3rias que j\u00e1 dura 50 dias ligou de vez o alerta no Vasco sobre um poss\u00edvel retorno \u00e0 S\u00e9rie B em 2016. Em resposta \u00e0 crise que se instalou em S\u00e3o Janu\u00e1rio ap\u00f3s apenas oito rodadas da competi\u00e7\u00e3o nacional, a diretoria cruzmaltina decidiu abrir os cofres [&hellip;]","og_url":"https:\/\/www.notibras.com\/site\/fantasma-da-segundona-obriga-vasco-a-abrir-cofre-e-fazer-contratacoes\/","og_site_name":"Notibras","article_publisher":"https:\/\/www.facebook.com\/notibras\/","article_published_time":"2015-06-23T06:18:13+00:00","og_image":[{"width":436,"height":313,"url":"https:\/\/www.notibras.com\/site\/wp-content\/uploads\/2015\/06\/ronaldinho_gauchoo.jpg","type":"image\/jpeg"}],"author":"Reda\u00e7\u00e3o","twitter_card":"summary_large_image","twitter_creator":"@Notibras","twitter_site":"@Notibras","twitter_misc":{"Escrito por":"Reda\u00e7\u00e3o","Est. tempo de leitura":"2 minutos"},"schema":{"@context":"https:\/\/schema.org","@graph":[{"@type":"Article","@id":"https:\/\/www.notibras.com\/site\/fantasma-da-segundona-obriga-vasco-a-abrir-cofre-e-fazer-contratacoes\/#article","isPartOf":{"@id":"https:\/\/www.notibras.com\/site\/fantasma-da-segundona-obriga-vasco-a-abrir-cofre-e-fazer-contratacoes\/"},"author":{"name":"Reda\u00e7\u00e3o","@id":"https:\/\/www.notibras.com\/site\/#\/schema\/person\/36ab0979449956132d3e5b517ea76ac8"},"headline":"Fantasma da Segundona obriga Vasco a abrir cofre e fazer contrata\u00e7\u00f5es","datePublished":"2015-06-23T06:18:13+00:00","mainEntityOfPage":{"@id":"https:\/\/www.notibras.com\/site\/fantasma-da-segundona-obriga-vasco-a-abrir-cofre-e-fazer-contratacoes\/"},"wordCount":481,"commentCount":0,"publisher":{"@id":"https:\/\/www.notibras.com\/site\/#organization"},"image":{"@id":"https:\/\/www.notibras.com\/site\/fantasma-da-segundona-obriga-vasco-a-abrir-cofre-e-fazer-contratacoes\/#primaryimage"},"thumbnailUrl":"https:\/\/www.notibras.com\/site\/wp-content\/uploads\/2015\/06\/ronaldinho_gauchoo.jpg","articleSection":["Esportes","Futebol"],"inLanguage":"pt-BR","potentialAction":[{"@type":"CommentAction","name":"Comment","target":["https:\/\/www.notibras.com\/site\/fantasma-da-segundona-obriga-vasco-a-abrir-cofre-e-fazer-contratacoes\/#respond"]}]},{"@type":"WebPage","@id":"https:\/\/www.notibras.com\/site\/fantasma-da-segundona-obriga-vasco-a-abrir-cofre-e-fazer-contratacoes\/","url":"https:\/\/www.notibras.com\/site\/fantasma-da-segundona-obriga-vasco-a-abrir-cofre-e-fazer-contratacoes\/","name":"Fantasma da Segundona obriga Vasco a abrir cofre e fazer contrata\u00e7\u00f5es - Notibras","isPartOf":{"@id":"https:\/\/www.notibras.com\/site\/#website"},"primaryImageOfPage":{"@id":"https:\/\/www.notibras.com\/site\/fantasma-da-segundona-obriga-vasco-a-abrir-cofre-e-fazer-contratacoes\/#primaryimage"},"image":{"@id":"https:\/\/www.notibras.com\/site\/fantasma-da-segundona-obriga-vasco-a-abrir-cofre-e-fazer-contratacoes\/#primaryimage"},"thumbnailUrl":"https:\/\/www.notibras.com\/site\/wp-content\/uploads\/2015\/06\/ronaldinho_gauchoo.jpg","datePublished":"2015-06-23T06:18:13+00:00","breadcrumb":{"@id":"https:\/\/www.notibras.com\/site\/fantasma-da-segundona-obriga-vasco-a-abrir-cofre-e-fazer-contratacoes\/#breadcrumb"},"inLanguage":"pt-BR","potentialAction":[{"@type":"ReadAction","target":["https:\/\/www.notibras.com\/site\/fantasma-da-segundona-obriga-vasco-a-abrir-cofre-e-fazer-contratacoes\/"]}]},{"@type":"ImageObject","inLanguage":"pt-BR","@id":"https:\/\/www.notibras.com\/site\/fantasma-da-segundona-obriga-vasco-a-abrir-cofre-e-fazer-contratacoes\/#primaryimage","url":"https:\/\/www.notibras.com\/site\/wp-content\/uploads\/2015\/06\/ronaldinho_gauchoo.jpg","contentUrl":"https:\/\/www.notibras.com\/site\/wp-content\/uploads\/2015\/06\/ronaldinho_gauchoo.jpg","width":436,"height":313},{"@type":"BreadcrumbList","@id":"https:\/\/www.notibras.com\/site\/fantasma-da-segundona-obriga-vasco-a-abrir-cofre-e-fazer-contratacoes\/#breadcrumb","itemListElement":[{"@type":"ListItem","position":1,"name":"In\u00edcio","item":"https:\/\/www.notibras.com\/site\/"},{"@type":"ListItem","position":2,"name":"Fantasma da Segundona obriga Vasco a abrir cofre e fazer contrata\u00e7\u00f5es"}]},{"@type":"WebSite","@id":"https:\/\/www.notibras.com\/site\/#website","url":"https:\/\/www.notibras.com\/site\/","name":"Notibras","description":"Not\u00edcias de Bras\u00edlia, do Brasil e do Mundo","publisher":{"@id":"https:\/\/www.notibras.com\/site\/#organization"},"potentialAction":[{"@type":"SearchAction","target":{"@type":"EntryPoint","urlTemplate":"https:\/\/www.notibras.com\/site\/?s={search_term_string}"},"query-input":{"@type":"PropertyValueSpecification","valueRequired":true,"valueName":"search_term_string"}}],"inLanguage":"pt-BR"},{"@type":"Organization","@id":"https:\/\/www.notibras.com\/site\/#organization","name":"Grupo Notibras de Comunica\u00e7\u00e3o","url":"https:\/\/www.notibras.com\/site\/","logo":{"@type":"ImageObject","inLanguage":"pt-BR","@id":"https:\/\/www.notibras.com\/site\/#\/schema\/logo\/image\/","url":"https:\/\/www.notibras.com\/site\/wp-content\/uploads\/2023\/01\/notibras23.png","contentUrl":"https:\/\/www.notibras.com\/site\/wp-content\/uploads\/2023\/01\/notibras23.png","width":350,"height":87,"caption":"Grupo Notibras de Comunica\u00e7\u00e3o"},"image":{"@id":"https:\/\/www.notibras.com\/site\/#\/schema\/logo\/image\/"},"sameAs":["https:\/\/www.facebook.com\/notibras\/","https:\/\/x.com\/Notibras","https:\/\/www.instagram.com\/notibras\/"]},{"@type":"Person","@id":"https:\/\/www.notibras.com\/site\/#\/schema\/person\/36ab0979449956132d3e5b517ea76ac8","name":"Reda\u00e7\u00e3o","image":{"@type":"ImageObject","inLanguage":"pt-BR","@id":"https:\/\/secure.gravatar.com\/avatar\/e0a867bdedb85fd243eadf09663511f96fc81e0720a4a42581f334ad4303aa6b?s=96&d=mm&r=g","url":"https:\/\/secure.gravatar.com\/avatar\/e0a867bdedb85fd243eadf09663511f96fc81e0720a4a42581f334ad4303aa6b?s=96&d=mm&r=g","contentUrl":"https:\/\/secure.gravatar.com\/avatar\/e0a867bdedb85fd243eadf09663511f96fc81e0720a4a42581f334ad4303aa6b?s=96&d=mm&r=g","caption":"Reda\u00e7\u00e3o"}}]}},"amp_enabled":true,"_links":{"self":[{"href":"https:\/\/www.notibras.com\/site\/wp-json\/wp\/v2\/posts\/54592","targetHints":{"allow":["GET"]}}],"collection":[{"href":"https:\/\/www.notibras.com\/site\/wp-json\/wp\/v2\/posts"}],"about":[{"href":"https:\/\/www.notibras.com\/site\/wp-json\/wp\/v2\/types\/post"}],"author":[{"embeddable":true,"href":"https:\/\/www.notibras.com\/site\/wp-json\/wp\/v2\/users\/2"}],"replies":[{"embeddable":true,"href":"https:\/\/www.notibras.com\/site\/wp-json\/wp\/v2\/comments?post=54592"}],"version-history":[{"count":0,"href":"https:\/\/www.notibras.com\/site\/wp-json\/wp\/v2\/posts\/54592\/revisions"}],"wp:featuredmedia":[{"embeddable":true,"href":"https:\/\/www.notibras.com\/site\/wp-json\/wp\/v2\/media\/54593"}],"wp:attachment":[{"href":"https:\/\/www.notibras.com\/site\/wp-json\/wp\/v2\/media?parent=54592"}],"wp:term":[{"taxonomy":"category","embeddable":true,"href":"https:\/\/www.notibras.com\/site\/wp-json\/wp\/v2\/categories?post=54592"},{"taxonomy":"post_tag","embeddable":true,"href":"https:\/\/www.notibras.com\/site\/wp-json\/wp\/v2\/tags?post=54592"}],"curies":[{"name":"wp","href":"https:\/\/api.w.org\/{rel}","templated":true}]}}