{"id":54597,"date":"2015-06-23T07:53:43","date_gmt":"2015-06-23T10:53:43","guid":{"rendered":"http:\/\/www.notibras.com\/site\/?p=54597"},"modified":"2015-06-23T16:11:34","modified_gmt":"2015-06-23T19:11:34","slug":"circuito-cine-clube-do-sesc-leva-para-tela-epoca-de-ouro-do-cinema","status":"publish","type":"post","link":"https:\/\/www.notibras.com\/site\/circuito-cine-clube-do-sesc-leva-para-tela-epoca-de-ouro-do-cinema\/","title":{"rendered":"Circuito Cine Clube do Sesc apresenta a \u00e9poca de ouro do cinema"},"content":{"rendered":"<p>Retratar a realidade ou fic\u00e7\u00e3o atrav\u00e9s das telas \u00e9 uma das vantagens do cinema. Para mostrar o grande momento conhecido como Era de Ouro que teve in\u00edcio na d\u00e9cada de 1930, o Sesc realiza o Circuito Cine Club, com a\u00a0exibi\u00e7\u00e3o de cl\u00e1ssicos do cinema que marcaram d\u00e9cadas. A programa\u00e7\u00e3o gratuita vai at\u00e9\u00a03 de julho, com in\u00edcio das sess\u00f5es \u00e0s 19:30 no Sesc Presidente Dutra, no Setor Comercial Sul, Quadra 2, Bloco C.<\/p>\n","protected":false},"excerpt":{"rendered":"<p>Retratar a realidade ou fic\u00e7\u00e3o atrav\u00e9s das telas \u00e9 uma das vantagens do cinema. Para mostrar o grande momento conhecido como Era de Ouro que teve in\u00edcio na d\u00e9cada de 1930, o Sesc realiza o Circuito Cine Club, com a\u00a0exibi\u00e7\u00e3o de cl\u00e1ssicos do cinema que marcaram d\u00e9cadas. A programa\u00e7\u00e3o gratuita vai at\u00e9\u00a03 de julho, com [&hellip;]<\/p>\n","protected":false},"author":2,"featured_media":54598,"comment_status":"open","ping_status":"closed","sticky":false,"template":"","format":"standard","meta":{"_acf_changed":false,"footnotes":""},"categories":[40],"tags":[],"class_list":["post-54597","post","type-post","status-publish","format-standard","has-post-thumbnail","hentry","category-zapzap-das-quadras"],"acf":[],"yoast_head":"<!-- This site is optimized with the Yoast SEO plugin v27.2 - https:\/\/yoast.com\/product\/yoast-seo-wordpress\/ -->\n<title>Circuito Cine Clube do Sesc apresenta a \u00e9poca de ouro do cinema - Notibras<\/title>\n<meta name=\"robots\" content=\"index, follow, max-snippet:-1, max-image-preview:large, max-video-preview:-1\" \/>\n<link rel=\"canonical\" href=\"https:\/\/www.notibras.com\/site\/circuito-cine-clube-do-sesc-leva-para-tela-epoca-de-ouro-do-cinema\/\" \/>\n<meta property=\"og:locale\" content=\"pt_BR\" \/>\n<meta property=\"og:type\" content=\"article\" \/>\n<meta property=\"og:title\" content=\"Circuito Cine Clube do Sesc apresenta a \u00e9poca de ouro do cinema - Notibras\" \/>\n<meta property=\"og:description\" content=\"Retratar a realidade ou fic\u00e7\u00e3o atrav\u00e9s das telas \u00e9 uma das vantagens do cinema. Para mostrar o grande momento conhecido como Era de Ouro que teve in\u00edcio na d\u00e9cada de 1930, o Sesc realiza o Circuito Cine Club, com a\u00a0exibi\u00e7\u00e3o de cl\u00e1ssicos do cinema que marcaram d\u00e9cadas. A programa\u00e7\u00e3o gratuita vai at\u00e9\u00a03 de julho, com [&hellip;]\" \/>\n<meta property=\"og:url\" content=\"https:\/\/www.notibras.com\/site\/circuito-cine-clube-do-sesc-leva-para-tela-epoca-de-ouro-do-cinema\/\" \/>\n<meta property=\"og:site_name\" content=\"Notibras\" \/>\n<meta property=\"article:publisher\" content=\"https:\/\/www.facebook.com\/notibras\/\" \/>\n<meta property=\"article:published_time\" content=\"2015-06-23T10:53:43+00:00\" \/>\n<meta property=\"article:modified_time\" content=\"2015-06-23T19:11:34+00:00\" \/>\n<meta property=\"og:image\" content=\"https:\/\/www.notibras.com\/site\/wp-content\/uploads\/2015\/06\/0-1.jpg\" \/>\n\t<meta property=\"og:image:width\" content=\"400\" \/>\n\t<meta property=\"og:image:height\" content=\"300\" \/>\n\t<meta property=\"og:image:type\" content=\"image\/jpeg\" \/>\n<meta name=\"author\" content=\"Reda\u00e7\u00e3o\" \/>\n<meta name=\"twitter:card\" content=\"summary_large_image\" \/>\n<meta name=\"twitter:creator\" content=\"@Notibras\" \/>\n<meta name=\"twitter:site\" content=\"@Notibras\" \/>\n<meta name=\"twitter:label1\" content=\"Escrito por\" \/>\n\t<meta name=\"twitter:data1\" content=\"Reda\u00e7\u00e3o\" \/>\n<script type=\"application\/ld+json\" class=\"yoast-schema-graph\">{\"@context\":\"https:\/\/schema.org\",\"@graph\":[{\"@type\":\"Article\",\"@id\":\"https:\/\/www.notibras.com\/site\/circuito-cine-clube-do-sesc-leva-para-tela-epoca-de-ouro-do-cinema\/#article\",\"isPartOf\":{\"@id\":\"https:\/\/www.notibras.com\/site\/circuito-cine-clube-do-sesc-leva-para-tela-epoca-de-ouro-do-cinema\/\"},\"author\":{\"name\":\"Reda\u00e7\u00e3o\",\"@id\":\"https:\/\/www.notibras.com\/site\/#\/schema\/person\/36ab0979449956132d3e5b517ea76ac8\"},\"headline\":\"Circuito Cine Clube do Sesc apresenta a \u00e9poca de ouro do cinema\",\"datePublished\":\"2015-06-23T10:53:43+00:00\",\"dateModified\":\"2015-06-23T19:11:34+00:00\",\"mainEntityOfPage\":{\"@id\":\"https:\/\/www.notibras.com\/site\/circuito-cine-clube-do-sesc-leva-para-tela-epoca-de-ouro-do-cinema\/\"},\"wordCount\":91,\"commentCount\":0,\"publisher\":{\"@id\":\"https:\/\/www.notibras.com\/site\/#organization\"},\"image\":{\"@id\":\"https:\/\/www.notibras.com\/site\/circuito-cine-clube-do-sesc-leva-para-tela-epoca-de-ouro-do-cinema\/#primaryimage\"},\"thumbnailUrl\":\"https:\/\/www.notibras.com\/site\/wp-content\/uploads\/2015\/06\/0-1.jpg\",\"articleSection\":[\"ZapZap das Quadras\"],\"inLanguage\":\"pt-BR\",\"potentialAction\":[{\"@type\":\"CommentAction\",\"name\":\"Comment\",\"target\":[\"https:\/\/www.notibras.com\/site\/circuito-cine-clube-do-sesc-leva-para-tela-epoca-de-ouro-do-cinema\/#respond\"]}]},{\"@type\":\"WebPage\",\"@id\":\"https:\/\/www.notibras.com\/site\/circuito-cine-clube-do-sesc-leva-para-tela-epoca-de-ouro-do-cinema\/\",\"url\":\"https:\/\/www.notibras.com\/site\/circuito-cine-clube-do-sesc-leva-para-tela-epoca-de-ouro-do-cinema\/\",\"name\":\"Circuito Cine Clube do Sesc apresenta a \u00e9poca de ouro do cinema - Notibras\",\"isPartOf\":{\"@id\":\"https:\/\/www.notibras.com\/site\/#website\"},\"primaryImageOfPage\":{\"@id\":\"https:\/\/www.notibras.com\/site\/circuito-cine-clube-do-sesc-leva-para-tela-epoca-de-ouro-do-cinema\/#primaryimage\"},\"image\":{\"@id\":\"https:\/\/www.notibras.com\/site\/circuito-cine-clube-do-sesc-leva-para-tela-epoca-de-ouro-do-cinema\/#primaryimage\"},\"thumbnailUrl\":\"https:\/\/www.notibras.com\/site\/wp-content\/uploads\/2015\/06\/0-1.jpg\",\"datePublished\":\"2015-06-23T10:53:43+00:00\",\"dateModified\":\"2015-06-23T19:11:34+00:00\",\"breadcrumb\":{\"@id\":\"https:\/\/www.notibras.com\/site\/circuito-cine-clube-do-sesc-leva-para-tela-epoca-de-ouro-do-cinema\/#breadcrumb\"},\"inLanguage\":\"pt-BR\",\"potentialAction\":[{\"@type\":\"ReadAction\",\"target\":[\"https:\/\/www.notibras.com\/site\/circuito-cine-clube-do-sesc-leva-para-tela-epoca-de-ouro-do-cinema\/\"]}]},{\"@type\":\"ImageObject\",\"inLanguage\":\"pt-BR\",\"@id\":\"https:\/\/www.notibras.com\/site\/circuito-cine-clube-do-sesc-leva-para-tela-epoca-de-ouro-do-cinema\/#primaryimage\",\"url\":\"https:\/\/www.notibras.com\/site\/wp-content\/uploads\/2015\/06\/0-1.jpg\",\"contentUrl\":\"https:\/\/www.notibras.com\/site\/wp-content\/uploads\/2015\/06\/0-1.jpg\",\"width\":400,\"height\":300},{\"@type\":\"BreadcrumbList\",\"@id\":\"https:\/\/www.notibras.com\/site\/circuito-cine-clube-do-sesc-leva-para-tela-epoca-de-ouro-do-cinema\/#breadcrumb\",\"itemListElement\":[{\"@type\":\"ListItem\",\"position\":1,\"name\":\"In\u00edcio\",\"item\":\"https:\/\/www.notibras.com\/site\/\"},{\"@type\":\"ListItem\",\"position\":2,\"name\":\"Circuito Cine Clube do Sesc apresenta a \u00e9poca de ouro do cinema\"}]},{\"@type\":\"WebSite\",\"@id\":\"https:\/\/www.notibras.com\/site\/#website\",\"url\":\"https:\/\/www.notibras.com\/site\/\",\"name\":\"Notibras\",\"description\":\"Not\u00edcias de Bras\u00edlia, do Brasil e do Mundo\",\"publisher\":{\"@id\":\"https:\/\/www.notibras.com\/site\/#organization\"},\"potentialAction\":[{\"@type\":\"SearchAction\",\"target\":{\"@type\":\"EntryPoint\",\"urlTemplate\":\"https:\/\/www.notibras.com\/site\/?s={search_term_string}\"},\"query-input\":{\"@type\":\"PropertyValueSpecification\",\"valueRequired\":true,\"valueName\":\"search_term_string\"}}],\"inLanguage\":\"pt-BR\"},{\"@type\":\"Organization\",\"@id\":\"https:\/\/www.notibras.com\/site\/#organization\",\"name\":\"Grupo Notibras de Comunica\u00e7\u00e3o\",\"url\":\"https:\/\/www.notibras.com\/site\/\",\"logo\":{\"@type\":\"ImageObject\",\"inLanguage\":\"pt-BR\",\"@id\":\"https:\/\/www.notibras.com\/site\/#\/schema\/logo\/image\/\",\"url\":\"https:\/\/www.notibras.com\/site\/wp-content\/uploads\/2023\/01\/notibras23.png\",\"contentUrl\":\"https:\/\/www.notibras.com\/site\/wp-content\/uploads\/2023\/01\/notibras23.png\",\"width\":350,\"height\":87,\"caption\":\"Grupo Notibras de Comunica\u00e7\u00e3o\"},\"image\":{\"@id\":\"https:\/\/www.notibras.com\/site\/#\/schema\/logo\/image\/\"},\"sameAs\":[\"https:\/\/www.facebook.com\/notibras\/\",\"https:\/\/x.com\/Notibras\",\"https:\/\/www.instagram.com\/notibras\/\"]},{\"@type\":\"Person\",\"@id\":\"https:\/\/www.notibras.com\/site\/#\/schema\/person\/36ab0979449956132d3e5b517ea76ac8\",\"name\":\"Reda\u00e7\u00e3o\",\"image\":{\"@type\":\"ImageObject\",\"inLanguage\":\"pt-BR\",\"@id\":\"https:\/\/secure.gravatar.com\/avatar\/e0a867bdedb85fd243eadf09663511f96fc81e0720a4a42581f334ad4303aa6b?s=96&d=mm&r=g\",\"url\":\"https:\/\/secure.gravatar.com\/avatar\/e0a867bdedb85fd243eadf09663511f96fc81e0720a4a42581f334ad4303aa6b?s=96&d=mm&r=g\",\"contentUrl\":\"https:\/\/secure.gravatar.com\/avatar\/e0a867bdedb85fd243eadf09663511f96fc81e0720a4a42581f334ad4303aa6b?s=96&d=mm&r=g\",\"caption\":\"Reda\u00e7\u00e3o\"}}]}<\/script>\n<!-- \/ Yoast SEO plugin. -->","yoast_head_json":{"title":"Circuito Cine Clube do Sesc apresenta a \u00e9poca de ouro do cinema - Notibras","robots":{"index":"index","follow":"follow","max-snippet":"max-snippet:-1","max-image-preview":"max-image-preview:large","max-video-preview":"max-video-preview:-1"},"canonical":"https:\/\/www.notibras.com\/site\/circuito-cine-clube-do-sesc-leva-para-tela-epoca-de-ouro-do-cinema\/","og_locale":"pt_BR","og_type":"article","og_title":"Circuito Cine Clube do Sesc apresenta a \u00e9poca de ouro do cinema - Notibras","og_description":"Retratar a realidade ou fic\u00e7\u00e3o atrav\u00e9s das telas \u00e9 uma das vantagens do cinema. Para mostrar o grande momento conhecido como Era de Ouro que teve in\u00edcio na d\u00e9cada de 1930, o Sesc realiza o Circuito Cine Club, com a\u00a0exibi\u00e7\u00e3o de cl\u00e1ssicos do cinema que marcaram d\u00e9cadas. A programa\u00e7\u00e3o gratuita vai at\u00e9\u00a03 de julho, com [&hellip;]","og_url":"https:\/\/www.notibras.com\/site\/circuito-cine-clube-do-sesc-leva-para-tela-epoca-de-ouro-do-cinema\/","og_site_name":"Notibras","article_publisher":"https:\/\/www.facebook.com\/notibras\/","article_published_time":"2015-06-23T10:53:43+00:00","article_modified_time":"2015-06-23T19:11:34+00:00","og_image":[{"width":400,"height":300,"url":"https:\/\/www.notibras.com\/site\/wp-content\/uploads\/2015\/06\/0-1.jpg","type":"image\/jpeg"}],"author":"Reda\u00e7\u00e3o","twitter_card":"summary_large_image","twitter_creator":"@Notibras","twitter_site":"@Notibras","twitter_misc":{"Escrito por":"Reda\u00e7\u00e3o"},"schema":{"@context":"https:\/\/schema.org","@graph":[{"@type":"Article","@id":"https:\/\/www.notibras.com\/site\/circuito-cine-clube-do-sesc-leva-para-tela-epoca-de-ouro-do-cinema\/#article","isPartOf":{"@id":"https:\/\/www.notibras.com\/site\/circuito-cine-clube-do-sesc-leva-para-tela-epoca-de-ouro-do-cinema\/"},"author":{"name":"Reda\u00e7\u00e3o","@id":"https:\/\/www.notibras.com\/site\/#\/schema\/person\/36ab0979449956132d3e5b517ea76ac8"},"headline":"Circuito Cine Clube do Sesc apresenta a \u00e9poca de ouro do cinema","datePublished":"2015-06-23T10:53:43+00:00","dateModified":"2015-06-23T19:11:34+00:00","mainEntityOfPage":{"@id":"https:\/\/www.notibras.com\/site\/circuito-cine-clube-do-sesc-leva-para-tela-epoca-de-ouro-do-cinema\/"},"wordCount":91,"commentCount":0,"publisher":{"@id":"https:\/\/www.notibras.com\/site\/#organization"},"image":{"@id":"https:\/\/www.notibras.com\/site\/circuito-cine-clube-do-sesc-leva-para-tela-epoca-de-ouro-do-cinema\/#primaryimage"},"thumbnailUrl":"https:\/\/www.notibras.com\/site\/wp-content\/uploads\/2015\/06\/0-1.jpg","articleSection":["ZapZap das Quadras"],"inLanguage":"pt-BR","potentialAction":[{"@type":"CommentAction","name":"Comment","target":["https:\/\/www.notibras.com\/site\/circuito-cine-clube-do-sesc-leva-para-tela-epoca-de-ouro-do-cinema\/#respond"]}]},{"@type":"WebPage","@id":"https:\/\/www.notibras.com\/site\/circuito-cine-clube-do-sesc-leva-para-tela-epoca-de-ouro-do-cinema\/","url":"https:\/\/www.notibras.com\/site\/circuito-cine-clube-do-sesc-leva-para-tela-epoca-de-ouro-do-cinema\/","name":"Circuito Cine Clube do Sesc apresenta a \u00e9poca de ouro do cinema - Notibras","isPartOf":{"@id":"https:\/\/www.notibras.com\/site\/#website"},"primaryImageOfPage":{"@id":"https:\/\/www.notibras.com\/site\/circuito-cine-clube-do-sesc-leva-para-tela-epoca-de-ouro-do-cinema\/#primaryimage"},"image":{"@id":"https:\/\/www.notibras.com\/site\/circuito-cine-clube-do-sesc-leva-para-tela-epoca-de-ouro-do-cinema\/#primaryimage"},"thumbnailUrl":"https:\/\/www.notibras.com\/site\/wp-content\/uploads\/2015\/06\/0-1.jpg","datePublished":"2015-06-23T10:53:43+00:00","dateModified":"2015-06-23T19:11:34+00:00","breadcrumb":{"@id":"https:\/\/www.notibras.com\/site\/circuito-cine-clube-do-sesc-leva-para-tela-epoca-de-ouro-do-cinema\/#breadcrumb"},"inLanguage":"pt-BR","potentialAction":[{"@type":"ReadAction","target":["https:\/\/www.notibras.com\/site\/circuito-cine-clube-do-sesc-leva-para-tela-epoca-de-ouro-do-cinema\/"]}]},{"@type":"ImageObject","inLanguage":"pt-BR","@id":"https:\/\/www.notibras.com\/site\/circuito-cine-clube-do-sesc-leva-para-tela-epoca-de-ouro-do-cinema\/#primaryimage","url":"https:\/\/www.notibras.com\/site\/wp-content\/uploads\/2015\/06\/0-1.jpg","contentUrl":"https:\/\/www.notibras.com\/site\/wp-content\/uploads\/2015\/06\/0-1.jpg","width":400,"height":300},{"@type":"BreadcrumbList","@id":"https:\/\/www.notibras.com\/site\/circuito-cine-clube-do-sesc-leva-para-tela-epoca-de-ouro-do-cinema\/#breadcrumb","itemListElement":[{"@type":"ListItem","position":1,"name":"In\u00edcio","item":"https:\/\/www.notibras.com\/site\/"},{"@type":"ListItem","position":2,"name":"Circuito Cine Clube do Sesc apresenta a \u00e9poca de ouro do cinema"}]},{"@type":"WebSite","@id":"https:\/\/www.notibras.com\/site\/#website","url":"https:\/\/www.notibras.com\/site\/","name":"Notibras","description":"Not\u00edcias de Bras\u00edlia, do Brasil e do Mundo","publisher":{"@id":"https:\/\/www.notibras.com\/site\/#organization"},"potentialAction":[{"@type":"SearchAction","target":{"@type":"EntryPoint","urlTemplate":"https:\/\/www.notibras.com\/site\/?s={search_term_string}"},"query-input":{"@type":"PropertyValueSpecification","valueRequired":true,"valueName":"search_term_string"}}],"inLanguage":"pt-BR"},{"@type":"Organization","@id":"https:\/\/www.notibras.com\/site\/#organization","name":"Grupo Notibras de Comunica\u00e7\u00e3o","url":"https:\/\/www.notibras.com\/site\/","logo":{"@type":"ImageObject","inLanguage":"pt-BR","@id":"https:\/\/www.notibras.com\/site\/#\/schema\/logo\/image\/","url":"https:\/\/www.notibras.com\/site\/wp-content\/uploads\/2023\/01\/notibras23.png","contentUrl":"https:\/\/www.notibras.com\/site\/wp-content\/uploads\/2023\/01\/notibras23.png","width":350,"height":87,"caption":"Grupo Notibras de Comunica\u00e7\u00e3o"},"image":{"@id":"https:\/\/www.notibras.com\/site\/#\/schema\/logo\/image\/"},"sameAs":["https:\/\/www.facebook.com\/notibras\/","https:\/\/x.com\/Notibras","https:\/\/www.instagram.com\/notibras\/"]},{"@type":"Person","@id":"https:\/\/www.notibras.com\/site\/#\/schema\/person\/36ab0979449956132d3e5b517ea76ac8","name":"Reda\u00e7\u00e3o","image":{"@type":"ImageObject","inLanguage":"pt-BR","@id":"https:\/\/secure.gravatar.com\/avatar\/e0a867bdedb85fd243eadf09663511f96fc81e0720a4a42581f334ad4303aa6b?s=96&d=mm&r=g","url":"https:\/\/secure.gravatar.com\/avatar\/e0a867bdedb85fd243eadf09663511f96fc81e0720a4a42581f334ad4303aa6b?s=96&d=mm&r=g","contentUrl":"https:\/\/secure.gravatar.com\/avatar\/e0a867bdedb85fd243eadf09663511f96fc81e0720a4a42581f334ad4303aa6b?s=96&d=mm&r=g","caption":"Reda\u00e7\u00e3o"}}]}},"amp_enabled":true,"_links":{"self":[{"href":"https:\/\/www.notibras.com\/site\/wp-json\/wp\/v2\/posts\/54597","targetHints":{"allow":["GET"]}}],"collection":[{"href":"https:\/\/www.notibras.com\/site\/wp-json\/wp\/v2\/posts"}],"about":[{"href":"https:\/\/www.notibras.com\/site\/wp-json\/wp\/v2\/types\/post"}],"author":[{"embeddable":true,"href":"https:\/\/www.notibras.com\/site\/wp-json\/wp\/v2\/users\/2"}],"replies":[{"embeddable":true,"href":"https:\/\/www.notibras.com\/site\/wp-json\/wp\/v2\/comments?post=54597"}],"version-history":[{"count":0,"href":"https:\/\/www.notibras.com\/site\/wp-json\/wp\/v2\/posts\/54597\/revisions"}],"wp:featuredmedia":[{"embeddable":true,"href":"https:\/\/www.notibras.com\/site\/wp-json\/wp\/v2\/media\/54598"}],"wp:attachment":[{"href":"https:\/\/www.notibras.com\/site\/wp-json\/wp\/v2\/media?parent=54597"}],"wp:term":[{"taxonomy":"category","embeddable":true,"href":"https:\/\/www.notibras.com\/site\/wp-json\/wp\/v2\/categories?post=54597"},{"taxonomy":"post_tag","embeddable":true,"href":"https:\/\/www.notibras.com\/site\/wp-json\/wp\/v2\/tags?post=54597"}],"curies":[{"name":"wp","href":"https:\/\/api.w.org\/{rel}","templated":true}]}}