{"id":5462,"date":"2014-03-27T16:19:08","date_gmt":"2014-03-27T19:19:08","guid":{"rendered":"http:\/\/www.notibras.com\/site\/?p=5462"},"modified":"2014-03-27T23:20:38","modified_gmt":"2014-03-28T02:20:38","slug":"tribunal-de-contas-da-dura-no-buriti-e-investiga-desmandos-na-saude-publica","status":"publish","type":"post","link":"https:\/\/www.notibras.com\/site\/tribunal-de-contas-da-dura-no-buriti-e-investiga-desmandos-na-saude-publica\/","title":{"rendered":"Tribunal d\u00e1 dura no Buriti e investiga desmandos na Sa\u00fade"},"content":{"rendered":"<p>O Tribunal de Contas do Distrito Federal decidiu, por unanimidade, acatar a den\u00fancia feita pela presidente da Comiss\u00e3o de Sa\u00fade da C\u00e2mara Legislativa, deputada distrital Liliane Roriz (PRTB), e investigar as supostas irregularidades na sa\u00fade do Distrito Federal.<\/p>\n<p>Participaram da vota\u00e7\u00e3o os conselheiros Renato Rainha, Anilc\u00e9ia Machado, o presidente da Corte, In\u00e1cio Magalh\u00e3es, o relator do caso, Paiva Martins, e ainda o procurador-geral do Minist\u00e9rio P\u00fablico de Contas em exerc\u00edcio, Marcos Felipe Pinheiro. O documento foi tornado p\u00fablico no \u00faltimo dia 18.<\/p>\n<p>Na decis\u00e3o, o presidente do TCDF, In\u00e1cio Magalh\u00e3es Filho, concede 15 dias para que a Secretaria de Sa\u00fade apresente esclarecimentos sobre os itens relatados pela distrital. Na den\u00fancia, protocolada no dia 9 janeiro deste ano, Liliane Roriz relata vistorias ocorridas em todas as principais unidades p\u00fablicas de sa\u00fade do DF.<\/p>\n<p>Segundo a distrital, gra\u00e7as a essas inspe\u00e7\u00f5es, foi poss\u00edvel perceber uma s\u00e9rie de irregularidades e destaca ainda \u201co grave sucateamento encontrado nos hospitais do Distrito Federal, como a morte, por exemplo, de beb\u00eas na UTI neonatal do Hospital Regional de Ceil\u00e2ndia, a falta de equipamentos e at\u00e9 mesmo condi\u00e7\u00f5es minimamente adequadas de trabalho para os m\u00e9dicos, enfermeiros e demais profissionais da sa\u00fade\u201d, consta na representa\u00e7\u00e3o. A den\u00fancia ser\u00e1 encaminhada ao secret\u00e1rio de Sa\u00fade, Rafael Barbosa.<\/p>\n<p>A parlamentar solicitou a investiga\u00e7\u00e3o para que seja verificada a aplica\u00e7\u00e3o que est\u00e1 sendo dada ao or\u00e7amento destinado \u00e0 sa\u00fade, de modo a apurar a responsabilidade das autoridades mencionadas, bem como dos demais gestores da sa\u00fade p\u00fablica no Distrito Federal. \u201cA situa\u00e7\u00e3o \u00e9 extremamente grave e a popula\u00e7\u00e3o do Distrito Federal est\u00e1 desassistida em seu direito fundamental \u00e0 sa\u00fade, diante da flagrante incompet\u00eancia e da m\u00e1-gest\u00e3o empreendida pelo Governo do Distrito Federal\u201d, justifica.<\/p>\n","protected":false},"excerpt":{"rendered":"<p>O Tribunal de Contas do Distrito Federal decidiu, por unanimidade, acatar a den\u00fancia feita pela presidente da Comiss\u00e3o de Sa\u00fade da C\u00e2mara Legislativa, deputada distrital Liliane Roriz (PRTB), e investigar as supostas irregularidades na sa\u00fade do Distrito Federal. Participaram da vota\u00e7\u00e3o os conselheiros Renato Rainha, Anilc\u00e9ia Machado, o presidente da Corte, In\u00e1cio Magalh\u00e3es, o relator [&hellip;]<\/p>\n","protected":false},"author":2,"featured_media":5466,"comment_status":"open","ping_status":"closed","sticky":false,"template":"","format":"standard","meta":{"_acf_changed":false,"footnotes":""},"categories":[1],"tags":[],"class_list":["post-5462","post","type-post","status-publish","format-standard","has-post-thumbnail","hentry","category-brasilia"],"acf":[],"yoast_head":"<!-- This site is optimized with the Yoast SEO plugin v27.2 - https:\/\/yoast.com\/product\/yoast-seo-wordpress\/ -->\n<title>Tribunal d\u00e1 dura no Buriti e investiga desmandos na Sa\u00fade - Notibras<\/title>\n<meta name=\"robots\" content=\"index, follow, max-snippet:-1, max-image-preview:large, max-video-preview:-1\" \/>\n<link rel=\"canonical\" href=\"https:\/\/www.notibras.com\/site\/tribunal-de-contas-da-dura-no-buriti-e-investiga-desmandos-na-saude-publica\/\" \/>\n<meta property=\"og:locale\" content=\"pt_BR\" \/>\n<meta property=\"og:type\" content=\"article\" \/>\n<meta property=\"og:title\" content=\"Tribunal d\u00e1 dura no Buriti e investiga desmandos na Sa\u00fade - Notibras\" \/>\n<meta property=\"og:description\" content=\"O Tribunal de Contas do Distrito Federal decidiu, por unanimidade, acatar a den\u00fancia feita pela presidente da Comiss\u00e3o de Sa\u00fade da C\u00e2mara Legislativa, deputada distrital Liliane Roriz (PRTB), e investigar as supostas irregularidades na sa\u00fade do Distrito Federal. Participaram da vota\u00e7\u00e3o os conselheiros Renato Rainha, Anilc\u00e9ia Machado, o presidente da Corte, In\u00e1cio Magalh\u00e3es, o relator [&hellip;]\" \/>\n<meta property=\"og:url\" content=\"https:\/\/www.notibras.com\/site\/tribunal-de-contas-da-dura-no-buriti-e-investiga-desmandos-na-saude-publica\/\" \/>\n<meta property=\"og:site_name\" content=\"Notibras\" \/>\n<meta property=\"article:publisher\" content=\"https:\/\/www.facebook.com\/notibras\/\" \/>\n<meta property=\"article:published_time\" content=\"2014-03-27T19:19:08+00:00\" \/>\n<meta property=\"article:modified_time\" content=\"2014-03-28T02:20:38+00:00\" \/>\n<meta property=\"og:image\" content=\"https:\/\/www.notibras.com\/site\/wp-content\/uploads\/2014\/03\/Sem-t\u00edtulo-115.jpg\" \/>\n\t<meta property=\"og:image:width\" content=\"433\" \/>\n\t<meta property=\"og:image:height\" content=\"325\" \/>\n\t<meta property=\"og:image:type\" content=\"image\/jpeg\" \/>\n<meta name=\"author\" content=\"Reda\u00e7\u00e3o\" \/>\n<meta name=\"twitter:card\" content=\"summary_large_image\" \/>\n<meta name=\"twitter:creator\" content=\"@Notibras\" \/>\n<meta name=\"twitter:site\" content=\"@Notibras\" \/>\n<meta name=\"twitter:label1\" content=\"Escrito por\" \/>\n\t<meta name=\"twitter:data1\" content=\"Reda\u00e7\u00e3o\" \/>\n\t<meta name=\"twitter:label2\" content=\"Est. tempo de leitura\" \/>\n\t<meta name=\"twitter:data2\" content=\"2 minutos\" \/>\n<script type=\"application\/ld+json\" class=\"yoast-schema-graph\">{\"@context\":\"https:\/\/schema.org\",\"@graph\":[{\"@type\":\"Article\",\"@id\":\"https:\/\/www.notibras.com\/site\/tribunal-de-contas-da-dura-no-buriti-e-investiga-desmandos-na-saude-publica\/#article\",\"isPartOf\":{\"@id\":\"https:\/\/www.notibras.com\/site\/tribunal-de-contas-da-dura-no-buriti-e-investiga-desmandos-na-saude-publica\/\"},\"author\":{\"name\":\"Reda\u00e7\u00e3o\",\"@id\":\"https:\/\/www.notibras.com\/site\/#\/schema\/person\/36ab0979449956132d3e5b517ea76ac8\"},\"headline\":\"Tribunal d\u00e1 dura no Buriti e investiga desmandos na Sa\u00fade\",\"datePublished\":\"2014-03-27T19:19:08+00:00\",\"dateModified\":\"2014-03-28T02:20:38+00:00\",\"mainEntityOfPage\":{\"@id\":\"https:\/\/www.notibras.com\/site\/tribunal-de-contas-da-dura-no-buriti-e-investiga-desmandos-na-saude-publica\/\"},\"wordCount\":330,\"commentCount\":0,\"publisher\":{\"@id\":\"https:\/\/www.notibras.com\/site\/#organization\"},\"image\":{\"@id\":\"https:\/\/www.notibras.com\/site\/tribunal-de-contas-da-dura-no-buriti-e-investiga-desmandos-na-saude-publica\/#primaryimage\"},\"thumbnailUrl\":\"https:\/\/www.notibras.com\/site\/wp-content\/uploads\/2014\/03\/Sem-t\u00edtulo-115.jpg\",\"articleSection\":[\"Bras\u00edlia\"],\"inLanguage\":\"pt-BR\",\"potentialAction\":[{\"@type\":\"CommentAction\",\"name\":\"Comment\",\"target\":[\"https:\/\/www.notibras.com\/site\/tribunal-de-contas-da-dura-no-buriti-e-investiga-desmandos-na-saude-publica\/#respond\"]}]},{\"@type\":\"WebPage\",\"@id\":\"https:\/\/www.notibras.com\/site\/tribunal-de-contas-da-dura-no-buriti-e-investiga-desmandos-na-saude-publica\/\",\"url\":\"https:\/\/www.notibras.com\/site\/tribunal-de-contas-da-dura-no-buriti-e-investiga-desmandos-na-saude-publica\/\",\"name\":\"Tribunal d\u00e1 dura no Buriti e investiga desmandos na Sa\u00fade - Notibras\",\"isPartOf\":{\"@id\":\"https:\/\/www.notibras.com\/site\/#website\"},\"primaryImageOfPage\":{\"@id\":\"https:\/\/www.notibras.com\/site\/tribunal-de-contas-da-dura-no-buriti-e-investiga-desmandos-na-saude-publica\/#primaryimage\"},\"image\":{\"@id\":\"https:\/\/www.notibras.com\/site\/tribunal-de-contas-da-dura-no-buriti-e-investiga-desmandos-na-saude-publica\/#primaryimage\"},\"thumbnailUrl\":\"https:\/\/www.notibras.com\/site\/wp-content\/uploads\/2014\/03\/Sem-t\u00edtulo-115.jpg\",\"datePublished\":\"2014-03-27T19:19:08+00:00\",\"dateModified\":\"2014-03-28T02:20:38+00:00\",\"breadcrumb\":{\"@id\":\"https:\/\/www.notibras.com\/site\/tribunal-de-contas-da-dura-no-buriti-e-investiga-desmandos-na-saude-publica\/#breadcrumb\"},\"inLanguage\":\"pt-BR\",\"potentialAction\":[{\"@type\":\"ReadAction\",\"target\":[\"https:\/\/www.notibras.com\/site\/tribunal-de-contas-da-dura-no-buriti-e-investiga-desmandos-na-saude-publica\/\"]}]},{\"@type\":\"ImageObject\",\"inLanguage\":\"pt-BR\",\"@id\":\"https:\/\/www.notibras.com\/site\/tribunal-de-contas-da-dura-no-buriti-e-investiga-desmandos-na-saude-publica\/#primaryimage\",\"url\":\"https:\/\/www.notibras.com\/site\/wp-content\/uploads\/2014\/03\/Sem-t\u00edtulo-115.jpg\",\"contentUrl\":\"https:\/\/www.notibras.com\/site\/wp-content\/uploads\/2014\/03\/Sem-t\u00edtulo-115.jpg\",\"width\":433,\"height\":325},{\"@type\":\"BreadcrumbList\",\"@id\":\"https:\/\/www.notibras.com\/site\/tribunal-de-contas-da-dura-no-buriti-e-investiga-desmandos-na-saude-publica\/#breadcrumb\",\"itemListElement\":[{\"@type\":\"ListItem\",\"position\":1,\"name\":\"In\u00edcio\",\"item\":\"https:\/\/www.notibras.com\/site\/\"},{\"@type\":\"ListItem\",\"position\":2,\"name\":\"Tribunal d\u00e1 dura no Buriti e investiga desmandos na Sa\u00fade\"}]},{\"@type\":\"WebSite\",\"@id\":\"https:\/\/www.notibras.com\/site\/#website\",\"url\":\"https:\/\/www.notibras.com\/site\/\",\"name\":\"Notibras\",\"description\":\"Not\u00edcias de Bras\u00edlia, do Brasil e do Mundo\",\"publisher\":{\"@id\":\"https:\/\/www.notibras.com\/site\/#organization\"},\"potentialAction\":[{\"@type\":\"SearchAction\",\"target\":{\"@type\":\"EntryPoint\",\"urlTemplate\":\"https:\/\/www.notibras.com\/site\/?s={search_term_string}\"},\"query-input\":{\"@type\":\"PropertyValueSpecification\",\"valueRequired\":true,\"valueName\":\"search_term_string\"}}],\"inLanguage\":\"pt-BR\"},{\"@type\":\"Organization\",\"@id\":\"https:\/\/www.notibras.com\/site\/#organization\",\"name\":\"Grupo Notibras de Comunica\u00e7\u00e3o\",\"url\":\"https:\/\/www.notibras.com\/site\/\",\"logo\":{\"@type\":\"ImageObject\",\"inLanguage\":\"pt-BR\",\"@id\":\"https:\/\/www.notibras.com\/site\/#\/schema\/logo\/image\/\",\"url\":\"https:\/\/www.notibras.com\/site\/wp-content\/uploads\/2023\/01\/notibras23.png\",\"contentUrl\":\"https:\/\/www.notibras.com\/site\/wp-content\/uploads\/2023\/01\/notibras23.png\",\"width\":350,\"height\":87,\"caption\":\"Grupo Notibras de Comunica\u00e7\u00e3o\"},\"image\":{\"@id\":\"https:\/\/www.notibras.com\/site\/#\/schema\/logo\/image\/\"},\"sameAs\":[\"https:\/\/www.facebook.com\/notibras\/\",\"https:\/\/x.com\/Notibras\",\"https:\/\/www.instagram.com\/notibras\/\"]},{\"@type\":\"Person\",\"@id\":\"https:\/\/www.notibras.com\/site\/#\/schema\/person\/36ab0979449956132d3e5b517ea76ac8\",\"name\":\"Reda\u00e7\u00e3o\",\"image\":{\"@type\":\"ImageObject\",\"inLanguage\":\"pt-BR\",\"@id\":\"https:\/\/secure.gravatar.com\/avatar\/e0a867bdedb85fd243eadf09663511f96fc81e0720a4a42581f334ad4303aa6b?s=96&d=mm&r=g\",\"url\":\"https:\/\/secure.gravatar.com\/avatar\/e0a867bdedb85fd243eadf09663511f96fc81e0720a4a42581f334ad4303aa6b?s=96&d=mm&r=g\",\"contentUrl\":\"https:\/\/secure.gravatar.com\/avatar\/e0a867bdedb85fd243eadf09663511f96fc81e0720a4a42581f334ad4303aa6b?s=96&d=mm&r=g\",\"caption\":\"Reda\u00e7\u00e3o\"}}]}<\/script>\n<!-- \/ Yoast SEO plugin. -->","yoast_head_json":{"title":"Tribunal d\u00e1 dura no Buriti e investiga desmandos na Sa\u00fade - Notibras","robots":{"index":"index","follow":"follow","max-snippet":"max-snippet:-1","max-image-preview":"max-image-preview:large","max-video-preview":"max-video-preview:-1"},"canonical":"https:\/\/www.notibras.com\/site\/tribunal-de-contas-da-dura-no-buriti-e-investiga-desmandos-na-saude-publica\/","og_locale":"pt_BR","og_type":"article","og_title":"Tribunal d\u00e1 dura no Buriti e investiga desmandos na Sa\u00fade - Notibras","og_description":"O Tribunal de Contas do Distrito Federal decidiu, por unanimidade, acatar a den\u00fancia feita pela presidente da Comiss\u00e3o de Sa\u00fade da C\u00e2mara Legislativa, deputada distrital Liliane Roriz (PRTB), e investigar as supostas irregularidades na sa\u00fade do Distrito Federal. Participaram da vota\u00e7\u00e3o os conselheiros Renato Rainha, Anilc\u00e9ia Machado, o presidente da Corte, In\u00e1cio Magalh\u00e3es, o relator [&hellip;]","og_url":"https:\/\/www.notibras.com\/site\/tribunal-de-contas-da-dura-no-buriti-e-investiga-desmandos-na-saude-publica\/","og_site_name":"Notibras","article_publisher":"https:\/\/www.facebook.com\/notibras\/","article_published_time":"2014-03-27T19:19:08+00:00","article_modified_time":"2014-03-28T02:20:38+00:00","og_image":[{"width":433,"height":325,"url":"https:\/\/www.notibras.com\/site\/wp-content\/uploads\/2014\/03\/Sem-t\u00edtulo-115.jpg","type":"image\/jpeg"}],"author":"Reda\u00e7\u00e3o","twitter_card":"summary_large_image","twitter_creator":"@Notibras","twitter_site":"@Notibras","twitter_misc":{"Escrito por":"Reda\u00e7\u00e3o","Est. tempo de leitura":"2 minutos"},"schema":{"@context":"https:\/\/schema.org","@graph":[{"@type":"Article","@id":"https:\/\/www.notibras.com\/site\/tribunal-de-contas-da-dura-no-buriti-e-investiga-desmandos-na-saude-publica\/#article","isPartOf":{"@id":"https:\/\/www.notibras.com\/site\/tribunal-de-contas-da-dura-no-buriti-e-investiga-desmandos-na-saude-publica\/"},"author":{"name":"Reda\u00e7\u00e3o","@id":"https:\/\/www.notibras.com\/site\/#\/schema\/person\/36ab0979449956132d3e5b517ea76ac8"},"headline":"Tribunal d\u00e1 dura no Buriti e investiga desmandos na Sa\u00fade","datePublished":"2014-03-27T19:19:08+00:00","dateModified":"2014-03-28T02:20:38+00:00","mainEntityOfPage":{"@id":"https:\/\/www.notibras.com\/site\/tribunal-de-contas-da-dura-no-buriti-e-investiga-desmandos-na-saude-publica\/"},"wordCount":330,"commentCount":0,"publisher":{"@id":"https:\/\/www.notibras.com\/site\/#organization"},"image":{"@id":"https:\/\/www.notibras.com\/site\/tribunal-de-contas-da-dura-no-buriti-e-investiga-desmandos-na-saude-publica\/#primaryimage"},"thumbnailUrl":"https:\/\/www.notibras.com\/site\/wp-content\/uploads\/2014\/03\/Sem-t\u00edtulo-115.jpg","articleSection":["Bras\u00edlia"],"inLanguage":"pt-BR","potentialAction":[{"@type":"CommentAction","name":"Comment","target":["https:\/\/www.notibras.com\/site\/tribunal-de-contas-da-dura-no-buriti-e-investiga-desmandos-na-saude-publica\/#respond"]}]},{"@type":"WebPage","@id":"https:\/\/www.notibras.com\/site\/tribunal-de-contas-da-dura-no-buriti-e-investiga-desmandos-na-saude-publica\/","url":"https:\/\/www.notibras.com\/site\/tribunal-de-contas-da-dura-no-buriti-e-investiga-desmandos-na-saude-publica\/","name":"Tribunal d\u00e1 dura no Buriti e investiga desmandos na Sa\u00fade - Notibras","isPartOf":{"@id":"https:\/\/www.notibras.com\/site\/#website"},"primaryImageOfPage":{"@id":"https:\/\/www.notibras.com\/site\/tribunal-de-contas-da-dura-no-buriti-e-investiga-desmandos-na-saude-publica\/#primaryimage"},"image":{"@id":"https:\/\/www.notibras.com\/site\/tribunal-de-contas-da-dura-no-buriti-e-investiga-desmandos-na-saude-publica\/#primaryimage"},"thumbnailUrl":"https:\/\/www.notibras.com\/site\/wp-content\/uploads\/2014\/03\/Sem-t\u00edtulo-115.jpg","datePublished":"2014-03-27T19:19:08+00:00","dateModified":"2014-03-28T02:20:38+00:00","breadcrumb":{"@id":"https:\/\/www.notibras.com\/site\/tribunal-de-contas-da-dura-no-buriti-e-investiga-desmandos-na-saude-publica\/#breadcrumb"},"inLanguage":"pt-BR","potentialAction":[{"@type":"ReadAction","target":["https:\/\/www.notibras.com\/site\/tribunal-de-contas-da-dura-no-buriti-e-investiga-desmandos-na-saude-publica\/"]}]},{"@type":"ImageObject","inLanguage":"pt-BR","@id":"https:\/\/www.notibras.com\/site\/tribunal-de-contas-da-dura-no-buriti-e-investiga-desmandos-na-saude-publica\/#primaryimage","url":"https:\/\/www.notibras.com\/site\/wp-content\/uploads\/2014\/03\/Sem-t\u00edtulo-115.jpg","contentUrl":"https:\/\/www.notibras.com\/site\/wp-content\/uploads\/2014\/03\/Sem-t\u00edtulo-115.jpg","width":433,"height":325},{"@type":"BreadcrumbList","@id":"https:\/\/www.notibras.com\/site\/tribunal-de-contas-da-dura-no-buriti-e-investiga-desmandos-na-saude-publica\/#breadcrumb","itemListElement":[{"@type":"ListItem","position":1,"name":"In\u00edcio","item":"https:\/\/www.notibras.com\/site\/"},{"@type":"ListItem","position":2,"name":"Tribunal d\u00e1 dura no Buriti e investiga desmandos na Sa\u00fade"}]},{"@type":"WebSite","@id":"https:\/\/www.notibras.com\/site\/#website","url":"https:\/\/www.notibras.com\/site\/","name":"Notibras","description":"Not\u00edcias de Bras\u00edlia, do Brasil e do Mundo","publisher":{"@id":"https:\/\/www.notibras.com\/site\/#organization"},"potentialAction":[{"@type":"SearchAction","target":{"@type":"EntryPoint","urlTemplate":"https:\/\/www.notibras.com\/site\/?s={search_term_string}"},"query-input":{"@type":"PropertyValueSpecification","valueRequired":true,"valueName":"search_term_string"}}],"inLanguage":"pt-BR"},{"@type":"Organization","@id":"https:\/\/www.notibras.com\/site\/#organization","name":"Grupo Notibras de Comunica\u00e7\u00e3o","url":"https:\/\/www.notibras.com\/site\/","logo":{"@type":"ImageObject","inLanguage":"pt-BR","@id":"https:\/\/www.notibras.com\/site\/#\/schema\/logo\/image\/","url":"https:\/\/www.notibras.com\/site\/wp-content\/uploads\/2023\/01\/notibras23.png","contentUrl":"https:\/\/www.notibras.com\/site\/wp-content\/uploads\/2023\/01\/notibras23.png","width":350,"height":87,"caption":"Grupo Notibras de Comunica\u00e7\u00e3o"},"image":{"@id":"https:\/\/www.notibras.com\/site\/#\/schema\/logo\/image\/"},"sameAs":["https:\/\/www.facebook.com\/notibras\/","https:\/\/x.com\/Notibras","https:\/\/www.instagram.com\/notibras\/"]},{"@type":"Person","@id":"https:\/\/www.notibras.com\/site\/#\/schema\/person\/36ab0979449956132d3e5b517ea76ac8","name":"Reda\u00e7\u00e3o","image":{"@type":"ImageObject","inLanguage":"pt-BR","@id":"https:\/\/secure.gravatar.com\/avatar\/e0a867bdedb85fd243eadf09663511f96fc81e0720a4a42581f334ad4303aa6b?s=96&d=mm&r=g","url":"https:\/\/secure.gravatar.com\/avatar\/e0a867bdedb85fd243eadf09663511f96fc81e0720a4a42581f334ad4303aa6b?s=96&d=mm&r=g","contentUrl":"https:\/\/secure.gravatar.com\/avatar\/e0a867bdedb85fd243eadf09663511f96fc81e0720a4a42581f334ad4303aa6b?s=96&d=mm&r=g","caption":"Reda\u00e7\u00e3o"}}]}},"amp_enabled":true,"_links":{"self":[{"href":"https:\/\/www.notibras.com\/site\/wp-json\/wp\/v2\/posts\/5462","targetHints":{"allow":["GET"]}}],"collection":[{"href":"https:\/\/www.notibras.com\/site\/wp-json\/wp\/v2\/posts"}],"about":[{"href":"https:\/\/www.notibras.com\/site\/wp-json\/wp\/v2\/types\/post"}],"author":[{"embeddable":true,"href":"https:\/\/www.notibras.com\/site\/wp-json\/wp\/v2\/users\/2"}],"replies":[{"embeddable":true,"href":"https:\/\/www.notibras.com\/site\/wp-json\/wp\/v2\/comments?post=5462"}],"version-history":[{"count":0,"href":"https:\/\/www.notibras.com\/site\/wp-json\/wp\/v2\/posts\/5462\/revisions"}],"wp:featuredmedia":[{"embeddable":true,"href":"https:\/\/www.notibras.com\/site\/wp-json\/wp\/v2\/media\/5466"}],"wp:attachment":[{"href":"https:\/\/www.notibras.com\/site\/wp-json\/wp\/v2\/media?parent=5462"}],"wp:term":[{"taxonomy":"category","embeddable":true,"href":"https:\/\/www.notibras.com\/site\/wp-json\/wp\/v2\/categories?post=5462"},{"taxonomy":"post_tag","embeddable":true,"href":"https:\/\/www.notibras.com\/site\/wp-json\/wp\/v2\/tags?post=5462"}],"curies":[{"name":"wp","href":"https:\/\/api.w.org\/{rel}","templated":true}]}}