{"id":54655,"date":"2015-06-23T16:54:15","date_gmt":"2015-06-23T19:54:15","guid":{"rendered":"http:\/\/www.notibras.com\/site\/?p=54655"},"modified":"2015-06-23T16:54:15","modified_gmt":"2015-06-23T19:54:15","slug":"espuma-do-tiete-sobe-e-espanta-turistas-de-pirapora-do-bom-jesus","status":"publish","type":"post","link":"https:\/\/www.notibras.com\/site\/espuma-do-tiete-sobe-e-espanta-turistas-de-pirapora-do-bom-jesus\/","title":{"rendered":"Espuma do Tiet\u00ea sobe e espanta turistas de  Pirapora do Bom Jesus"},"content":{"rendered":"<p>Os 16 mil moradores de Pirapora do Bom Jesus, na regi\u00e3o metropolitana de S\u00e3o Paulo, surpreenderam-se nos \u00faltimos dias com a quantidade de espuma que cobriu o Rio Tiet\u00ea e tomou as ruas da cidade. A camada de espuma com mais de tr\u00eas metros de altura chegou at\u00e9 a porta de algumas as casas. O fen\u00f4meno \u00e9 frequente nesta \u00e9poca do ano, quando as chuvas diminuem e o problema da polui\u00e7\u00e3o no rio se agrava.<\/p>\n<p>A espuma \u00e9 provocada pela polui\u00e7\u00e3o ao longo do rio, principalmente de detergente n\u00e3o biodegrad\u00e1vel, que tem em sua composi\u00e7\u00e3o f\u00f3sforo e nitrato, elementos presentes na maioria dos produtos de limpeza e higiene fabricados no pa\u00eds. O lixo e o esgoto clandestinos jogados ao longo do rio chegam pr\u00f3ximo \u00e0 barragem da Usina Hidrel\u00e9trica do Rasg\u00e3o e, com o movimento das \u00e1guas nesse local, esse detergente provoca a forma\u00e7\u00e3o de espuma que pode at\u00e9 se espalhar por toda a cidade com a a\u00e7\u00e3o do vento.<\/p>\n<blockquote><p>Segundo a prefeitura, o problema ocorre h\u00e1 mais de 30 anos e prejudica, inclusive, o turismo [essencialmente religioso] e tamb\u00e9m as pr\u00e1ticas de lazer no rio. Al\u00e9m disso, causa tamb\u00e9m problemas de sa\u00fade e mau cheiro. A solu\u00e7\u00e3o, de acordo com o \u00f3rg\u00e3o, depende de altos investimentos pelo governo estadual, prometido para os pr\u00f3ximos cinco anos. A recomenda\u00e7\u00e3o para os moradores \u00e9 ficarem longe da espuma.<\/p><\/blockquote>\n<p>Por meio de nota, a Companhia de Tecnologia de Saneamento Ambiental (Cetesb), ligada \u00e0 Secretaria do Meio Ambiente do governo paulista, explicou que a forma\u00e7\u00e3o de espumas, como ocorre frequentemente no Rio Tiet\u00ea ao longo das cidades de Santana de Parna\u00edba, Salto e Pirapora do Bom Jesus, est\u00e1 relacionada principalmente \u00e0 baixa vaz\u00e3o de \u00e1gua e \u00e0 presen\u00e7a de esgotos dom\u00e9sticos n\u00e3o tratados.<\/p>\n<p>\u201cA solu\u00e7\u00e3o desse problema est\u00e1 associada principalmente \u00e0 implanta\u00e7\u00e3o dos sistemas adequados de esgotamento sanit\u00e1rio, incluindo a coleta, o afastamento, tratamento e a disposi\u00e7\u00e3o final dos esgotos dom\u00e9sticos, os quais s\u00e3o de atribui\u00e7\u00e3o dos munic\u00edpios e das concession\u00e1rias de saneamento\u201d, diz a Cetesb.<\/p>\n<p>A Companhia de Saneamento B\u00e1sico do Estado de S\u00e3o Paulo (Sabesp) informou que, desde 1993, executa o Projeto de Despolui\u00e7\u00e3o do Tiet\u00ea, que j\u00e1 reduziu em 160 quil\u00f4metros [ou 86,6%] a mancha de polui\u00e7\u00e3o no Rio Tiet\u00ea. A companhia afirmou que vem ampliando o sistema de coleta e tratamento de esgoto na regi\u00e3o metropolitana.<\/p>\n<blockquote><p>\u201cAl\u00e9m da coleta e tratamento de esgoto, o combate \u00e0 polui\u00e7\u00e3o difusa, de responsabilidade das prefeituras, e o controle do despejo de f\u00f3sforo e nitrato em produtos de limpeza e higiene s\u00e3o essenciais para evitar a forma\u00e7\u00e3o da espuma,\u201d disse a companhia por meio de nota.<\/p><\/blockquote>\n<p><strong>Elaine Patricia Cruz e Marli Moreira, ABr<\/strong><\/p>\n","protected":false},"excerpt":{"rendered":"<p>Os 16 mil moradores de Pirapora do Bom Jesus, na regi\u00e3o metropolitana de S\u00e3o Paulo, surpreenderam-se nos \u00faltimos dias com a quantidade de espuma que cobriu o Rio Tiet\u00ea e tomou as ruas da cidade. A camada de espuma com mais de tr\u00eas metros de altura chegou at\u00e9 a porta de algumas as casas. O [&hellip;]<\/p>\n","protected":false},"author":2,"featured_media":54657,"comment_status":"open","ping_status":"closed","sticky":false,"template":"","format":"standard","meta":{"_acf_changed":false,"footnotes":""},"categories":[16],"tags":[],"class_list":["post-54655","post","type-post","status-publish","format-standard","has-post-thumbnail","hentry","category-brasil"],"acf":[],"yoast_head":"<!-- This site is optimized with the Yoast SEO plugin v27.2 - https:\/\/yoast.com\/product\/yoast-seo-wordpress\/ -->\n<title>Espuma do Tiet\u00ea sobe e espanta turistas de Pirapora do Bom Jesus - Notibras<\/title>\n<meta name=\"robots\" content=\"index, follow, max-snippet:-1, max-image-preview:large, max-video-preview:-1\" \/>\n<link rel=\"canonical\" href=\"https:\/\/www.notibras.com\/site\/espuma-do-tiete-sobe-e-espanta-turistas-de-pirapora-do-bom-jesus\/\" \/>\n<meta property=\"og:locale\" content=\"pt_BR\" \/>\n<meta property=\"og:type\" content=\"article\" \/>\n<meta property=\"og:title\" content=\"Espuma do Tiet\u00ea sobe e espanta turistas de Pirapora do Bom Jesus - Notibras\" \/>\n<meta property=\"og:description\" content=\"Os 16 mil moradores de Pirapora do Bom Jesus, na regi\u00e3o metropolitana de S\u00e3o Paulo, surpreenderam-se nos \u00faltimos dias com a quantidade de espuma que cobriu o Rio Tiet\u00ea e tomou as ruas da cidade. A camada de espuma com mais de tr\u00eas metros de altura chegou at\u00e9 a porta de algumas as casas. O [&hellip;]\" \/>\n<meta property=\"og:url\" content=\"https:\/\/www.notibras.com\/site\/espuma-do-tiete-sobe-e-espanta-turistas-de-pirapora-do-bom-jesus\/\" \/>\n<meta property=\"og:site_name\" content=\"Notibras\" \/>\n<meta property=\"article:publisher\" content=\"https:\/\/www.facebook.com\/notibras\/\" \/>\n<meta property=\"article:published_time\" content=\"2015-06-23T19:54:15+00:00\" \/>\n<meta property=\"og:image\" content=\"https:\/\/www.notibras.com\/site\/wp-content\/uploads\/2015\/06\/tiete_espuma.jpg\" \/>\n\t<meta property=\"og:image:width\" content=\"625\" \/>\n\t<meta property=\"og:image:height\" content=\"465\" \/>\n\t<meta property=\"og:image:type\" content=\"image\/jpeg\" \/>\n<meta name=\"author\" content=\"Reda\u00e7\u00e3o\" \/>\n<meta name=\"twitter:card\" content=\"summary_large_image\" \/>\n<meta name=\"twitter:creator\" content=\"@Notibras\" \/>\n<meta name=\"twitter:site\" content=\"@Notibras\" \/>\n<meta name=\"twitter:label1\" content=\"Escrito por\" \/>\n\t<meta name=\"twitter:data1\" content=\"Reda\u00e7\u00e3o\" \/>\n\t<meta name=\"twitter:label2\" content=\"Est. tempo de leitura\" \/>\n\t<meta name=\"twitter:data2\" content=\"2 minutos\" \/>\n<script type=\"application\/ld+json\" class=\"yoast-schema-graph\">{\"@context\":\"https:\/\/schema.org\",\"@graph\":[{\"@type\":\"Article\",\"@id\":\"https:\/\/www.notibras.com\/site\/espuma-do-tiete-sobe-e-espanta-turistas-de-pirapora-do-bom-jesus\/#article\",\"isPartOf\":{\"@id\":\"https:\/\/www.notibras.com\/site\/espuma-do-tiete-sobe-e-espanta-turistas-de-pirapora-do-bom-jesus\/\"},\"author\":{\"name\":\"Reda\u00e7\u00e3o\",\"@id\":\"https:\/\/www.notibras.com\/site\/#\/schema\/person\/36ab0979449956132d3e5b517ea76ac8\"},\"headline\":\"Espuma do Tiet\u00ea sobe e espanta turistas de Pirapora do Bom Jesus\",\"datePublished\":\"2015-06-23T19:54:15+00:00\",\"mainEntityOfPage\":{\"@id\":\"https:\/\/www.notibras.com\/site\/espuma-do-tiete-sobe-e-espanta-turistas-de-pirapora-do-bom-jesus\/\"},\"wordCount\":488,\"commentCount\":0,\"publisher\":{\"@id\":\"https:\/\/www.notibras.com\/site\/#organization\"},\"image\":{\"@id\":\"https:\/\/www.notibras.com\/site\/espuma-do-tiete-sobe-e-espanta-turistas-de-pirapora-do-bom-jesus\/#primaryimage\"},\"thumbnailUrl\":\"https:\/\/www.notibras.com\/site\/wp-content\/uploads\/2015\/06\/tiete_espuma.jpg\",\"articleSection\":[\"Brasil\"],\"inLanguage\":\"pt-BR\",\"potentialAction\":[{\"@type\":\"CommentAction\",\"name\":\"Comment\",\"target\":[\"https:\/\/www.notibras.com\/site\/espuma-do-tiete-sobe-e-espanta-turistas-de-pirapora-do-bom-jesus\/#respond\"]}]},{\"@type\":\"WebPage\",\"@id\":\"https:\/\/www.notibras.com\/site\/espuma-do-tiete-sobe-e-espanta-turistas-de-pirapora-do-bom-jesus\/\",\"url\":\"https:\/\/www.notibras.com\/site\/espuma-do-tiete-sobe-e-espanta-turistas-de-pirapora-do-bom-jesus\/\",\"name\":\"Espuma do Tiet\u00ea sobe e espanta turistas de Pirapora do Bom Jesus - Notibras\",\"isPartOf\":{\"@id\":\"https:\/\/www.notibras.com\/site\/#website\"},\"primaryImageOfPage\":{\"@id\":\"https:\/\/www.notibras.com\/site\/espuma-do-tiete-sobe-e-espanta-turistas-de-pirapora-do-bom-jesus\/#primaryimage\"},\"image\":{\"@id\":\"https:\/\/www.notibras.com\/site\/espuma-do-tiete-sobe-e-espanta-turistas-de-pirapora-do-bom-jesus\/#primaryimage\"},\"thumbnailUrl\":\"https:\/\/www.notibras.com\/site\/wp-content\/uploads\/2015\/06\/tiete_espuma.jpg\",\"datePublished\":\"2015-06-23T19:54:15+00:00\",\"breadcrumb\":{\"@id\":\"https:\/\/www.notibras.com\/site\/espuma-do-tiete-sobe-e-espanta-turistas-de-pirapora-do-bom-jesus\/#breadcrumb\"},\"inLanguage\":\"pt-BR\",\"potentialAction\":[{\"@type\":\"ReadAction\",\"target\":[\"https:\/\/www.notibras.com\/site\/espuma-do-tiete-sobe-e-espanta-turistas-de-pirapora-do-bom-jesus\/\"]}]},{\"@type\":\"ImageObject\",\"inLanguage\":\"pt-BR\",\"@id\":\"https:\/\/www.notibras.com\/site\/espuma-do-tiete-sobe-e-espanta-turistas-de-pirapora-do-bom-jesus\/#primaryimage\",\"url\":\"https:\/\/www.notibras.com\/site\/wp-content\/uploads\/2015\/06\/tiete_espuma.jpg\",\"contentUrl\":\"https:\/\/www.notibras.com\/site\/wp-content\/uploads\/2015\/06\/tiete_espuma.jpg\",\"width\":625,\"height\":465},{\"@type\":\"BreadcrumbList\",\"@id\":\"https:\/\/www.notibras.com\/site\/espuma-do-tiete-sobe-e-espanta-turistas-de-pirapora-do-bom-jesus\/#breadcrumb\",\"itemListElement\":[{\"@type\":\"ListItem\",\"position\":1,\"name\":\"In\u00edcio\",\"item\":\"https:\/\/www.notibras.com\/site\/\"},{\"@type\":\"ListItem\",\"position\":2,\"name\":\"Espuma do Tiet\u00ea sobe e espanta turistas de Pirapora do Bom Jesus\"}]},{\"@type\":\"WebSite\",\"@id\":\"https:\/\/www.notibras.com\/site\/#website\",\"url\":\"https:\/\/www.notibras.com\/site\/\",\"name\":\"Notibras\",\"description\":\"Not\u00edcias de Bras\u00edlia, do Brasil e do Mundo\",\"publisher\":{\"@id\":\"https:\/\/www.notibras.com\/site\/#organization\"},\"potentialAction\":[{\"@type\":\"SearchAction\",\"target\":{\"@type\":\"EntryPoint\",\"urlTemplate\":\"https:\/\/www.notibras.com\/site\/?s={search_term_string}\"},\"query-input\":{\"@type\":\"PropertyValueSpecification\",\"valueRequired\":true,\"valueName\":\"search_term_string\"}}],\"inLanguage\":\"pt-BR\"},{\"@type\":\"Organization\",\"@id\":\"https:\/\/www.notibras.com\/site\/#organization\",\"name\":\"Grupo Notibras de Comunica\u00e7\u00e3o\",\"url\":\"https:\/\/www.notibras.com\/site\/\",\"logo\":{\"@type\":\"ImageObject\",\"inLanguage\":\"pt-BR\",\"@id\":\"https:\/\/www.notibras.com\/site\/#\/schema\/logo\/image\/\",\"url\":\"https:\/\/www.notibras.com\/site\/wp-content\/uploads\/2023\/01\/notibras23.png\",\"contentUrl\":\"https:\/\/www.notibras.com\/site\/wp-content\/uploads\/2023\/01\/notibras23.png\",\"width\":350,\"height\":87,\"caption\":\"Grupo Notibras de Comunica\u00e7\u00e3o\"},\"image\":{\"@id\":\"https:\/\/www.notibras.com\/site\/#\/schema\/logo\/image\/\"},\"sameAs\":[\"https:\/\/www.facebook.com\/notibras\/\",\"https:\/\/x.com\/Notibras\",\"https:\/\/www.instagram.com\/notibras\/\"]},{\"@type\":\"Person\",\"@id\":\"https:\/\/www.notibras.com\/site\/#\/schema\/person\/36ab0979449956132d3e5b517ea76ac8\",\"name\":\"Reda\u00e7\u00e3o\",\"image\":{\"@type\":\"ImageObject\",\"inLanguage\":\"pt-BR\",\"@id\":\"https:\/\/secure.gravatar.com\/avatar\/e0a867bdedb85fd243eadf09663511f96fc81e0720a4a42581f334ad4303aa6b?s=96&d=mm&r=g\",\"url\":\"https:\/\/secure.gravatar.com\/avatar\/e0a867bdedb85fd243eadf09663511f96fc81e0720a4a42581f334ad4303aa6b?s=96&d=mm&r=g\",\"contentUrl\":\"https:\/\/secure.gravatar.com\/avatar\/e0a867bdedb85fd243eadf09663511f96fc81e0720a4a42581f334ad4303aa6b?s=96&d=mm&r=g\",\"caption\":\"Reda\u00e7\u00e3o\"}}]}<\/script>\n<!-- \/ Yoast SEO plugin. -->","yoast_head_json":{"title":"Espuma do Tiet\u00ea sobe e espanta turistas de Pirapora do Bom Jesus - Notibras","robots":{"index":"index","follow":"follow","max-snippet":"max-snippet:-1","max-image-preview":"max-image-preview:large","max-video-preview":"max-video-preview:-1"},"canonical":"https:\/\/www.notibras.com\/site\/espuma-do-tiete-sobe-e-espanta-turistas-de-pirapora-do-bom-jesus\/","og_locale":"pt_BR","og_type":"article","og_title":"Espuma do Tiet\u00ea sobe e espanta turistas de Pirapora do Bom Jesus - Notibras","og_description":"Os 16 mil moradores de Pirapora do Bom Jesus, na regi\u00e3o metropolitana de S\u00e3o Paulo, surpreenderam-se nos \u00faltimos dias com a quantidade de espuma que cobriu o Rio Tiet\u00ea e tomou as ruas da cidade. A camada de espuma com mais de tr\u00eas metros de altura chegou at\u00e9 a porta de algumas as casas. O [&hellip;]","og_url":"https:\/\/www.notibras.com\/site\/espuma-do-tiete-sobe-e-espanta-turistas-de-pirapora-do-bom-jesus\/","og_site_name":"Notibras","article_publisher":"https:\/\/www.facebook.com\/notibras\/","article_published_time":"2015-06-23T19:54:15+00:00","og_image":[{"width":625,"height":465,"url":"https:\/\/www.notibras.com\/site\/wp-content\/uploads\/2015\/06\/tiete_espuma.jpg","type":"image\/jpeg"}],"author":"Reda\u00e7\u00e3o","twitter_card":"summary_large_image","twitter_creator":"@Notibras","twitter_site":"@Notibras","twitter_misc":{"Escrito por":"Reda\u00e7\u00e3o","Est. tempo de leitura":"2 minutos"},"schema":{"@context":"https:\/\/schema.org","@graph":[{"@type":"Article","@id":"https:\/\/www.notibras.com\/site\/espuma-do-tiete-sobe-e-espanta-turistas-de-pirapora-do-bom-jesus\/#article","isPartOf":{"@id":"https:\/\/www.notibras.com\/site\/espuma-do-tiete-sobe-e-espanta-turistas-de-pirapora-do-bom-jesus\/"},"author":{"name":"Reda\u00e7\u00e3o","@id":"https:\/\/www.notibras.com\/site\/#\/schema\/person\/36ab0979449956132d3e5b517ea76ac8"},"headline":"Espuma do Tiet\u00ea sobe e espanta turistas de Pirapora do Bom Jesus","datePublished":"2015-06-23T19:54:15+00:00","mainEntityOfPage":{"@id":"https:\/\/www.notibras.com\/site\/espuma-do-tiete-sobe-e-espanta-turistas-de-pirapora-do-bom-jesus\/"},"wordCount":488,"commentCount":0,"publisher":{"@id":"https:\/\/www.notibras.com\/site\/#organization"},"image":{"@id":"https:\/\/www.notibras.com\/site\/espuma-do-tiete-sobe-e-espanta-turistas-de-pirapora-do-bom-jesus\/#primaryimage"},"thumbnailUrl":"https:\/\/www.notibras.com\/site\/wp-content\/uploads\/2015\/06\/tiete_espuma.jpg","articleSection":["Brasil"],"inLanguage":"pt-BR","potentialAction":[{"@type":"CommentAction","name":"Comment","target":["https:\/\/www.notibras.com\/site\/espuma-do-tiete-sobe-e-espanta-turistas-de-pirapora-do-bom-jesus\/#respond"]}]},{"@type":"WebPage","@id":"https:\/\/www.notibras.com\/site\/espuma-do-tiete-sobe-e-espanta-turistas-de-pirapora-do-bom-jesus\/","url":"https:\/\/www.notibras.com\/site\/espuma-do-tiete-sobe-e-espanta-turistas-de-pirapora-do-bom-jesus\/","name":"Espuma do Tiet\u00ea sobe e espanta turistas de Pirapora do Bom Jesus - Notibras","isPartOf":{"@id":"https:\/\/www.notibras.com\/site\/#website"},"primaryImageOfPage":{"@id":"https:\/\/www.notibras.com\/site\/espuma-do-tiete-sobe-e-espanta-turistas-de-pirapora-do-bom-jesus\/#primaryimage"},"image":{"@id":"https:\/\/www.notibras.com\/site\/espuma-do-tiete-sobe-e-espanta-turistas-de-pirapora-do-bom-jesus\/#primaryimage"},"thumbnailUrl":"https:\/\/www.notibras.com\/site\/wp-content\/uploads\/2015\/06\/tiete_espuma.jpg","datePublished":"2015-06-23T19:54:15+00:00","breadcrumb":{"@id":"https:\/\/www.notibras.com\/site\/espuma-do-tiete-sobe-e-espanta-turistas-de-pirapora-do-bom-jesus\/#breadcrumb"},"inLanguage":"pt-BR","potentialAction":[{"@type":"ReadAction","target":["https:\/\/www.notibras.com\/site\/espuma-do-tiete-sobe-e-espanta-turistas-de-pirapora-do-bom-jesus\/"]}]},{"@type":"ImageObject","inLanguage":"pt-BR","@id":"https:\/\/www.notibras.com\/site\/espuma-do-tiete-sobe-e-espanta-turistas-de-pirapora-do-bom-jesus\/#primaryimage","url":"https:\/\/www.notibras.com\/site\/wp-content\/uploads\/2015\/06\/tiete_espuma.jpg","contentUrl":"https:\/\/www.notibras.com\/site\/wp-content\/uploads\/2015\/06\/tiete_espuma.jpg","width":625,"height":465},{"@type":"BreadcrumbList","@id":"https:\/\/www.notibras.com\/site\/espuma-do-tiete-sobe-e-espanta-turistas-de-pirapora-do-bom-jesus\/#breadcrumb","itemListElement":[{"@type":"ListItem","position":1,"name":"In\u00edcio","item":"https:\/\/www.notibras.com\/site\/"},{"@type":"ListItem","position":2,"name":"Espuma do Tiet\u00ea sobe e espanta turistas de Pirapora do Bom Jesus"}]},{"@type":"WebSite","@id":"https:\/\/www.notibras.com\/site\/#website","url":"https:\/\/www.notibras.com\/site\/","name":"Notibras","description":"Not\u00edcias de Bras\u00edlia, do Brasil e do Mundo","publisher":{"@id":"https:\/\/www.notibras.com\/site\/#organization"},"potentialAction":[{"@type":"SearchAction","target":{"@type":"EntryPoint","urlTemplate":"https:\/\/www.notibras.com\/site\/?s={search_term_string}"},"query-input":{"@type":"PropertyValueSpecification","valueRequired":true,"valueName":"search_term_string"}}],"inLanguage":"pt-BR"},{"@type":"Organization","@id":"https:\/\/www.notibras.com\/site\/#organization","name":"Grupo Notibras de Comunica\u00e7\u00e3o","url":"https:\/\/www.notibras.com\/site\/","logo":{"@type":"ImageObject","inLanguage":"pt-BR","@id":"https:\/\/www.notibras.com\/site\/#\/schema\/logo\/image\/","url":"https:\/\/www.notibras.com\/site\/wp-content\/uploads\/2023\/01\/notibras23.png","contentUrl":"https:\/\/www.notibras.com\/site\/wp-content\/uploads\/2023\/01\/notibras23.png","width":350,"height":87,"caption":"Grupo Notibras de Comunica\u00e7\u00e3o"},"image":{"@id":"https:\/\/www.notibras.com\/site\/#\/schema\/logo\/image\/"},"sameAs":["https:\/\/www.facebook.com\/notibras\/","https:\/\/x.com\/Notibras","https:\/\/www.instagram.com\/notibras\/"]},{"@type":"Person","@id":"https:\/\/www.notibras.com\/site\/#\/schema\/person\/36ab0979449956132d3e5b517ea76ac8","name":"Reda\u00e7\u00e3o","image":{"@type":"ImageObject","inLanguage":"pt-BR","@id":"https:\/\/secure.gravatar.com\/avatar\/e0a867bdedb85fd243eadf09663511f96fc81e0720a4a42581f334ad4303aa6b?s=96&d=mm&r=g","url":"https:\/\/secure.gravatar.com\/avatar\/e0a867bdedb85fd243eadf09663511f96fc81e0720a4a42581f334ad4303aa6b?s=96&d=mm&r=g","contentUrl":"https:\/\/secure.gravatar.com\/avatar\/e0a867bdedb85fd243eadf09663511f96fc81e0720a4a42581f334ad4303aa6b?s=96&d=mm&r=g","caption":"Reda\u00e7\u00e3o"}}]}},"amp_enabled":true,"_links":{"self":[{"href":"https:\/\/www.notibras.com\/site\/wp-json\/wp\/v2\/posts\/54655","targetHints":{"allow":["GET"]}}],"collection":[{"href":"https:\/\/www.notibras.com\/site\/wp-json\/wp\/v2\/posts"}],"about":[{"href":"https:\/\/www.notibras.com\/site\/wp-json\/wp\/v2\/types\/post"}],"author":[{"embeddable":true,"href":"https:\/\/www.notibras.com\/site\/wp-json\/wp\/v2\/users\/2"}],"replies":[{"embeddable":true,"href":"https:\/\/www.notibras.com\/site\/wp-json\/wp\/v2\/comments?post=54655"}],"version-history":[{"count":0,"href":"https:\/\/www.notibras.com\/site\/wp-json\/wp\/v2\/posts\/54655\/revisions"}],"wp:featuredmedia":[{"embeddable":true,"href":"https:\/\/www.notibras.com\/site\/wp-json\/wp\/v2\/media\/54657"}],"wp:attachment":[{"href":"https:\/\/www.notibras.com\/site\/wp-json\/wp\/v2\/media?parent=54655"}],"wp:term":[{"taxonomy":"category","embeddable":true,"href":"https:\/\/www.notibras.com\/site\/wp-json\/wp\/v2\/categories?post=54655"},{"taxonomy":"post_tag","embeddable":true,"href":"https:\/\/www.notibras.com\/site\/wp-json\/wp\/v2\/tags?post=54655"}],"curies":[{"name":"wp","href":"https:\/\/api.w.org\/{rel}","templated":true}]}}