{"id":54741,"date":"2015-06-24T08:49:55","date_gmt":"2015-06-24T11:49:55","guid":{"rendered":"http:\/\/www.notibras.com\/site\/?p=54741"},"modified":"2015-06-24T08:49:55","modified_gmt":"2015-06-24T11:49:55","slug":"preservacao-ambiental-passa-por-muita-coisa-ja-disse-frei-henri","status":"publish","type":"post","link":"https:\/\/www.notibras.com\/site\/preservacao-ambiental-passa-por-muita-coisa-ja-disse-frei-henri\/","title":{"rendered":"Preserva\u00e7\u00e3o ambiental passa por muita coisa, j\u00e1 disse frei Henri"},"content":{"rendered":"<p>H\u00e1 alguns anos estive na cidade de Xinguara, interior do Par\u00e1. Fui l\u00e1 para conversar com Henri Riziers, um frei franc\u00eas octagen\u00e1rio que desembarcou por essas terras h\u00e1 mais de 30 anos.<\/p>\n<p>Ao final de nosso encontro de mais de duas horas, ouvi dele a seguinte frase: &#8220;Onde n\u00e3o h\u00e1 respeito \u00e0 natureza humana, meu filho, n\u00e3o h\u00e1 respeito \u00e0 nenhuma outra natureza&#8221;. Segundo a enc\u00edclica lan\u00e7ada nesta quinta pelo papa Francisco, Frei Henri acertou em cheio.<\/p>\n<p>O texto do papa Francisco \u00e9 a primeira enc\u00edclica dedicada ao meio ambiente da hist\u00f3ria da igreja cat\u00f3lica. Por defini\u00e7\u00e3o, enc\u00edclica \u00e9 um texto com o qual se d\u00e1 as diretrizes sobre determinado assunto aos bispos e demais membros da igreja.<\/p>\n<p>Mas esta carta \u00e9 endere\u00e7ada &#8220;a todas as pessoas de boa vontade&#8221; e traz recados claros e certeiros sobre a necessidade de uni\u00e3o e de mais a\u00e7\u00e3o no combate ao aquecimento global, bem como lan\u00e7a luz sobre a quest\u00e3o moral e humana da preserva\u00e7\u00e3o ambiental.<\/p>\n<p>O texto vem a p\u00fablico meses antes da 21\u00aa confer\u00eancia do clima da ONU, que acontecer\u00e1 em Paris no final do ano. L\u00e1, mais de 190 representantes de diversos pa\u00edses se reunir\u00e3o para tentar um acordo que evite que o planeta esquente para al\u00e9m da conta, ou seja, mais do que 2 graus.<\/p>\n<blockquote><p>\u00c9 mais uma chance de solu\u00e7\u00e3o, e agora os tomadores de decis\u00e3o l\u00e1 reunidos ter\u00e3o n\u00e3o apenas as afirmativas dos cientistas, mas tamb\u00e9m da igreja. O problema \u00e9 que at\u00e9 agora foram duas d\u00e9cadas de conversas e pouco avan\u00e7o concreto.<\/p><\/blockquote>\n<p>Alguns pa\u00edses n\u00e3o querem assumir compromissos sem que os demais o fa\u00e7am. Outros querem medir de quem \u00e9 a culpa do passado para saber quem paga a conta do futuro.<\/p>\n<p>Em uma dessas confer\u00eancias, um delegado da ilha polin\u00e9sia de Tuvalu afirmou que, se nada fosse feito para deter o aquecimento do planeta, as nove ilhas que comp\u00f5em seu pa\u00eds iriam desaparecer, e seus cerca de 10 mil habitantes teriam de procurar outro lugar para viver.<\/p>\n<p>Junto com outros pequenos pa\u00edses-ilhas, eles ser\u00e3o engolidos pelo aumento do n\u00edvel dos oceanos, uma das consequ\u00eancias das mudan\u00e7as do clima. Mesmo assim as negocia\u00e7\u00f5es e as a\u00e7\u00f5es n\u00e3o avan\u00e7am o suficiente.<\/p>\n<p>Neste ano ultrapassamos a barreira m\u00e9dia de 400 partes de carbono por milh\u00e3o na atmosfera, o que significa que desde o in\u00edcio das medi\u00e7\u00f5es nunca existiu tanta concentra\u00e7\u00e3o de gases que provocam o aquecimento global flutuando sobre nossas cabe\u00e7as. Tuvalu v\u00ea suas chances diminu\u00edrem a cada dia.<\/p>\n<p>Se n\u00e3o pararmos de queimar combust\u00edveis f\u00f3sseis e desmatar florestas, o que vai acontecer, segundo os cientistas, ser\u00e1 uma mudan\u00e7a nos mecanismos de funcionamento da Terra. Viveremos em um mundo diferente e teremos que nos adaptar. Lugares com pouca \u00e1gua ficar\u00e3o ainda mais secos. Os que alagam receber\u00e3o mais chuvas. Furac\u00f5es e tornados se tornar\u00e3o mais frequentes onde j\u00e1 ocorrem.<\/p>\n<p>Um dos impactos mais sentidos ser\u00e1 nos processos de produ\u00e7\u00e3o de alimentos. Eles ficar\u00e3o mais complicados, o que poder\u00e1 gerar escassez. J\u00e1 vivemos em um mundo onde quase 1 bilh\u00e3o de pessoas passam fome, apesar de produzirmos comida em quantidade suficiente para todos os habitantes do planeta.<\/p>\n<blockquote><p>A mudan\u00e7a do clima somente agravar\u00e1 essas desigualdades e os problemas j\u00e1 vividos pelas popula\u00e7\u00f5es mais pobres ao redor do mundo, incluindo na conta pa\u00edses como o Brasil. Em um planeta mais quente, os mais necessitados pagar\u00e3o a parte mais dolorosa da conta. N\u00e3o h\u00e1 bolsa-fam\u00edlia que dar\u00e1 conta do recado.<\/p><\/blockquote>\n<p>Em um dos trechos de seu texto, o papa Francisco clama por solu\u00e7\u00f5es urgentes, quando diz que &#8220;A falta de rea\u00e7\u00f5es diante destes dramas dos nossos irm\u00e3os e irm\u00e3s \u00e9 um sinal da perda do sentido de responsabilidade pelos nossos semelhantes, sobre o qual se funda toda a sociedade civil&#8221;.<\/p>\n<p>O principal desafio ambiental n\u00e3o se resume \u00e0 prote\u00e7\u00e3o da natureza. J\u00e1 diria Frei Henri.<\/p>\n<p><strong>Marcio Astrini<\/strong><\/p>\n","protected":false},"excerpt":{"rendered":"<p>H\u00e1 alguns anos estive na cidade de Xinguara, interior do Par\u00e1. Fui l\u00e1 para conversar com Henri Riziers, um frei franc\u00eas octagen\u00e1rio que desembarcou por essas terras h\u00e1 mais de 30 anos. Ao final de nosso encontro de mais de duas horas, ouvi dele a seguinte frase: &#8220;Onde n\u00e3o h\u00e1 respeito \u00e0 natureza humana, meu [&hellip;]<\/p>\n","protected":false},"author":2,"featured_media":54742,"comment_status":"open","ping_status":"closed","sticky":false,"template":"","format":"standard","meta":{"_acf_changed":false,"footnotes":""},"categories":[25],"tags":[],"class_list":["post-54741","post","type-post","status-publish","format-standard","has-post-thumbnail","hentry","category-opina-ai"],"acf":[],"yoast_head":"<!-- This site is optimized with the Yoast SEO plugin v27.2 - https:\/\/yoast.com\/product\/yoast-seo-wordpress\/ -->\n<title>Preserva\u00e7\u00e3o ambiental passa por muita coisa, j\u00e1 disse frei Henri - Notibras<\/title>\n<meta name=\"robots\" content=\"index, follow, max-snippet:-1, max-image-preview:large, max-video-preview:-1\" \/>\n<link rel=\"canonical\" href=\"https:\/\/www.notibras.com\/site\/preservacao-ambiental-passa-por-muita-coisa-ja-disse-frei-henri\/\" \/>\n<meta property=\"og:locale\" content=\"pt_BR\" \/>\n<meta property=\"og:type\" content=\"article\" \/>\n<meta property=\"og:title\" content=\"Preserva\u00e7\u00e3o ambiental passa por muita coisa, j\u00e1 disse frei Henri - Notibras\" \/>\n<meta property=\"og:description\" content=\"H\u00e1 alguns anos estive na cidade de Xinguara, interior do Par\u00e1. Fui l\u00e1 para conversar com Henri Riziers, um frei franc\u00eas octagen\u00e1rio que desembarcou por essas terras h\u00e1 mais de 30 anos. Ao final de nosso encontro de mais de duas horas, ouvi dele a seguinte frase: &#8220;Onde n\u00e3o h\u00e1 respeito \u00e0 natureza humana, meu [&hellip;]\" \/>\n<meta property=\"og:url\" content=\"https:\/\/www.notibras.com\/site\/preservacao-ambiental-passa-por-muita-coisa-ja-disse-frei-henri\/\" \/>\n<meta property=\"og:site_name\" content=\"Notibras\" \/>\n<meta property=\"article:publisher\" content=\"https:\/\/www.facebook.com\/notibras\/\" \/>\n<meta property=\"article:published_time\" content=\"2015-06-24T11:49:55+00:00\" \/>\n<meta property=\"og:image\" content=\"https:\/\/www.notibras.com\/site\/wp-content\/uploads\/2015\/06\/meio.jpg\" \/>\n\t<meta property=\"og:image:width\" content=\"768\" \/>\n\t<meta property=\"og:image:height\" content=\"454\" \/>\n\t<meta property=\"og:image:type\" content=\"image\/jpeg\" \/>\n<meta name=\"author\" content=\"Reda\u00e7\u00e3o\" \/>\n<meta name=\"twitter:card\" content=\"summary_large_image\" \/>\n<meta name=\"twitter:creator\" content=\"@Notibras\" \/>\n<meta name=\"twitter:site\" content=\"@Notibras\" \/>\n<meta name=\"twitter:label1\" content=\"Escrito por\" \/>\n\t<meta name=\"twitter:data1\" content=\"Reda\u00e7\u00e3o\" \/>\n\t<meta name=\"twitter:label2\" content=\"Est. tempo de leitura\" \/>\n\t<meta name=\"twitter:data2\" content=\"3 minutos\" \/>\n<script type=\"application\/ld+json\" class=\"yoast-schema-graph\">{\"@context\":\"https:\/\/schema.org\",\"@graph\":[{\"@type\":\"Article\",\"@id\":\"https:\/\/www.notibras.com\/site\/preservacao-ambiental-passa-por-muita-coisa-ja-disse-frei-henri\/#article\",\"isPartOf\":{\"@id\":\"https:\/\/www.notibras.com\/site\/preservacao-ambiental-passa-por-muita-coisa-ja-disse-frei-henri\/\"},\"author\":{\"name\":\"Reda\u00e7\u00e3o\",\"@id\":\"https:\/\/www.notibras.com\/site\/#\/schema\/person\/36ab0979449956132d3e5b517ea76ac8\"},\"headline\":\"Preserva\u00e7\u00e3o ambiental passa por muita coisa, j\u00e1 disse frei Henri\",\"datePublished\":\"2015-06-24T11:49:55+00:00\",\"mainEntityOfPage\":{\"@id\":\"https:\/\/www.notibras.com\/site\/preservacao-ambiental-passa-por-muita-coisa-ja-disse-frei-henri\/\"},\"wordCount\":705,\"commentCount\":0,\"publisher\":{\"@id\":\"https:\/\/www.notibras.com\/site\/#organization\"},\"image\":{\"@id\":\"https:\/\/www.notibras.com\/site\/preservacao-ambiental-passa-por-muita-coisa-ja-disse-frei-henri\/#primaryimage\"},\"thumbnailUrl\":\"https:\/\/www.notibras.com\/site\/wp-content\/uploads\/2015\/06\/meio.jpg\",\"articleSection\":[\"Opina a\u00ed\"],\"inLanguage\":\"pt-BR\",\"potentialAction\":[{\"@type\":\"CommentAction\",\"name\":\"Comment\",\"target\":[\"https:\/\/www.notibras.com\/site\/preservacao-ambiental-passa-por-muita-coisa-ja-disse-frei-henri\/#respond\"]}]},{\"@type\":\"WebPage\",\"@id\":\"https:\/\/www.notibras.com\/site\/preservacao-ambiental-passa-por-muita-coisa-ja-disse-frei-henri\/\",\"url\":\"https:\/\/www.notibras.com\/site\/preservacao-ambiental-passa-por-muita-coisa-ja-disse-frei-henri\/\",\"name\":\"Preserva\u00e7\u00e3o ambiental passa por muita coisa, j\u00e1 disse frei Henri - Notibras\",\"isPartOf\":{\"@id\":\"https:\/\/www.notibras.com\/site\/#website\"},\"primaryImageOfPage\":{\"@id\":\"https:\/\/www.notibras.com\/site\/preservacao-ambiental-passa-por-muita-coisa-ja-disse-frei-henri\/#primaryimage\"},\"image\":{\"@id\":\"https:\/\/www.notibras.com\/site\/preservacao-ambiental-passa-por-muita-coisa-ja-disse-frei-henri\/#primaryimage\"},\"thumbnailUrl\":\"https:\/\/www.notibras.com\/site\/wp-content\/uploads\/2015\/06\/meio.jpg\",\"datePublished\":\"2015-06-24T11:49:55+00:00\",\"breadcrumb\":{\"@id\":\"https:\/\/www.notibras.com\/site\/preservacao-ambiental-passa-por-muita-coisa-ja-disse-frei-henri\/#breadcrumb\"},\"inLanguage\":\"pt-BR\",\"potentialAction\":[{\"@type\":\"ReadAction\",\"target\":[\"https:\/\/www.notibras.com\/site\/preservacao-ambiental-passa-por-muita-coisa-ja-disse-frei-henri\/\"]}]},{\"@type\":\"ImageObject\",\"inLanguage\":\"pt-BR\",\"@id\":\"https:\/\/www.notibras.com\/site\/preservacao-ambiental-passa-por-muita-coisa-ja-disse-frei-henri\/#primaryimage\",\"url\":\"https:\/\/www.notibras.com\/site\/wp-content\/uploads\/2015\/06\/meio.jpg\",\"contentUrl\":\"https:\/\/www.notibras.com\/site\/wp-content\/uploads\/2015\/06\/meio.jpg\",\"width\":768,\"height\":454},{\"@type\":\"BreadcrumbList\",\"@id\":\"https:\/\/www.notibras.com\/site\/preservacao-ambiental-passa-por-muita-coisa-ja-disse-frei-henri\/#breadcrumb\",\"itemListElement\":[{\"@type\":\"ListItem\",\"position\":1,\"name\":\"In\u00edcio\",\"item\":\"https:\/\/www.notibras.com\/site\/\"},{\"@type\":\"ListItem\",\"position\":2,\"name\":\"Preserva\u00e7\u00e3o ambiental passa por muita coisa, j\u00e1 disse frei Henri\"}]},{\"@type\":\"WebSite\",\"@id\":\"https:\/\/www.notibras.com\/site\/#website\",\"url\":\"https:\/\/www.notibras.com\/site\/\",\"name\":\"Notibras\",\"description\":\"Not\u00edcias de Bras\u00edlia, do Brasil e do Mundo\",\"publisher\":{\"@id\":\"https:\/\/www.notibras.com\/site\/#organization\"},\"potentialAction\":[{\"@type\":\"SearchAction\",\"target\":{\"@type\":\"EntryPoint\",\"urlTemplate\":\"https:\/\/www.notibras.com\/site\/?s={search_term_string}\"},\"query-input\":{\"@type\":\"PropertyValueSpecification\",\"valueRequired\":true,\"valueName\":\"search_term_string\"}}],\"inLanguage\":\"pt-BR\"},{\"@type\":\"Organization\",\"@id\":\"https:\/\/www.notibras.com\/site\/#organization\",\"name\":\"Grupo Notibras de Comunica\u00e7\u00e3o\",\"url\":\"https:\/\/www.notibras.com\/site\/\",\"logo\":{\"@type\":\"ImageObject\",\"inLanguage\":\"pt-BR\",\"@id\":\"https:\/\/www.notibras.com\/site\/#\/schema\/logo\/image\/\",\"url\":\"https:\/\/www.notibras.com\/site\/wp-content\/uploads\/2023\/01\/notibras23.png\",\"contentUrl\":\"https:\/\/www.notibras.com\/site\/wp-content\/uploads\/2023\/01\/notibras23.png\",\"width\":350,\"height\":87,\"caption\":\"Grupo Notibras de Comunica\u00e7\u00e3o\"},\"image\":{\"@id\":\"https:\/\/www.notibras.com\/site\/#\/schema\/logo\/image\/\"},\"sameAs\":[\"https:\/\/www.facebook.com\/notibras\/\",\"https:\/\/x.com\/Notibras\",\"https:\/\/www.instagram.com\/notibras\/\"]},{\"@type\":\"Person\",\"@id\":\"https:\/\/www.notibras.com\/site\/#\/schema\/person\/36ab0979449956132d3e5b517ea76ac8\",\"name\":\"Reda\u00e7\u00e3o\",\"image\":{\"@type\":\"ImageObject\",\"inLanguage\":\"pt-BR\",\"@id\":\"https:\/\/secure.gravatar.com\/avatar\/e0a867bdedb85fd243eadf09663511f96fc81e0720a4a42581f334ad4303aa6b?s=96&d=mm&r=g\",\"url\":\"https:\/\/secure.gravatar.com\/avatar\/e0a867bdedb85fd243eadf09663511f96fc81e0720a4a42581f334ad4303aa6b?s=96&d=mm&r=g\",\"contentUrl\":\"https:\/\/secure.gravatar.com\/avatar\/e0a867bdedb85fd243eadf09663511f96fc81e0720a4a42581f334ad4303aa6b?s=96&d=mm&r=g\",\"caption\":\"Reda\u00e7\u00e3o\"}}]}<\/script>\n<!-- \/ Yoast SEO plugin. -->","yoast_head_json":{"title":"Preserva\u00e7\u00e3o ambiental passa por muita coisa, j\u00e1 disse frei Henri - Notibras","robots":{"index":"index","follow":"follow","max-snippet":"max-snippet:-1","max-image-preview":"max-image-preview:large","max-video-preview":"max-video-preview:-1"},"canonical":"https:\/\/www.notibras.com\/site\/preservacao-ambiental-passa-por-muita-coisa-ja-disse-frei-henri\/","og_locale":"pt_BR","og_type":"article","og_title":"Preserva\u00e7\u00e3o ambiental passa por muita coisa, j\u00e1 disse frei Henri - Notibras","og_description":"H\u00e1 alguns anos estive na cidade de Xinguara, interior do Par\u00e1. Fui l\u00e1 para conversar com Henri Riziers, um frei franc\u00eas octagen\u00e1rio que desembarcou por essas terras h\u00e1 mais de 30 anos. Ao final de nosso encontro de mais de duas horas, ouvi dele a seguinte frase: &#8220;Onde n\u00e3o h\u00e1 respeito \u00e0 natureza humana, meu [&hellip;]","og_url":"https:\/\/www.notibras.com\/site\/preservacao-ambiental-passa-por-muita-coisa-ja-disse-frei-henri\/","og_site_name":"Notibras","article_publisher":"https:\/\/www.facebook.com\/notibras\/","article_published_time":"2015-06-24T11:49:55+00:00","og_image":[{"width":768,"height":454,"url":"https:\/\/www.notibras.com\/site\/wp-content\/uploads\/2015\/06\/meio.jpg","type":"image\/jpeg"}],"author":"Reda\u00e7\u00e3o","twitter_card":"summary_large_image","twitter_creator":"@Notibras","twitter_site":"@Notibras","twitter_misc":{"Escrito por":"Reda\u00e7\u00e3o","Est. tempo de leitura":"3 minutos"},"schema":{"@context":"https:\/\/schema.org","@graph":[{"@type":"Article","@id":"https:\/\/www.notibras.com\/site\/preservacao-ambiental-passa-por-muita-coisa-ja-disse-frei-henri\/#article","isPartOf":{"@id":"https:\/\/www.notibras.com\/site\/preservacao-ambiental-passa-por-muita-coisa-ja-disse-frei-henri\/"},"author":{"name":"Reda\u00e7\u00e3o","@id":"https:\/\/www.notibras.com\/site\/#\/schema\/person\/36ab0979449956132d3e5b517ea76ac8"},"headline":"Preserva\u00e7\u00e3o ambiental passa por muita coisa, j\u00e1 disse frei Henri","datePublished":"2015-06-24T11:49:55+00:00","mainEntityOfPage":{"@id":"https:\/\/www.notibras.com\/site\/preservacao-ambiental-passa-por-muita-coisa-ja-disse-frei-henri\/"},"wordCount":705,"commentCount":0,"publisher":{"@id":"https:\/\/www.notibras.com\/site\/#organization"},"image":{"@id":"https:\/\/www.notibras.com\/site\/preservacao-ambiental-passa-por-muita-coisa-ja-disse-frei-henri\/#primaryimage"},"thumbnailUrl":"https:\/\/www.notibras.com\/site\/wp-content\/uploads\/2015\/06\/meio.jpg","articleSection":["Opina a\u00ed"],"inLanguage":"pt-BR","potentialAction":[{"@type":"CommentAction","name":"Comment","target":["https:\/\/www.notibras.com\/site\/preservacao-ambiental-passa-por-muita-coisa-ja-disse-frei-henri\/#respond"]}]},{"@type":"WebPage","@id":"https:\/\/www.notibras.com\/site\/preservacao-ambiental-passa-por-muita-coisa-ja-disse-frei-henri\/","url":"https:\/\/www.notibras.com\/site\/preservacao-ambiental-passa-por-muita-coisa-ja-disse-frei-henri\/","name":"Preserva\u00e7\u00e3o ambiental passa por muita coisa, j\u00e1 disse frei Henri - Notibras","isPartOf":{"@id":"https:\/\/www.notibras.com\/site\/#website"},"primaryImageOfPage":{"@id":"https:\/\/www.notibras.com\/site\/preservacao-ambiental-passa-por-muita-coisa-ja-disse-frei-henri\/#primaryimage"},"image":{"@id":"https:\/\/www.notibras.com\/site\/preservacao-ambiental-passa-por-muita-coisa-ja-disse-frei-henri\/#primaryimage"},"thumbnailUrl":"https:\/\/www.notibras.com\/site\/wp-content\/uploads\/2015\/06\/meio.jpg","datePublished":"2015-06-24T11:49:55+00:00","breadcrumb":{"@id":"https:\/\/www.notibras.com\/site\/preservacao-ambiental-passa-por-muita-coisa-ja-disse-frei-henri\/#breadcrumb"},"inLanguage":"pt-BR","potentialAction":[{"@type":"ReadAction","target":["https:\/\/www.notibras.com\/site\/preservacao-ambiental-passa-por-muita-coisa-ja-disse-frei-henri\/"]}]},{"@type":"ImageObject","inLanguage":"pt-BR","@id":"https:\/\/www.notibras.com\/site\/preservacao-ambiental-passa-por-muita-coisa-ja-disse-frei-henri\/#primaryimage","url":"https:\/\/www.notibras.com\/site\/wp-content\/uploads\/2015\/06\/meio.jpg","contentUrl":"https:\/\/www.notibras.com\/site\/wp-content\/uploads\/2015\/06\/meio.jpg","width":768,"height":454},{"@type":"BreadcrumbList","@id":"https:\/\/www.notibras.com\/site\/preservacao-ambiental-passa-por-muita-coisa-ja-disse-frei-henri\/#breadcrumb","itemListElement":[{"@type":"ListItem","position":1,"name":"In\u00edcio","item":"https:\/\/www.notibras.com\/site\/"},{"@type":"ListItem","position":2,"name":"Preserva\u00e7\u00e3o ambiental passa por muita coisa, j\u00e1 disse frei Henri"}]},{"@type":"WebSite","@id":"https:\/\/www.notibras.com\/site\/#website","url":"https:\/\/www.notibras.com\/site\/","name":"Notibras","description":"Not\u00edcias de Bras\u00edlia, do Brasil e do Mundo","publisher":{"@id":"https:\/\/www.notibras.com\/site\/#organization"},"potentialAction":[{"@type":"SearchAction","target":{"@type":"EntryPoint","urlTemplate":"https:\/\/www.notibras.com\/site\/?s={search_term_string}"},"query-input":{"@type":"PropertyValueSpecification","valueRequired":true,"valueName":"search_term_string"}}],"inLanguage":"pt-BR"},{"@type":"Organization","@id":"https:\/\/www.notibras.com\/site\/#organization","name":"Grupo Notibras de Comunica\u00e7\u00e3o","url":"https:\/\/www.notibras.com\/site\/","logo":{"@type":"ImageObject","inLanguage":"pt-BR","@id":"https:\/\/www.notibras.com\/site\/#\/schema\/logo\/image\/","url":"https:\/\/www.notibras.com\/site\/wp-content\/uploads\/2023\/01\/notibras23.png","contentUrl":"https:\/\/www.notibras.com\/site\/wp-content\/uploads\/2023\/01\/notibras23.png","width":350,"height":87,"caption":"Grupo Notibras de Comunica\u00e7\u00e3o"},"image":{"@id":"https:\/\/www.notibras.com\/site\/#\/schema\/logo\/image\/"},"sameAs":["https:\/\/www.facebook.com\/notibras\/","https:\/\/x.com\/Notibras","https:\/\/www.instagram.com\/notibras\/"]},{"@type":"Person","@id":"https:\/\/www.notibras.com\/site\/#\/schema\/person\/36ab0979449956132d3e5b517ea76ac8","name":"Reda\u00e7\u00e3o","image":{"@type":"ImageObject","inLanguage":"pt-BR","@id":"https:\/\/secure.gravatar.com\/avatar\/e0a867bdedb85fd243eadf09663511f96fc81e0720a4a42581f334ad4303aa6b?s=96&d=mm&r=g","url":"https:\/\/secure.gravatar.com\/avatar\/e0a867bdedb85fd243eadf09663511f96fc81e0720a4a42581f334ad4303aa6b?s=96&d=mm&r=g","contentUrl":"https:\/\/secure.gravatar.com\/avatar\/e0a867bdedb85fd243eadf09663511f96fc81e0720a4a42581f334ad4303aa6b?s=96&d=mm&r=g","caption":"Reda\u00e7\u00e3o"}}]}},"amp_enabled":true,"_links":{"self":[{"href":"https:\/\/www.notibras.com\/site\/wp-json\/wp\/v2\/posts\/54741","targetHints":{"allow":["GET"]}}],"collection":[{"href":"https:\/\/www.notibras.com\/site\/wp-json\/wp\/v2\/posts"}],"about":[{"href":"https:\/\/www.notibras.com\/site\/wp-json\/wp\/v2\/types\/post"}],"author":[{"embeddable":true,"href":"https:\/\/www.notibras.com\/site\/wp-json\/wp\/v2\/users\/2"}],"replies":[{"embeddable":true,"href":"https:\/\/www.notibras.com\/site\/wp-json\/wp\/v2\/comments?post=54741"}],"version-history":[{"count":0,"href":"https:\/\/www.notibras.com\/site\/wp-json\/wp\/v2\/posts\/54741\/revisions"}],"wp:featuredmedia":[{"embeddable":true,"href":"https:\/\/www.notibras.com\/site\/wp-json\/wp\/v2\/media\/54742"}],"wp:attachment":[{"href":"https:\/\/www.notibras.com\/site\/wp-json\/wp\/v2\/media?parent=54741"}],"wp:term":[{"taxonomy":"category","embeddable":true,"href":"https:\/\/www.notibras.com\/site\/wp-json\/wp\/v2\/categories?post=54741"},{"taxonomy":"post_tag","embeddable":true,"href":"https:\/\/www.notibras.com\/site\/wp-json\/wp\/v2\/tags?post=54741"}],"curies":[{"name":"wp","href":"https:\/\/api.w.org\/{rel}","templated":true}]}}