{"id":5480,"date":"2014-03-27T20:51:24","date_gmt":"2014-03-27T23:51:24","guid":{"rendered":"http:\/\/www.notibras.com\/site\/?p=5480"},"modified":"2014-03-27T23:54:10","modified_gmt":"2014-03-28T02:54:10","slug":"fifa-pede-a-arbitros-da-copa-que-controlem-faltas-e-protejam-jogadores","status":"publish","type":"post","link":"https:\/\/www.notibras.com\/site\/fifa-pede-a-arbitros-da-copa-que-controlem-faltas-e-protejam-jogadores\/","title":{"rendered":"Fifa pede a \u00e1rbitros que controlem faltas e protejam jogadores"},"content":{"rendered":"<p>Proteger os jogadores de faltas violentas ser\u00e1 a prioridade para os \u00e1rbitros na Copa do Mundo deste ano, no Brasil, em vez de outras quest\u00f5es controversas, como simula\u00e7\u00e3o e m\u00e3o na bola.<\/p>\n<p>O futebol tem se tornado muito menos violento em campo nos \u00faltimos anos e a Fifa disse durante um treinamento para os \u00e1rbitros do Mundial nesta quinta-feira que quer mant\u00ea-lo assim.<\/p>\n<p>&#8220;H\u00e1 sempre coisas que nos pedem para sermos vigilantes, praticamente sempre tentando proteger os atletas de jogadas duras, de jogo sujo e violento e tamb\u00e9m proteger a imagem do esporte&#8221;, disse o \u00e1rbitro Howard Webb, que apitou a final da Copa do Mundo de 2010.<\/p>\n<p>O chefe de arbitragem da Fifa, Massimo Busacca, afirmou que os \u00e1rbitros que v\u00e3o participar da Copa do Mundo, que come\u00e7a em 12 de junho, seriam instru\u00eddos a cortar quaisquer sinais de jogo duro pela raiz.<\/p>\n<p>&#8220;A seguran\u00e7a dos jogadores \u00e9 muito importante, ent\u00e3o os \u00e1rbitros t\u00eam de ler atentamente a situa\u00e7\u00e3o no in\u00edcio do jogo&#8221;, disse ele.<\/p>\n<p>&#8220;Se os jogadores come\u00e7arem a cometer este tipo de falta (violenta), temos de tomar medidas para evit\u00e1-la. Temos que dizer: &#8216;N\u00f3s n\u00e3o queremos ver esse tipo de futebol nesta competi\u00e7\u00e3o'&#8221;.<\/p>\n<p>&#8220;Este \u00e9 o papel do \u00e1rbitro, tentar compreender e antecipar. \u00c0s vezes os jogadores esquecem por causa da adrenalina. O papel do \u00e1rbitro \u00e9 dizer: &#8216;Voc\u00ea quer jogar hoje ou quer tomar um banho?'&#8221;<\/p>\n<p>&#8220;Devemos tentar evitar essas situa\u00e7\u00f5es que podem destruir o futebol&#8221;, acrescentou.<\/p>\n<p>Embora a simula\u00e7\u00e3o seja considerada por muitos como o flagelo do esporte, o ingl\u00eas Webb disse que isso \u00e9 uma dor de cabe\u00e7a relativamente pequena para os \u00e1rbitros.<\/p>\n<p>&#8220;\u00c9 uma das coisas que fomos orientados a estar vigilantes porque, quando isso n\u00e3o \u00e9 identificado com precis\u00e3o, pode ter um efeito bastante negativo sobre o jogo&#8221;, disse ele.<\/p>\n","protected":false},"excerpt":{"rendered":"<p>Proteger os jogadores de faltas violentas ser\u00e1 a prioridade para os \u00e1rbitros na Copa do Mundo deste ano, no Brasil, em vez de outras quest\u00f5es controversas, como simula\u00e7\u00e3o e m\u00e3o na bola. O futebol tem se tornado muito menos violento em campo nos \u00faltimos anos e a Fifa disse durante um treinamento para os \u00e1rbitros [&hellip;]<\/p>\n","protected":false},"author":2,"featured_media":5481,"comment_status":"open","ping_status":"closed","sticky":false,"template":"","format":"standard","meta":{"_acf_changed":false,"footnotes":""},"categories":[19],"tags":[],"class_list":["post-5480","post","type-post","status-publish","format-standard","has-post-thumbnail","hentry","category-esportes"],"acf":[],"yoast_head":"<!-- This site is optimized with the Yoast SEO plugin v27.2 - https:\/\/yoast.com\/product\/yoast-seo-wordpress\/ -->\n<title>Fifa pede a \u00e1rbitros que controlem faltas e protejam jogadores - Notibras<\/title>\n<meta name=\"robots\" content=\"index, follow, max-snippet:-1, max-image-preview:large, max-video-preview:-1\" \/>\n<link rel=\"canonical\" href=\"https:\/\/www.notibras.com\/site\/fifa-pede-a-arbitros-da-copa-que-controlem-faltas-e-protejam-jogadores\/\" \/>\n<meta property=\"og:locale\" content=\"pt_BR\" \/>\n<meta property=\"og:type\" content=\"article\" \/>\n<meta property=\"og:title\" content=\"Fifa pede a \u00e1rbitros que controlem faltas e protejam jogadores - Notibras\" \/>\n<meta property=\"og:description\" content=\"Proteger os jogadores de faltas violentas ser\u00e1 a prioridade para os \u00e1rbitros na Copa do Mundo deste ano, no Brasil, em vez de outras quest\u00f5es controversas, como simula\u00e7\u00e3o e m\u00e3o na bola. O futebol tem se tornado muito menos violento em campo nos \u00faltimos anos e a Fifa disse durante um treinamento para os \u00e1rbitros [&hellip;]\" \/>\n<meta property=\"og:url\" content=\"https:\/\/www.notibras.com\/site\/fifa-pede-a-arbitros-da-copa-que-controlem-faltas-e-protejam-jogadores\/\" \/>\n<meta property=\"og:site_name\" content=\"Notibras\" \/>\n<meta property=\"article:publisher\" content=\"https:\/\/www.facebook.com\/notibras\/\" \/>\n<meta property=\"article:published_time\" content=\"2014-03-27T23:51:24+00:00\" \/>\n<meta property=\"article:modified_time\" content=\"2014-03-28T02:54:10+00:00\" \/>\n<meta property=\"og:image\" content=\"https:\/\/www.notibras.com\/site\/wp-content\/uploads\/2014\/03\/esp7.jpg\" \/>\n\t<meta property=\"og:image:width\" content=\"259\" \/>\n\t<meta property=\"og:image:height\" content=\"194\" \/>\n\t<meta property=\"og:image:type\" content=\"image\/jpeg\" \/>\n<meta name=\"author\" content=\"Reda\u00e7\u00e3o\" \/>\n<meta name=\"twitter:card\" content=\"summary_large_image\" \/>\n<meta name=\"twitter:creator\" content=\"@Notibras\" \/>\n<meta name=\"twitter:site\" content=\"@Notibras\" \/>\n<meta name=\"twitter:label1\" content=\"Escrito por\" \/>\n\t<meta name=\"twitter:data1\" content=\"Reda\u00e7\u00e3o\" \/>\n\t<meta name=\"twitter:label2\" content=\"Est. tempo de leitura\" \/>\n\t<meta name=\"twitter:data2\" content=\"2 minutos\" \/>\n<script type=\"application\/ld+json\" class=\"yoast-schema-graph\">{\"@context\":\"https:\/\/schema.org\",\"@graph\":[{\"@type\":\"Article\",\"@id\":\"https:\/\/www.notibras.com\/site\/fifa-pede-a-arbitros-da-copa-que-controlem-faltas-e-protejam-jogadores\/#article\",\"isPartOf\":{\"@id\":\"https:\/\/www.notibras.com\/site\/fifa-pede-a-arbitros-da-copa-que-controlem-faltas-e-protejam-jogadores\/\"},\"author\":{\"name\":\"Reda\u00e7\u00e3o\",\"@id\":\"https:\/\/www.notibras.com\/site\/#\/schema\/person\/36ab0979449956132d3e5b517ea76ac8\"},\"headline\":\"Fifa pede a \u00e1rbitros que controlem faltas e protejam jogadores\",\"datePublished\":\"2014-03-27T23:51:24+00:00\",\"dateModified\":\"2014-03-28T02:54:10+00:00\",\"mainEntityOfPage\":{\"@id\":\"https:\/\/www.notibras.com\/site\/fifa-pede-a-arbitros-da-copa-que-controlem-faltas-e-protejam-jogadores\/\"},\"wordCount\":325,\"commentCount\":0,\"publisher\":{\"@id\":\"https:\/\/www.notibras.com\/site\/#organization\"},\"image\":{\"@id\":\"https:\/\/www.notibras.com\/site\/fifa-pede-a-arbitros-da-copa-que-controlem-faltas-e-protejam-jogadores\/#primaryimage\"},\"thumbnailUrl\":\"https:\/\/www.notibras.com\/site\/wp-content\/uploads\/2014\/03\/esp7.jpg\",\"articleSection\":[\"Esportes\"],\"inLanguage\":\"pt-BR\",\"potentialAction\":[{\"@type\":\"CommentAction\",\"name\":\"Comment\",\"target\":[\"https:\/\/www.notibras.com\/site\/fifa-pede-a-arbitros-da-copa-que-controlem-faltas-e-protejam-jogadores\/#respond\"]}]},{\"@type\":\"WebPage\",\"@id\":\"https:\/\/www.notibras.com\/site\/fifa-pede-a-arbitros-da-copa-que-controlem-faltas-e-protejam-jogadores\/\",\"url\":\"https:\/\/www.notibras.com\/site\/fifa-pede-a-arbitros-da-copa-que-controlem-faltas-e-protejam-jogadores\/\",\"name\":\"Fifa pede a \u00e1rbitros que controlem faltas e protejam jogadores - Notibras\",\"isPartOf\":{\"@id\":\"https:\/\/www.notibras.com\/site\/#website\"},\"primaryImageOfPage\":{\"@id\":\"https:\/\/www.notibras.com\/site\/fifa-pede-a-arbitros-da-copa-que-controlem-faltas-e-protejam-jogadores\/#primaryimage\"},\"image\":{\"@id\":\"https:\/\/www.notibras.com\/site\/fifa-pede-a-arbitros-da-copa-que-controlem-faltas-e-protejam-jogadores\/#primaryimage\"},\"thumbnailUrl\":\"https:\/\/www.notibras.com\/site\/wp-content\/uploads\/2014\/03\/esp7.jpg\",\"datePublished\":\"2014-03-27T23:51:24+00:00\",\"dateModified\":\"2014-03-28T02:54:10+00:00\",\"breadcrumb\":{\"@id\":\"https:\/\/www.notibras.com\/site\/fifa-pede-a-arbitros-da-copa-que-controlem-faltas-e-protejam-jogadores\/#breadcrumb\"},\"inLanguage\":\"pt-BR\",\"potentialAction\":[{\"@type\":\"ReadAction\",\"target\":[\"https:\/\/www.notibras.com\/site\/fifa-pede-a-arbitros-da-copa-que-controlem-faltas-e-protejam-jogadores\/\"]}]},{\"@type\":\"ImageObject\",\"inLanguage\":\"pt-BR\",\"@id\":\"https:\/\/www.notibras.com\/site\/fifa-pede-a-arbitros-da-copa-que-controlem-faltas-e-protejam-jogadores\/#primaryimage\",\"url\":\"https:\/\/www.notibras.com\/site\/wp-content\/uploads\/2014\/03\/esp7.jpg\",\"contentUrl\":\"https:\/\/www.notibras.com\/site\/wp-content\/uploads\/2014\/03\/esp7.jpg\",\"width\":259,\"height\":194},{\"@type\":\"BreadcrumbList\",\"@id\":\"https:\/\/www.notibras.com\/site\/fifa-pede-a-arbitros-da-copa-que-controlem-faltas-e-protejam-jogadores\/#breadcrumb\",\"itemListElement\":[{\"@type\":\"ListItem\",\"position\":1,\"name\":\"In\u00edcio\",\"item\":\"https:\/\/www.notibras.com\/site\/\"},{\"@type\":\"ListItem\",\"position\":2,\"name\":\"Fifa pede a \u00e1rbitros que controlem faltas e protejam jogadores\"}]},{\"@type\":\"WebSite\",\"@id\":\"https:\/\/www.notibras.com\/site\/#website\",\"url\":\"https:\/\/www.notibras.com\/site\/\",\"name\":\"Notibras\",\"description\":\"Not\u00edcias de Bras\u00edlia, do Brasil e do Mundo\",\"publisher\":{\"@id\":\"https:\/\/www.notibras.com\/site\/#organization\"},\"potentialAction\":[{\"@type\":\"SearchAction\",\"target\":{\"@type\":\"EntryPoint\",\"urlTemplate\":\"https:\/\/www.notibras.com\/site\/?s={search_term_string}\"},\"query-input\":{\"@type\":\"PropertyValueSpecification\",\"valueRequired\":true,\"valueName\":\"search_term_string\"}}],\"inLanguage\":\"pt-BR\"},{\"@type\":\"Organization\",\"@id\":\"https:\/\/www.notibras.com\/site\/#organization\",\"name\":\"Grupo Notibras de Comunica\u00e7\u00e3o\",\"url\":\"https:\/\/www.notibras.com\/site\/\",\"logo\":{\"@type\":\"ImageObject\",\"inLanguage\":\"pt-BR\",\"@id\":\"https:\/\/www.notibras.com\/site\/#\/schema\/logo\/image\/\",\"url\":\"https:\/\/www.notibras.com\/site\/wp-content\/uploads\/2023\/01\/notibras23.png\",\"contentUrl\":\"https:\/\/www.notibras.com\/site\/wp-content\/uploads\/2023\/01\/notibras23.png\",\"width\":350,\"height\":87,\"caption\":\"Grupo Notibras de Comunica\u00e7\u00e3o\"},\"image\":{\"@id\":\"https:\/\/www.notibras.com\/site\/#\/schema\/logo\/image\/\"},\"sameAs\":[\"https:\/\/www.facebook.com\/notibras\/\",\"https:\/\/x.com\/Notibras\",\"https:\/\/www.instagram.com\/notibras\/\"]},{\"@type\":\"Person\",\"@id\":\"https:\/\/www.notibras.com\/site\/#\/schema\/person\/36ab0979449956132d3e5b517ea76ac8\",\"name\":\"Reda\u00e7\u00e3o\",\"image\":{\"@type\":\"ImageObject\",\"inLanguage\":\"pt-BR\",\"@id\":\"https:\/\/secure.gravatar.com\/avatar\/e0a867bdedb85fd243eadf09663511f96fc81e0720a4a42581f334ad4303aa6b?s=96&d=mm&r=g\",\"url\":\"https:\/\/secure.gravatar.com\/avatar\/e0a867bdedb85fd243eadf09663511f96fc81e0720a4a42581f334ad4303aa6b?s=96&d=mm&r=g\",\"contentUrl\":\"https:\/\/secure.gravatar.com\/avatar\/e0a867bdedb85fd243eadf09663511f96fc81e0720a4a42581f334ad4303aa6b?s=96&d=mm&r=g\",\"caption\":\"Reda\u00e7\u00e3o\"}}]}<\/script>\n<!-- \/ Yoast SEO plugin. -->","yoast_head_json":{"title":"Fifa pede a \u00e1rbitros que controlem faltas e protejam jogadores - Notibras","robots":{"index":"index","follow":"follow","max-snippet":"max-snippet:-1","max-image-preview":"max-image-preview:large","max-video-preview":"max-video-preview:-1"},"canonical":"https:\/\/www.notibras.com\/site\/fifa-pede-a-arbitros-da-copa-que-controlem-faltas-e-protejam-jogadores\/","og_locale":"pt_BR","og_type":"article","og_title":"Fifa pede a \u00e1rbitros que controlem faltas e protejam jogadores - Notibras","og_description":"Proteger os jogadores de faltas violentas ser\u00e1 a prioridade para os \u00e1rbitros na Copa do Mundo deste ano, no Brasil, em vez de outras quest\u00f5es controversas, como simula\u00e7\u00e3o e m\u00e3o na bola. O futebol tem se tornado muito menos violento em campo nos \u00faltimos anos e a Fifa disse durante um treinamento para os \u00e1rbitros [&hellip;]","og_url":"https:\/\/www.notibras.com\/site\/fifa-pede-a-arbitros-da-copa-que-controlem-faltas-e-protejam-jogadores\/","og_site_name":"Notibras","article_publisher":"https:\/\/www.facebook.com\/notibras\/","article_published_time":"2014-03-27T23:51:24+00:00","article_modified_time":"2014-03-28T02:54:10+00:00","og_image":[{"width":259,"height":194,"url":"https:\/\/www.notibras.com\/site\/wp-content\/uploads\/2014\/03\/esp7.jpg","type":"image\/jpeg"}],"author":"Reda\u00e7\u00e3o","twitter_card":"summary_large_image","twitter_creator":"@Notibras","twitter_site":"@Notibras","twitter_misc":{"Escrito por":"Reda\u00e7\u00e3o","Est. tempo de leitura":"2 minutos"},"schema":{"@context":"https:\/\/schema.org","@graph":[{"@type":"Article","@id":"https:\/\/www.notibras.com\/site\/fifa-pede-a-arbitros-da-copa-que-controlem-faltas-e-protejam-jogadores\/#article","isPartOf":{"@id":"https:\/\/www.notibras.com\/site\/fifa-pede-a-arbitros-da-copa-que-controlem-faltas-e-protejam-jogadores\/"},"author":{"name":"Reda\u00e7\u00e3o","@id":"https:\/\/www.notibras.com\/site\/#\/schema\/person\/36ab0979449956132d3e5b517ea76ac8"},"headline":"Fifa pede a \u00e1rbitros que controlem faltas e protejam jogadores","datePublished":"2014-03-27T23:51:24+00:00","dateModified":"2014-03-28T02:54:10+00:00","mainEntityOfPage":{"@id":"https:\/\/www.notibras.com\/site\/fifa-pede-a-arbitros-da-copa-que-controlem-faltas-e-protejam-jogadores\/"},"wordCount":325,"commentCount":0,"publisher":{"@id":"https:\/\/www.notibras.com\/site\/#organization"},"image":{"@id":"https:\/\/www.notibras.com\/site\/fifa-pede-a-arbitros-da-copa-que-controlem-faltas-e-protejam-jogadores\/#primaryimage"},"thumbnailUrl":"https:\/\/www.notibras.com\/site\/wp-content\/uploads\/2014\/03\/esp7.jpg","articleSection":["Esportes"],"inLanguage":"pt-BR","potentialAction":[{"@type":"CommentAction","name":"Comment","target":["https:\/\/www.notibras.com\/site\/fifa-pede-a-arbitros-da-copa-que-controlem-faltas-e-protejam-jogadores\/#respond"]}]},{"@type":"WebPage","@id":"https:\/\/www.notibras.com\/site\/fifa-pede-a-arbitros-da-copa-que-controlem-faltas-e-protejam-jogadores\/","url":"https:\/\/www.notibras.com\/site\/fifa-pede-a-arbitros-da-copa-que-controlem-faltas-e-protejam-jogadores\/","name":"Fifa pede a \u00e1rbitros que controlem faltas e protejam jogadores - Notibras","isPartOf":{"@id":"https:\/\/www.notibras.com\/site\/#website"},"primaryImageOfPage":{"@id":"https:\/\/www.notibras.com\/site\/fifa-pede-a-arbitros-da-copa-que-controlem-faltas-e-protejam-jogadores\/#primaryimage"},"image":{"@id":"https:\/\/www.notibras.com\/site\/fifa-pede-a-arbitros-da-copa-que-controlem-faltas-e-protejam-jogadores\/#primaryimage"},"thumbnailUrl":"https:\/\/www.notibras.com\/site\/wp-content\/uploads\/2014\/03\/esp7.jpg","datePublished":"2014-03-27T23:51:24+00:00","dateModified":"2014-03-28T02:54:10+00:00","breadcrumb":{"@id":"https:\/\/www.notibras.com\/site\/fifa-pede-a-arbitros-da-copa-que-controlem-faltas-e-protejam-jogadores\/#breadcrumb"},"inLanguage":"pt-BR","potentialAction":[{"@type":"ReadAction","target":["https:\/\/www.notibras.com\/site\/fifa-pede-a-arbitros-da-copa-que-controlem-faltas-e-protejam-jogadores\/"]}]},{"@type":"ImageObject","inLanguage":"pt-BR","@id":"https:\/\/www.notibras.com\/site\/fifa-pede-a-arbitros-da-copa-que-controlem-faltas-e-protejam-jogadores\/#primaryimage","url":"https:\/\/www.notibras.com\/site\/wp-content\/uploads\/2014\/03\/esp7.jpg","contentUrl":"https:\/\/www.notibras.com\/site\/wp-content\/uploads\/2014\/03\/esp7.jpg","width":259,"height":194},{"@type":"BreadcrumbList","@id":"https:\/\/www.notibras.com\/site\/fifa-pede-a-arbitros-da-copa-que-controlem-faltas-e-protejam-jogadores\/#breadcrumb","itemListElement":[{"@type":"ListItem","position":1,"name":"In\u00edcio","item":"https:\/\/www.notibras.com\/site\/"},{"@type":"ListItem","position":2,"name":"Fifa pede a \u00e1rbitros que controlem faltas e protejam jogadores"}]},{"@type":"WebSite","@id":"https:\/\/www.notibras.com\/site\/#website","url":"https:\/\/www.notibras.com\/site\/","name":"Notibras","description":"Not\u00edcias de Bras\u00edlia, do Brasil e do Mundo","publisher":{"@id":"https:\/\/www.notibras.com\/site\/#organization"},"potentialAction":[{"@type":"SearchAction","target":{"@type":"EntryPoint","urlTemplate":"https:\/\/www.notibras.com\/site\/?s={search_term_string}"},"query-input":{"@type":"PropertyValueSpecification","valueRequired":true,"valueName":"search_term_string"}}],"inLanguage":"pt-BR"},{"@type":"Organization","@id":"https:\/\/www.notibras.com\/site\/#organization","name":"Grupo Notibras de Comunica\u00e7\u00e3o","url":"https:\/\/www.notibras.com\/site\/","logo":{"@type":"ImageObject","inLanguage":"pt-BR","@id":"https:\/\/www.notibras.com\/site\/#\/schema\/logo\/image\/","url":"https:\/\/www.notibras.com\/site\/wp-content\/uploads\/2023\/01\/notibras23.png","contentUrl":"https:\/\/www.notibras.com\/site\/wp-content\/uploads\/2023\/01\/notibras23.png","width":350,"height":87,"caption":"Grupo Notibras de Comunica\u00e7\u00e3o"},"image":{"@id":"https:\/\/www.notibras.com\/site\/#\/schema\/logo\/image\/"},"sameAs":["https:\/\/www.facebook.com\/notibras\/","https:\/\/x.com\/Notibras","https:\/\/www.instagram.com\/notibras\/"]},{"@type":"Person","@id":"https:\/\/www.notibras.com\/site\/#\/schema\/person\/36ab0979449956132d3e5b517ea76ac8","name":"Reda\u00e7\u00e3o","image":{"@type":"ImageObject","inLanguage":"pt-BR","@id":"https:\/\/secure.gravatar.com\/avatar\/e0a867bdedb85fd243eadf09663511f96fc81e0720a4a42581f334ad4303aa6b?s=96&d=mm&r=g","url":"https:\/\/secure.gravatar.com\/avatar\/e0a867bdedb85fd243eadf09663511f96fc81e0720a4a42581f334ad4303aa6b?s=96&d=mm&r=g","contentUrl":"https:\/\/secure.gravatar.com\/avatar\/e0a867bdedb85fd243eadf09663511f96fc81e0720a4a42581f334ad4303aa6b?s=96&d=mm&r=g","caption":"Reda\u00e7\u00e3o"}}]}},"amp_enabled":true,"_links":{"self":[{"href":"https:\/\/www.notibras.com\/site\/wp-json\/wp\/v2\/posts\/5480","targetHints":{"allow":["GET"]}}],"collection":[{"href":"https:\/\/www.notibras.com\/site\/wp-json\/wp\/v2\/posts"}],"about":[{"href":"https:\/\/www.notibras.com\/site\/wp-json\/wp\/v2\/types\/post"}],"author":[{"embeddable":true,"href":"https:\/\/www.notibras.com\/site\/wp-json\/wp\/v2\/users\/2"}],"replies":[{"embeddable":true,"href":"https:\/\/www.notibras.com\/site\/wp-json\/wp\/v2\/comments?post=5480"}],"version-history":[{"count":0,"href":"https:\/\/www.notibras.com\/site\/wp-json\/wp\/v2\/posts\/5480\/revisions"}],"wp:featuredmedia":[{"embeddable":true,"href":"https:\/\/www.notibras.com\/site\/wp-json\/wp\/v2\/media\/5481"}],"wp:attachment":[{"href":"https:\/\/www.notibras.com\/site\/wp-json\/wp\/v2\/media?parent=5480"}],"wp:term":[{"taxonomy":"category","embeddable":true,"href":"https:\/\/www.notibras.com\/site\/wp-json\/wp\/v2\/categories?post=5480"},{"taxonomy":"post_tag","embeddable":true,"href":"https:\/\/www.notibras.com\/site\/wp-json\/wp\/v2\/tags?post=5480"}],"curies":[{"name":"wp","href":"https:\/\/api.w.org\/{rel}","templated":true}]}}