{"id":5484,"date":"2014-03-28T11:37:42","date_gmt":"2014-03-28T14:37:42","guid":{"rendered":"http:\/\/www.notibras.com\/site\/?p=5484"},"modified":"2014-03-28T12:49:41","modified_gmt":"2014-03-28T15:49:41","slug":"bornier-x-rosinha-a-guerra-defesa-de-obesos-gera-conflito-entre-deoputados","status":"publish","type":"post","link":"https:\/\/www.notibras.com\/site\/bornier-x-rosinha-a-guerra-defesa-de-obesos-gera-conflito-entre-deoputados\/","title":{"rendered":"Bornier x Rosinha, a guerra. Defesa de obesos gera conflito"},"content":{"rendered":"<p>O deputado federal Felipe Bornier (PSD\/RJ) denuncia um colega petista que estaria empenhado a impedir que o Congresso Nacional vote uma proposta sua liberando a venda de rem\u00e9dios de combate \u00e0 obesidade. O projeto tira da Ag\u00eancia Nacional de Vigil\u00e2ncia Sanit\u00e1ria (Anvisa) o poder de vetar a produ\u00e7\u00e3o e venda desses medicamentos. Em outubro de 2011, a ag\u00eancia proibiu a comercializa\u00e7\u00e3o da droga.<\/p>\n<p>Em nota, Bornier afirma que a mat\u00e9ria foi aprovada na Comiss\u00e3o de Seguridade Social e Fam\u00edlia que analisou o m\u00e9rito da proposta. \u201cDepois aprovamos a constitucionalidade do projeto na Comiss\u00e3o de Constitui\u00e7\u00e3o e Justi\u00e7a\u201d, explica.<\/p>\n<p>Na contram\u00e3o do intento do pessedista, seu colega, o deputado Dr. Rosinha (PT\/PR), que era presidente da Comiss\u00e3o de Seguridade Social e Fam\u00edlia antes da aprova\u00e7\u00e3o do PL, apresentou recurso que impede o andamento da proposta que libera a venda dos rem\u00e9dios. Bornier at\u00e9 tentou barrar regimentalmente esse recurso, mas n\u00e3o conseguiu.<\/p>\n<p>Agora o deputado carioca vai recorrer aos l\u00edderes do partido para que paute o projeto. \u201cAssim, cada parlamentar poder\u00e1 votar de acordo com a sua consci\u00eancia e a partir da\u00ed, poderemos resolver, de uma vez por todas, essa injusti\u00e7a que s\u00f3 provoca o aumento da obesidade no pa\u00eds\u201d, finalizou a nota.<\/p>\n<p>Nas redes sociais, comunidades interessadas no assunto fazem manifesta\u00e7\u00f5es cobram explica\u00e7\u00f5es pelo motivo da proibi\u00e7\u00e3o da droga, chamada de Anfepramona. Uma peti\u00e7\u00e3o foi publicada para entregar as autoridades competentes. Estudos recentes apontam que o Brasil tem 48% da popula\u00e7\u00e3o acima do peso.<\/p>\n<p><strong>Elton Santos, Rep\u00f3rter Especial<\/strong><\/p>\n","protected":false},"excerpt":{"rendered":"<p>O deputado federal Felipe Bornier (PSD\/RJ) denuncia um colega petista que estaria empenhado a impedir que o Congresso Nacional vote uma proposta sua liberando a venda de rem\u00e9dios de combate \u00e0 obesidade. O projeto tira da Ag\u00eancia Nacional de Vigil\u00e2ncia Sanit\u00e1ria (Anvisa) o poder de vetar a produ\u00e7\u00e3o e venda desses medicamentos. Em outubro de [&hellip;]<\/p>\n","protected":false},"author":2,"featured_media":5485,"comment_status":"open","ping_status":"closed","sticky":false,"template":"","format":"standard","meta":{"_acf_changed":false,"footnotes":""},"categories":[16],"tags":[],"class_list":["post-5484","post","type-post","status-publish","format-standard","has-post-thumbnail","hentry","category-brasil"],"acf":[],"yoast_head":"<!-- This site is optimized with the Yoast SEO plugin v27.2 - https:\/\/yoast.com\/product\/yoast-seo-wordpress\/ -->\n<title>Bornier x Rosinha, a guerra. Defesa de obesos gera conflito - Notibras<\/title>\n<meta name=\"robots\" content=\"index, follow, max-snippet:-1, max-image-preview:large, max-video-preview:-1\" \/>\n<link rel=\"canonical\" href=\"https:\/\/www.notibras.com\/site\/bornier-x-rosinha-a-guerra-defesa-de-obesos-gera-conflito-entre-deoputados\/\" \/>\n<meta property=\"og:locale\" content=\"pt_BR\" \/>\n<meta property=\"og:type\" content=\"article\" \/>\n<meta property=\"og:title\" content=\"Bornier x Rosinha, a guerra. Defesa de obesos gera conflito - Notibras\" \/>\n<meta property=\"og:description\" content=\"O deputado federal Felipe Bornier (PSD\/RJ) denuncia um colega petista que estaria empenhado a impedir que o Congresso Nacional vote uma proposta sua liberando a venda de rem\u00e9dios de combate \u00e0 obesidade. O projeto tira da Ag\u00eancia Nacional de Vigil\u00e2ncia Sanit\u00e1ria (Anvisa) o poder de vetar a produ\u00e7\u00e3o e venda desses medicamentos. Em outubro de [&hellip;]\" \/>\n<meta property=\"og:url\" content=\"https:\/\/www.notibras.com\/site\/bornier-x-rosinha-a-guerra-defesa-de-obesos-gera-conflito-entre-deoputados\/\" \/>\n<meta property=\"og:site_name\" content=\"Notibras\" \/>\n<meta property=\"article:publisher\" content=\"https:\/\/www.facebook.com\/notibras\/\" \/>\n<meta property=\"article:published_time\" content=\"2014-03-28T14:37:42+00:00\" \/>\n<meta property=\"article:modified_time\" content=\"2014-03-28T15:49:41+00:00\" \/>\n<meta property=\"og:image\" content=\"https:\/\/www.notibras.com\/site\/wp-content\/uploads\/2014\/03\/RJ-PSD_-_Felipe_Bornier.jpg\" \/>\n\t<meta property=\"og:image:width\" content=\"310\" \/>\n\t<meta property=\"og:image:height\" content=\"310\" \/>\n\t<meta property=\"og:image:type\" content=\"image\/jpeg\" \/>\n<meta name=\"author\" content=\"Reda\u00e7\u00e3o\" \/>\n<meta name=\"twitter:card\" content=\"summary_large_image\" \/>\n<meta name=\"twitter:creator\" content=\"@Notibras\" \/>\n<meta name=\"twitter:site\" content=\"@Notibras\" \/>\n<meta name=\"twitter:label1\" content=\"Escrito por\" \/>\n\t<meta name=\"twitter:data1\" content=\"Reda\u00e7\u00e3o\" \/>\n\t<meta name=\"twitter:label2\" content=\"Est. tempo de leitura\" \/>\n\t<meta name=\"twitter:data2\" content=\"1 minuto\" \/>\n<script type=\"application\/ld+json\" class=\"yoast-schema-graph\">{\"@context\":\"https:\/\/schema.org\",\"@graph\":[{\"@type\":\"Article\",\"@id\":\"https:\/\/www.notibras.com\/site\/bornier-x-rosinha-a-guerra-defesa-de-obesos-gera-conflito-entre-deoputados\/#article\",\"isPartOf\":{\"@id\":\"https:\/\/www.notibras.com\/site\/bornier-x-rosinha-a-guerra-defesa-de-obesos-gera-conflito-entre-deoputados\/\"},\"author\":{\"name\":\"Reda\u00e7\u00e3o\",\"@id\":\"https:\/\/www.notibras.com\/site\/#\/schema\/person\/36ab0979449956132d3e5b517ea76ac8\"},\"headline\":\"Bornier x Rosinha, a guerra. Defesa de obesos gera conflito\",\"datePublished\":\"2014-03-28T14:37:42+00:00\",\"dateModified\":\"2014-03-28T15:49:41+00:00\",\"mainEntityOfPage\":{\"@id\":\"https:\/\/www.notibras.com\/site\/bornier-x-rosinha-a-guerra-defesa-de-obesos-gera-conflito-entre-deoputados\/\"},\"wordCount\":286,\"commentCount\":0,\"publisher\":{\"@id\":\"https:\/\/www.notibras.com\/site\/#organization\"},\"image\":{\"@id\":\"https:\/\/www.notibras.com\/site\/bornier-x-rosinha-a-guerra-defesa-de-obesos-gera-conflito-entre-deoputados\/#primaryimage\"},\"thumbnailUrl\":\"https:\/\/www.notibras.com\/site\/wp-content\/uploads\/2014\/03\/RJ-PSD_-_Felipe_Bornier.jpg\",\"articleSection\":[\"Brasil\"],\"inLanguage\":\"pt-BR\",\"potentialAction\":[{\"@type\":\"CommentAction\",\"name\":\"Comment\",\"target\":[\"https:\/\/www.notibras.com\/site\/bornier-x-rosinha-a-guerra-defesa-de-obesos-gera-conflito-entre-deoputados\/#respond\"]}]},{\"@type\":\"WebPage\",\"@id\":\"https:\/\/www.notibras.com\/site\/bornier-x-rosinha-a-guerra-defesa-de-obesos-gera-conflito-entre-deoputados\/\",\"url\":\"https:\/\/www.notibras.com\/site\/bornier-x-rosinha-a-guerra-defesa-de-obesos-gera-conflito-entre-deoputados\/\",\"name\":\"Bornier x Rosinha, a guerra. Defesa de obesos gera conflito - Notibras\",\"isPartOf\":{\"@id\":\"https:\/\/www.notibras.com\/site\/#website\"},\"primaryImageOfPage\":{\"@id\":\"https:\/\/www.notibras.com\/site\/bornier-x-rosinha-a-guerra-defesa-de-obesos-gera-conflito-entre-deoputados\/#primaryimage\"},\"image\":{\"@id\":\"https:\/\/www.notibras.com\/site\/bornier-x-rosinha-a-guerra-defesa-de-obesos-gera-conflito-entre-deoputados\/#primaryimage\"},\"thumbnailUrl\":\"https:\/\/www.notibras.com\/site\/wp-content\/uploads\/2014\/03\/RJ-PSD_-_Felipe_Bornier.jpg\",\"datePublished\":\"2014-03-28T14:37:42+00:00\",\"dateModified\":\"2014-03-28T15:49:41+00:00\",\"breadcrumb\":{\"@id\":\"https:\/\/www.notibras.com\/site\/bornier-x-rosinha-a-guerra-defesa-de-obesos-gera-conflito-entre-deoputados\/#breadcrumb\"},\"inLanguage\":\"pt-BR\",\"potentialAction\":[{\"@type\":\"ReadAction\",\"target\":[\"https:\/\/www.notibras.com\/site\/bornier-x-rosinha-a-guerra-defesa-de-obesos-gera-conflito-entre-deoputados\/\"]}]},{\"@type\":\"ImageObject\",\"inLanguage\":\"pt-BR\",\"@id\":\"https:\/\/www.notibras.com\/site\/bornier-x-rosinha-a-guerra-defesa-de-obesos-gera-conflito-entre-deoputados\/#primaryimage\",\"url\":\"https:\/\/www.notibras.com\/site\/wp-content\/uploads\/2014\/03\/RJ-PSD_-_Felipe_Bornier.jpg\",\"contentUrl\":\"https:\/\/www.notibras.com\/site\/wp-content\/uploads\/2014\/03\/RJ-PSD_-_Felipe_Bornier.jpg\",\"width\":310,\"height\":310},{\"@type\":\"BreadcrumbList\",\"@id\":\"https:\/\/www.notibras.com\/site\/bornier-x-rosinha-a-guerra-defesa-de-obesos-gera-conflito-entre-deoputados\/#breadcrumb\",\"itemListElement\":[{\"@type\":\"ListItem\",\"position\":1,\"name\":\"In\u00edcio\",\"item\":\"https:\/\/www.notibras.com\/site\/\"},{\"@type\":\"ListItem\",\"position\":2,\"name\":\"Bornier x Rosinha, a guerra. Defesa de obesos gera conflito\"}]},{\"@type\":\"WebSite\",\"@id\":\"https:\/\/www.notibras.com\/site\/#website\",\"url\":\"https:\/\/www.notibras.com\/site\/\",\"name\":\"Notibras\",\"description\":\"Not\u00edcias de Bras\u00edlia, do Brasil e do Mundo\",\"publisher\":{\"@id\":\"https:\/\/www.notibras.com\/site\/#organization\"},\"potentialAction\":[{\"@type\":\"SearchAction\",\"target\":{\"@type\":\"EntryPoint\",\"urlTemplate\":\"https:\/\/www.notibras.com\/site\/?s={search_term_string}\"},\"query-input\":{\"@type\":\"PropertyValueSpecification\",\"valueRequired\":true,\"valueName\":\"search_term_string\"}}],\"inLanguage\":\"pt-BR\"},{\"@type\":\"Organization\",\"@id\":\"https:\/\/www.notibras.com\/site\/#organization\",\"name\":\"Grupo Notibras de Comunica\u00e7\u00e3o\",\"url\":\"https:\/\/www.notibras.com\/site\/\",\"logo\":{\"@type\":\"ImageObject\",\"inLanguage\":\"pt-BR\",\"@id\":\"https:\/\/www.notibras.com\/site\/#\/schema\/logo\/image\/\",\"url\":\"https:\/\/www.notibras.com\/site\/wp-content\/uploads\/2023\/01\/notibras23.png\",\"contentUrl\":\"https:\/\/www.notibras.com\/site\/wp-content\/uploads\/2023\/01\/notibras23.png\",\"width\":350,\"height\":87,\"caption\":\"Grupo Notibras de Comunica\u00e7\u00e3o\"},\"image\":{\"@id\":\"https:\/\/www.notibras.com\/site\/#\/schema\/logo\/image\/\"},\"sameAs\":[\"https:\/\/www.facebook.com\/notibras\/\",\"https:\/\/x.com\/Notibras\",\"https:\/\/www.instagram.com\/notibras\/\"]},{\"@type\":\"Person\",\"@id\":\"https:\/\/www.notibras.com\/site\/#\/schema\/person\/36ab0979449956132d3e5b517ea76ac8\",\"name\":\"Reda\u00e7\u00e3o\",\"image\":{\"@type\":\"ImageObject\",\"inLanguage\":\"pt-BR\",\"@id\":\"https:\/\/secure.gravatar.com\/avatar\/e0a867bdedb85fd243eadf09663511f96fc81e0720a4a42581f334ad4303aa6b?s=96&d=mm&r=g\",\"url\":\"https:\/\/secure.gravatar.com\/avatar\/e0a867bdedb85fd243eadf09663511f96fc81e0720a4a42581f334ad4303aa6b?s=96&d=mm&r=g\",\"contentUrl\":\"https:\/\/secure.gravatar.com\/avatar\/e0a867bdedb85fd243eadf09663511f96fc81e0720a4a42581f334ad4303aa6b?s=96&d=mm&r=g\",\"caption\":\"Reda\u00e7\u00e3o\"}}]}<\/script>\n<!-- \/ Yoast SEO plugin. -->","yoast_head_json":{"title":"Bornier x Rosinha, a guerra. Defesa de obesos gera conflito - Notibras","robots":{"index":"index","follow":"follow","max-snippet":"max-snippet:-1","max-image-preview":"max-image-preview:large","max-video-preview":"max-video-preview:-1"},"canonical":"https:\/\/www.notibras.com\/site\/bornier-x-rosinha-a-guerra-defesa-de-obesos-gera-conflito-entre-deoputados\/","og_locale":"pt_BR","og_type":"article","og_title":"Bornier x Rosinha, a guerra. Defesa de obesos gera conflito - Notibras","og_description":"O deputado federal Felipe Bornier (PSD\/RJ) denuncia um colega petista que estaria empenhado a impedir que o Congresso Nacional vote uma proposta sua liberando a venda de rem\u00e9dios de combate \u00e0 obesidade. O projeto tira da Ag\u00eancia Nacional de Vigil\u00e2ncia Sanit\u00e1ria (Anvisa) o poder de vetar a produ\u00e7\u00e3o e venda desses medicamentos. Em outubro de [&hellip;]","og_url":"https:\/\/www.notibras.com\/site\/bornier-x-rosinha-a-guerra-defesa-de-obesos-gera-conflito-entre-deoputados\/","og_site_name":"Notibras","article_publisher":"https:\/\/www.facebook.com\/notibras\/","article_published_time":"2014-03-28T14:37:42+00:00","article_modified_time":"2014-03-28T15:49:41+00:00","og_image":[{"width":310,"height":310,"url":"https:\/\/www.notibras.com\/site\/wp-content\/uploads\/2014\/03\/RJ-PSD_-_Felipe_Bornier.jpg","type":"image\/jpeg"}],"author":"Reda\u00e7\u00e3o","twitter_card":"summary_large_image","twitter_creator":"@Notibras","twitter_site":"@Notibras","twitter_misc":{"Escrito por":"Reda\u00e7\u00e3o","Est. tempo de leitura":"1 minuto"},"schema":{"@context":"https:\/\/schema.org","@graph":[{"@type":"Article","@id":"https:\/\/www.notibras.com\/site\/bornier-x-rosinha-a-guerra-defesa-de-obesos-gera-conflito-entre-deoputados\/#article","isPartOf":{"@id":"https:\/\/www.notibras.com\/site\/bornier-x-rosinha-a-guerra-defesa-de-obesos-gera-conflito-entre-deoputados\/"},"author":{"name":"Reda\u00e7\u00e3o","@id":"https:\/\/www.notibras.com\/site\/#\/schema\/person\/36ab0979449956132d3e5b517ea76ac8"},"headline":"Bornier x Rosinha, a guerra. Defesa de obesos gera conflito","datePublished":"2014-03-28T14:37:42+00:00","dateModified":"2014-03-28T15:49:41+00:00","mainEntityOfPage":{"@id":"https:\/\/www.notibras.com\/site\/bornier-x-rosinha-a-guerra-defesa-de-obesos-gera-conflito-entre-deoputados\/"},"wordCount":286,"commentCount":0,"publisher":{"@id":"https:\/\/www.notibras.com\/site\/#organization"},"image":{"@id":"https:\/\/www.notibras.com\/site\/bornier-x-rosinha-a-guerra-defesa-de-obesos-gera-conflito-entre-deoputados\/#primaryimage"},"thumbnailUrl":"https:\/\/www.notibras.com\/site\/wp-content\/uploads\/2014\/03\/RJ-PSD_-_Felipe_Bornier.jpg","articleSection":["Brasil"],"inLanguage":"pt-BR","potentialAction":[{"@type":"CommentAction","name":"Comment","target":["https:\/\/www.notibras.com\/site\/bornier-x-rosinha-a-guerra-defesa-de-obesos-gera-conflito-entre-deoputados\/#respond"]}]},{"@type":"WebPage","@id":"https:\/\/www.notibras.com\/site\/bornier-x-rosinha-a-guerra-defesa-de-obesos-gera-conflito-entre-deoputados\/","url":"https:\/\/www.notibras.com\/site\/bornier-x-rosinha-a-guerra-defesa-de-obesos-gera-conflito-entre-deoputados\/","name":"Bornier x Rosinha, a guerra. Defesa de obesos gera conflito - Notibras","isPartOf":{"@id":"https:\/\/www.notibras.com\/site\/#website"},"primaryImageOfPage":{"@id":"https:\/\/www.notibras.com\/site\/bornier-x-rosinha-a-guerra-defesa-de-obesos-gera-conflito-entre-deoputados\/#primaryimage"},"image":{"@id":"https:\/\/www.notibras.com\/site\/bornier-x-rosinha-a-guerra-defesa-de-obesos-gera-conflito-entre-deoputados\/#primaryimage"},"thumbnailUrl":"https:\/\/www.notibras.com\/site\/wp-content\/uploads\/2014\/03\/RJ-PSD_-_Felipe_Bornier.jpg","datePublished":"2014-03-28T14:37:42+00:00","dateModified":"2014-03-28T15:49:41+00:00","breadcrumb":{"@id":"https:\/\/www.notibras.com\/site\/bornier-x-rosinha-a-guerra-defesa-de-obesos-gera-conflito-entre-deoputados\/#breadcrumb"},"inLanguage":"pt-BR","potentialAction":[{"@type":"ReadAction","target":["https:\/\/www.notibras.com\/site\/bornier-x-rosinha-a-guerra-defesa-de-obesos-gera-conflito-entre-deoputados\/"]}]},{"@type":"ImageObject","inLanguage":"pt-BR","@id":"https:\/\/www.notibras.com\/site\/bornier-x-rosinha-a-guerra-defesa-de-obesos-gera-conflito-entre-deoputados\/#primaryimage","url":"https:\/\/www.notibras.com\/site\/wp-content\/uploads\/2014\/03\/RJ-PSD_-_Felipe_Bornier.jpg","contentUrl":"https:\/\/www.notibras.com\/site\/wp-content\/uploads\/2014\/03\/RJ-PSD_-_Felipe_Bornier.jpg","width":310,"height":310},{"@type":"BreadcrumbList","@id":"https:\/\/www.notibras.com\/site\/bornier-x-rosinha-a-guerra-defesa-de-obesos-gera-conflito-entre-deoputados\/#breadcrumb","itemListElement":[{"@type":"ListItem","position":1,"name":"In\u00edcio","item":"https:\/\/www.notibras.com\/site\/"},{"@type":"ListItem","position":2,"name":"Bornier x Rosinha, a guerra. Defesa de obesos gera conflito"}]},{"@type":"WebSite","@id":"https:\/\/www.notibras.com\/site\/#website","url":"https:\/\/www.notibras.com\/site\/","name":"Notibras","description":"Not\u00edcias de Bras\u00edlia, do Brasil e do Mundo","publisher":{"@id":"https:\/\/www.notibras.com\/site\/#organization"},"potentialAction":[{"@type":"SearchAction","target":{"@type":"EntryPoint","urlTemplate":"https:\/\/www.notibras.com\/site\/?s={search_term_string}"},"query-input":{"@type":"PropertyValueSpecification","valueRequired":true,"valueName":"search_term_string"}}],"inLanguage":"pt-BR"},{"@type":"Organization","@id":"https:\/\/www.notibras.com\/site\/#organization","name":"Grupo Notibras de Comunica\u00e7\u00e3o","url":"https:\/\/www.notibras.com\/site\/","logo":{"@type":"ImageObject","inLanguage":"pt-BR","@id":"https:\/\/www.notibras.com\/site\/#\/schema\/logo\/image\/","url":"https:\/\/www.notibras.com\/site\/wp-content\/uploads\/2023\/01\/notibras23.png","contentUrl":"https:\/\/www.notibras.com\/site\/wp-content\/uploads\/2023\/01\/notibras23.png","width":350,"height":87,"caption":"Grupo Notibras de Comunica\u00e7\u00e3o"},"image":{"@id":"https:\/\/www.notibras.com\/site\/#\/schema\/logo\/image\/"},"sameAs":["https:\/\/www.facebook.com\/notibras\/","https:\/\/x.com\/Notibras","https:\/\/www.instagram.com\/notibras\/"]},{"@type":"Person","@id":"https:\/\/www.notibras.com\/site\/#\/schema\/person\/36ab0979449956132d3e5b517ea76ac8","name":"Reda\u00e7\u00e3o","image":{"@type":"ImageObject","inLanguage":"pt-BR","@id":"https:\/\/secure.gravatar.com\/avatar\/e0a867bdedb85fd243eadf09663511f96fc81e0720a4a42581f334ad4303aa6b?s=96&d=mm&r=g","url":"https:\/\/secure.gravatar.com\/avatar\/e0a867bdedb85fd243eadf09663511f96fc81e0720a4a42581f334ad4303aa6b?s=96&d=mm&r=g","contentUrl":"https:\/\/secure.gravatar.com\/avatar\/e0a867bdedb85fd243eadf09663511f96fc81e0720a4a42581f334ad4303aa6b?s=96&d=mm&r=g","caption":"Reda\u00e7\u00e3o"}}]}},"amp_enabled":true,"_links":{"self":[{"href":"https:\/\/www.notibras.com\/site\/wp-json\/wp\/v2\/posts\/5484","targetHints":{"allow":["GET"]}}],"collection":[{"href":"https:\/\/www.notibras.com\/site\/wp-json\/wp\/v2\/posts"}],"about":[{"href":"https:\/\/www.notibras.com\/site\/wp-json\/wp\/v2\/types\/post"}],"author":[{"embeddable":true,"href":"https:\/\/www.notibras.com\/site\/wp-json\/wp\/v2\/users\/2"}],"replies":[{"embeddable":true,"href":"https:\/\/www.notibras.com\/site\/wp-json\/wp\/v2\/comments?post=5484"}],"version-history":[{"count":0,"href":"https:\/\/www.notibras.com\/site\/wp-json\/wp\/v2\/posts\/5484\/revisions"}],"wp:featuredmedia":[{"embeddable":true,"href":"https:\/\/www.notibras.com\/site\/wp-json\/wp\/v2\/media\/5485"}],"wp:attachment":[{"href":"https:\/\/www.notibras.com\/site\/wp-json\/wp\/v2\/media?parent=5484"}],"wp:term":[{"taxonomy":"category","embeddable":true,"href":"https:\/\/www.notibras.com\/site\/wp-json\/wp\/v2\/categories?post=5484"},{"taxonomy":"post_tag","embeddable":true,"href":"https:\/\/www.notibras.com\/site\/wp-json\/wp\/v2\/tags?post=5484"}],"curies":[{"name":"wp","href":"https:\/\/api.w.org\/{rel}","templated":true}]}}