{"id":54873,"date":"2015-06-24T20:08:54","date_gmt":"2015-06-24T23:08:54","guid":{"rendered":"http:\/\/www.notibras.com\/site\/?p=54873"},"modified":"2015-06-25T00:10:26","modified_gmt":"2015-06-25T03:10:26","slug":"vasco-aposta-em-herrera-para-resolver-problema-de-gol","status":"publish","type":"post","link":"https:\/\/www.notibras.com\/site\/vasco-aposta-em-herrera-para-resolver-problema-de-gol\/","title":{"rendered":"Vasco aposta em Herrera para resolver problema de gol"},"content":{"rendered":"<p>Vasco da Gama continua se refor\u00e7ando para evitar mais uma queda para a S\u00e9rie B em 2015. Nesta quarta-feira, foi a vez do atacante Herrera ser apresentado em S\u00e3o Janu\u00e1rio. O argentino, que estava no futebol \u00e1rabe, volta ao Rio de Janeiro tr\u00eas anos depois de deixar o Botafogo , clube no qual permaneceu entre 2010 e 2012. Ele assinou contrato at\u00e9 o fim da pr\u00f3xima temporada e passa a ser a solu\u00e7\u00e3o para os problemas no setor ofensivo da equipe no Campeonato Brasileiro.<\/p>\n<p>&#8220;Estou feliz de voltar ao Rio de Janeiro. Agrade\u00e7o ao Vasco ter confiado em mim. Estou feliz por vestir esta camiseta, de um time de tradi\u00e7\u00e3o. Vou jogar em um time muito grande, do futebol brasileiro e mundial&#8221;, disse.<\/p>\n<p>Herrera estava no Emirates Club e chega ao Vasco com status de titular. No entanto, o pr\u00f3prio atacante afirmou que precisa de tempo para voltar a melhor forma. Ele espera que rapidamente possa estar \u00e0 disposi\u00e7\u00e3o do t\u00e9cnico Celso Roth. &#8220;Faz um tempinho que n\u00e3o jogo, mas tenho muita vontade de ajudar. Quero ficar \u00e0 disposi\u00e7\u00e3o do treinador o mais r\u00e1pido poss\u00edvel. Vou trabalhar no dia a dia para ter a minha melhor forma&#8221;, declarou.<\/p>\n<blockquote><p>O argentino apontou a competitividade do futebol brasileiro como fundamental para o acerto com o Vasco. Herrera, al\u00e9m do Botafogo, tamb\u00e9m atuou por Corinthians e Gr\u00eamio no Brasil. &#8220;A diferen\u00e7a do futebol de onde eu estava me motivou a voltar ao Brasil. Precisava me sentir um jogador profissional novamente&#8221;, finalizou.<\/p><\/blockquote>\n<p>Dentro de campo, o t\u00e9cnico Celso Roth come\u00e7ou a esbo\u00e7ar a equipe para o cl\u00e1ssico de domingo, contra o Flamengo , em Cuiab\u00e1. O treinador manteve a base de Doriva, e promoveu a entrada do zagueiro Anderson Salles na vaga do suspenso Luan. Durante a atividade, Roth falou muito com os jogadores e promoveu algumas altera\u00e7\u00f5es no time.<\/p>\n","protected":false},"excerpt":{"rendered":"<p>Vasco da Gama continua se refor\u00e7ando para evitar mais uma queda para a S\u00e9rie B em 2015. Nesta quarta-feira, foi a vez do atacante Herrera ser apresentado em S\u00e3o Janu\u00e1rio. O argentino, que estava no futebol \u00e1rabe, volta ao Rio de Janeiro tr\u00eas anos depois de deixar o Botafogo , clube no qual permaneceu entre [&hellip;]<\/p>\n","protected":false},"author":2,"featured_media":54874,"comment_status":"open","ping_status":"closed","sticky":false,"template":"","format":"standard","meta":{"_acf_changed":false,"footnotes":""},"categories":[19,29],"tags":[],"class_list":["post-54873","post","type-post","status-publish","format-standard","has-post-thumbnail","hentry","category-esportes","category-futebol"],"acf":[],"yoast_head":"<!-- This site is optimized with the Yoast SEO plugin v27.2 - https:\/\/yoast.com\/product\/yoast-seo-wordpress\/ -->\n<title>Vasco aposta em Herrera para resolver problema de gol - Notibras<\/title>\n<meta name=\"robots\" content=\"index, follow, max-snippet:-1, max-image-preview:large, max-video-preview:-1\" \/>\n<link rel=\"canonical\" href=\"https:\/\/www.notibras.com\/site\/vasco-aposta-em-herrera-para-resolver-problema-de-gol\/\" \/>\n<meta property=\"og:locale\" content=\"pt_BR\" \/>\n<meta property=\"og:type\" content=\"article\" \/>\n<meta property=\"og:title\" content=\"Vasco aposta em Herrera para resolver problema de gol - Notibras\" \/>\n<meta property=\"og:description\" content=\"Vasco da Gama continua se refor\u00e7ando para evitar mais uma queda para a S\u00e9rie B em 2015. Nesta quarta-feira, foi a vez do atacante Herrera ser apresentado em S\u00e3o Janu\u00e1rio. O argentino, que estava no futebol \u00e1rabe, volta ao Rio de Janeiro tr\u00eas anos depois de deixar o Botafogo , clube no qual permaneceu entre [&hellip;]\" \/>\n<meta property=\"og:url\" content=\"https:\/\/www.notibras.com\/site\/vasco-aposta-em-herrera-para-resolver-problema-de-gol\/\" \/>\n<meta property=\"og:site_name\" content=\"Notibras\" \/>\n<meta property=\"article:publisher\" content=\"https:\/\/www.facebook.com\/notibras\/\" \/>\n<meta property=\"article:published_time\" content=\"2015-06-24T23:08:54+00:00\" \/>\n<meta property=\"article:modified_time\" content=\"2015-06-25T03:10:26+00:00\" \/>\n<meta property=\"og:image\" content=\"https:\/\/www.notibras.com\/site\/wp-content\/uploads\/2015\/06\/herrerasimbolovascopaulofernandesvascocombr.jpg\" \/>\n\t<meta property=\"og:image:width\" content=\"940\" \/>\n\t<meta property=\"og:image:height\" content=\"627\" \/>\n\t<meta property=\"og:image:type\" content=\"image\/jpeg\" \/>\n<meta name=\"author\" content=\"Reda\u00e7\u00e3o\" \/>\n<meta name=\"twitter:card\" content=\"summary_large_image\" \/>\n<meta name=\"twitter:creator\" content=\"@Notibras\" \/>\n<meta name=\"twitter:site\" content=\"@Notibras\" \/>\n<meta name=\"twitter:label1\" content=\"Escrito por\" \/>\n\t<meta name=\"twitter:data1\" content=\"Reda\u00e7\u00e3o\" \/>\n\t<meta name=\"twitter:label2\" content=\"Est. tempo de leitura\" \/>\n\t<meta name=\"twitter:data2\" content=\"2 minutos\" \/>\n<script type=\"application\/ld+json\" class=\"yoast-schema-graph\">{\"@context\":\"https:\/\/schema.org\",\"@graph\":[{\"@type\":\"Article\",\"@id\":\"https:\/\/www.notibras.com\/site\/vasco-aposta-em-herrera-para-resolver-problema-de-gol\/#article\",\"isPartOf\":{\"@id\":\"https:\/\/www.notibras.com\/site\/vasco-aposta-em-herrera-para-resolver-problema-de-gol\/\"},\"author\":{\"name\":\"Reda\u00e7\u00e3o\",\"@id\":\"https:\/\/www.notibras.com\/site\/#\/schema\/person\/36ab0979449956132d3e5b517ea76ac8\"},\"headline\":\"Vasco aposta em Herrera para resolver problema de gol\",\"datePublished\":\"2015-06-24T23:08:54+00:00\",\"dateModified\":\"2015-06-25T03:10:26+00:00\",\"mainEntityOfPage\":{\"@id\":\"https:\/\/www.notibras.com\/site\/vasco-aposta-em-herrera-para-resolver-problema-de-gol\/\"},\"wordCount\":333,\"commentCount\":0,\"publisher\":{\"@id\":\"https:\/\/www.notibras.com\/site\/#organization\"},\"image\":{\"@id\":\"https:\/\/www.notibras.com\/site\/vasco-aposta-em-herrera-para-resolver-problema-de-gol\/#primaryimage\"},\"thumbnailUrl\":\"https:\/\/www.notibras.com\/site\/wp-content\/uploads\/2015\/06\/herrerasimbolovascopaulofernandesvascocombr.jpg\",\"articleSection\":[\"Esportes\",\"Futebol\"],\"inLanguage\":\"pt-BR\",\"potentialAction\":[{\"@type\":\"CommentAction\",\"name\":\"Comment\",\"target\":[\"https:\/\/www.notibras.com\/site\/vasco-aposta-em-herrera-para-resolver-problema-de-gol\/#respond\"]}]},{\"@type\":\"WebPage\",\"@id\":\"https:\/\/www.notibras.com\/site\/vasco-aposta-em-herrera-para-resolver-problema-de-gol\/\",\"url\":\"https:\/\/www.notibras.com\/site\/vasco-aposta-em-herrera-para-resolver-problema-de-gol\/\",\"name\":\"Vasco aposta em Herrera para resolver problema de gol - Notibras\",\"isPartOf\":{\"@id\":\"https:\/\/www.notibras.com\/site\/#website\"},\"primaryImageOfPage\":{\"@id\":\"https:\/\/www.notibras.com\/site\/vasco-aposta-em-herrera-para-resolver-problema-de-gol\/#primaryimage\"},\"image\":{\"@id\":\"https:\/\/www.notibras.com\/site\/vasco-aposta-em-herrera-para-resolver-problema-de-gol\/#primaryimage\"},\"thumbnailUrl\":\"https:\/\/www.notibras.com\/site\/wp-content\/uploads\/2015\/06\/herrerasimbolovascopaulofernandesvascocombr.jpg\",\"datePublished\":\"2015-06-24T23:08:54+00:00\",\"dateModified\":\"2015-06-25T03:10:26+00:00\",\"breadcrumb\":{\"@id\":\"https:\/\/www.notibras.com\/site\/vasco-aposta-em-herrera-para-resolver-problema-de-gol\/#breadcrumb\"},\"inLanguage\":\"pt-BR\",\"potentialAction\":[{\"@type\":\"ReadAction\",\"target\":[\"https:\/\/www.notibras.com\/site\/vasco-aposta-em-herrera-para-resolver-problema-de-gol\/\"]}]},{\"@type\":\"ImageObject\",\"inLanguage\":\"pt-BR\",\"@id\":\"https:\/\/www.notibras.com\/site\/vasco-aposta-em-herrera-para-resolver-problema-de-gol\/#primaryimage\",\"url\":\"https:\/\/www.notibras.com\/site\/wp-content\/uploads\/2015\/06\/herrerasimbolovascopaulofernandesvascocombr.jpg\",\"contentUrl\":\"https:\/\/www.notibras.com\/site\/wp-content\/uploads\/2015\/06\/herrerasimbolovascopaulofernandesvascocombr.jpg\",\"width\":940,\"height\":627},{\"@type\":\"BreadcrumbList\",\"@id\":\"https:\/\/www.notibras.com\/site\/vasco-aposta-em-herrera-para-resolver-problema-de-gol\/#breadcrumb\",\"itemListElement\":[{\"@type\":\"ListItem\",\"position\":1,\"name\":\"In\u00edcio\",\"item\":\"https:\/\/www.notibras.com\/site\/\"},{\"@type\":\"ListItem\",\"position\":2,\"name\":\"Vasco aposta em Herrera para resolver problema de gol\"}]},{\"@type\":\"WebSite\",\"@id\":\"https:\/\/www.notibras.com\/site\/#website\",\"url\":\"https:\/\/www.notibras.com\/site\/\",\"name\":\"Notibras\",\"description\":\"Not\u00edcias de Bras\u00edlia, do Brasil e do Mundo\",\"publisher\":{\"@id\":\"https:\/\/www.notibras.com\/site\/#organization\"},\"potentialAction\":[{\"@type\":\"SearchAction\",\"target\":{\"@type\":\"EntryPoint\",\"urlTemplate\":\"https:\/\/www.notibras.com\/site\/?s={search_term_string}\"},\"query-input\":{\"@type\":\"PropertyValueSpecification\",\"valueRequired\":true,\"valueName\":\"search_term_string\"}}],\"inLanguage\":\"pt-BR\"},{\"@type\":\"Organization\",\"@id\":\"https:\/\/www.notibras.com\/site\/#organization\",\"name\":\"Grupo Notibras de Comunica\u00e7\u00e3o\",\"url\":\"https:\/\/www.notibras.com\/site\/\",\"logo\":{\"@type\":\"ImageObject\",\"inLanguage\":\"pt-BR\",\"@id\":\"https:\/\/www.notibras.com\/site\/#\/schema\/logo\/image\/\",\"url\":\"https:\/\/www.notibras.com\/site\/wp-content\/uploads\/2023\/01\/notibras23.png\",\"contentUrl\":\"https:\/\/www.notibras.com\/site\/wp-content\/uploads\/2023\/01\/notibras23.png\",\"width\":350,\"height\":87,\"caption\":\"Grupo Notibras de Comunica\u00e7\u00e3o\"},\"image\":{\"@id\":\"https:\/\/www.notibras.com\/site\/#\/schema\/logo\/image\/\"},\"sameAs\":[\"https:\/\/www.facebook.com\/notibras\/\",\"https:\/\/x.com\/Notibras\",\"https:\/\/www.instagram.com\/notibras\/\"]},{\"@type\":\"Person\",\"@id\":\"https:\/\/www.notibras.com\/site\/#\/schema\/person\/36ab0979449956132d3e5b517ea76ac8\",\"name\":\"Reda\u00e7\u00e3o\",\"image\":{\"@type\":\"ImageObject\",\"inLanguage\":\"pt-BR\",\"@id\":\"https:\/\/secure.gravatar.com\/avatar\/e0a867bdedb85fd243eadf09663511f96fc81e0720a4a42581f334ad4303aa6b?s=96&d=mm&r=g\",\"url\":\"https:\/\/secure.gravatar.com\/avatar\/e0a867bdedb85fd243eadf09663511f96fc81e0720a4a42581f334ad4303aa6b?s=96&d=mm&r=g\",\"contentUrl\":\"https:\/\/secure.gravatar.com\/avatar\/e0a867bdedb85fd243eadf09663511f96fc81e0720a4a42581f334ad4303aa6b?s=96&d=mm&r=g\",\"caption\":\"Reda\u00e7\u00e3o\"}}]}<\/script>\n<!-- \/ Yoast SEO plugin. -->","yoast_head_json":{"title":"Vasco aposta em Herrera para resolver problema de gol - Notibras","robots":{"index":"index","follow":"follow","max-snippet":"max-snippet:-1","max-image-preview":"max-image-preview:large","max-video-preview":"max-video-preview:-1"},"canonical":"https:\/\/www.notibras.com\/site\/vasco-aposta-em-herrera-para-resolver-problema-de-gol\/","og_locale":"pt_BR","og_type":"article","og_title":"Vasco aposta em Herrera para resolver problema de gol - Notibras","og_description":"Vasco da Gama continua se refor\u00e7ando para evitar mais uma queda para a S\u00e9rie B em 2015. Nesta quarta-feira, foi a vez do atacante Herrera ser apresentado em S\u00e3o Janu\u00e1rio. O argentino, que estava no futebol \u00e1rabe, volta ao Rio de Janeiro tr\u00eas anos depois de deixar o Botafogo , clube no qual permaneceu entre [&hellip;]","og_url":"https:\/\/www.notibras.com\/site\/vasco-aposta-em-herrera-para-resolver-problema-de-gol\/","og_site_name":"Notibras","article_publisher":"https:\/\/www.facebook.com\/notibras\/","article_published_time":"2015-06-24T23:08:54+00:00","article_modified_time":"2015-06-25T03:10:26+00:00","og_image":[{"width":940,"height":627,"url":"https:\/\/www.notibras.com\/site\/wp-content\/uploads\/2015\/06\/herrerasimbolovascopaulofernandesvascocombr.jpg","type":"image\/jpeg"}],"author":"Reda\u00e7\u00e3o","twitter_card":"summary_large_image","twitter_creator":"@Notibras","twitter_site":"@Notibras","twitter_misc":{"Escrito por":"Reda\u00e7\u00e3o","Est. tempo de leitura":"2 minutos"},"schema":{"@context":"https:\/\/schema.org","@graph":[{"@type":"Article","@id":"https:\/\/www.notibras.com\/site\/vasco-aposta-em-herrera-para-resolver-problema-de-gol\/#article","isPartOf":{"@id":"https:\/\/www.notibras.com\/site\/vasco-aposta-em-herrera-para-resolver-problema-de-gol\/"},"author":{"name":"Reda\u00e7\u00e3o","@id":"https:\/\/www.notibras.com\/site\/#\/schema\/person\/36ab0979449956132d3e5b517ea76ac8"},"headline":"Vasco aposta em Herrera para resolver problema de gol","datePublished":"2015-06-24T23:08:54+00:00","dateModified":"2015-06-25T03:10:26+00:00","mainEntityOfPage":{"@id":"https:\/\/www.notibras.com\/site\/vasco-aposta-em-herrera-para-resolver-problema-de-gol\/"},"wordCount":333,"commentCount":0,"publisher":{"@id":"https:\/\/www.notibras.com\/site\/#organization"},"image":{"@id":"https:\/\/www.notibras.com\/site\/vasco-aposta-em-herrera-para-resolver-problema-de-gol\/#primaryimage"},"thumbnailUrl":"https:\/\/www.notibras.com\/site\/wp-content\/uploads\/2015\/06\/herrerasimbolovascopaulofernandesvascocombr.jpg","articleSection":["Esportes","Futebol"],"inLanguage":"pt-BR","potentialAction":[{"@type":"CommentAction","name":"Comment","target":["https:\/\/www.notibras.com\/site\/vasco-aposta-em-herrera-para-resolver-problema-de-gol\/#respond"]}]},{"@type":"WebPage","@id":"https:\/\/www.notibras.com\/site\/vasco-aposta-em-herrera-para-resolver-problema-de-gol\/","url":"https:\/\/www.notibras.com\/site\/vasco-aposta-em-herrera-para-resolver-problema-de-gol\/","name":"Vasco aposta em Herrera para resolver problema de gol - Notibras","isPartOf":{"@id":"https:\/\/www.notibras.com\/site\/#website"},"primaryImageOfPage":{"@id":"https:\/\/www.notibras.com\/site\/vasco-aposta-em-herrera-para-resolver-problema-de-gol\/#primaryimage"},"image":{"@id":"https:\/\/www.notibras.com\/site\/vasco-aposta-em-herrera-para-resolver-problema-de-gol\/#primaryimage"},"thumbnailUrl":"https:\/\/www.notibras.com\/site\/wp-content\/uploads\/2015\/06\/herrerasimbolovascopaulofernandesvascocombr.jpg","datePublished":"2015-06-24T23:08:54+00:00","dateModified":"2015-06-25T03:10:26+00:00","breadcrumb":{"@id":"https:\/\/www.notibras.com\/site\/vasco-aposta-em-herrera-para-resolver-problema-de-gol\/#breadcrumb"},"inLanguage":"pt-BR","potentialAction":[{"@type":"ReadAction","target":["https:\/\/www.notibras.com\/site\/vasco-aposta-em-herrera-para-resolver-problema-de-gol\/"]}]},{"@type":"ImageObject","inLanguage":"pt-BR","@id":"https:\/\/www.notibras.com\/site\/vasco-aposta-em-herrera-para-resolver-problema-de-gol\/#primaryimage","url":"https:\/\/www.notibras.com\/site\/wp-content\/uploads\/2015\/06\/herrerasimbolovascopaulofernandesvascocombr.jpg","contentUrl":"https:\/\/www.notibras.com\/site\/wp-content\/uploads\/2015\/06\/herrerasimbolovascopaulofernandesvascocombr.jpg","width":940,"height":627},{"@type":"BreadcrumbList","@id":"https:\/\/www.notibras.com\/site\/vasco-aposta-em-herrera-para-resolver-problema-de-gol\/#breadcrumb","itemListElement":[{"@type":"ListItem","position":1,"name":"In\u00edcio","item":"https:\/\/www.notibras.com\/site\/"},{"@type":"ListItem","position":2,"name":"Vasco aposta em Herrera para resolver problema de gol"}]},{"@type":"WebSite","@id":"https:\/\/www.notibras.com\/site\/#website","url":"https:\/\/www.notibras.com\/site\/","name":"Notibras","description":"Not\u00edcias de Bras\u00edlia, do Brasil e do Mundo","publisher":{"@id":"https:\/\/www.notibras.com\/site\/#organization"},"potentialAction":[{"@type":"SearchAction","target":{"@type":"EntryPoint","urlTemplate":"https:\/\/www.notibras.com\/site\/?s={search_term_string}"},"query-input":{"@type":"PropertyValueSpecification","valueRequired":true,"valueName":"search_term_string"}}],"inLanguage":"pt-BR"},{"@type":"Organization","@id":"https:\/\/www.notibras.com\/site\/#organization","name":"Grupo Notibras de Comunica\u00e7\u00e3o","url":"https:\/\/www.notibras.com\/site\/","logo":{"@type":"ImageObject","inLanguage":"pt-BR","@id":"https:\/\/www.notibras.com\/site\/#\/schema\/logo\/image\/","url":"https:\/\/www.notibras.com\/site\/wp-content\/uploads\/2023\/01\/notibras23.png","contentUrl":"https:\/\/www.notibras.com\/site\/wp-content\/uploads\/2023\/01\/notibras23.png","width":350,"height":87,"caption":"Grupo Notibras de Comunica\u00e7\u00e3o"},"image":{"@id":"https:\/\/www.notibras.com\/site\/#\/schema\/logo\/image\/"},"sameAs":["https:\/\/www.facebook.com\/notibras\/","https:\/\/x.com\/Notibras","https:\/\/www.instagram.com\/notibras\/"]},{"@type":"Person","@id":"https:\/\/www.notibras.com\/site\/#\/schema\/person\/36ab0979449956132d3e5b517ea76ac8","name":"Reda\u00e7\u00e3o","image":{"@type":"ImageObject","inLanguage":"pt-BR","@id":"https:\/\/secure.gravatar.com\/avatar\/e0a867bdedb85fd243eadf09663511f96fc81e0720a4a42581f334ad4303aa6b?s=96&d=mm&r=g","url":"https:\/\/secure.gravatar.com\/avatar\/e0a867bdedb85fd243eadf09663511f96fc81e0720a4a42581f334ad4303aa6b?s=96&d=mm&r=g","contentUrl":"https:\/\/secure.gravatar.com\/avatar\/e0a867bdedb85fd243eadf09663511f96fc81e0720a4a42581f334ad4303aa6b?s=96&d=mm&r=g","caption":"Reda\u00e7\u00e3o"}}]}},"amp_enabled":true,"_links":{"self":[{"href":"https:\/\/www.notibras.com\/site\/wp-json\/wp\/v2\/posts\/54873","targetHints":{"allow":["GET"]}}],"collection":[{"href":"https:\/\/www.notibras.com\/site\/wp-json\/wp\/v2\/posts"}],"about":[{"href":"https:\/\/www.notibras.com\/site\/wp-json\/wp\/v2\/types\/post"}],"author":[{"embeddable":true,"href":"https:\/\/www.notibras.com\/site\/wp-json\/wp\/v2\/users\/2"}],"replies":[{"embeddable":true,"href":"https:\/\/www.notibras.com\/site\/wp-json\/wp\/v2\/comments?post=54873"}],"version-history":[{"count":0,"href":"https:\/\/www.notibras.com\/site\/wp-json\/wp\/v2\/posts\/54873\/revisions"}],"wp:featuredmedia":[{"embeddable":true,"href":"https:\/\/www.notibras.com\/site\/wp-json\/wp\/v2\/media\/54874"}],"wp:attachment":[{"href":"https:\/\/www.notibras.com\/site\/wp-json\/wp\/v2\/media?parent=54873"}],"wp:term":[{"taxonomy":"category","embeddable":true,"href":"https:\/\/www.notibras.com\/site\/wp-json\/wp\/v2\/categories?post=54873"},{"taxonomy":"post_tag","embeddable":true,"href":"https:\/\/www.notibras.com\/site\/wp-json\/wp\/v2\/tags?post=54873"}],"curies":[{"name":"wp","href":"https:\/\/api.w.org\/{rel}","templated":true}]}}