{"id":55082,"date":"2015-06-26T16:43:37","date_gmt":"2015-06-26T19:43:37","guid":{"rendered":"http:\/\/www.notibras.com\/site\/?p=55082"},"modified":"2015-06-26T16:45:24","modified_gmt":"2015-06-26T19:45:24","slug":"concerto-contemporaneo-de-graca-destaca-sinfonia-do-seculo-xviii","status":"publish","type":"post","link":"https:\/\/www.notibras.com\/site\/concerto-contemporaneo-de-graca-destaca-sinfonia-do-seculo-xviii\/","title":{"rendered":"Concerto sinf\u00f4nico dia 30, de gra\u00e7a, destaca sinfonia do s\u00e9culo XVIII"},"content":{"rendered":"<p>A Orquestra Sinf\u00f4nica do Teatro Nacional Claudio Santoro, sob a reg\u00eancia do maestro Marcio Steuernagel, realiza na ter\u00e7a-feira, 30, concerto contempor\u00e2neo com poema sinf\u00f4nico e sinfonia f\u00fanebre.\u00a0O concerto ser\u00e1 no Teatro Planalto do Centro de Conven\u00e7\u00f5es, \u00e0s 20h. No programa, Zoltan Paulyini \u2013 Caleidosc\u00f3pio (Estreia) e\u00a0Harry Crowl \u2013 Ant\u00edteses &#8211; Concerto para Viola Pomposa e Orquestra.\u00a0Os ingressos devem ser retirados \u00e0s segundas e ter\u00e7as-feiras at\u00e9 as 16h na portaria da Secretaria de Cultura. No local do evento, na ter\u00e7a a partir das 17h. A apresenta\u00e7\u00e3o \u00e9 gratuita.<\/p>\n","protected":false},"excerpt":{"rendered":"<p>A Orquestra Sinf\u00f4nica do Teatro Nacional Claudio Santoro, sob a reg\u00eancia do maestro Marcio Steuernagel, realiza na ter\u00e7a-feira, 30, concerto contempor\u00e2neo com poema sinf\u00f4nico e sinfonia f\u00fanebre.\u00a0O concerto ser\u00e1 no Teatro Planalto do Centro de Conven\u00e7\u00f5es, \u00e0s 20h. No programa, Zoltan Paulyini \u2013 Caleidosc\u00f3pio (Estreia) e\u00a0Harry Crowl \u2013 Ant\u00edteses &#8211; Concerto para Viola Pomposa e [&hellip;]<\/p>\n","protected":false},"author":2,"featured_media":55083,"comment_status":"open","ping_status":"closed","sticky":false,"template":"","format":"standard","meta":{"_acf_changed":false,"footnotes":""},"categories":[40],"tags":[],"class_list":["post-55082","post","type-post","status-publish","format-standard","has-post-thumbnail","hentry","category-zapzap-das-quadras"],"acf":[],"yoast_head":"<!-- This site is optimized with the Yoast SEO plugin v27.2 - https:\/\/yoast.com\/product\/yoast-seo-wordpress\/ -->\n<title>Concerto sinf\u00f4nico dia 30, de gra\u00e7a, destaca sinfonia do s\u00e9culo XVIII - Notibras<\/title>\n<meta name=\"robots\" content=\"index, follow, max-snippet:-1, max-image-preview:large, max-video-preview:-1\" \/>\n<link rel=\"canonical\" href=\"https:\/\/www.notibras.com\/site\/concerto-contemporaneo-de-graca-destaca-sinfonia-do-seculo-xviii\/\" \/>\n<meta property=\"og:locale\" content=\"pt_BR\" \/>\n<meta property=\"og:type\" content=\"article\" \/>\n<meta property=\"og:title\" content=\"Concerto sinf\u00f4nico dia 30, de gra\u00e7a, destaca sinfonia do s\u00e9culo XVIII - Notibras\" \/>\n<meta property=\"og:description\" content=\"A Orquestra Sinf\u00f4nica do Teatro Nacional Claudio Santoro, sob a reg\u00eancia do maestro Marcio Steuernagel, realiza na ter\u00e7a-feira, 30, concerto contempor\u00e2neo com poema sinf\u00f4nico e sinfonia f\u00fanebre.\u00a0O concerto ser\u00e1 no Teatro Planalto do Centro de Conven\u00e7\u00f5es, \u00e0s 20h. No programa, Zoltan Paulyini \u2013 Caleidosc\u00f3pio (Estreia) e\u00a0Harry Crowl \u2013 Ant\u00edteses &#8211; Concerto para Viola Pomposa e [&hellip;]\" \/>\n<meta property=\"og:url\" content=\"https:\/\/www.notibras.com\/site\/concerto-contemporaneo-de-graca-destaca-sinfonia-do-seculo-xviii\/\" \/>\n<meta property=\"og:site_name\" content=\"Notibras\" \/>\n<meta property=\"article:publisher\" content=\"https:\/\/www.facebook.com\/notibras\/\" \/>\n<meta property=\"article:published_time\" content=\"2015-06-26T19:43:37+00:00\" \/>\n<meta property=\"article:modified_time\" content=\"2015-06-26T19:45:24+00:00\" \/>\n<meta property=\"og:image\" content=\"https:\/\/www.notibras.com\/site\/wp-content\/uploads\/2015\/06\/orquestra-teatro-nacional.jpg\" \/>\n\t<meta property=\"og:image:width\" content=\"620\" \/>\n\t<meta property=\"og:image:height\" content=\"465\" \/>\n\t<meta property=\"og:image:type\" content=\"image\/jpeg\" \/>\n<meta name=\"author\" content=\"Reda\u00e7\u00e3o\" \/>\n<meta name=\"twitter:card\" content=\"summary_large_image\" \/>\n<meta name=\"twitter:creator\" content=\"@Notibras\" \/>\n<meta name=\"twitter:site\" content=\"@Notibras\" \/>\n<meta name=\"twitter:label1\" content=\"Escrito por\" \/>\n\t<meta name=\"twitter:data1\" content=\"Reda\u00e7\u00e3o\" \/>\n<script type=\"application\/ld+json\" class=\"yoast-schema-graph\">{\"@context\":\"https:\/\/schema.org\",\"@graph\":[{\"@type\":\"Article\",\"@id\":\"https:\/\/www.notibras.com\/site\/concerto-contemporaneo-de-graca-destaca-sinfonia-do-seculo-xviii\/#article\",\"isPartOf\":{\"@id\":\"https:\/\/www.notibras.com\/site\/concerto-contemporaneo-de-graca-destaca-sinfonia-do-seculo-xviii\/\"},\"author\":{\"name\":\"Reda\u00e7\u00e3o\",\"@id\":\"https:\/\/www.notibras.com\/site\/#\/schema\/person\/36ab0979449956132d3e5b517ea76ac8\"},\"headline\":\"Concerto sinf\u00f4nico dia 30, de gra\u00e7a, destaca sinfonia do s\u00e9culo XVIII\",\"datePublished\":\"2015-06-26T19:43:37+00:00\",\"dateModified\":\"2015-06-26T19:45:24+00:00\",\"mainEntityOfPage\":{\"@id\":\"https:\/\/www.notibras.com\/site\/concerto-contemporaneo-de-graca-destaca-sinfonia-do-seculo-xviii\/\"},\"wordCount\":111,\"commentCount\":0,\"publisher\":{\"@id\":\"https:\/\/www.notibras.com\/site\/#organization\"},\"image\":{\"@id\":\"https:\/\/www.notibras.com\/site\/concerto-contemporaneo-de-graca-destaca-sinfonia-do-seculo-xviii\/#primaryimage\"},\"thumbnailUrl\":\"https:\/\/www.notibras.com\/site\/wp-content\/uploads\/2015\/06\/orquestra-teatro-nacional.jpg\",\"articleSection\":[\"ZapZap das Quadras\"],\"inLanguage\":\"pt-BR\",\"potentialAction\":[{\"@type\":\"CommentAction\",\"name\":\"Comment\",\"target\":[\"https:\/\/www.notibras.com\/site\/concerto-contemporaneo-de-graca-destaca-sinfonia-do-seculo-xviii\/#respond\"]}]},{\"@type\":\"WebPage\",\"@id\":\"https:\/\/www.notibras.com\/site\/concerto-contemporaneo-de-graca-destaca-sinfonia-do-seculo-xviii\/\",\"url\":\"https:\/\/www.notibras.com\/site\/concerto-contemporaneo-de-graca-destaca-sinfonia-do-seculo-xviii\/\",\"name\":\"Concerto sinf\u00f4nico dia 30, de gra\u00e7a, destaca sinfonia do s\u00e9culo XVIII - Notibras\",\"isPartOf\":{\"@id\":\"https:\/\/www.notibras.com\/site\/#website\"},\"primaryImageOfPage\":{\"@id\":\"https:\/\/www.notibras.com\/site\/concerto-contemporaneo-de-graca-destaca-sinfonia-do-seculo-xviii\/#primaryimage\"},\"image\":{\"@id\":\"https:\/\/www.notibras.com\/site\/concerto-contemporaneo-de-graca-destaca-sinfonia-do-seculo-xviii\/#primaryimage\"},\"thumbnailUrl\":\"https:\/\/www.notibras.com\/site\/wp-content\/uploads\/2015\/06\/orquestra-teatro-nacional.jpg\",\"datePublished\":\"2015-06-26T19:43:37+00:00\",\"dateModified\":\"2015-06-26T19:45:24+00:00\",\"breadcrumb\":{\"@id\":\"https:\/\/www.notibras.com\/site\/concerto-contemporaneo-de-graca-destaca-sinfonia-do-seculo-xviii\/#breadcrumb\"},\"inLanguage\":\"pt-BR\",\"potentialAction\":[{\"@type\":\"ReadAction\",\"target\":[\"https:\/\/www.notibras.com\/site\/concerto-contemporaneo-de-graca-destaca-sinfonia-do-seculo-xviii\/\"]}]},{\"@type\":\"ImageObject\",\"inLanguage\":\"pt-BR\",\"@id\":\"https:\/\/www.notibras.com\/site\/concerto-contemporaneo-de-graca-destaca-sinfonia-do-seculo-xviii\/#primaryimage\",\"url\":\"https:\/\/www.notibras.com\/site\/wp-content\/uploads\/2015\/06\/orquestra-teatro-nacional.jpg\",\"contentUrl\":\"https:\/\/www.notibras.com\/site\/wp-content\/uploads\/2015\/06\/orquestra-teatro-nacional.jpg\",\"width\":620,\"height\":465},{\"@type\":\"BreadcrumbList\",\"@id\":\"https:\/\/www.notibras.com\/site\/concerto-contemporaneo-de-graca-destaca-sinfonia-do-seculo-xviii\/#breadcrumb\",\"itemListElement\":[{\"@type\":\"ListItem\",\"position\":1,\"name\":\"In\u00edcio\",\"item\":\"https:\/\/www.notibras.com\/site\/\"},{\"@type\":\"ListItem\",\"position\":2,\"name\":\"Concerto sinf\u00f4nico dia 30, de gra\u00e7a, destaca sinfonia do s\u00e9culo XVIII\"}]},{\"@type\":\"WebSite\",\"@id\":\"https:\/\/www.notibras.com\/site\/#website\",\"url\":\"https:\/\/www.notibras.com\/site\/\",\"name\":\"Notibras\",\"description\":\"Not\u00edcias de Bras\u00edlia, do Brasil e do Mundo\",\"publisher\":{\"@id\":\"https:\/\/www.notibras.com\/site\/#organization\"},\"potentialAction\":[{\"@type\":\"SearchAction\",\"target\":{\"@type\":\"EntryPoint\",\"urlTemplate\":\"https:\/\/www.notibras.com\/site\/?s={search_term_string}\"},\"query-input\":{\"@type\":\"PropertyValueSpecification\",\"valueRequired\":true,\"valueName\":\"search_term_string\"}}],\"inLanguage\":\"pt-BR\"},{\"@type\":\"Organization\",\"@id\":\"https:\/\/www.notibras.com\/site\/#organization\",\"name\":\"Grupo Notibras de Comunica\u00e7\u00e3o\",\"url\":\"https:\/\/www.notibras.com\/site\/\",\"logo\":{\"@type\":\"ImageObject\",\"inLanguage\":\"pt-BR\",\"@id\":\"https:\/\/www.notibras.com\/site\/#\/schema\/logo\/image\/\",\"url\":\"https:\/\/www.notibras.com\/site\/wp-content\/uploads\/2023\/01\/notibras23.png\",\"contentUrl\":\"https:\/\/www.notibras.com\/site\/wp-content\/uploads\/2023\/01\/notibras23.png\",\"width\":350,\"height\":87,\"caption\":\"Grupo Notibras de Comunica\u00e7\u00e3o\"},\"image\":{\"@id\":\"https:\/\/www.notibras.com\/site\/#\/schema\/logo\/image\/\"},\"sameAs\":[\"https:\/\/www.facebook.com\/notibras\/\",\"https:\/\/x.com\/Notibras\",\"https:\/\/www.instagram.com\/notibras\/\"]},{\"@type\":\"Person\",\"@id\":\"https:\/\/www.notibras.com\/site\/#\/schema\/person\/36ab0979449956132d3e5b517ea76ac8\",\"name\":\"Reda\u00e7\u00e3o\",\"image\":{\"@type\":\"ImageObject\",\"inLanguage\":\"pt-BR\",\"@id\":\"https:\/\/secure.gravatar.com\/avatar\/e0a867bdedb85fd243eadf09663511f96fc81e0720a4a42581f334ad4303aa6b?s=96&d=mm&r=g\",\"url\":\"https:\/\/secure.gravatar.com\/avatar\/e0a867bdedb85fd243eadf09663511f96fc81e0720a4a42581f334ad4303aa6b?s=96&d=mm&r=g\",\"contentUrl\":\"https:\/\/secure.gravatar.com\/avatar\/e0a867bdedb85fd243eadf09663511f96fc81e0720a4a42581f334ad4303aa6b?s=96&d=mm&r=g\",\"caption\":\"Reda\u00e7\u00e3o\"}}]}<\/script>\n<!-- \/ Yoast SEO plugin. -->","yoast_head_json":{"title":"Concerto sinf\u00f4nico dia 30, de gra\u00e7a, destaca sinfonia do s\u00e9culo XVIII - Notibras","robots":{"index":"index","follow":"follow","max-snippet":"max-snippet:-1","max-image-preview":"max-image-preview:large","max-video-preview":"max-video-preview:-1"},"canonical":"https:\/\/www.notibras.com\/site\/concerto-contemporaneo-de-graca-destaca-sinfonia-do-seculo-xviii\/","og_locale":"pt_BR","og_type":"article","og_title":"Concerto sinf\u00f4nico dia 30, de gra\u00e7a, destaca sinfonia do s\u00e9culo XVIII - Notibras","og_description":"A Orquestra Sinf\u00f4nica do Teatro Nacional Claudio Santoro, sob a reg\u00eancia do maestro Marcio Steuernagel, realiza na ter\u00e7a-feira, 30, concerto contempor\u00e2neo com poema sinf\u00f4nico e sinfonia f\u00fanebre.\u00a0O concerto ser\u00e1 no Teatro Planalto do Centro de Conven\u00e7\u00f5es, \u00e0s 20h. No programa, Zoltan Paulyini \u2013 Caleidosc\u00f3pio (Estreia) e\u00a0Harry Crowl \u2013 Ant\u00edteses &#8211; Concerto para Viola Pomposa e [&hellip;]","og_url":"https:\/\/www.notibras.com\/site\/concerto-contemporaneo-de-graca-destaca-sinfonia-do-seculo-xviii\/","og_site_name":"Notibras","article_publisher":"https:\/\/www.facebook.com\/notibras\/","article_published_time":"2015-06-26T19:43:37+00:00","article_modified_time":"2015-06-26T19:45:24+00:00","og_image":[{"width":620,"height":465,"url":"https:\/\/www.notibras.com\/site\/wp-content\/uploads\/2015\/06\/orquestra-teatro-nacional.jpg","type":"image\/jpeg"}],"author":"Reda\u00e7\u00e3o","twitter_card":"summary_large_image","twitter_creator":"@Notibras","twitter_site":"@Notibras","twitter_misc":{"Escrito por":"Reda\u00e7\u00e3o"},"schema":{"@context":"https:\/\/schema.org","@graph":[{"@type":"Article","@id":"https:\/\/www.notibras.com\/site\/concerto-contemporaneo-de-graca-destaca-sinfonia-do-seculo-xviii\/#article","isPartOf":{"@id":"https:\/\/www.notibras.com\/site\/concerto-contemporaneo-de-graca-destaca-sinfonia-do-seculo-xviii\/"},"author":{"name":"Reda\u00e7\u00e3o","@id":"https:\/\/www.notibras.com\/site\/#\/schema\/person\/36ab0979449956132d3e5b517ea76ac8"},"headline":"Concerto sinf\u00f4nico dia 30, de gra\u00e7a, destaca sinfonia do s\u00e9culo XVIII","datePublished":"2015-06-26T19:43:37+00:00","dateModified":"2015-06-26T19:45:24+00:00","mainEntityOfPage":{"@id":"https:\/\/www.notibras.com\/site\/concerto-contemporaneo-de-graca-destaca-sinfonia-do-seculo-xviii\/"},"wordCount":111,"commentCount":0,"publisher":{"@id":"https:\/\/www.notibras.com\/site\/#organization"},"image":{"@id":"https:\/\/www.notibras.com\/site\/concerto-contemporaneo-de-graca-destaca-sinfonia-do-seculo-xviii\/#primaryimage"},"thumbnailUrl":"https:\/\/www.notibras.com\/site\/wp-content\/uploads\/2015\/06\/orquestra-teatro-nacional.jpg","articleSection":["ZapZap das Quadras"],"inLanguage":"pt-BR","potentialAction":[{"@type":"CommentAction","name":"Comment","target":["https:\/\/www.notibras.com\/site\/concerto-contemporaneo-de-graca-destaca-sinfonia-do-seculo-xviii\/#respond"]}]},{"@type":"WebPage","@id":"https:\/\/www.notibras.com\/site\/concerto-contemporaneo-de-graca-destaca-sinfonia-do-seculo-xviii\/","url":"https:\/\/www.notibras.com\/site\/concerto-contemporaneo-de-graca-destaca-sinfonia-do-seculo-xviii\/","name":"Concerto sinf\u00f4nico dia 30, de gra\u00e7a, destaca sinfonia do s\u00e9culo XVIII - Notibras","isPartOf":{"@id":"https:\/\/www.notibras.com\/site\/#website"},"primaryImageOfPage":{"@id":"https:\/\/www.notibras.com\/site\/concerto-contemporaneo-de-graca-destaca-sinfonia-do-seculo-xviii\/#primaryimage"},"image":{"@id":"https:\/\/www.notibras.com\/site\/concerto-contemporaneo-de-graca-destaca-sinfonia-do-seculo-xviii\/#primaryimage"},"thumbnailUrl":"https:\/\/www.notibras.com\/site\/wp-content\/uploads\/2015\/06\/orquestra-teatro-nacional.jpg","datePublished":"2015-06-26T19:43:37+00:00","dateModified":"2015-06-26T19:45:24+00:00","breadcrumb":{"@id":"https:\/\/www.notibras.com\/site\/concerto-contemporaneo-de-graca-destaca-sinfonia-do-seculo-xviii\/#breadcrumb"},"inLanguage":"pt-BR","potentialAction":[{"@type":"ReadAction","target":["https:\/\/www.notibras.com\/site\/concerto-contemporaneo-de-graca-destaca-sinfonia-do-seculo-xviii\/"]}]},{"@type":"ImageObject","inLanguage":"pt-BR","@id":"https:\/\/www.notibras.com\/site\/concerto-contemporaneo-de-graca-destaca-sinfonia-do-seculo-xviii\/#primaryimage","url":"https:\/\/www.notibras.com\/site\/wp-content\/uploads\/2015\/06\/orquestra-teatro-nacional.jpg","contentUrl":"https:\/\/www.notibras.com\/site\/wp-content\/uploads\/2015\/06\/orquestra-teatro-nacional.jpg","width":620,"height":465},{"@type":"BreadcrumbList","@id":"https:\/\/www.notibras.com\/site\/concerto-contemporaneo-de-graca-destaca-sinfonia-do-seculo-xviii\/#breadcrumb","itemListElement":[{"@type":"ListItem","position":1,"name":"In\u00edcio","item":"https:\/\/www.notibras.com\/site\/"},{"@type":"ListItem","position":2,"name":"Concerto sinf\u00f4nico dia 30, de gra\u00e7a, destaca sinfonia do s\u00e9culo XVIII"}]},{"@type":"WebSite","@id":"https:\/\/www.notibras.com\/site\/#website","url":"https:\/\/www.notibras.com\/site\/","name":"Notibras","description":"Not\u00edcias de Bras\u00edlia, do Brasil e do Mundo","publisher":{"@id":"https:\/\/www.notibras.com\/site\/#organization"},"potentialAction":[{"@type":"SearchAction","target":{"@type":"EntryPoint","urlTemplate":"https:\/\/www.notibras.com\/site\/?s={search_term_string}"},"query-input":{"@type":"PropertyValueSpecification","valueRequired":true,"valueName":"search_term_string"}}],"inLanguage":"pt-BR"},{"@type":"Organization","@id":"https:\/\/www.notibras.com\/site\/#organization","name":"Grupo Notibras de Comunica\u00e7\u00e3o","url":"https:\/\/www.notibras.com\/site\/","logo":{"@type":"ImageObject","inLanguage":"pt-BR","@id":"https:\/\/www.notibras.com\/site\/#\/schema\/logo\/image\/","url":"https:\/\/www.notibras.com\/site\/wp-content\/uploads\/2023\/01\/notibras23.png","contentUrl":"https:\/\/www.notibras.com\/site\/wp-content\/uploads\/2023\/01\/notibras23.png","width":350,"height":87,"caption":"Grupo Notibras de Comunica\u00e7\u00e3o"},"image":{"@id":"https:\/\/www.notibras.com\/site\/#\/schema\/logo\/image\/"},"sameAs":["https:\/\/www.facebook.com\/notibras\/","https:\/\/x.com\/Notibras","https:\/\/www.instagram.com\/notibras\/"]},{"@type":"Person","@id":"https:\/\/www.notibras.com\/site\/#\/schema\/person\/36ab0979449956132d3e5b517ea76ac8","name":"Reda\u00e7\u00e3o","image":{"@type":"ImageObject","inLanguage":"pt-BR","@id":"https:\/\/secure.gravatar.com\/avatar\/e0a867bdedb85fd243eadf09663511f96fc81e0720a4a42581f334ad4303aa6b?s=96&d=mm&r=g","url":"https:\/\/secure.gravatar.com\/avatar\/e0a867bdedb85fd243eadf09663511f96fc81e0720a4a42581f334ad4303aa6b?s=96&d=mm&r=g","contentUrl":"https:\/\/secure.gravatar.com\/avatar\/e0a867bdedb85fd243eadf09663511f96fc81e0720a4a42581f334ad4303aa6b?s=96&d=mm&r=g","caption":"Reda\u00e7\u00e3o"}}]}},"amp_enabled":true,"_links":{"self":[{"href":"https:\/\/www.notibras.com\/site\/wp-json\/wp\/v2\/posts\/55082","targetHints":{"allow":["GET"]}}],"collection":[{"href":"https:\/\/www.notibras.com\/site\/wp-json\/wp\/v2\/posts"}],"about":[{"href":"https:\/\/www.notibras.com\/site\/wp-json\/wp\/v2\/types\/post"}],"author":[{"embeddable":true,"href":"https:\/\/www.notibras.com\/site\/wp-json\/wp\/v2\/users\/2"}],"replies":[{"embeddable":true,"href":"https:\/\/www.notibras.com\/site\/wp-json\/wp\/v2\/comments?post=55082"}],"version-history":[{"count":0,"href":"https:\/\/www.notibras.com\/site\/wp-json\/wp\/v2\/posts\/55082\/revisions"}],"wp:featuredmedia":[{"embeddable":true,"href":"https:\/\/www.notibras.com\/site\/wp-json\/wp\/v2\/media\/55083"}],"wp:attachment":[{"href":"https:\/\/www.notibras.com\/site\/wp-json\/wp\/v2\/media?parent=55082"}],"wp:term":[{"taxonomy":"category","embeddable":true,"href":"https:\/\/www.notibras.com\/site\/wp-json\/wp\/v2\/categories?post=55082"},{"taxonomy":"post_tag","embeddable":true,"href":"https:\/\/www.notibras.com\/site\/wp-json\/wp\/v2\/tags?post=55082"}],"curies":[{"name":"wp","href":"https:\/\/api.w.org\/{rel}","templated":true}]}}