{"id":5512,"date":"2014-03-28T12:53:49","date_gmt":"2014-03-28T15:53:49","guid":{"rendered":"http:\/\/www.notibras.com\/site\/?p=5512"},"modified":"2014-03-28T18:07:43","modified_gmt":"2014-03-28T21:07:43","slug":"rapaz-chega-tarde-em-casa-apanha-do-pai-e-e-acorrentado-a-uma-arvore","status":"publish","type":"post","link":"https:\/\/www.notibras.com\/site\/rapaz-chega-tarde-em-casa-apanha-do-pai-e-e-acorrentado-a-uma-arvore\/","title":{"rendered":"Garoto chega tarde em casa, apanha do pai e \u00e9 acorrentado em \u00e1rvore"},"content":{"rendered":"<p>Um garoto de 15 anos foi encontrado pela Pol\u00edcia Militar acorrentado a uma \u00e1rvore na cidade de Brusque, localizada a cerca de 100 quil\u00f4metros de Florian\u00f3polis. O adolescente teria levado uma surra e sido acorrentado por chegar tarde em casa na noite anterior.<\/p>\n<p>O caso ocorreu no final da tarde desta quinta-feira. Os PMs foram acionados por vizinhos e ao chegar na casa, localizada no bairro Limeira, encontraram o garoto acorrentado pelos p\u00e9s a\u00a0uma \u00e1rvore. De acordo com as informa\u00e7\u00f5es da pol\u00edcia, ele estava preso com um cabo de a\u00e7o e dois cadeados, al\u00e9m de apresentar marcas de agress\u00e3o no corpo.<\/p>\n<p>O Conselho Tutelar foi acionado pois as chaves estavam com o pai, que n\u00e3o estava em casa no momento do flagrante da PM. O adolescente ficou cerca de quatro horas acorrentado ap\u00f3s supostamente apanhar com uma mangueira de pl\u00e1stico. Na noite anterior, ele teria chegado em casa cerca de uma hora ap\u00f3s o hor\u00e1rio estipulado pelos pais.<\/p>\n<p>Os pais do adolescente foram encaminhados pelo Conselho Tutelar \u00e0 delegacia. Eles prestaram depoimento e ir\u00e3o responder pelo crime de maus tratos.<\/p>\n","protected":false},"excerpt":{"rendered":"<p>Um garoto de 15 anos foi encontrado pela Pol\u00edcia Militar acorrentado a uma \u00e1rvore na cidade de Brusque, localizada a cerca de 100 quil\u00f4metros de Florian\u00f3polis. O adolescente teria levado uma surra e sido acorrentado por chegar tarde em casa na noite anterior. O caso ocorreu no final da tarde desta quinta-feira. Os PMs foram [&hellip;]<\/p>\n","protected":false},"author":2,"featured_media":5513,"comment_status":"open","ping_status":"closed","sticky":false,"template":"","format":"standard","meta":{"_acf_changed":false,"footnotes":""},"categories":[16],"tags":[],"class_list":["post-5512","post","type-post","status-publish","format-standard","has-post-thumbnail","hentry","category-brasil"],"acf":[],"yoast_head":"<!-- This site is optimized with the Yoast SEO plugin v27.2 - https:\/\/yoast.com\/product\/yoast-seo-wordpress\/ -->\n<title>Garoto chega tarde em casa, apanha do pai e \u00e9 acorrentado em \u00e1rvore - Notibras<\/title>\n<meta name=\"robots\" content=\"index, follow, max-snippet:-1, max-image-preview:large, max-video-preview:-1\" \/>\n<link rel=\"canonical\" href=\"https:\/\/www.notibras.com\/site\/rapaz-chega-tarde-em-casa-apanha-do-pai-e-e-acorrentado-a-uma-arvore\/\" \/>\n<meta property=\"og:locale\" content=\"pt_BR\" \/>\n<meta property=\"og:type\" content=\"article\" \/>\n<meta property=\"og:title\" content=\"Garoto chega tarde em casa, apanha do pai e \u00e9 acorrentado em \u00e1rvore - Notibras\" \/>\n<meta property=\"og:description\" content=\"Um garoto de 15 anos foi encontrado pela Pol\u00edcia Militar acorrentado a uma \u00e1rvore na cidade de Brusque, localizada a cerca de 100 quil\u00f4metros de Florian\u00f3polis. O adolescente teria levado uma surra e sido acorrentado por chegar tarde em casa na noite anterior. O caso ocorreu no final da tarde desta quinta-feira. Os PMs foram [&hellip;]\" \/>\n<meta property=\"og:url\" content=\"https:\/\/www.notibras.com\/site\/rapaz-chega-tarde-em-casa-apanha-do-pai-e-e-acorrentado-a-uma-arvore\/\" \/>\n<meta property=\"og:site_name\" content=\"Notibras\" \/>\n<meta property=\"article:publisher\" content=\"https:\/\/www.facebook.com\/notibras\/\" \/>\n<meta property=\"article:published_time\" content=\"2014-03-28T15:53:49+00:00\" \/>\n<meta property=\"article:modified_time\" content=\"2014-03-28T21:07:43+00:00\" \/>\n<meta property=\"og:image\" content=\"https:\/\/www.notibras.com\/site\/wp-content\/uploads\/2014\/03\/467a81afc123c190fd7dcf47d6d4fa8c5dcde069.jpg\" \/>\n\t<meta property=\"og:image:width\" content=\"360\" \/>\n\t<meta property=\"og:image:height\" content=\"240\" \/>\n\t<meta property=\"og:image:type\" content=\"image\/jpeg\" \/>\n<meta name=\"author\" content=\"Reda\u00e7\u00e3o\" \/>\n<meta name=\"twitter:card\" content=\"summary_large_image\" \/>\n<meta name=\"twitter:creator\" content=\"@Notibras\" \/>\n<meta name=\"twitter:site\" content=\"@Notibras\" \/>\n<meta name=\"twitter:label1\" content=\"Escrito por\" \/>\n\t<meta name=\"twitter:data1\" content=\"Reda\u00e7\u00e3o\" \/>\n\t<meta name=\"twitter:label2\" content=\"Est. tempo de leitura\" \/>\n\t<meta name=\"twitter:data2\" content=\"1 minuto\" \/>\n<script type=\"application\/ld+json\" class=\"yoast-schema-graph\">{\"@context\":\"https:\/\/schema.org\",\"@graph\":[{\"@type\":\"Article\",\"@id\":\"https:\/\/www.notibras.com\/site\/rapaz-chega-tarde-em-casa-apanha-do-pai-e-e-acorrentado-a-uma-arvore\/#article\",\"isPartOf\":{\"@id\":\"https:\/\/www.notibras.com\/site\/rapaz-chega-tarde-em-casa-apanha-do-pai-e-e-acorrentado-a-uma-arvore\/\"},\"author\":{\"name\":\"Reda\u00e7\u00e3o\",\"@id\":\"https:\/\/www.notibras.com\/site\/#\/schema\/person\/36ab0979449956132d3e5b517ea76ac8\"},\"headline\":\"Garoto chega tarde em casa, apanha do pai e \u00e9 acorrentado em \u00e1rvore\",\"datePublished\":\"2014-03-28T15:53:49+00:00\",\"dateModified\":\"2014-03-28T21:07:43+00:00\",\"mainEntityOfPage\":{\"@id\":\"https:\/\/www.notibras.com\/site\/rapaz-chega-tarde-em-casa-apanha-do-pai-e-e-acorrentado-a-uma-arvore\/\"},\"wordCount\":205,\"commentCount\":0,\"publisher\":{\"@id\":\"https:\/\/www.notibras.com\/site\/#organization\"},\"image\":{\"@id\":\"https:\/\/www.notibras.com\/site\/rapaz-chega-tarde-em-casa-apanha-do-pai-e-e-acorrentado-a-uma-arvore\/#primaryimage\"},\"thumbnailUrl\":\"https:\/\/www.notibras.com\/site\/wp-content\/uploads\/2014\/03\/467a81afc123c190fd7dcf47d6d4fa8c5dcde069.jpg\",\"articleSection\":[\"Brasil\"],\"inLanguage\":\"pt-BR\",\"potentialAction\":[{\"@type\":\"CommentAction\",\"name\":\"Comment\",\"target\":[\"https:\/\/www.notibras.com\/site\/rapaz-chega-tarde-em-casa-apanha-do-pai-e-e-acorrentado-a-uma-arvore\/#respond\"]}]},{\"@type\":\"WebPage\",\"@id\":\"https:\/\/www.notibras.com\/site\/rapaz-chega-tarde-em-casa-apanha-do-pai-e-e-acorrentado-a-uma-arvore\/\",\"url\":\"https:\/\/www.notibras.com\/site\/rapaz-chega-tarde-em-casa-apanha-do-pai-e-e-acorrentado-a-uma-arvore\/\",\"name\":\"Garoto chega tarde em casa, apanha do pai e \u00e9 acorrentado em \u00e1rvore - Notibras\",\"isPartOf\":{\"@id\":\"https:\/\/www.notibras.com\/site\/#website\"},\"primaryImageOfPage\":{\"@id\":\"https:\/\/www.notibras.com\/site\/rapaz-chega-tarde-em-casa-apanha-do-pai-e-e-acorrentado-a-uma-arvore\/#primaryimage\"},\"image\":{\"@id\":\"https:\/\/www.notibras.com\/site\/rapaz-chega-tarde-em-casa-apanha-do-pai-e-e-acorrentado-a-uma-arvore\/#primaryimage\"},\"thumbnailUrl\":\"https:\/\/www.notibras.com\/site\/wp-content\/uploads\/2014\/03\/467a81afc123c190fd7dcf47d6d4fa8c5dcde069.jpg\",\"datePublished\":\"2014-03-28T15:53:49+00:00\",\"dateModified\":\"2014-03-28T21:07:43+00:00\",\"breadcrumb\":{\"@id\":\"https:\/\/www.notibras.com\/site\/rapaz-chega-tarde-em-casa-apanha-do-pai-e-e-acorrentado-a-uma-arvore\/#breadcrumb\"},\"inLanguage\":\"pt-BR\",\"potentialAction\":[{\"@type\":\"ReadAction\",\"target\":[\"https:\/\/www.notibras.com\/site\/rapaz-chega-tarde-em-casa-apanha-do-pai-e-e-acorrentado-a-uma-arvore\/\"]}]},{\"@type\":\"ImageObject\",\"inLanguage\":\"pt-BR\",\"@id\":\"https:\/\/www.notibras.com\/site\/rapaz-chega-tarde-em-casa-apanha-do-pai-e-e-acorrentado-a-uma-arvore\/#primaryimage\",\"url\":\"https:\/\/www.notibras.com\/site\/wp-content\/uploads\/2014\/03\/467a81afc123c190fd7dcf47d6d4fa8c5dcde069.jpg\",\"contentUrl\":\"https:\/\/www.notibras.com\/site\/wp-content\/uploads\/2014\/03\/467a81afc123c190fd7dcf47d6d4fa8c5dcde069.jpg\",\"width\":360,\"height\":240},{\"@type\":\"BreadcrumbList\",\"@id\":\"https:\/\/www.notibras.com\/site\/rapaz-chega-tarde-em-casa-apanha-do-pai-e-e-acorrentado-a-uma-arvore\/#breadcrumb\",\"itemListElement\":[{\"@type\":\"ListItem\",\"position\":1,\"name\":\"In\u00edcio\",\"item\":\"https:\/\/www.notibras.com\/site\/\"},{\"@type\":\"ListItem\",\"position\":2,\"name\":\"Garoto chega tarde em casa, apanha do pai e \u00e9 acorrentado em \u00e1rvore\"}]},{\"@type\":\"WebSite\",\"@id\":\"https:\/\/www.notibras.com\/site\/#website\",\"url\":\"https:\/\/www.notibras.com\/site\/\",\"name\":\"Notibras\",\"description\":\"Not\u00edcias de Bras\u00edlia, do Brasil e do Mundo\",\"publisher\":{\"@id\":\"https:\/\/www.notibras.com\/site\/#organization\"},\"potentialAction\":[{\"@type\":\"SearchAction\",\"target\":{\"@type\":\"EntryPoint\",\"urlTemplate\":\"https:\/\/www.notibras.com\/site\/?s={search_term_string}\"},\"query-input\":{\"@type\":\"PropertyValueSpecification\",\"valueRequired\":true,\"valueName\":\"search_term_string\"}}],\"inLanguage\":\"pt-BR\"},{\"@type\":\"Organization\",\"@id\":\"https:\/\/www.notibras.com\/site\/#organization\",\"name\":\"Grupo Notibras de Comunica\u00e7\u00e3o\",\"url\":\"https:\/\/www.notibras.com\/site\/\",\"logo\":{\"@type\":\"ImageObject\",\"inLanguage\":\"pt-BR\",\"@id\":\"https:\/\/www.notibras.com\/site\/#\/schema\/logo\/image\/\",\"url\":\"https:\/\/www.notibras.com\/site\/wp-content\/uploads\/2023\/01\/notibras23.png\",\"contentUrl\":\"https:\/\/www.notibras.com\/site\/wp-content\/uploads\/2023\/01\/notibras23.png\",\"width\":350,\"height\":87,\"caption\":\"Grupo Notibras de Comunica\u00e7\u00e3o\"},\"image\":{\"@id\":\"https:\/\/www.notibras.com\/site\/#\/schema\/logo\/image\/\"},\"sameAs\":[\"https:\/\/www.facebook.com\/notibras\/\",\"https:\/\/x.com\/Notibras\",\"https:\/\/www.instagram.com\/notibras\/\"]},{\"@type\":\"Person\",\"@id\":\"https:\/\/www.notibras.com\/site\/#\/schema\/person\/36ab0979449956132d3e5b517ea76ac8\",\"name\":\"Reda\u00e7\u00e3o\",\"image\":{\"@type\":\"ImageObject\",\"inLanguage\":\"pt-BR\",\"@id\":\"https:\/\/secure.gravatar.com\/avatar\/e0a867bdedb85fd243eadf09663511f96fc81e0720a4a42581f334ad4303aa6b?s=96&d=mm&r=g\",\"url\":\"https:\/\/secure.gravatar.com\/avatar\/e0a867bdedb85fd243eadf09663511f96fc81e0720a4a42581f334ad4303aa6b?s=96&d=mm&r=g\",\"contentUrl\":\"https:\/\/secure.gravatar.com\/avatar\/e0a867bdedb85fd243eadf09663511f96fc81e0720a4a42581f334ad4303aa6b?s=96&d=mm&r=g\",\"caption\":\"Reda\u00e7\u00e3o\"}}]}<\/script>\n<!-- \/ Yoast SEO plugin. -->","yoast_head_json":{"title":"Garoto chega tarde em casa, apanha do pai e \u00e9 acorrentado em \u00e1rvore - Notibras","robots":{"index":"index","follow":"follow","max-snippet":"max-snippet:-1","max-image-preview":"max-image-preview:large","max-video-preview":"max-video-preview:-1"},"canonical":"https:\/\/www.notibras.com\/site\/rapaz-chega-tarde-em-casa-apanha-do-pai-e-e-acorrentado-a-uma-arvore\/","og_locale":"pt_BR","og_type":"article","og_title":"Garoto chega tarde em casa, apanha do pai e \u00e9 acorrentado em \u00e1rvore - Notibras","og_description":"Um garoto de 15 anos foi encontrado pela Pol\u00edcia Militar acorrentado a uma \u00e1rvore na cidade de Brusque, localizada a cerca de 100 quil\u00f4metros de Florian\u00f3polis. O adolescente teria levado uma surra e sido acorrentado por chegar tarde em casa na noite anterior. O caso ocorreu no final da tarde desta quinta-feira. Os PMs foram [&hellip;]","og_url":"https:\/\/www.notibras.com\/site\/rapaz-chega-tarde-em-casa-apanha-do-pai-e-e-acorrentado-a-uma-arvore\/","og_site_name":"Notibras","article_publisher":"https:\/\/www.facebook.com\/notibras\/","article_published_time":"2014-03-28T15:53:49+00:00","article_modified_time":"2014-03-28T21:07:43+00:00","og_image":[{"width":360,"height":240,"url":"https:\/\/www.notibras.com\/site\/wp-content\/uploads\/2014\/03\/467a81afc123c190fd7dcf47d6d4fa8c5dcde069.jpg","type":"image\/jpeg"}],"author":"Reda\u00e7\u00e3o","twitter_card":"summary_large_image","twitter_creator":"@Notibras","twitter_site":"@Notibras","twitter_misc":{"Escrito por":"Reda\u00e7\u00e3o","Est. tempo de leitura":"1 minuto"},"schema":{"@context":"https:\/\/schema.org","@graph":[{"@type":"Article","@id":"https:\/\/www.notibras.com\/site\/rapaz-chega-tarde-em-casa-apanha-do-pai-e-e-acorrentado-a-uma-arvore\/#article","isPartOf":{"@id":"https:\/\/www.notibras.com\/site\/rapaz-chega-tarde-em-casa-apanha-do-pai-e-e-acorrentado-a-uma-arvore\/"},"author":{"name":"Reda\u00e7\u00e3o","@id":"https:\/\/www.notibras.com\/site\/#\/schema\/person\/36ab0979449956132d3e5b517ea76ac8"},"headline":"Garoto chega tarde em casa, apanha do pai e \u00e9 acorrentado em \u00e1rvore","datePublished":"2014-03-28T15:53:49+00:00","dateModified":"2014-03-28T21:07:43+00:00","mainEntityOfPage":{"@id":"https:\/\/www.notibras.com\/site\/rapaz-chega-tarde-em-casa-apanha-do-pai-e-e-acorrentado-a-uma-arvore\/"},"wordCount":205,"commentCount":0,"publisher":{"@id":"https:\/\/www.notibras.com\/site\/#organization"},"image":{"@id":"https:\/\/www.notibras.com\/site\/rapaz-chega-tarde-em-casa-apanha-do-pai-e-e-acorrentado-a-uma-arvore\/#primaryimage"},"thumbnailUrl":"https:\/\/www.notibras.com\/site\/wp-content\/uploads\/2014\/03\/467a81afc123c190fd7dcf47d6d4fa8c5dcde069.jpg","articleSection":["Brasil"],"inLanguage":"pt-BR","potentialAction":[{"@type":"CommentAction","name":"Comment","target":["https:\/\/www.notibras.com\/site\/rapaz-chega-tarde-em-casa-apanha-do-pai-e-e-acorrentado-a-uma-arvore\/#respond"]}]},{"@type":"WebPage","@id":"https:\/\/www.notibras.com\/site\/rapaz-chega-tarde-em-casa-apanha-do-pai-e-e-acorrentado-a-uma-arvore\/","url":"https:\/\/www.notibras.com\/site\/rapaz-chega-tarde-em-casa-apanha-do-pai-e-e-acorrentado-a-uma-arvore\/","name":"Garoto chega tarde em casa, apanha do pai e \u00e9 acorrentado em \u00e1rvore - Notibras","isPartOf":{"@id":"https:\/\/www.notibras.com\/site\/#website"},"primaryImageOfPage":{"@id":"https:\/\/www.notibras.com\/site\/rapaz-chega-tarde-em-casa-apanha-do-pai-e-e-acorrentado-a-uma-arvore\/#primaryimage"},"image":{"@id":"https:\/\/www.notibras.com\/site\/rapaz-chega-tarde-em-casa-apanha-do-pai-e-e-acorrentado-a-uma-arvore\/#primaryimage"},"thumbnailUrl":"https:\/\/www.notibras.com\/site\/wp-content\/uploads\/2014\/03\/467a81afc123c190fd7dcf47d6d4fa8c5dcde069.jpg","datePublished":"2014-03-28T15:53:49+00:00","dateModified":"2014-03-28T21:07:43+00:00","breadcrumb":{"@id":"https:\/\/www.notibras.com\/site\/rapaz-chega-tarde-em-casa-apanha-do-pai-e-e-acorrentado-a-uma-arvore\/#breadcrumb"},"inLanguage":"pt-BR","potentialAction":[{"@type":"ReadAction","target":["https:\/\/www.notibras.com\/site\/rapaz-chega-tarde-em-casa-apanha-do-pai-e-e-acorrentado-a-uma-arvore\/"]}]},{"@type":"ImageObject","inLanguage":"pt-BR","@id":"https:\/\/www.notibras.com\/site\/rapaz-chega-tarde-em-casa-apanha-do-pai-e-e-acorrentado-a-uma-arvore\/#primaryimage","url":"https:\/\/www.notibras.com\/site\/wp-content\/uploads\/2014\/03\/467a81afc123c190fd7dcf47d6d4fa8c5dcde069.jpg","contentUrl":"https:\/\/www.notibras.com\/site\/wp-content\/uploads\/2014\/03\/467a81afc123c190fd7dcf47d6d4fa8c5dcde069.jpg","width":360,"height":240},{"@type":"BreadcrumbList","@id":"https:\/\/www.notibras.com\/site\/rapaz-chega-tarde-em-casa-apanha-do-pai-e-e-acorrentado-a-uma-arvore\/#breadcrumb","itemListElement":[{"@type":"ListItem","position":1,"name":"In\u00edcio","item":"https:\/\/www.notibras.com\/site\/"},{"@type":"ListItem","position":2,"name":"Garoto chega tarde em casa, apanha do pai e \u00e9 acorrentado em \u00e1rvore"}]},{"@type":"WebSite","@id":"https:\/\/www.notibras.com\/site\/#website","url":"https:\/\/www.notibras.com\/site\/","name":"Notibras","description":"Not\u00edcias de Bras\u00edlia, do Brasil e do Mundo","publisher":{"@id":"https:\/\/www.notibras.com\/site\/#organization"},"potentialAction":[{"@type":"SearchAction","target":{"@type":"EntryPoint","urlTemplate":"https:\/\/www.notibras.com\/site\/?s={search_term_string}"},"query-input":{"@type":"PropertyValueSpecification","valueRequired":true,"valueName":"search_term_string"}}],"inLanguage":"pt-BR"},{"@type":"Organization","@id":"https:\/\/www.notibras.com\/site\/#organization","name":"Grupo Notibras de Comunica\u00e7\u00e3o","url":"https:\/\/www.notibras.com\/site\/","logo":{"@type":"ImageObject","inLanguage":"pt-BR","@id":"https:\/\/www.notibras.com\/site\/#\/schema\/logo\/image\/","url":"https:\/\/www.notibras.com\/site\/wp-content\/uploads\/2023\/01\/notibras23.png","contentUrl":"https:\/\/www.notibras.com\/site\/wp-content\/uploads\/2023\/01\/notibras23.png","width":350,"height":87,"caption":"Grupo Notibras de Comunica\u00e7\u00e3o"},"image":{"@id":"https:\/\/www.notibras.com\/site\/#\/schema\/logo\/image\/"},"sameAs":["https:\/\/www.facebook.com\/notibras\/","https:\/\/x.com\/Notibras","https:\/\/www.instagram.com\/notibras\/"]},{"@type":"Person","@id":"https:\/\/www.notibras.com\/site\/#\/schema\/person\/36ab0979449956132d3e5b517ea76ac8","name":"Reda\u00e7\u00e3o","image":{"@type":"ImageObject","inLanguage":"pt-BR","@id":"https:\/\/secure.gravatar.com\/avatar\/e0a867bdedb85fd243eadf09663511f96fc81e0720a4a42581f334ad4303aa6b?s=96&d=mm&r=g","url":"https:\/\/secure.gravatar.com\/avatar\/e0a867bdedb85fd243eadf09663511f96fc81e0720a4a42581f334ad4303aa6b?s=96&d=mm&r=g","contentUrl":"https:\/\/secure.gravatar.com\/avatar\/e0a867bdedb85fd243eadf09663511f96fc81e0720a4a42581f334ad4303aa6b?s=96&d=mm&r=g","caption":"Reda\u00e7\u00e3o"}}]}},"amp_enabled":true,"_links":{"self":[{"href":"https:\/\/www.notibras.com\/site\/wp-json\/wp\/v2\/posts\/5512","targetHints":{"allow":["GET"]}}],"collection":[{"href":"https:\/\/www.notibras.com\/site\/wp-json\/wp\/v2\/posts"}],"about":[{"href":"https:\/\/www.notibras.com\/site\/wp-json\/wp\/v2\/types\/post"}],"author":[{"embeddable":true,"href":"https:\/\/www.notibras.com\/site\/wp-json\/wp\/v2\/users\/2"}],"replies":[{"embeddable":true,"href":"https:\/\/www.notibras.com\/site\/wp-json\/wp\/v2\/comments?post=5512"}],"version-history":[{"count":0,"href":"https:\/\/www.notibras.com\/site\/wp-json\/wp\/v2\/posts\/5512\/revisions"}],"wp:featuredmedia":[{"embeddable":true,"href":"https:\/\/www.notibras.com\/site\/wp-json\/wp\/v2\/media\/5513"}],"wp:attachment":[{"href":"https:\/\/www.notibras.com\/site\/wp-json\/wp\/v2\/media?parent=5512"}],"wp:term":[{"taxonomy":"category","embeddable":true,"href":"https:\/\/www.notibras.com\/site\/wp-json\/wp\/v2\/categories?post=5512"},{"taxonomy":"post_tag","embeddable":true,"href":"https:\/\/www.notibras.com\/site\/wp-json\/wp\/v2\/tags?post=5512"}],"curies":[{"name":"wp","href":"https:\/\/api.w.org\/{rel}","templated":true}]}}