{"id":55155,"date":"2015-06-26T23:42:14","date_gmt":"2015-06-27T02:42:14","guid":{"rendered":"http:\/\/www.notibras.com\/site\/?p=55155"},"modified":"2015-06-26T23:42:14","modified_gmt":"2015-06-27T02:42:14","slug":"sociedade-fragilizada-legitima-que-policia-puxe-o-gatilho-em-acao","status":"publish","type":"post","link":"https:\/\/www.notibras.com\/site\/sociedade-fragilizada-legitima-que-policia-puxe-o-gatilho-em-acao\/","title":{"rendered":"Sociedade fragilizada legitima que pol\u00edcia puxe o gatilho em a\u00e7\u00e3o"},"content":{"rendered":"<p>Na \u00faltima ter\u00e7a-feira, dia 23, uma persegui\u00e7\u00e3o policial de dois indiv\u00edduos numa moto por viaturas da Rocam, tropa da Pol\u00edcia Militar que utiliza motocicletas, foi transmitida ao vivo pela TV Record e pela TV Bandeirantes. O desfecho desta atra\u00e7\u00e3o televisiva foi de dois homens, os perseguidos, baleados por um policial militar, quando j\u00e1 estavam ca\u00eddos no ch\u00e3o.<\/p>\n<p>Mais uma vez, \u00e9 preciso discutir o uso da for\u00e7a letal pela pol\u00edcia militar. Para tanto, \u00e9 preciso fugir do discurso f\u00e1cil de culpar automaticamente os policiais ou os suspeitos baleados. N\u00e3o se trata aqui de tomar lado, como verdadeiro Fla x Flu, mas sim buscar a contribui\u00e7\u00e3o que casos como esse trazem para a discuss\u00e3o da seguran\u00e7a p\u00fablica que queremos.<\/p>\n<p>Da mesma forma, \u00e9 necess\u00e1rio demonstrar que o uso da for\u00e7a letal pela pol\u00edcia militar deve ser discutido e entendido pela sociedade, que \u00e9 quem outorga legitimidade para que a pol\u00edcia possa puxar o gatilho.<\/p>\n<p>Entretanto, \u00e9 sempre bom lembrar que como agentes p\u00fablicos, ao decidir usar a for\u00e7a (ainda mais a letal) as autoridades devem necessariamente prestar contas \u00e0 sociedade, uma vez que pessoas (criminosos ou n\u00e3o) podem ser feridas ou mortas<\/p>\n<p>Antes de entrar na an\u00e1lise do fato em si, \u00e9 importante refletirmos sobre a descabida narra\u00e7\u00e3o da persegui\u00e7\u00e3o, que promoveu a espetaculariza\u00e7\u00e3o do epis\u00f3dio grave em pleno fim de tarde. Frases como &#8220;se ele atirou \u00e9 porque o bandido estava armado!&#8221; ou &#8220;o cara \u00e9 ladr\u00e3o e bom piloto de moto!&#8221;, deram o tom da cobertura.<\/p>\n<p>Isso n\u00e3o s\u00f3 distancia o telespectador do fato que acontecia em tempo real, uma vez que transmuta a transmiss\u00e3o de uma persegui\u00e7\u00e3o policial em filme da &#8220;Sess\u00e3o da Tarde&#8221;, mas tamb\u00e9m distorce a realidade transformando policial e suspeitos em her\u00f3i e vil\u00e3o. Ou seja, despem toda humanidade tanto de um quanto de outro.<\/p>\n<blockquote><p>\u00c9 lament\u00e1vel que uma situa\u00e7\u00e3o t\u00e3o grave como essa &#8211; que ofereceu riscos para os policiais, para a popula\u00e7\u00e3o ao redor de toda a persegui\u00e7\u00e3o e aos perseguidos &#8211; seja coberta com ironia e leviandade. Um verdadeiro desservi\u00e7o \u00e0 seguran\u00e7a p\u00fablica.<\/p><\/blockquote>\n<p>A outra dimens\u00e3o da an\u00e1lise diz respeito ao uso da for\u00e7a em si. N\u00e3o h\u00e1 como avaliar de maneira conclusiva a a\u00e7\u00e3o da pol\u00edcia militar apenas com a an\u00e1lise do v\u00eddeo. Por isso, a apura\u00e7\u00e3o imediata do ocorrido com a devida transpar\u00eancia e presta\u00e7\u00e3o de contas por parte das autoridades p\u00fablicas \u00e9 essencial. Algumas perguntas precisam ser feitas e fatos devem ser esclarecidos \u00e0 sociedade.<\/p>\n<p>O arremesso do capacete com a moto em movimento amea\u00e7ou a vida do policial, a ponto de ele efetuar disparos com sua arma de fogo? Quando o policial efetuou disparos com os suspeitos ca\u00eddos ele estava de fato em risco, os indiv\u00edduos estavam armados e apontando a arma para o policial? Havia outro procedimento que poderia ser utilizado, aumentando a seguran\u00e7a de todos os indiv\u00edduos? A persegui\u00e7\u00e3o era realmente necess\u00e1ria?<\/p>\n<p>Sendo um procedimento que mobilizou um grande efetivo da PM, que colocou em risco in\u00fameros cidad\u00e3os, policiais e perseguidos, inclusive, e que acabou com dois baleados, a persegui\u00e7\u00e3o era realmente a melhor estrat\u00e9gia? Sabemos que a pol\u00edcia militar de S\u00e3o Paulo \u00e9 muito bem treinada e tem procedimentos para a preserva\u00e7\u00e3o da vida \u2013 dos policiais e de todos \u00e0 sua volta, inclusive dos suspeitos perseguidos &#8211; alguns destes procedimentos foram claramente ignorados, precisamos entender o porqu\u00ea.<\/p>\n<p>Outro aspecto que merece ser analisado \u00e9 sobre a preserva\u00e7\u00e3o do local do crime. Ela \u00e9 fundamental para a correta apura\u00e7\u00e3o do caso. Se o policial precisou retirar a arma do indiv\u00edduo baleado, qual foi a raz\u00e3o para isso? E mais, por que ele efetuou dois disparos com a arma em dire\u00e7\u00e3o ao ch\u00e3o?<\/p>\n<p>Recente resolu\u00e7\u00e3o da Secretaria de Estado da Seguran\u00e7a P\u00fablica estabelece procedimentos para a preserva\u00e7\u00e3o do local do crime e essa \u00e9 uma excelente oportunidade para test\u00e1-la na pr\u00e1tica. Ela est\u00e1 sendo aplicada? Quais procedimentos foram adotados para preservar o local? Todas essas perguntas precisam ser necessariamente respondidas na apura\u00e7\u00e3o deste e de outros fatos similares, mesmo que n\u00e3o tenham sido filmados, e publicados \u00e0 sociedade.<\/p>\n<p>Considerando que o \u00faltimo balan\u00e7o trimestral da letalidade policial demonstrou que s\u00f3 nos primeiros tr\u00eas meses de 2015, 104 pessoas foram mortas pela pol\u00edcia em servi\u00e7o na cidade de S\u00e3o Paulo &#8211; um aumento de quase 15% em rela\u00e7\u00e3o ao mesmo per\u00edodo de 2014 e o n\u00famero mais alto registrado no trimestre para os \u00faltimos 12 anos \u2013 n\u00e3o podemos fechar os olhos para a discuss\u00e3o sobre o uso da for\u00e7a letal pela pol\u00edcia.<\/p>\n<blockquote><p>\u00c9 imprescind\u00edvel que algumas respostas sejam dadas para analisar a conduta do policial que efetuou os disparos no Jardim S\u00e3o Lu\u00eds e de todo o apoio envolvido na persegui\u00e7\u00e3o. Se n\u00e3o \u00e9 poss\u00edvel sabermos com exatid\u00e3o o que ocorreu com dois helic\u00f3pteros acompanhando de cima e filmando em tempo real, o que dizer dos in\u00fameros casos que acontecem todos os dias na cidade de S\u00e3o Paulo?<\/p><\/blockquote>\n<p>As imagens n\u00e3o escondem duas li\u00e7\u00f5es que podem ser tiradas desse epis\u00f3dio: a sociedade tem que ser parte da discuss\u00e3o sobre o uso da for\u00e7a pelas pol\u00edcias e merece uma explica\u00e7\u00e3o sobre a conduta dos policiais.<\/p>\n<p><strong>Ivan Marques<\/strong><br \/>\n<strong>Carolina Ricardo<\/strong><\/p>\n","protected":false},"excerpt":{"rendered":"<p>Na \u00faltima ter\u00e7a-feira, dia 23, uma persegui\u00e7\u00e3o policial de dois indiv\u00edduos numa moto por viaturas da Rocam, tropa da Pol\u00edcia Militar que utiliza motocicletas, foi transmitida ao vivo pela TV Record e pela TV Bandeirantes. O desfecho desta atra\u00e7\u00e3o televisiva foi de dois homens, os perseguidos, baleados por um policial militar, quando j\u00e1 estavam ca\u00eddos [&hellip;]<\/p>\n","protected":false},"author":2,"featured_media":55156,"comment_status":"open","ping_status":"closed","sticky":false,"template":"","format":"standard","meta":{"_acf_changed":false,"footnotes":""},"categories":[25],"tags":[],"class_list":["post-55155","post","type-post","status-publish","format-standard","has-post-thumbnail","hentry","category-opina-ai"],"acf":[],"yoast_head":"<!-- This site is optimized with the Yoast SEO plugin v27.2 - https:\/\/yoast.com\/product\/yoast-seo-wordpress\/ -->\n<title>Sociedade fragilizada legitima que pol\u00edcia puxe o gatilho em a\u00e7\u00e3o - Notibras<\/title>\n<meta name=\"robots\" content=\"index, follow, max-snippet:-1, max-image-preview:large, max-video-preview:-1\" \/>\n<link rel=\"canonical\" href=\"https:\/\/www.notibras.com\/site\/sociedade-fragilizada-legitima-que-policia-puxe-o-gatilho-em-acao\/\" \/>\n<meta property=\"og:locale\" content=\"pt_BR\" \/>\n<meta property=\"og:type\" content=\"article\" \/>\n<meta property=\"og:title\" content=\"Sociedade fragilizada legitima que pol\u00edcia puxe o gatilho em a\u00e7\u00e3o - Notibras\" \/>\n<meta property=\"og:description\" content=\"Na \u00faltima ter\u00e7a-feira, dia 23, uma persegui\u00e7\u00e3o policial de dois indiv\u00edduos numa moto por viaturas da Rocam, tropa da Pol\u00edcia Militar que utiliza motocicletas, foi transmitida ao vivo pela TV Record e pela TV Bandeirantes. O desfecho desta atra\u00e7\u00e3o televisiva foi de dois homens, os perseguidos, baleados por um policial militar, quando j\u00e1 estavam ca\u00eddos [&hellip;]\" \/>\n<meta property=\"og:url\" content=\"https:\/\/www.notibras.com\/site\/sociedade-fragilizada-legitima-que-policia-puxe-o-gatilho-em-acao\/\" \/>\n<meta property=\"og:site_name\" content=\"Notibras\" \/>\n<meta property=\"article:publisher\" content=\"https:\/\/www.facebook.com\/notibras\/\" \/>\n<meta property=\"article:published_time\" content=\"2015-06-27T02:42:14+00:00\" \/>\n<meta property=\"og:image\" content=\"https:\/\/www.notibras.com\/site\/wp-content\/uploads\/2015\/06\/Policiais-Militares-Ostensivas-Candido-ROCAM_ACRIMA20110815_0014_15.jpg\" \/>\n\t<meta property=\"og:image:width\" content=\"473\" \/>\n\t<meta property=\"og:image:height\" content=\"342\" \/>\n\t<meta property=\"og:image:type\" content=\"image\/jpeg\" \/>\n<meta name=\"author\" content=\"Reda\u00e7\u00e3o\" \/>\n<meta name=\"twitter:card\" content=\"summary_large_image\" \/>\n<meta name=\"twitter:creator\" content=\"@Notibras\" \/>\n<meta name=\"twitter:site\" content=\"@Notibras\" \/>\n<meta name=\"twitter:label1\" content=\"Escrito por\" \/>\n\t<meta name=\"twitter:data1\" content=\"Reda\u00e7\u00e3o\" \/>\n\t<meta name=\"twitter:label2\" content=\"Est. tempo de leitura\" \/>\n\t<meta name=\"twitter:data2\" content=\"5 minutos\" \/>\n<script type=\"application\/ld+json\" class=\"yoast-schema-graph\">{\"@context\":\"https:\/\/schema.org\",\"@graph\":[{\"@type\":\"Article\",\"@id\":\"https:\/\/www.notibras.com\/site\/sociedade-fragilizada-legitima-que-policia-puxe-o-gatilho-em-acao\/#article\",\"isPartOf\":{\"@id\":\"https:\/\/www.notibras.com\/site\/sociedade-fragilizada-legitima-que-policia-puxe-o-gatilho-em-acao\/\"},\"author\":{\"name\":\"Reda\u00e7\u00e3o\",\"@id\":\"https:\/\/www.notibras.com\/site\/#\/schema\/person\/36ab0979449956132d3e5b517ea76ac8\"},\"headline\":\"Sociedade fragilizada legitima que pol\u00edcia puxe o gatilho em a\u00e7\u00e3o\",\"datePublished\":\"2015-06-27T02:42:14+00:00\",\"mainEntityOfPage\":{\"@id\":\"https:\/\/www.notibras.com\/site\/sociedade-fragilizada-legitima-que-policia-puxe-o-gatilho-em-acao\/\"},\"wordCount\":947,\"commentCount\":0,\"publisher\":{\"@id\":\"https:\/\/www.notibras.com\/site\/#organization\"},\"image\":{\"@id\":\"https:\/\/www.notibras.com\/site\/sociedade-fragilizada-legitima-que-policia-puxe-o-gatilho-em-acao\/#primaryimage\"},\"thumbnailUrl\":\"https:\/\/www.notibras.com\/site\/wp-content\/uploads\/2015\/06\/Policiais-Militares-Ostensivas-Candido-ROCAM_ACRIMA20110815_0014_15.jpg\",\"articleSection\":[\"Opina a\u00ed\"],\"inLanguage\":\"pt-BR\",\"potentialAction\":[{\"@type\":\"CommentAction\",\"name\":\"Comment\",\"target\":[\"https:\/\/www.notibras.com\/site\/sociedade-fragilizada-legitima-que-policia-puxe-o-gatilho-em-acao\/#respond\"]}]},{\"@type\":\"WebPage\",\"@id\":\"https:\/\/www.notibras.com\/site\/sociedade-fragilizada-legitima-que-policia-puxe-o-gatilho-em-acao\/\",\"url\":\"https:\/\/www.notibras.com\/site\/sociedade-fragilizada-legitima-que-policia-puxe-o-gatilho-em-acao\/\",\"name\":\"Sociedade fragilizada legitima que pol\u00edcia puxe o gatilho em a\u00e7\u00e3o - Notibras\",\"isPartOf\":{\"@id\":\"https:\/\/www.notibras.com\/site\/#website\"},\"primaryImageOfPage\":{\"@id\":\"https:\/\/www.notibras.com\/site\/sociedade-fragilizada-legitima-que-policia-puxe-o-gatilho-em-acao\/#primaryimage\"},\"image\":{\"@id\":\"https:\/\/www.notibras.com\/site\/sociedade-fragilizada-legitima-que-policia-puxe-o-gatilho-em-acao\/#primaryimage\"},\"thumbnailUrl\":\"https:\/\/www.notibras.com\/site\/wp-content\/uploads\/2015\/06\/Policiais-Militares-Ostensivas-Candido-ROCAM_ACRIMA20110815_0014_15.jpg\",\"datePublished\":\"2015-06-27T02:42:14+00:00\",\"breadcrumb\":{\"@id\":\"https:\/\/www.notibras.com\/site\/sociedade-fragilizada-legitima-que-policia-puxe-o-gatilho-em-acao\/#breadcrumb\"},\"inLanguage\":\"pt-BR\",\"potentialAction\":[{\"@type\":\"ReadAction\",\"target\":[\"https:\/\/www.notibras.com\/site\/sociedade-fragilizada-legitima-que-policia-puxe-o-gatilho-em-acao\/\"]}]},{\"@type\":\"ImageObject\",\"inLanguage\":\"pt-BR\",\"@id\":\"https:\/\/www.notibras.com\/site\/sociedade-fragilizada-legitima-que-policia-puxe-o-gatilho-em-acao\/#primaryimage\",\"url\":\"https:\/\/www.notibras.com\/site\/wp-content\/uploads\/2015\/06\/Policiais-Militares-Ostensivas-Candido-ROCAM_ACRIMA20110815_0014_15.jpg\",\"contentUrl\":\"https:\/\/www.notibras.com\/site\/wp-content\/uploads\/2015\/06\/Policiais-Militares-Ostensivas-Candido-ROCAM_ACRIMA20110815_0014_15.jpg\",\"width\":473,\"height\":342},{\"@type\":\"BreadcrumbList\",\"@id\":\"https:\/\/www.notibras.com\/site\/sociedade-fragilizada-legitima-que-policia-puxe-o-gatilho-em-acao\/#breadcrumb\",\"itemListElement\":[{\"@type\":\"ListItem\",\"position\":1,\"name\":\"In\u00edcio\",\"item\":\"https:\/\/www.notibras.com\/site\/\"},{\"@type\":\"ListItem\",\"position\":2,\"name\":\"Sociedade fragilizada legitima que pol\u00edcia puxe o gatilho em a\u00e7\u00e3o\"}]},{\"@type\":\"WebSite\",\"@id\":\"https:\/\/www.notibras.com\/site\/#website\",\"url\":\"https:\/\/www.notibras.com\/site\/\",\"name\":\"Notibras\",\"description\":\"Not\u00edcias de Bras\u00edlia, do Brasil e do Mundo\",\"publisher\":{\"@id\":\"https:\/\/www.notibras.com\/site\/#organization\"},\"potentialAction\":[{\"@type\":\"SearchAction\",\"target\":{\"@type\":\"EntryPoint\",\"urlTemplate\":\"https:\/\/www.notibras.com\/site\/?s={search_term_string}\"},\"query-input\":{\"@type\":\"PropertyValueSpecification\",\"valueRequired\":true,\"valueName\":\"search_term_string\"}}],\"inLanguage\":\"pt-BR\"},{\"@type\":\"Organization\",\"@id\":\"https:\/\/www.notibras.com\/site\/#organization\",\"name\":\"Grupo Notibras de Comunica\u00e7\u00e3o\",\"url\":\"https:\/\/www.notibras.com\/site\/\",\"logo\":{\"@type\":\"ImageObject\",\"inLanguage\":\"pt-BR\",\"@id\":\"https:\/\/www.notibras.com\/site\/#\/schema\/logo\/image\/\",\"url\":\"https:\/\/www.notibras.com\/site\/wp-content\/uploads\/2023\/01\/notibras23.png\",\"contentUrl\":\"https:\/\/www.notibras.com\/site\/wp-content\/uploads\/2023\/01\/notibras23.png\",\"width\":350,\"height\":87,\"caption\":\"Grupo Notibras de Comunica\u00e7\u00e3o\"},\"image\":{\"@id\":\"https:\/\/www.notibras.com\/site\/#\/schema\/logo\/image\/\"},\"sameAs\":[\"https:\/\/www.facebook.com\/notibras\/\",\"https:\/\/x.com\/Notibras\",\"https:\/\/www.instagram.com\/notibras\/\"]},{\"@type\":\"Person\",\"@id\":\"https:\/\/www.notibras.com\/site\/#\/schema\/person\/36ab0979449956132d3e5b517ea76ac8\",\"name\":\"Reda\u00e7\u00e3o\",\"image\":{\"@type\":\"ImageObject\",\"inLanguage\":\"pt-BR\",\"@id\":\"https:\/\/secure.gravatar.com\/avatar\/e0a867bdedb85fd243eadf09663511f96fc81e0720a4a42581f334ad4303aa6b?s=96&d=mm&r=g\",\"url\":\"https:\/\/secure.gravatar.com\/avatar\/e0a867bdedb85fd243eadf09663511f96fc81e0720a4a42581f334ad4303aa6b?s=96&d=mm&r=g\",\"contentUrl\":\"https:\/\/secure.gravatar.com\/avatar\/e0a867bdedb85fd243eadf09663511f96fc81e0720a4a42581f334ad4303aa6b?s=96&d=mm&r=g\",\"caption\":\"Reda\u00e7\u00e3o\"}}]}<\/script>\n<!-- \/ Yoast SEO plugin. -->","yoast_head_json":{"title":"Sociedade fragilizada legitima que pol\u00edcia puxe o gatilho em a\u00e7\u00e3o - Notibras","robots":{"index":"index","follow":"follow","max-snippet":"max-snippet:-1","max-image-preview":"max-image-preview:large","max-video-preview":"max-video-preview:-1"},"canonical":"https:\/\/www.notibras.com\/site\/sociedade-fragilizada-legitima-que-policia-puxe-o-gatilho-em-acao\/","og_locale":"pt_BR","og_type":"article","og_title":"Sociedade fragilizada legitima que pol\u00edcia puxe o gatilho em a\u00e7\u00e3o - Notibras","og_description":"Na \u00faltima ter\u00e7a-feira, dia 23, uma persegui\u00e7\u00e3o policial de dois indiv\u00edduos numa moto por viaturas da Rocam, tropa da Pol\u00edcia Militar que utiliza motocicletas, foi transmitida ao vivo pela TV Record e pela TV Bandeirantes. O desfecho desta atra\u00e7\u00e3o televisiva foi de dois homens, os perseguidos, baleados por um policial militar, quando j\u00e1 estavam ca\u00eddos [&hellip;]","og_url":"https:\/\/www.notibras.com\/site\/sociedade-fragilizada-legitima-que-policia-puxe-o-gatilho-em-acao\/","og_site_name":"Notibras","article_publisher":"https:\/\/www.facebook.com\/notibras\/","article_published_time":"2015-06-27T02:42:14+00:00","og_image":[{"width":473,"height":342,"url":"https:\/\/www.notibras.com\/site\/wp-content\/uploads\/2015\/06\/Policiais-Militares-Ostensivas-Candido-ROCAM_ACRIMA20110815_0014_15.jpg","type":"image\/jpeg"}],"author":"Reda\u00e7\u00e3o","twitter_card":"summary_large_image","twitter_creator":"@Notibras","twitter_site":"@Notibras","twitter_misc":{"Escrito por":"Reda\u00e7\u00e3o","Est. tempo de leitura":"5 minutos"},"schema":{"@context":"https:\/\/schema.org","@graph":[{"@type":"Article","@id":"https:\/\/www.notibras.com\/site\/sociedade-fragilizada-legitima-que-policia-puxe-o-gatilho-em-acao\/#article","isPartOf":{"@id":"https:\/\/www.notibras.com\/site\/sociedade-fragilizada-legitima-que-policia-puxe-o-gatilho-em-acao\/"},"author":{"name":"Reda\u00e7\u00e3o","@id":"https:\/\/www.notibras.com\/site\/#\/schema\/person\/36ab0979449956132d3e5b517ea76ac8"},"headline":"Sociedade fragilizada legitima que pol\u00edcia puxe o gatilho em a\u00e7\u00e3o","datePublished":"2015-06-27T02:42:14+00:00","mainEntityOfPage":{"@id":"https:\/\/www.notibras.com\/site\/sociedade-fragilizada-legitima-que-policia-puxe-o-gatilho-em-acao\/"},"wordCount":947,"commentCount":0,"publisher":{"@id":"https:\/\/www.notibras.com\/site\/#organization"},"image":{"@id":"https:\/\/www.notibras.com\/site\/sociedade-fragilizada-legitima-que-policia-puxe-o-gatilho-em-acao\/#primaryimage"},"thumbnailUrl":"https:\/\/www.notibras.com\/site\/wp-content\/uploads\/2015\/06\/Policiais-Militares-Ostensivas-Candido-ROCAM_ACRIMA20110815_0014_15.jpg","articleSection":["Opina a\u00ed"],"inLanguage":"pt-BR","potentialAction":[{"@type":"CommentAction","name":"Comment","target":["https:\/\/www.notibras.com\/site\/sociedade-fragilizada-legitima-que-policia-puxe-o-gatilho-em-acao\/#respond"]}]},{"@type":"WebPage","@id":"https:\/\/www.notibras.com\/site\/sociedade-fragilizada-legitima-que-policia-puxe-o-gatilho-em-acao\/","url":"https:\/\/www.notibras.com\/site\/sociedade-fragilizada-legitima-que-policia-puxe-o-gatilho-em-acao\/","name":"Sociedade fragilizada legitima que pol\u00edcia puxe o gatilho em a\u00e7\u00e3o - Notibras","isPartOf":{"@id":"https:\/\/www.notibras.com\/site\/#website"},"primaryImageOfPage":{"@id":"https:\/\/www.notibras.com\/site\/sociedade-fragilizada-legitima-que-policia-puxe-o-gatilho-em-acao\/#primaryimage"},"image":{"@id":"https:\/\/www.notibras.com\/site\/sociedade-fragilizada-legitima-que-policia-puxe-o-gatilho-em-acao\/#primaryimage"},"thumbnailUrl":"https:\/\/www.notibras.com\/site\/wp-content\/uploads\/2015\/06\/Policiais-Militares-Ostensivas-Candido-ROCAM_ACRIMA20110815_0014_15.jpg","datePublished":"2015-06-27T02:42:14+00:00","breadcrumb":{"@id":"https:\/\/www.notibras.com\/site\/sociedade-fragilizada-legitima-que-policia-puxe-o-gatilho-em-acao\/#breadcrumb"},"inLanguage":"pt-BR","potentialAction":[{"@type":"ReadAction","target":["https:\/\/www.notibras.com\/site\/sociedade-fragilizada-legitima-que-policia-puxe-o-gatilho-em-acao\/"]}]},{"@type":"ImageObject","inLanguage":"pt-BR","@id":"https:\/\/www.notibras.com\/site\/sociedade-fragilizada-legitima-que-policia-puxe-o-gatilho-em-acao\/#primaryimage","url":"https:\/\/www.notibras.com\/site\/wp-content\/uploads\/2015\/06\/Policiais-Militares-Ostensivas-Candido-ROCAM_ACRIMA20110815_0014_15.jpg","contentUrl":"https:\/\/www.notibras.com\/site\/wp-content\/uploads\/2015\/06\/Policiais-Militares-Ostensivas-Candido-ROCAM_ACRIMA20110815_0014_15.jpg","width":473,"height":342},{"@type":"BreadcrumbList","@id":"https:\/\/www.notibras.com\/site\/sociedade-fragilizada-legitima-que-policia-puxe-o-gatilho-em-acao\/#breadcrumb","itemListElement":[{"@type":"ListItem","position":1,"name":"In\u00edcio","item":"https:\/\/www.notibras.com\/site\/"},{"@type":"ListItem","position":2,"name":"Sociedade fragilizada legitima que pol\u00edcia puxe o gatilho em a\u00e7\u00e3o"}]},{"@type":"WebSite","@id":"https:\/\/www.notibras.com\/site\/#website","url":"https:\/\/www.notibras.com\/site\/","name":"Notibras","description":"Not\u00edcias de Bras\u00edlia, do Brasil e do Mundo","publisher":{"@id":"https:\/\/www.notibras.com\/site\/#organization"},"potentialAction":[{"@type":"SearchAction","target":{"@type":"EntryPoint","urlTemplate":"https:\/\/www.notibras.com\/site\/?s={search_term_string}"},"query-input":{"@type":"PropertyValueSpecification","valueRequired":true,"valueName":"search_term_string"}}],"inLanguage":"pt-BR"},{"@type":"Organization","@id":"https:\/\/www.notibras.com\/site\/#organization","name":"Grupo Notibras de Comunica\u00e7\u00e3o","url":"https:\/\/www.notibras.com\/site\/","logo":{"@type":"ImageObject","inLanguage":"pt-BR","@id":"https:\/\/www.notibras.com\/site\/#\/schema\/logo\/image\/","url":"https:\/\/www.notibras.com\/site\/wp-content\/uploads\/2023\/01\/notibras23.png","contentUrl":"https:\/\/www.notibras.com\/site\/wp-content\/uploads\/2023\/01\/notibras23.png","width":350,"height":87,"caption":"Grupo Notibras de Comunica\u00e7\u00e3o"},"image":{"@id":"https:\/\/www.notibras.com\/site\/#\/schema\/logo\/image\/"},"sameAs":["https:\/\/www.facebook.com\/notibras\/","https:\/\/x.com\/Notibras","https:\/\/www.instagram.com\/notibras\/"]},{"@type":"Person","@id":"https:\/\/www.notibras.com\/site\/#\/schema\/person\/36ab0979449956132d3e5b517ea76ac8","name":"Reda\u00e7\u00e3o","image":{"@type":"ImageObject","inLanguage":"pt-BR","@id":"https:\/\/secure.gravatar.com\/avatar\/e0a867bdedb85fd243eadf09663511f96fc81e0720a4a42581f334ad4303aa6b?s=96&d=mm&r=g","url":"https:\/\/secure.gravatar.com\/avatar\/e0a867bdedb85fd243eadf09663511f96fc81e0720a4a42581f334ad4303aa6b?s=96&d=mm&r=g","contentUrl":"https:\/\/secure.gravatar.com\/avatar\/e0a867bdedb85fd243eadf09663511f96fc81e0720a4a42581f334ad4303aa6b?s=96&d=mm&r=g","caption":"Reda\u00e7\u00e3o"}}]}},"amp_enabled":true,"_links":{"self":[{"href":"https:\/\/www.notibras.com\/site\/wp-json\/wp\/v2\/posts\/55155","targetHints":{"allow":["GET"]}}],"collection":[{"href":"https:\/\/www.notibras.com\/site\/wp-json\/wp\/v2\/posts"}],"about":[{"href":"https:\/\/www.notibras.com\/site\/wp-json\/wp\/v2\/types\/post"}],"author":[{"embeddable":true,"href":"https:\/\/www.notibras.com\/site\/wp-json\/wp\/v2\/users\/2"}],"replies":[{"embeddable":true,"href":"https:\/\/www.notibras.com\/site\/wp-json\/wp\/v2\/comments?post=55155"}],"version-history":[{"count":0,"href":"https:\/\/www.notibras.com\/site\/wp-json\/wp\/v2\/posts\/55155\/revisions"}],"wp:featuredmedia":[{"embeddable":true,"href":"https:\/\/www.notibras.com\/site\/wp-json\/wp\/v2\/media\/55156"}],"wp:attachment":[{"href":"https:\/\/www.notibras.com\/site\/wp-json\/wp\/v2\/media?parent=55155"}],"wp:term":[{"taxonomy":"category","embeddable":true,"href":"https:\/\/www.notibras.com\/site\/wp-json\/wp\/v2\/categories?post=55155"},{"taxonomy":"post_tag","embeddable":true,"href":"https:\/\/www.notibras.com\/site\/wp-json\/wp\/v2\/tags?post=55155"}],"curies":[{"name":"wp","href":"https:\/\/api.w.org\/{rel}","templated":true}]}}