{"id":5518,"date":"2014-03-28T13:03:31","date_gmt":"2014-03-28T16:03:31","guid":{"rendered":"http:\/\/www.notibras.com\/site\/?p=5518"},"modified":"2016-07-30T16:59:14","modified_gmt":"2016-07-30T19:59:14","slug":"villa-las-estrellas-64-habitantes-uma-cidadezinha-encravada-na-antartica","status":"publish","type":"post","link":"https:\/\/www.notibras.com\/site\/villa-las-estrellas-64-habitantes-uma-cidadezinha-encravada-na-antartica\/","title":{"rendered":"Villa las Estrellas, 64 habitantes; uma cidadezinha encravada na Ant\u00e1rtica"},"content":{"rendered":"<p>A professora se prepara para mais um dia de aula, enquanto os alunos pegam cadernos e l\u00e1pis para anotar a li\u00e7\u00e3o. Estamos em uma escola de ensino fundamental chilena, igual a tantas outras, com a exce\u00e7\u00e3o de que fica em Villa Las Estrellas, uma cidadezinha em plena Ant\u00e1rtica.<\/p>\n<p>Vizinha \u00e0 base chilena de Frei, na ba\u00eda Fildes, a cidade tem 64 habitantes, entre homens, mulheres e crian\u00e7as que moram em pouco mais de uma dezena de casas.<\/p>\n<p>Al\u00e9m de escola, possui mercado, shopping, correios, academia de gin\u00e1stica e at\u00e9 uma ag\u00eancia banc\u00e1ria.<\/p>\n<p>Os moradores s\u00e3o fam\u00edlias, chefiadas na maioria por militares que servem na base a\u00e9rea chilena, que precisam se adaptar \u00e0s rigorosas condi\u00e7\u00f5es do frio ant\u00e1rtico e a dividir o espa\u00e7o com animais como os pinguins-papua ou pinguins-gentoo (Pygoscelis papua), com seus caracter\u00edsticos bico e patas alaranjados, abundantes nas praias da regi\u00e3o.<\/p>\n<p>&#8220;Viver aqui \u00e9 divertido, em compara\u00e7\u00e3o com o continente. A parte dif\u00edcil \u00e9 ter que passar muitos dias confinado por causa do frio. No inverno passado, por exemplo, passamos oito dias sem poder sair de casa por causa do vento e das nevascas&#8221;, contou \u00e0 AFP Jos\u00e9 Carill\u00e1n Rosales, diretor e professor da Escola B\u00e1sica de Villa Las Estrellas.<\/p>\n<p>Morar na Ant\u00e1rtica exige planejamento. Os itens de higiene pessoal, como pasta de dente e sabonetes, precisam ser trazidos do continente e armazenados, assim como os alimentos, que devem ser congelados.<\/p>\n<p>O mercadinho local abre apenas duas vezes por semana, \u00e0s ter\u00e7as e sextas-feiras, e n\u00e3o tem variedade, apenas coisas b\u00e1sicas, uma marca de cada produto.<\/p>\n<p>Faz dois anos que Rosales, origin\u00e1rio de Chill\u00e1n, oitava regi\u00e3o do Chile, a 450 km de Santiago, onde as temperaturas podem chegar aos 38\u00baC no ver\u00e3o, vive na Ant\u00e1rtica com a mulher, tamb\u00e9m professora da escola de ensino fundamental, e os dois filhos pequenos, um menino que est\u00e1 na sexta s\u00e9rie e uma menina, na segunda.<\/p>\n<p>Apesar de ter que se adaptar ao inverno, quando as temperaturas podem despencar at\u00e9 os &#8211; 40\u00baC, ele v\u00ea vantagens em morar aqui.<\/p>\n<p>&#8220;Aqui a vida \u00e9 tranquila, a gente n\u00e3o se preocupa com assaltos, com o tr\u00e2nsito. Al\u00e9m disso, l\u00e1 no continente, a gente v\u00ea o filho na hora do almo\u00e7o e \u00e0 noite. Aqui estou com eles o dia todo&#8221;, afirmou.<\/p>\n<p>Estas vantagens, al\u00e9m do sal\u00e1rio cinco vezes maior, atraem os professores de todo o Chile a viver em um ambiente t\u00e3o in\u00f3spito.<\/p>\n<p>&#8220;Para vir para c\u00e1, os professores participam de um concurso nacional. Aqueles que querem vir e cumprem os requisitos, podem se candidatar&#8221;, relatou \u00e0 AFP a professora Maria Cristina Hern\u00e1ndez, esposa de Rosales.<\/p>\n<p>&#8220;O primeiro requisito \u00e9 ser casado e que ambos sejam professores. Al\u00e9m disso, pedem muitas coisas no curr\u00edculo, como licenciatura, experi\u00eancia de pelo menos um ano trabalhando. Depois, o minist\u00e9rio [da Educa\u00e7\u00e3o] aplica diferentes provas e manda a sele\u00e7\u00e3o para a For\u00e7a A\u00e9rea, que escolhe as pessoas&#8221;, relatou.<\/p>\n<p>N\u00e3o s\u00e3o aceitos candidatos solteiros porque os selecionados precisar\u00e3o dividir uma \u00fanica casa, explicou Maria Cristina. No fim deste ano, um novo concurso dever\u00e1 ser realizado.<\/p>\n<p>A escola funciona desde 1985 e tem duas salas, um sal\u00e3o grande para atividades diversas, armaz\u00e9m, dois banheiros, uma pequena sala de computa\u00e7\u00e3o. As aulas s\u00e3o ministradas das 08h30 \u00e0s 13h00 e das 14h30 \u00e0s 16h00. O curr\u00edculo \u00e9 o mesmo do de outras escolas do Chile ou &#8220;do continente&#8221;, como dizem os moradores de Villa, embora a Ant\u00e1rtida ainda seja um territ\u00f3rio sem dono.<\/p>\n<p>Por l\u00e1 j\u00e1 passaram 290 crian\u00e7as, filhos e filhas de oficiais da For\u00e7a A\u00e9rea Chilena e dos professores e funcion\u00e1rios que trabalham ali. Atualmente, seis crian\u00e7as estudam na escola: duas na segunda s\u00e9rie, duas na quarta, uma na sexta e outra na s\u00e9tima.<\/p>\n<p>Josefina Opaso, de 9 anos, \u00e9 filha de um oficial da For\u00e7a A\u00e9rea e do Chile e de uma funcion\u00e1ria do pequeno shopping da vila.<\/p>\n<p>Na quarta s\u00e9rie da escola, ela relata com entusiasmo as coisas de que mais gosta de viver na Ant\u00e1rtica.<\/p>\n<p>&#8220;\u00c9 fascinante viver em um lugar aonde quase ningu\u00e9m vem. Tamb\u00e9m \u00e9 um desafio porque pra viver aqui, temos que sair sempre muito bem agasalhados e \u00e0s vezes nem mesmo podemos sair por causa das nevascas. Essa \u00e9 a parte dif\u00edcil de viver na Ant\u00e1rtica&#8221;, contou a menina, acrescentando que se pudesse escolher entre ficar em casa e visitar a fam\u00edlia, em Santiago, n\u00e3o hesitaria em passar as f\u00e9rias no continente gelado.<\/p>\n<p>Al\u00e9m das vantagens financeiras, viver novas experi\u00eancias parece ser um atrativo a mais para os chilenos que decidem residir ali.<\/p>\n<p>Morando em Villa desde dezembro passado e com contrato at\u00e9 julho pr\u00f3ximo, Francisco Fuentes, de 62 anos, gerencia a \u00fanica ag\u00eancia do banco BCI na cidade.<\/p>\n<p>Casado h\u00e1 37 anos, pai de dois filhos adultos, ele deixou a fam\u00edlia no Chile para ser o \u00fanico funcion\u00e1rio do banco que funciona diariamente, das 10h00 \u00e0s 14h30 e das 16h00 \u00e0s 18h30.<\/p>\n<p>Ali, seus cerca de 80 clientes &#8211; que trabalham em bases chilenas, Frei e a vizinha Governa\u00e7\u00e3o Ant\u00e1rtica Mar\u00edtima chilena &#8211; podem fazer saques em pesos chilenos, transfer\u00eancias, trocar d\u00f3lares e fazer investimentos.<\/p>\n<p>&#8220;O que gosto de fazer aqui s\u00e3o coisas impens\u00e1veis quando eu vivia no continente, como voar de helic\u00f3ptero sobre os glaciares&#8221;, disse Fuentes, que ganha 120% mais do que ganhava no Chile para viver e trabalhar na Ant\u00e1rtica.<\/p>\n","protected":false},"excerpt":{"rendered":"<p>A professora se prepara para mais um dia de aula, enquanto os alunos pegam cadernos e l\u00e1pis para anotar a li\u00e7\u00e3o. Estamos em uma escola de ensino fundamental chilena, igual a tantas outras, com a exce\u00e7\u00e3o de que fica em Villa Las Estrellas, uma cidadezinha em plena Ant\u00e1rtica. Vizinha \u00e0 base chilena de Frei, na [&hellip;]<\/p>\n","protected":false},"author":2,"featured_media":5519,"comment_status":"open","ping_status":"closed","sticky":false,"template":"","format":"standard","meta":{"_acf_changed":false,"footnotes":""},"categories":[71],"tags":[],"class_list":["post-5518","post","type-post","status-publish","format-standard","has-post-thumbnail","hentry","category-curiosidades"],"acf":[],"yoast_head":"<!-- This site is optimized with the Yoast SEO plugin v27.2 - https:\/\/yoast.com\/product\/yoast-seo-wordpress\/ -->\n<title>Villa las Estrellas, 64 habitantes; uma cidadezinha encravada na Ant\u00e1rtica - Notibras<\/title>\n<meta name=\"robots\" content=\"index, follow, max-snippet:-1, max-image-preview:large, max-video-preview:-1\" \/>\n<link rel=\"canonical\" href=\"https:\/\/www.notibras.com\/site\/villa-las-estrellas-64-habitantes-uma-cidadezinha-encravada-na-antartica\/\" \/>\n<meta property=\"og:locale\" content=\"pt_BR\" \/>\n<meta property=\"og:type\" content=\"article\" \/>\n<meta property=\"og:title\" content=\"Villa las Estrellas, 64 habitantes; uma cidadezinha encravada na Ant\u00e1rtica - Notibras\" \/>\n<meta property=\"og:description\" content=\"A professora se prepara para mais um dia de aula, enquanto os alunos pegam cadernos e l\u00e1pis para anotar a li\u00e7\u00e3o. Estamos em uma escola de ensino fundamental chilena, igual a tantas outras, com a exce\u00e7\u00e3o de que fica em Villa Las Estrellas, uma cidadezinha em plena Ant\u00e1rtica. Vizinha \u00e0 base chilena de Frei, na [&hellip;]\" \/>\n<meta property=\"og:url\" content=\"https:\/\/www.notibras.com\/site\/villa-las-estrellas-64-habitantes-uma-cidadezinha-encravada-na-antartica\/\" \/>\n<meta property=\"og:site_name\" content=\"Notibras\" \/>\n<meta property=\"article:publisher\" content=\"https:\/\/www.facebook.com\/notibras\/\" \/>\n<meta property=\"article:published_time\" content=\"2014-03-28T16:03:31+00:00\" \/>\n<meta property=\"article:modified_time\" content=\"2016-07-30T19:59:14+00:00\" \/>\n<meta property=\"og:image\" content=\"https:\/\/www.notibras.com\/site\/wp-content\/uploads\/2014\/03\/400_1271361866_villa-eestrellas-antartica-chile.jpg\" \/>\n\t<meta property=\"og:image:width\" content=\"400\" \/>\n\t<meta property=\"og:image:height\" content=\"267\" \/>\n\t<meta property=\"og:image:type\" content=\"image\/jpeg\" \/>\n<meta name=\"author\" content=\"Reda\u00e7\u00e3o\" \/>\n<meta name=\"twitter:card\" content=\"summary_large_image\" \/>\n<meta name=\"twitter:creator\" content=\"@Notibras\" \/>\n<meta name=\"twitter:site\" content=\"@Notibras\" \/>\n<meta name=\"twitter:label1\" content=\"Escrito por\" \/>\n\t<meta name=\"twitter:data1\" content=\"Reda\u00e7\u00e3o\" \/>\n\t<meta name=\"twitter:label2\" content=\"Est. tempo de leitura\" \/>\n\t<meta name=\"twitter:data2\" content=\"5 minutos\" \/>\n<script type=\"application\/ld+json\" class=\"yoast-schema-graph\">{\"@context\":\"https:\/\/schema.org\",\"@graph\":[{\"@type\":\"Article\",\"@id\":\"https:\/\/www.notibras.com\/site\/villa-las-estrellas-64-habitantes-uma-cidadezinha-encravada-na-antartica\/#article\",\"isPartOf\":{\"@id\":\"https:\/\/www.notibras.com\/site\/villa-las-estrellas-64-habitantes-uma-cidadezinha-encravada-na-antartica\/\"},\"author\":{\"name\":\"Reda\u00e7\u00e3o\",\"@id\":\"https:\/\/www.notibras.com\/site\/#\/schema\/person\/36ab0979449956132d3e5b517ea76ac8\"},\"headline\":\"Villa las Estrellas, 64 habitantes; uma cidadezinha encravada na Ant\u00e1rtica\",\"datePublished\":\"2014-03-28T16:03:31+00:00\",\"dateModified\":\"2016-07-30T19:59:14+00:00\",\"mainEntityOfPage\":{\"@id\":\"https:\/\/www.notibras.com\/site\/villa-las-estrellas-64-habitantes-uma-cidadezinha-encravada-na-antartica\/\"},\"wordCount\":963,\"commentCount\":0,\"publisher\":{\"@id\":\"https:\/\/www.notibras.com\/site\/#organization\"},\"image\":{\"@id\":\"https:\/\/www.notibras.com\/site\/villa-las-estrellas-64-habitantes-uma-cidadezinha-encravada-na-antartica\/#primaryimage\"},\"thumbnailUrl\":\"https:\/\/www.notibras.com\/site\/wp-content\/uploads\/2014\/03\/400_1271361866_villa-eestrellas-antartica-chile.jpg\",\"articleSection\":[\"Curiosidades\"],\"inLanguage\":\"pt-BR\",\"potentialAction\":[{\"@type\":\"CommentAction\",\"name\":\"Comment\",\"target\":[\"https:\/\/www.notibras.com\/site\/villa-las-estrellas-64-habitantes-uma-cidadezinha-encravada-na-antartica\/#respond\"]}]},{\"@type\":\"WebPage\",\"@id\":\"https:\/\/www.notibras.com\/site\/villa-las-estrellas-64-habitantes-uma-cidadezinha-encravada-na-antartica\/\",\"url\":\"https:\/\/www.notibras.com\/site\/villa-las-estrellas-64-habitantes-uma-cidadezinha-encravada-na-antartica\/\",\"name\":\"Villa las Estrellas, 64 habitantes; uma cidadezinha encravada na Ant\u00e1rtica - Notibras\",\"isPartOf\":{\"@id\":\"https:\/\/www.notibras.com\/site\/#website\"},\"primaryImageOfPage\":{\"@id\":\"https:\/\/www.notibras.com\/site\/villa-las-estrellas-64-habitantes-uma-cidadezinha-encravada-na-antartica\/#primaryimage\"},\"image\":{\"@id\":\"https:\/\/www.notibras.com\/site\/villa-las-estrellas-64-habitantes-uma-cidadezinha-encravada-na-antartica\/#primaryimage\"},\"thumbnailUrl\":\"https:\/\/www.notibras.com\/site\/wp-content\/uploads\/2014\/03\/400_1271361866_villa-eestrellas-antartica-chile.jpg\",\"datePublished\":\"2014-03-28T16:03:31+00:00\",\"dateModified\":\"2016-07-30T19:59:14+00:00\",\"breadcrumb\":{\"@id\":\"https:\/\/www.notibras.com\/site\/villa-las-estrellas-64-habitantes-uma-cidadezinha-encravada-na-antartica\/#breadcrumb\"},\"inLanguage\":\"pt-BR\",\"potentialAction\":[{\"@type\":\"ReadAction\",\"target\":[\"https:\/\/www.notibras.com\/site\/villa-las-estrellas-64-habitantes-uma-cidadezinha-encravada-na-antartica\/\"]}]},{\"@type\":\"ImageObject\",\"inLanguage\":\"pt-BR\",\"@id\":\"https:\/\/www.notibras.com\/site\/villa-las-estrellas-64-habitantes-uma-cidadezinha-encravada-na-antartica\/#primaryimage\",\"url\":\"https:\/\/www.notibras.com\/site\/wp-content\/uploads\/2014\/03\/400_1271361866_villa-eestrellas-antartica-chile.jpg\",\"contentUrl\":\"https:\/\/www.notibras.com\/site\/wp-content\/uploads\/2014\/03\/400_1271361866_villa-eestrellas-antartica-chile.jpg\",\"width\":400,\"height\":267},{\"@type\":\"BreadcrumbList\",\"@id\":\"https:\/\/www.notibras.com\/site\/villa-las-estrellas-64-habitantes-uma-cidadezinha-encravada-na-antartica\/#breadcrumb\",\"itemListElement\":[{\"@type\":\"ListItem\",\"position\":1,\"name\":\"In\u00edcio\",\"item\":\"https:\/\/www.notibras.com\/site\/\"},{\"@type\":\"ListItem\",\"position\":2,\"name\":\"Villa las Estrellas, 64 habitantes; uma cidadezinha encravada na Ant\u00e1rtica\"}]},{\"@type\":\"WebSite\",\"@id\":\"https:\/\/www.notibras.com\/site\/#website\",\"url\":\"https:\/\/www.notibras.com\/site\/\",\"name\":\"Notibras\",\"description\":\"Not\u00edcias de Bras\u00edlia, do Brasil e do Mundo\",\"publisher\":{\"@id\":\"https:\/\/www.notibras.com\/site\/#organization\"},\"potentialAction\":[{\"@type\":\"SearchAction\",\"target\":{\"@type\":\"EntryPoint\",\"urlTemplate\":\"https:\/\/www.notibras.com\/site\/?s={search_term_string}\"},\"query-input\":{\"@type\":\"PropertyValueSpecification\",\"valueRequired\":true,\"valueName\":\"search_term_string\"}}],\"inLanguage\":\"pt-BR\"},{\"@type\":\"Organization\",\"@id\":\"https:\/\/www.notibras.com\/site\/#organization\",\"name\":\"Grupo Notibras de Comunica\u00e7\u00e3o\",\"url\":\"https:\/\/www.notibras.com\/site\/\",\"logo\":{\"@type\":\"ImageObject\",\"inLanguage\":\"pt-BR\",\"@id\":\"https:\/\/www.notibras.com\/site\/#\/schema\/logo\/image\/\",\"url\":\"https:\/\/www.notibras.com\/site\/wp-content\/uploads\/2023\/01\/notibras23.png\",\"contentUrl\":\"https:\/\/www.notibras.com\/site\/wp-content\/uploads\/2023\/01\/notibras23.png\",\"width\":350,\"height\":87,\"caption\":\"Grupo Notibras de Comunica\u00e7\u00e3o\"},\"image\":{\"@id\":\"https:\/\/www.notibras.com\/site\/#\/schema\/logo\/image\/\"},\"sameAs\":[\"https:\/\/www.facebook.com\/notibras\/\",\"https:\/\/x.com\/Notibras\",\"https:\/\/www.instagram.com\/notibras\/\"]},{\"@type\":\"Person\",\"@id\":\"https:\/\/www.notibras.com\/site\/#\/schema\/person\/36ab0979449956132d3e5b517ea76ac8\",\"name\":\"Reda\u00e7\u00e3o\",\"image\":{\"@type\":\"ImageObject\",\"inLanguage\":\"pt-BR\",\"@id\":\"https:\/\/secure.gravatar.com\/avatar\/e0a867bdedb85fd243eadf09663511f96fc81e0720a4a42581f334ad4303aa6b?s=96&d=mm&r=g\",\"url\":\"https:\/\/secure.gravatar.com\/avatar\/e0a867bdedb85fd243eadf09663511f96fc81e0720a4a42581f334ad4303aa6b?s=96&d=mm&r=g\",\"contentUrl\":\"https:\/\/secure.gravatar.com\/avatar\/e0a867bdedb85fd243eadf09663511f96fc81e0720a4a42581f334ad4303aa6b?s=96&d=mm&r=g\",\"caption\":\"Reda\u00e7\u00e3o\"}}]}<\/script>\n<!-- \/ Yoast SEO plugin. -->","yoast_head_json":{"title":"Villa las Estrellas, 64 habitantes; uma cidadezinha encravada na Ant\u00e1rtica - Notibras","robots":{"index":"index","follow":"follow","max-snippet":"max-snippet:-1","max-image-preview":"max-image-preview:large","max-video-preview":"max-video-preview:-1"},"canonical":"https:\/\/www.notibras.com\/site\/villa-las-estrellas-64-habitantes-uma-cidadezinha-encravada-na-antartica\/","og_locale":"pt_BR","og_type":"article","og_title":"Villa las Estrellas, 64 habitantes; uma cidadezinha encravada na Ant\u00e1rtica - Notibras","og_description":"A professora se prepara para mais um dia de aula, enquanto os alunos pegam cadernos e l\u00e1pis para anotar a li\u00e7\u00e3o. Estamos em uma escola de ensino fundamental chilena, igual a tantas outras, com a exce\u00e7\u00e3o de que fica em Villa Las Estrellas, uma cidadezinha em plena Ant\u00e1rtica. Vizinha \u00e0 base chilena de Frei, na [&hellip;]","og_url":"https:\/\/www.notibras.com\/site\/villa-las-estrellas-64-habitantes-uma-cidadezinha-encravada-na-antartica\/","og_site_name":"Notibras","article_publisher":"https:\/\/www.facebook.com\/notibras\/","article_published_time":"2014-03-28T16:03:31+00:00","article_modified_time":"2016-07-30T19:59:14+00:00","og_image":[{"width":400,"height":267,"url":"https:\/\/www.notibras.com\/site\/wp-content\/uploads\/2014\/03\/400_1271361866_villa-eestrellas-antartica-chile.jpg","type":"image\/jpeg"}],"author":"Reda\u00e7\u00e3o","twitter_card":"summary_large_image","twitter_creator":"@Notibras","twitter_site":"@Notibras","twitter_misc":{"Escrito por":"Reda\u00e7\u00e3o","Est. tempo de leitura":"5 minutos"},"schema":{"@context":"https:\/\/schema.org","@graph":[{"@type":"Article","@id":"https:\/\/www.notibras.com\/site\/villa-las-estrellas-64-habitantes-uma-cidadezinha-encravada-na-antartica\/#article","isPartOf":{"@id":"https:\/\/www.notibras.com\/site\/villa-las-estrellas-64-habitantes-uma-cidadezinha-encravada-na-antartica\/"},"author":{"name":"Reda\u00e7\u00e3o","@id":"https:\/\/www.notibras.com\/site\/#\/schema\/person\/36ab0979449956132d3e5b517ea76ac8"},"headline":"Villa las Estrellas, 64 habitantes; uma cidadezinha encravada na Ant\u00e1rtica","datePublished":"2014-03-28T16:03:31+00:00","dateModified":"2016-07-30T19:59:14+00:00","mainEntityOfPage":{"@id":"https:\/\/www.notibras.com\/site\/villa-las-estrellas-64-habitantes-uma-cidadezinha-encravada-na-antartica\/"},"wordCount":963,"commentCount":0,"publisher":{"@id":"https:\/\/www.notibras.com\/site\/#organization"},"image":{"@id":"https:\/\/www.notibras.com\/site\/villa-las-estrellas-64-habitantes-uma-cidadezinha-encravada-na-antartica\/#primaryimage"},"thumbnailUrl":"https:\/\/www.notibras.com\/site\/wp-content\/uploads\/2014\/03\/400_1271361866_villa-eestrellas-antartica-chile.jpg","articleSection":["Curiosidades"],"inLanguage":"pt-BR","potentialAction":[{"@type":"CommentAction","name":"Comment","target":["https:\/\/www.notibras.com\/site\/villa-las-estrellas-64-habitantes-uma-cidadezinha-encravada-na-antartica\/#respond"]}]},{"@type":"WebPage","@id":"https:\/\/www.notibras.com\/site\/villa-las-estrellas-64-habitantes-uma-cidadezinha-encravada-na-antartica\/","url":"https:\/\/www.notibras.com\/site\/villa-las-estrellas-64-habitantes-uma-cidadezinha-encravada-na-antartica\/","name":"Villa las Estrellas, 64 habitantes; uma cidadezinha encravada na Ant\u00e1rtica - Notibras","isPartOf":{"@id":"https:\/\/www.notibras.com\/site\/#website"},"primaryImageOfPage":{"@id":"https:\/\/www.notibras.com\/site\/villa-las-estrellas-64-habitantes-uma-cidadezinha-encravada-na-antartica\/#primaryimage"},"image":{"@id":"https:\/\/www.notibras.com\/site\/villa-las-estrellas-64-habitantes-uma-cidadezinha-encravada-na-antartica\/#primaryimage"},"thumbnailUrl":"https:\/\/www.notibras.com\/site\/wp-content\/uploads\/2014\/03\/400_1271361866_villa-eestrellas-antartica-chile.jpg","datePublished":"2014-03-28T16:03:31+00:00","dateModified":"2016-07-30T19:59:14+00:00","breadcrumb":{"@id":"https:\/\/www.notibras.com\/site\/villa-las-estrellas-64-habitantes-uma-cidadezinha-encravada-na-antartica\/#breadcrumb"},"inLanguage":"pt-BR","potentialAction":[{"@type":"ReadAction","target":["https:\/\/www.notibras.com\/site\/villa-las-estrellas-64-habitantes-uma-cidadezinha-encravada-na-antartica\/"]}]},{"@type":"ImageObject","inLanguage":"pt-BR","@id":"https:\/\/www.notibras.com\/site\/villa-las-estrellas-64-habitantes-uma-cidadezinha-encravada-na-antartica\/#primaryimage","url":"https:\/\/www.notibras.com\/site\/wp-content\/uploads\/2014\/03\/400_1271361866_villa-eestrellas-antartica-chile.jpg","contentUrl":"https:\/\/www.notibras.com\/site\/wp-content\/uploads\/2014\/03\/400_1271361866_villa-eestrellas-antartica-chile.jpg","width":400,"height":267},{"@type":"BreadcrumbList","@id":"https:\/\/www.notibras.com\/site\/villa-las-estrellas-64-habitantes-uma-cidadezinha-encravada-na-antartica\/#breadcrumb","itemListElement":[{"@type":"ListItem","position":1,"name":"In\u00edcio","item":"https:\/\/www.notibras.com\/site\/"},{"@type":"ListItem","position":2,"name":"Villa las Estrellas, 64 habitantes; uma cidadezinha encravada na Ant\u00e1rtica"}]},{"@type":"WebSite","@id":"https:\/\/www.notibras.com\/site\/#website","url":"https:\/\/www.notibras.com\/site\/","name":"Notibras","description":"Not\u00edcias de Bras\u00edlia, do Brasil e do Mundo","publisher":{"@id":"https:\/\/www.notibras.com\/site\/#organization"},"potentialAction":[{"@type":"SearchAction","target":{"@type":"EntryPoint","urlTemplate":"https:\/\/www.notibras.com\/site\/?s={search_term_string}"},"query-input":{"@type":"PropertyValueSpecification","valueRequired":true,"valueName":"search_term_string"}}],"inLanguage":"pt-BR"},{"@type":"Organization","@id":"https:\/\/www.notibras.com\/site\/#organization","name":"Grupo Notibras de Comunica\u00e7\u00e3o","url":"https:\/\/www.notibras.com\/site\/","logo":{"@type":"ImageObject","inLanguage":"pt-BR","@id":"https:\/\/www.notibras.com\/site\/#\/schema\/logo\/image\/","url":"https:\/\/www.notibras.com\/site\/wp-content\/uploads\/2023\/01\/notibras23.png","contentUrl":"https:\/\/www.notibras.com\/site\/wp-content\/uploads\/2023\/01\/notibras23.png","width":350,"height":87,"caption":"Grupo Notibras de Comunica\u00e7\u00e3o"},"image":{"@id":"https:\/\/www.notibras.com\/site\/#\/schema\/logo\/image\/"},"sameAs":["https:\/\/www.facebook.com\/notibras\/","https:\/\/x.com\/Notibras","https:\/\/www.instagram.com\/notibras\/"]},{"@type":"Person","@id":"https:\/\/www.notibras.com\/site\/#\/schema\/person\/36ab0979449956132d3e5b517ea76ac8","name":"Reda\u00e7\u00e3o","image":{"@type":"ImageObject","inLanguage":"pt-BR","@id":"https:\/\/secure.gravatar.com\/avatar\/e0a867bdedb85fd243eadf09663511f96fc81e0720a4a42581f334ad4303aa6b?s=96&d=mm&r=g","url":"https:\/\/secure.gravatar.com\/avatar\/e0a867bdedb85fd243eadf09663511f96fc81e0720a4a42581f334ad4303aa6b?s=96&d=mm&r=g","contentUrl":"https:\/\/secure.gravatar.com\/avatar\/e0a867bdedb85fd243eadf09663511f96fc81e0720a4a42581f334ad4303aa6b?s=96&d=mm&r=g","caption":"Reda\u00e7\u00e3o"}}]}},"amp_enabled":true,"_links":{"self":[{"href":"https:\/\/www.notibras.com\/site\/wp-json\/wp\/v2\/posts\/5518","targetHints":{"allow":["GET"]}}],"collection":[{"href":"https:\/\/www.notibras.com\/site\/wp-json\/wp\/v2\/posts"}],"about":[{"href":"https:\/\/www.notibras.com\/site\/wp-json\/wp\/v2\/types\/post"}],"author":[{"embeddable":true,"href":"https:\/\/www.notibras.com\/site\/wp-json\/wp\/v2\/users\/2"}],"replies":[{"embeddable":true,"href":"https:\/\/www.notibras.com\/site\/wp-json\/wp\/v2\/comments?post=5518"}],"version-history":[{"count":1,"href":"https:\/\/www.notibras.com\/site\/wp-json\/wp\/v2\/posts\/5518\/revisions"}],"predecessor-version":[{"id":110067,"href":"https:\/\/www.notibras.com\/site\/wp-json\/wp\/v2\/posts\/5518\/revisions\/110067"}],"wp:featuredmedia":[{"embeddable":true,"href":"https:\/\/www.notibras.com\/site\/wp-json\/wp\/v2\/media\/5519"}],"wp:attachment":[{"href":"https:\/\/www.notibras.com\/site\/wp-json\/wp\/v2\/media?parent=5518"}],"wp:term":[{"taxonomy":"category","embeddable":true,"href":"https:\/\/www.notibras.com\/site\/wp-json\/wp\/v2\/categories?post=5518"},{"taxonomy":"post_tag","embeddable":true,"href":"https:\/\/www.notibras.com\/site\/wp-json\/wp\/v2\/tags?post=5518"}],"curies":[{"name":"wp","href":"https:\/\/api.w.org\/{rel}","templated":true}]}}