{"id":5521,"date":"2014-03-28T13:08:00","date_gmt":"2014-03-28T16:08:00","guid":{"rendered":"http:\/\/www.notibras.com\/site\/?p=5521"},"modified":"2016-07-30T16:59:14","modified_gmt":"2016-07-30T19:59:14","slug":"tamisiocaris-a-tataravo-da-baleia-que-viveu-ha-500-milhoes-de-anos","status":"publish","type":"post","link":"https:\/\/www.notibras.com\/site\/tamisiocaris-a-tataravo-da-baleia-que-viveu-ha-500-milhoes-de-anos\/","title":{"rendered":"Tamisiocaris, a tatarav\u00f3 da baleia que viveu h\u00e1 500 milh\u00f5es de anos"},"content":{"rendered":"<p>Uma nova descoberta de cientistas trouxe \u00e0 tona uma esp\u00e9cie de animal gigante semelhante \u00e0 baleia que viveu nos oceanos h\u00e1 mais de 500 milh\u00f5es de anos, segundo informa\u00e7\u00f5es do <em>Daily Mail.<\/em><\/p>\n<p>F\u00f3sseis encontrados no nordeste da Groenl\u00e2ndia mostram que a criatura marinha tinha uma estrutura parecida com a das baleias modernas, e que possu\u00eda ap\u00eandices que filtravam comida do oceano \u2013 um processo parecido com o que fazem os animais hoje.<\/p>\n<p>O estudo descreve como essa esp\u00e9cie estranha chamada Tamisiocaris usava especialmente as partes faciais para filtrar pl\u00e2ncton. De acordo com os cientistas, as criaturas viveram h\u00e1 520 milh\u00f5es de anos, durante a Era Cambriana \u2013 quando se deu o surgimento de\u00a0grande parte dos animais de grupos complexos.<\/p>\n<p>A Tamisiocaris pertence ao grupo de animais chamado Anomalocarid\u00eddeos, um tipo primitivo de artr\u00f3pode. O autor do estudo, Dr. Jakob Vinther, da Universidade de Bristol, Inglaterra, disse que numa leitura da evolu\u00e7\u00e3o \u201cestes artr\u00f3podes primitivos s\u00e3o, ecologicamente falando, como os tubar\u00f5es e baleias da Era Cambriana\u201d.<\/p>\n<p>Dr. Martin Stein, da Universidade de Copenhague, que criou a anima\u00e7\u00e3o por computador, disse que o &#8216;tamisiocaris teria sido um predador com uma esp\u00e9cie de \u2018rede de varredura\u2019 que coletaria part\u00edculas numa \u2018malha fina&#8217;.<\/p>\n<p>Para demonstrar como seriam os animais descobertos pelos f\u00f3sseis, os cientistas criaram uma anima\u00e7\u00e3o em 3D que mostra seus movimentos e a maneira como seus corpos funcionavam.<\/p>\n","protected":false},"excerpt":{"rendered":"<p>Uma nova descoberta de cientistas trouxe \u00e0 tona uma esp\u00e9cie de animal gigante semelhante \u00e0 baleia que viveu nos oceanos h\u00e1 mais de 500 milh\u00f5es de anos, segundo informa\u00e7\u00f5es do Daily Mail. F\u00f3sseis encontrados no nordeste da Groenl\u00e2ndia mostram que a criatura marinha tinha uma estrutura parecida com a das baleias modernas, e que possu\u00eda [&hellip;]<\/p>\n","protected":false},"author":2,"featured_media":5522,"comment_status":"open","ping_status":"closed","sticky":false,"template":"","format":"standard","meta":{"_acf_changed":false,"footnotes":""},"categories":[71],"tags":[],"class_list":["post-5521","post","type-post","status-publish","format-standard","has-post-thumbnail","hentry","category-curiosidades"],"acf":[],"yoast_head":"<!-- This site is optimized with the Yoast SEO plugin v27.2 - https:\/\/yoast.com\/product\/yoast-seo-wordpress\/ -->\n<title>Tamisiocaris, a tatarav\u00f3 da baleia que viveu h\u00e1 500 milh\u00f5es de anos - Notibras<\/title>\n<meta name=\"robots\" content=\"index, follow, max-snippet:-1, max-image-preview:large, max-video-preview:-1\" \/>\n<link rel=\"canonical\" href=\"https:\/\/www.notibras.com\/site\/tamisiocaris-a-tataravo-da-baleia-que-viveu-ha-500-milhoes-de-anos\/\" \/>\n<meta property=\"og:locale\" content=\"pt_BR\" \/>\n<meta property=\"og:type\" content=\"article\" \/>\n<meta property=\"og:title\" content=\"Tamisiocaris, a tatarav\u00f3 da baleia que viveu h\u00e1 500 milh\u00f5es de anos - Notibras\" \/>\n<meta property=\"og:description\" content=\"Uma nova descoberta de cientistas trouxe \u00e0 tona uma esp\u00e9cie de animal gigante semelhante \u00e0 baleia que viveu nos oceanos h\u00e1 mais de 500 milh\u00f5es de anos, segundo informa\u00e7\u00f5es do Daily Mail. F\u00f3sseis encontrados no nordeste da Groenl\u00e2ndia mostram que a criatura marinha tinha uma estrutura parecida com a das baleias modernas, e que possu\u00eda [&hellip;]\" \/>\n<meta property=\"og:url\" content=\"https:\/\/www.notibras.com\/site\/tamisiocaris-a-tataravo-da-baleia-que-viveu-ha-500-milhoes-de-anos\/\" \/>\n<meta property=\"og:site_name\" content=\"Notibras\" \/>\n<meta property=\"article:publisher\" content=\"https:\/\/www.facebook.com\/notibras\/\" \/>\n<meta property=\"article:published_time\" content=\"2014-03-28T16:08:00+00:00\" \/>\n<meta property=\"article:modified_time\" content=\"2016-07-30T19:59:14+00:00\" \/>\n<meta property=\"og:image\" content=\"https:\/\/www.notibras.com\/site\/wp-content\/uploads\/2014\/03\/baleianaturecambrianoyoutubenature.jpg\" \/>\n\t<meta property=\"og:image:width\" content=\"407\" \/>\n\t<meta property=\"og:image:height\" content=\"305\" \/>\n\t<meta property=\"og:image:type\" content=\"image\/jpeg\" \/>\n<meta name=\"author\" content=\"Reda\u00e7\u00e3o\" \/>\n<meta name=\"twitter:card\" content=\"summary_large_image\" \/>\n<meta name=\"twitter:creator\" content=\"@Notibras\" \/>\n<meta name=\"twitter:site\" content=\"@Notibras\" \/>\n<meta name=\"twitter:label1\" content=\"Escrito por\" \/>\n\t<meta name=\"twitter:data1\" content=\"Reda\u00e7\u00e3o\" \/>\n\t<meta name=\"twitter:label2\" content=\"Est. tempo de leitura\" \/>\n\t<meta name=\"twitter:data2\" content=\"1 minuto\" \/>\n<script type=\"application\/ld+json\" class=\"yoast-schema-graph\">{\"@context\":\"https:\/\/schema.org\",\"@graph\":[{\"@type\":\"Article\",\"@id\":\"https:\/\/www.notibras.com\/site\/tamisiocaris-a-tataravo-da-baleia-que-viveu-ha-500-milhoes-de-anos\/#article\",\"isPartOf\":{\"@id\":\"https:\/\/www.notibras.com\/site\/tamisiocaris-a-tataravo-da-baleia-que-viveu-ha-500-milhoes-de-anos\/\"},\"author\":{\"name\":\"Reda\u00e7\u00e3o\",\"@id\":\"https:\/\/www.notibras.com\/site\/#\/schema\/person\/36ab0979449956132d3e5b517ea76ac8\"},\"headline\":\"Tamisiocaris, a tatarav\u00f3 da baleia que viveu h\u00e1 500 milh\u00f5es de anos\",\"datePublished\":\"2014-03-28T16:08:00+00:00\",\"dateModified\":\"2016-07-30T19:59:14+00:00\",\"mainEntityOfPage\":{\"@id\":\"https:\/\/www.notibras.com\/site\/tamisiocaris-a-tataravo-da-baleia-que-viveu-ha-500-milhoes-de-anos\/\"},\"wordCount\":254,\"commentCount\":0,\"publisher\":{\"@id\":\"https:\/\/www.notibras.com\/site\/#organization\"},\"image\":{\"@id\":\"https:\/\/www.notibras.com\/site\/tamisiocaris-a-tataravo-da-baleia-que-viveu-ha-500-milhoes-de-anos\/#primaryimage\"},\"thumbnailUrl\":\"https:\/\/www.notibras.com\/site\/wp-content\/uploads\/2014\/03\/baleianaturecambrianoyoutubenature.jpg\",\"articleSection\":[\"Curiosidades\"],\"inLanguage\":\"pt-BR\",\"potentialAction\":[{\"@type\":\"CommentAction\",\"name\":\"Comment\",\"target\":[\"https:\/\/www.notibras.com\/site\/tamisiocaris-a-tataravo-da-baleia-que-viveu-ha-500-milhoes-de-anos\/#respond\"]}]},{\"@type\":\"WebPage\",\"@id\":\"https:\/\/www.notibras.com\/site\/tamisiocaris-a-tataravo-da-baleia-que-viveu-ha-500-milhoes-de-anos\/\",\"url\":\"https:\/\/www.notibras.com\/site\/tamisiocaris-a-tataravo-da-baleia-que-viveu-ha-500-milhoes-de-anos\/\",\"name\":\"Tamisiocaris, a tatarav\u00f3 da baleia que viveu h\u00e1 500 milh\u00f5es de anos - Notibras\",\"isPartOf\":{\"@id\":\"https:\/\/www.notibras.com\/site\/#website\"},\"primaryImageOfPage\":{\"@id\":\"https:\/\/www.notibras.com\/site\/tamisiocaris-a-tataravo-da-baleia-que-viveu-ha-500-milhoes-de-anos\/#primaryimage\"},\"image\":{\"@id\":\"https:\/\/www.notibras.com\/site\/tamisiocaris-a-tataravo-da-baleia-que-viveu-ha-500-milhoes-de-anos\/#primaryimage\"},\"thumbnailUrl\":\"https:\/\/www.notibras.com\/site\/wp-content\/uploads\/2014\/03\/baleianaturecambrianoyoutubenature.jpg\",\"datePublished\":\"2014-03-28T16:08:00+00:00\",\"dateModified\":\"2016-07-30T19:59:14+00:00\",\"breadcrumb\":{\"@id\":\"https:\/\/www.notibras.com\/site\/tamisiocaris-a-tataravo-da-baleia-que-viveu-ha-500-milhoes-de-anos\/#breadcrumb\"},\"inLanguage\":\"pt-BR\",\"potentialAction\":[{\"@type\":\"ReadAction\",\"target\":[\"https:\/\/www.notibras.com\/site\/tamisiocaris-a-tataravo-da-baleia-que-viveu-ha-500-milhoes-de-anos\/\"]}]},{\"@type\":\"ImageObject\",\"inLanguage\":\"pt-BR\",\"@id\":\"https:\/\/www.notibras.com\/site\/tamisiocaris-a-tataravo-da-baleia-que-viveu-ha-500-milhoes-de-anos\/#primaryimage\",\"url\":\"https:\/\/www.notibras.com\/site\/wp-content\/uploads\/2014\/03\/baleianaturecambrianoyoutubenature.jpg\",\"contentUrl\":\"https:\/\/www.notibras.com\/site\/wp-content\/uploads\/2014\/03\/baleianaturecambrianoyoutubenature.jpg\",\"width\":407,\"height\":305},{\"@type\":\"BreadcrumbList\",\"@id\":\"https:\/\/www.notibras.com\/site\/tamisiocaris-a-tataravo-da-baleia-que-viveu-ha-500-milhoes-de-anos\/#breadcrumb\",\"itemListElement\":[{\"@type\":\"ListItem\",\"position\":1,\"name\":\"In\u00edcio\",\"item\":\"https:\/\/www.notibras.com\/site\/\"},{\"@type\":\"ListItem\",\"position\":2,\"name\":\"Tamisiocaris, a tatarav\u00f3 da baleia que viveu h\u00e1 500 milh\u00f5es de anos\"}]},{\"@type\":\"WebSite\",\"@id\":\"https:\/\/www.notibras.com\/site\/#website\",\"url\":\"https:\/\/www.notibras.com\/site\/\",\"name\":\"Notibras\",\"description\":\"Not\u00edcias de Bras\u00edlia, do Brasil e do Mundo\",\"publisher\":{\"@id\":\"https:\/\/www.notibras.com\/site\/#organization\"},\"potentialAction\":[{\"@type\":\"SearchAction\",\"target\":{\"@type\":\"EntryPoint\",\"urlTemplate\":\"https:\/\/www.notibras.com\/site\/?s={search_term_string}\"},\"query-input\":{\"@type\":\"PropertyValueSpecification\",\"valueRequired\":true,\"valueName\":\"search_term_string\"}}],\"inLanguage\":\"pt-BR\"},{\"@type\":\"Organization\",\"@id\":\"https:\/\/www.notibras.com\/site\/#organization\",\"name\":\"Grupo Notibras de Comunica\u00e7\u00e3o\",\"url\":\"https:\/\/www.notibras.com\/site\/\",\"logo\":{\"@type\":\"ImageObject\",\"inLanguage\":\"pt-BR\",\"@id\":\"https:\/\/www.notibras.com\/site\/#\/schema\/logo\/image\/\",\"url\":\"https:\/\/www.notibras.com\/site\/wp-content\/uploads\/2023\/01\/notibras23.png\",\"contentUrl\":\"https:\/\/www.notibras.com\/site\/wp-content\/uploads\/2023\/01\/notibras23.png\",\"width\":350,\"height\":87,\"caption\":\"Grupo Notibras de Comunica\u00e7\u00e3o\"},\"image\":{\"@id\":\"https:\/\/www.notibras.com\/site\/#\/schema\/logo\/image\/\"},\"sameAs\":[\"https:\/\/www.facebook.com\/notibras\/\",\"https:\/\/x.com\/Notibras\",\"https:\/\/www.instagram.com\/notibras\/\"]},{\"@type\":\"Person\",\"@id\":\"https:\/\/www.notibras.com\/site\/#\/schema\/person\/36ab0979449956132d3e5b517ea76ac8\",\"name\":\"Reda\u00e7\u00e3o\",\"image\":{\"@type\":\"ImageObject\",\"inLanguage\":\"pt-BR\",\"@id\":\"https:\/\/secure.gravatar.com\/avatar\/e0a867bdedb85fd243eadf09663511f96fc81e0720a4a42581f334ad4303aa6b?s=96&d=mm&r=g\",\"url\":\"https:\/\/secure.gravatar.com\/avatar\/e0a867bdedb85fd243eadf09663511f96fc81e0720a4a42581f334ad4303aa6b?s=96&d=mm&r=g\",\"contentUrl\":\"https:\/\/secure.gravatar.com\/avatar\/e0a867bdedb85fd243eadf09663511f96fc81e0720a4a42581f334ad4303aa6b?s=96&d=mm&r=g\",\"caption\":\"Reda\u00e7\u00e3o\"}}]}<\/script>\n<!-- \/ Yoast SEO plugin. -->","yoast_head_json":{"title":"Tamisiocaris, a tatarav\u00f3 da baleia que viveu h\u00e1 500 milh\u00f5es de anos - Notibras","robots":{"index":"index","follow":"follow","max-snippet":"max-snippet:-1","max-image-preview":"max-image-preview:large","max-video-preview":"max-video-preview:-1"},"canonical":"https:\/\/www.notibras.com\/site\/tamisiocaris-a-tataravo-da-baleia-que-viveu-ha-500-milhoes-de-anos\/","og_locale":"pt_BR","og_type":"article","og_title":"Tamisiocaris, a tatarav\u00f3 da baleia que viveu h\u00e1 500 milh\u00f5es de anos - Notibras","og_description":"Uma nova descoberta de cientistas trouxe \u00e0 tona uma esp\u00e9cie de animal gigante semelhante \u00e0 baleia que viveu nos oceanos h\u00e1 mais de 500 milh\u00f5es de anos, segundo informa\u00e7\u00f5es do Daily Mail. F\u00f3sseis encontrados no nordeste da Groenl\u00e2ndia mostram que a criatura marinha tinha uma estrutura parecida com a das baleias modernas, e que possu\u00eda [&hellip;]","og_url":"https:\/\/www.notibras.com\/site\/tamisiocaris-a-tataravo-da-baleia-que-viveu-ha-500-milhoes-de-anos\/","og_site_name":"Notibras","article_publisher":"https:\/\/www.facebook.com\/notibras\/","article_published_time":"2014-03-28T16:08:00+00:00","article_modified_time":"2016-07-30T19:59:14+00:00","og_image":[{"width":407,"height":305,"url":"https:\/\/www.notibras.com\/site\/wp-content\/uploads\/2014\/03\/baleianaturecambrianoyoutubenature.jpg","type":"image\/jpeg"}],"author":"Reda\u00e7\u00e3o","twitter_card":"summary_large_image","twitter_creator":"@Notibras","twitter_site":"@Notibras","twitter_misc":{"Escrito por":"Reda\u00e7\u00e3o","Est. tempo de leitura":"1 minuto"},"schema":{"@context":"https:\/\/schema.org","@graph":[{"@type":"Article","@id":"https:\/\/www.notibras.com\/site\/tamisiocaris-a-tataravo-da-baleia-que-viveu-ha-500-milhoes-de-anos\/#article","isPartOf":{"@id":"https:\/\/www.notibras.com\/site\/tamisiocaris-a-tataravo-da-baleia-que-viveu-ha-500-milhoes-de-anos\/"},"author":{"name":"Reda\u00e7\u00e3o","@id":"https:\/\/www.notibras.com\/site\/#\/schema\/person\/36ab0979449956132d3e5b517ea76ac8"},"headline":"Tamisiocaris, a tatarav\u00f3 da baleia que viveu h\u00e1 500 milh\u00f5es de anos","datePublished":"2014-03-28T16:08:00+00:00","dateModified":"2016-07-30T19:59:14+00:00","mainEntityOfPage":{"@id":"https:\/\/www.notibras.com\/site\/tamisiocaris-a-tataravo-da-baleia-que-viveu-ha-500-milhoes-de-anos\/"},"wordCount":254,"commentCount":0,"publisher":{"@id":"https:\/\/www.notibras.com\/site\/#organization"},"image":{"@id":"https:\/\/www.notibras.com\/site\/tamisiocaris-a-tataravo-da-baleia-que-viveu-ha-500-milhoes-de-anos\/#primaryimage"},"thumbnailUrl":"https:\/\/www.notibras.com\/site\/wp-content\/uploads\/2014\/03\/baleianaturecambrianoyoutubenature.jpg","articleSection":["Curiosidades"],"inLanguage":"pt-BR","potentialAction":[{"@type":"CommentAction","name":"Comment","target":["https:\/\/www.notibras.com\/site\/tamisiocaris-a-tataravo-da-baleia-que-viveu-ha-500-milhoes-de-anos\/#respond"]}]},{"@type":"WebPage","@id":"https:\/\/www.notibras.com\/site\/tamisiocaris-a-tataravo-da-baleia-que-viveu-ha-500-milhoes-de-anos\/","url":"https:\/\/www.notibras.com\/site\/tamisiocaris-a-tataravo-da-baleia-que-viveu-ha-500-milhoes-de-anos\/","name":"Tamisiocaris, a tatarav\u00f3 da baleia que viveu h\u00e1 500 milh\u00f5es de anos - Notibras","isPartOf":{"@id":"https:\/\/www.notibras.com\/site\/#website"},"primaryImageOfPage":{"@id":"https:\/\/www.notibras.com\/site\/tamisiocaris-a-tataravo-da-baleia-que-viveu-ha-500-milhoes-de-anos\/#primaryimage"},"image":{"@id":"https:\/\/www.notibras.com\/site\/tamisiocaris-a-tataravo-da-baleia-que-viveu-ha-500-milhoes-de-anos\/#primaryimage"},"thumbnailUrl":"https:\/\/www.notibras.com\/site\/wp-content\/uploads\/2014\/03\/baleianaturecambrianoyoutubenature.jpg","datePublished":"2014-03-28T16:08:00+00:00","dateModified":"2016-07-30T19:59:14+00:00","breadcrumb":{"@id":"https:\/\/www.notibras.com\/site\/tamisiocaris-a-tataravo-da-baleia-que-viveu-ha-500-milhoes-de-anos\/#breadcrumb"},"inLanguage":"pt-BR","potentialAction":[{"@type":"ReadAction","target":["https:\/\/www.notibras.com\/site\/tamisiocaris-a-tataravo-da-baleia-que-viveu-ha-500-milhoes-de-anos\/"]}]},{"@type":"ImageObject","inLanguage":"pt-BR","@id":"https:\/\/www.notibras.com\/site\/tamisiocaris-a-tataravo-da-baleia-que-viveu-ha-500-milhoes-de-anos\/#primaryimage","url":"https:\/\/www.notibras.com\/site\/wp-content\/uploads\/2014\/03\/baleianaturecambrianoyoutubenature.jpg","contentUrl":"https:\/\/www.notibras.com\/site\/wp-content\/uploads\/2014\/03\/baleianaturecambrianoyoutubenature.jpg","width":407,"height":305},{"@type":"BreadcrumbList","@id":"https:\/\/www.notibras.com\/site\/tamisiocaris-a-tataravo-da-baleia-que-viveu-ha-500-milhoes-de-anos\/#breadcrumb","itemListElement":[{"@type":"ListItem","position":1,"name":"In\u00edcio","item":"https:\/\/www.notibras.com\/site\/"},{"@type":"ListItem","position":2,"name":"Tamisiocaris, a tatarav\u00f3 da baleia que viveu h\u00e1 500 milh\u00f5es de anos"}]},{"@type":"WebSite","@id":"https:\/\/www.notibras.com\/site\/#website","url":"https:\/\/www.notibras.com\/site\/","name":"Notibras","description":"Not\u00edcias de Bras\u00edlia, do Brasil e do Mundo","publisher":{"@id":"https:\/\/www.notibras.com\/site\/#organization"},"potentialAction":[{"@type":"SearchAction","target":{"@type":"EntryPoint","urlTemplate":"https:\/\/www.notibras.com\/site\/?s={search_term_string}"},"query-input":{"@type":"PropertyValueSpecification","valueRequired":true,"valueName":"search_term_string"}}],"inLanguage":"pt-BR"},{"@type":"Organization","@id":"https:\/\/www.notibras.com\/site\/#organization","name":"Grupo Notibras de Comunica\u00e7\u00e3o","url":"https:\/\/www.notibras.com\/site\/","logo":{"@type":"ImageObject","inLanguage":"pt-BR","@id":"https:\/\/www.notibras.com\/site\/#\/schema\/logo\/image\/","url":"https:\/\/www.notibras.com\/site\/wp-content\/uploads\/2023\/01\/notibras23.png","contentUrl":"https:\/\/www.notibras.com\/site\/wp-content\/uploads\/2023\/01\/notibras23.png","width":350,"height":87,"caption":"Grupo Notibras de Comunica\u00e7\u00e3o"},"image":{"@id":"https:\/\/www.notibras.com\/site\/#\/schema\/logo\/image\/"},"sameAs":["https:\/\/www.facebook.com\/notibras\/","https:\/\/x.com\/Notibras","https:\/\/www.instagram.com\/notibras\/"]},{"@type":"Person","@id":"https:\/\/www.notibras.com\/site\/#\/schema\/person\/36ab0979449956132d3e5b517ea76ac8","name":"Reda\u00e7\u00e3o","image":{"@type":"ImageObject","inLanguage":"pt-BR","@id":"https:\/\/secure.gravatar.com\/avatar\/e0a867bdedb85fd243eadf09663511f96fc81e0720a4a42581f334ad4303aa6b?s=96&d=mm&r=g","url":"https:\/\/secure.gravatar.com\/avatar\/e0a867bdedb85fd243eadf09663511f96fc81e0720a4a42581f334ad4303aa6b?s=96&d=mm&r=g","contentUrl":"https:\/\/secure.gravatar.com\/avatar\/e0a867bdedb85fd243eadf09663511f96fc81e0720a4a42581f334ad4303aa6b?s=96&d=mm&r=g","caption":"Reda\u00e7\u00e3o"}}]}},"amp_enabled":true,"_links":{"self":[{"href":"https:\/\/www.notibras.com\/site\/wp-json\/wp\/v2\/posts\/5521","targetHints":{"allow":["GET"]}}],"collection":[{"href":"https:\/\/www.notibras.com\/site\/wp-json\/wp\/v2\/posts"}],"about":[{"href":"https:\/\/www.notibras.com\/site\/wp-json\/wp\/v2\/types\/post"}],"author":[{"embeddable":true,"href":"https:\/\/www.notibras.com\/site\/wp-json\/wp\/v2\/users\/2"}],"replies":[{"embeddable":true,"href":"https:\/\/www.notibras.com\/site\/wp-json\/wp\/v2\/comments?post=5521"}],"version-history":[{"count":1,"href":"https:\/\/www.notibras.com\/site\/wp-json\/wp\/v2\/posts\/5521\/revisions"}],"predecessor-version":[{"id":110066,"href":"https:\/\/www.notibras.com\/site\/wp-json\/wp\/v2\/posts\/5521\/revisions\/110066"}],"wp:featuredmedia":[{"embeddable":true,"href":"https:\/\/www.notibras.com\/site\/wp-json\/wp\/v2\/media\/5522"}],"wp:attachment":[{"href":"https:\/\/www.notibras.com\/site\/wp-json\/wp\/v2\/media?parent=5521"}],"wp:term":[{"taxonomy":"category","embeddable":true,"href":"https:\/\/www.notibras.com\/site\/wp-json\/wp\/v2\/categories?post=5521"},{"taxonomy":"post_tag","embeddable":true,"href":"https:\/\/www.notibras.com\/site\/wp-json\/wp\/v2\/tags?post=5521"}],"curies":[{"name":"wp","href":"https:\/\/api.w.org\/{rel}","templated":true}]}}