{"id":5527,"date":"2014-03-28T18:04:34","date_gmt":"2014-03-28T21:04:34","guid":{"rendered":"http:\/\/www.notibras.com\/site\/?p=5527"},"modified":"2014-03-29T05:33:46","modified_gmt":"2014-03-29T08:33:46","slug":"apos-tentar-suicidio-na-prisao-goleiro-bruno-pede-para-voltar-a-jogar","status":"publish","type":"post","link":"https:\/\/www.notibras.com\/site\/apos-tentar-suicidio-na-prisao-goleiro-bruno-pede-para-voltar-a-jogar\/","title":{"rendered":"Ap\u00f3s tentar suic\u00eddio na pris\u00e3o, Bruno, ex-Fla, pede para jogar"},"content":{"rendered":"<p>O goleiro Bruno concedeu uma entrevista \u00e0 revista Placar, que ser\u00e1 publicada na pr\u00f3xima ter\u00e7a-feira, mas algumas frases j\u00e1 foram divulgadas. O jogador, que est\u00e1 de contrato assinado com o Montes Claros e aguarda uma complicada libera\u00e7\u00e3o da Justi\u00e7a, admitiu que tentou se suicidar na cadeia, aonde est\u00e1 condenado pelo assassinato da modelo Eliza Samudio, e pediu para voltar a jogar futebol.<\/p>\n<p>\u201cTentei o suic\u00eddio. Amarrei o len\u00e7ol na ventana, que \u00e9 alta, coloquei no pesco\u00e7o e saltei. Mas a corda arrebentou e eu ca\u00ed no ch\u00e3o. Olhei para o lado e tinha uma b\u00edblia, que um policial tinha me dado ainda no Rio de Janeiro. Foi Deus que n\u00e3o permitiu que eu me matasse\u201d, \u00a0disse Bruno, que ainda falou sobre a vida na cadeia de Contagem (MG).<\/p>\n<p>\u201cMuita gente acha que, por ter sido jogador de futebol, eu tenho regalias aqui. E n\u00e3o \u00e9. Pago um pre\u00e7o alto pela fama. J\u00e1 costurei bola aqui dentro. Tem muito jogador que gosta de colocar a culpa na bola. Mas agora eu conhe\u00e7o cada ponto da bola. Sei quando o cara est\u00e1 dando migu\u00e9. A bola aqui do pres\u00eddio n\u00e3o \u00e9 ruim, n\u00e3o\u201d, falou o ex-goleiro do Flamengo.<\/p>\n<p>Bruno falou ainda sobre dinheiro. Admitiu que ainda tem uma quantia guardada, mas que n\u00e3o conseguiria viver como antes. \u201cN\u00e3o estou acabado. Mas sobrou muito pouco do meu dinheiro, longe de poder levar uma vida confort\u00e1vel quando sair daqui\u201d, concluiu.<\/p>\n","protected":false},"excerpt":{"rendered":"<p>O goleiro Bruno concedeu uma entrevista \u00e0 revista Placar, que ser\u00e1 publicada na pr\u00f3xima ter\u00e7a-feira, mas algumas frases j\u00e1 foram divulgadas. O jogador, que est\u00e1 de contrato assinado com o Montes Claros e aguarda uma complicada libera\u00e7\u00e3o da Justi\u00e7a, admitiu que tentou se suicidar na cadeia, aonde est\u00e1 condenado pelo assassinato da modelo Eliza Samudio, [&hellip;]<\/p>\n","protected":false},"author":2,"featured_media":5528,"comment_status":"open","ping_status":"closed","sticky":false,"template":"","format":"standard","meta":{"_acf_changed":false,"footnotes":""},"categories":[19],"tags":[],"class_list":["post-5527","post","type-post","status-publish","format-standard","has-post-thumbnail","hentry","category-esportes"],"acf":[],"yoast_head":"<!-- This site is optimized with the Yoast SEO plugin v27.2 - https:\/\/yoast.com\/product\/yoast-seo-wordpress\/ -->\n<title>Ap\u00f3s tentar suic\u00eddio na pris\u00e3o, Bruno, ex-Fla, pede para jogar - Notibras<\/title>\n<meta name=\"robots\" content=\"index, follow, max-snippet:-1, max-image-preview:large, max-video-preview:-1\" \/>\n<link rel=\"canonical\" href=\"https:\/\/www.notibras.com\/site\/apos-tentar-suicidio-na-prisao-goleiro-bruno-pede-para-voltar-a-jogar\/\" \/>\n<meta property=\"og:locale\" content=\"pt_BR\" \/>\n<meta property=\"og:type\" content=\"article\" \/>\n<meta property=\"og:title\" content=\"Ap\u00f3s tentar suic\u00eddio na pris\u00e3o, Bruno, ex-Fla, pede para jogar - Notibras\" \/>\n<meta property=\"og:description\" content=\"O goleiro Bruno concedeu uma entrevista \u00e0 revista Placar, que ser\u00e1 publicada na pr\u00f3xima ter\u00e7a-feira, mas algumas frases j\u00e1 foram divulgadas. O jogador, que est\u00e1 de contrato assinado com o Montes Claros e aguarda uma complicada libera\u00e7\u00e3o da Justi\u00e7a, admitiu que tentou se suicidar na cadeia, aonde est\u00e1 condenado pelo assassinato da modelo Eliza Samudio, [&hellip;]\" \/>\n<meta property=\"og:url\" content=\"https:\/\/www.notibras.com\/site\/apos-tentar-suicidio-na-prisao-goleiro-bruno-pede-para-voltar-a-jogar\/\" \/>\n<meta property=\"og:site_name\" content=\"Notibras\" \/>\n<meta property=\"article:publisher\" content=\"https:\/\/www.facebook.com\/notibras\/\" \/>\n<meta property=\"article:published_time\" content=\"2014-03-28T21:04:34+00:00\" \/>\n<meta property=\"article:modified_time\" content=\"2014-03-29T08:33:46+00:00\" \/>\n<meta property=\"og:image\" content=\"https:\/\/www.notibras.com\/site\/wp-content\/uploads\/2014\/03\/16brunomelhoresmomentosbrunodepoerenatacaldeiratjmg.jpg\" \/>\n\t<meta property=\"og:image:width\" content=\"407\" \/>\n\t<meta property=\"og:image:height\" content=\"305\" \/>\n\t<meta property=\"og:image:type\" content=\"image\/jpeg\" \/>\n<meta name=\"author\" content=\"Reda\u00e7\u00e3o\" \/>\n<meta name=\"twitter:card\" content=\"summary_large_image\" \/>\n<meta name=\"twitter:creator\" content=\"@Notibras\" \/>\n<meta name=\"twitter:site\" content=\"@Notibras\" \/>\n<meta name=\"twitter:label1\" content=\"Escrito por\" \/>\n\t<meta name=\"twitter:data1\" content=\"Reda\u00e7\u00e3o\" \/>\n\t<meta name=\"twitter:label2\" content=\"Est. tempo de leitura\" \/>\n\t<meta name=\"twitter:data2\" content=\"1 minuto\" \/>\n<script type=\"application\/ld+json\" class=\"yoast-schema-graph\">{\"@context\":\"https:\/\/schema.org\",\"@graph\":[{\"@type\":\"Article\",\"@id\":\"https:\/\/www.notibras.com\/site\/apos-tentar-suicidio-na-prisao-goleiro-bruno-pede-para-voltar-a-jogar\/#article\",\"isPartOf\":{\"@id\":\"https:\/\/www.notibras.com\/site\/apos-tentar-suicidio-na-prisao-goleiro-bruno-pede-para-voltar-a-jogar\/\"},\"author\":{\"name\":\"Reda\u00e7\u00e3o\",\"@id\":\"https:\/\/www.notibras.com\/site\/#\/schema\/person\/36ab0979449956132d3e5b517ea76ac8\"},\"headline\":\"Ap\u00f3s tentar suic\u00eddio na pris\u00e3o, Bruno, ex-Fla, pede para jogar\",\"datePublished\":\"2014-03-28T21:04:34+00:00\",\"dateModified\":\"2014-03-29T08:33:46+00:00\",\"mainEntityOfPage\":{\"@id\":\"https:\/\/www.notibras.com\/site\/apos-tentar-suicidio-na-prisao-goleiro-bruno-pede-para-voltar-a-jogar\/\"},\"wordCount\":264,\"commentCount\":0,\"publisher\":{\"@id\":\"https:\/\/www.notibras.com\/site\/#organization\"},\"image\":{\"@id\":\"https:\/\/www.notibras.com\/site\/apos-tentar-suicidio-na-prisao-goleiro-bruno-pede-para-voltar-a-jogar\/#primaryimage\"},\"thumbnailUrl\":\"https:\/\/www.notibras.com\/site\/wp-content\/uploads\/2014\/03\/16brunomelhoresmomentosbrunodepoerenatacaldeiratjmg.jpg\",\"articleSection\":[\"Esportes\"],\"inLanguage\":\"pt-BR\",\"potentialAction\":[{\"@type\":\"CommentAction\",\"name\":\"Comment\",\"target\":[\"https:\/\/www.notibras.com\/site\/apos-tentar-suicidio-na-prisao-goleiro-bruno-pede-para-voltar-a-jogar\/#respond\"]}]},{\"@type\":\"WebPage\",\"@id\":\"https:\/\/www.notibras.com\/site\/apos-tentar-suicidio-na-prisao-goleiro-bruno-pede-para-voltar-a-jogar\/\",\"url\":\"https:\/\/www.notibras.com\/site\/apos-tentar-suicidio-na-prisao-goleiro-bruno-pede-para-voltar-a-jogar\/\",\"name\":\"Ap\u00f3s tentar suic\u00eddio na pris\u00e3o, Bruno, ex-Fla, pede para jogar - Notibras\",\"isPartOf\":{\"@id\":\"https:\/\/www.notibras.com\/site\/#website\"},\"primaryImageOfPage\":{\"@id\":\"https:\/\/www.notibras.com\/site\/apos-tentar-suicidio-na-prisao-goleiro-bruno-pede-para-voltar-a-jogar\/#primaryimage\"},\"image\":{\"@id\":\"https:\/\/www.notibras.com\/site\/apos-tentar-suicidio-na-prisao-goleiro-bruno-pede-para-voltar-a-jogar\/#primaryimage\"},\"thumbnailUrl\":\"https:\/\/www.notibras.com\/site\/wp-content\/uploads\/2014\/03\/16brunomelhoresmomentosbrunodepoerenatacaldeiratjmg.jpg\",\"datePublished\":\"2014-03-28T21:04:34+00:00\",\"dateModified\":\"2014-03-29T08:33:46+00:00\",\"breadcrumb\":{\"@id\":\"https:\/\/www.notibras.com\/site\/apos-tentar-suicidio-na-prisao-goleiro-bruno-pede-para-voltar-a-jogar\/#breadcrumb\"},\"inLanguage\":\"pt-BR\",\"potentialAction\":[{\"@type\":\"ReadAction\",\"target\":[\"https:\/\/www.notibras.com\/site\/apos-tentar-suicidio-na-prisao-goleiro-bruno-pede-para-voltar-a-jogar\/\"]}]},{\"@type\":\"ImageObject\",\"inLanguage\":\"pt-BR\",\"@id\":\"https:\/\/www.notibras.com\/site\/apos-tentar-suicidio-na-prisao-goleiro-bruno-pede-para-voltar-a-jogar\/#primaryimage\",\"url\":\"https:\/\/www.notibras.com\/site\/wp-content\/uploads\/2014\/03\/16brunomelhoresmomentosbrunodepoerenatacaldeiratjmg.jpg\",\"contentUrl\":\"https:\/\/www.notibras.com\/site\/wp-content\/uploads\/2014\/03\/16brunomelhoresmomentosbrunodepoerenatacaldeiratjmg.jpg\",\"width\":407,\"height\":305},{\"@type\":\"BreadcrumbList\",\"@id\":\"https:\/\/www.notibras.com\/site\/apos-tentar-suicidio-na-prisao-goleiro-bruno-pede-para-voltar-a-jogar\/#breadcrumb\",\"itemListElement\":[{\"@type\":\"ListItem\",\"position\":1,\"name\":\"In\u00edcio\",\"item\":\"https:\/\/www.notibras.com\/site\/\"},{\"@type\":\"ListItem\",\"position\":2,\"name\":\"Ap\u00f3s tentar suic\u00eddio na pris\u00e3o, Bruno, ex-Fla, pede para jogar\"}]},{\"@type\":\"WebSite\",\"@id\":\"https:\/\/www.notibras.com\/site\/#website\",\"url\":\"https:\/\/www.notibras.com\/site\/\",\"name\":\"Notibras\",\"description\":\"Not\u00edcias de Bras\u00edlia, do Brasil e do Mundo\",\"publisher\":{\"@id\":\"https:\/\/www.notibras.com\/site\/#organization\"},\"potentialAction\":[{\"@type\":\"SearchAction\",\"target\":{\"@type\":\"EntryPoint\",\"urlTemplate\":\"https:\/\/www.notibras.com\/site\/?s={search_term_string}\"},\"query-input\":{\"@type\":\"PropertyValueSpecification\",\"valueRequired\":true,\"valueName\":\"search_term_string\"}}],\"inLanguage\":\"pt-BR\"},{\"@type\":\"Organization\",\"@id\":\"https:\/\/www.notibras.com\/site\/#organization\",\"name\":\"Grupo Notibras de Comunica\u00e7\u00e3o\",\"url\":\"https:\/\/www.notibras.com\/site\/\",\"logo\":{\"@type\":\"ImageObject\",\"inLanguage\":\"pt-BR\",\"@id\":\"https:\/\/www.notibras.com\/site\/#\/schema\/logo\/image\/\",\"url\":\"https:\/\/www.notibras.com\/site\/wp-content\/uploads\/2023\/01\/notibras23.png\",\"contentUrl\":\"https:\/\/www.notibras.com\/site\/wp-content\/uploads\/2023\/01\/notibras23.png\",\"width\":350,\"height\":87,\"caption\":\"Grupo Notibras de Comunica\u00e7\u00e3o\"},\"image\":{\"@id\":\"https:\/\/www.notibras.com\/site\/#\/schema\/logo\/image\/\"},\"sameAs\":[\"https:\/\/www.facebook.com\/notibras\/\",\"https:\/\/x.com\/Notibras\",\"https:\/\/www.instagram.com\/notibras\/\"]},{\"@type\":\"Person\",\"@id\":\"https:\/\/www.notibras.com\/site\/#\/schema\/person\/36ab0979449956132d3e5b517ea76ac8\",\"name\":\"Reda\u00e7\u00e3o\",\"image\":{\"@type\":\"ImageObject\",\"inLanguage\":\"pt-BR\",\"@id\":\"https:\/\/secure.gravatar.com\/avatar\/e0a867bdedb85fd243eadf09663511f96fc81e0720a4a42581f334ad4303aa6b?s=96&d=mm&r=g\",\"url\":\"https:\/\/secure.gravatar.com\/avatar\/e0a867bdedb85fd243eadf09663511f96fc81e0720a4a42581f334ad4303aa6b?s=96&d=mm&r=g\",\"contentUrl\":\"https:\/\/secure.gravatar.com\/avatar\/e0a867bdedb85fd243eadf09663511f96fc81e0720a4a42581f334ad4303aa6b?s=96&d=mm&r=g\",\"caption\":\"Reda\u00e7\u00e3o\"}}]}<\/script>\n<!-- \/ Yoast SEO plugin. -->","yoast_head_json":{"title":"Ap\u00f3s tentar suic\u00eddio na pris\u00e3o, Bruno, ex-Fla, pede para jogar - Notibras","robots":{"index":"index","follow":"follow","max-snippet":"max-snippet:-1","max-image-preview":"max-image-preview:large","max-video-preview":"max-video-preview:-1"},"canonical":"https:\/\/www.notibras.com\/site\/apos-tentar-suicidio-na-prisao-goleiro-bruno-pede-para-voltar-a-jogar\/","og_locale":"pt_BR","og_type":"article","og_title":"Ap\u00f3s tentar suic\u00eddio na pris\u00e3o, Bruno, ex-Fla, pede para jogar - Notibras","og_description":"O goleiro Bruno concedeu uma entrevista \u00e0 revista Placar, que ser\u00e1 publicada na pr\u00f3xima ter\u00e7a-feira, mas algumas frases j\u00e1 foram divulgadas. O jogador, que est\u00e1 de contrato assinado com o Montes Claros e aguarda uma complicada libera\u00e7\u00e3o da Justi\u00e7a, admitiu que tentou se suicidar na cadeia, aonde est\u00e1 condenado pelo assassinato da modelo Eliza Samudio, [&hellip;]","og_url":"https:\/\/www.notibras.com\/site\/apos-tentar-suicidio-na-prisao-goleiro-bruno-pede-para-voltar-a-jogar\/","og_site_name":"Notibras","article_publisher":"https:\/\/www.facebook.com\/notibras\/","article_published_time":"2014-03-28T21:04:34+00:00","article_modified_time":"2014-03-29T08:33:46+00:00","og_image":[{"width":407,"height":305,"url":"https:\/\/www.notibras.com\/site\/wp-content\/uploads\/2014\/03\/16brunomelhoresmomentosbrunodepoerenatacaldeiratjmg.jpg","type":"image\/jpeg"}],"author":"Reda\u00e7\u00e3o","twitter_card":"summary_large_image","twitter_creator":"@Notibras","twitter_site":"@Notibras","twitter_misc":{"Escrito por":"Reda\u00e7\u00e3o","Est. tempo de leitura":"1 minuto"},"schema":{"@context":"https:\/\/schema.org","@graph":[{"@type":"Article","@id":"https:\/\/www.notibras.com\/site\/apos-tentar-suicidio-na-prisao-goleiro-bruno-pede-para-voltar-a-jogar\/#article","isPartOf":{"@id":"https:\/\/www.notibras.com\/site\/apos-tentar-suicidio-na-prisao-goleiro-bruno-pede-para-voltar-a-jogar\/"},"author":{"name":"Reda\u00e7\u00e3o","@id":"https:\/\/www.notibras.com\/site\/#\/schema\/person\/36ab0979449956132d3e5b517ea76ac8"},"headline":"Ap\u00f3s tentar suic\u00eddio na pris\u00e3o, Bruno, ex-Fla, pede para jogar","datePublished":"2014-03-28T21:04:34+00:00","dateModified":"2014-03-29T08:33:46+00:00","mainEntityOfPage":{"@id":"https:\/\/www.notibras.com\/site\/apos-tentar-suicidio-na-prisao-goleiro-bruno-pede-para-voltar-a-jogar\/"},"wordCount":264,"commentCount":0,"publisher":{"@id":"https:\/\/www.notibras.com\/site\/#organization"},"image":{"@id":"https:\/\/www.notibras.com\/site\/apos-tentar-suicidio-na-prisao-goleiro-bruno-pede-para-voltar-a-jogar\/#primaryimage"},"thumbnailUrl":"https:\/\/www.notibras.com\/site\/wp-content\/uploads\/2014\/03\/16brunomelhoresmomentosbrunodepoerenatacaldeiratjmg.jpg","articleSection":["Esportes"],"inLanguage":"pt-BR","potentialAction":[{"@type":"CommentAction","name":"Comment","target":["https:\/\/www.notibras.com\/site\/apos-tentar-suicidio-na-prisao-goleiro-bruno-pede-para-voltar-a-jogar\/#respond"]}]},{"@type":"WebPage","@id":"https:\/\/www.notibras.com\/site\/apos-tentar-suicidio-na-prisao-goleiro-bruno-pede-para-voltar-a-jogar\/","url":"https:\/\/www.notibras.com\/site\/apos-tentar-suicidio-na-prisao-goleiro-bruno-pede-para-voltar-a-jogar\/","name":"Ap\u00f3s tentar suic\u00eddio na pris\u00e3o, Bruno, ex-Fla, pede para jogar - Notibras","isPartOf":{"@id":"https:\/\/www.notibras.com\/site\/#website"},"primaryImageOfPage":{"@id":"https:\/\/www.notibras.com\/site\/apos-tentar-suicidio-na-prisao-goleiro-bruno-pede-para-voltar-a-jogar\/#primaryimage"},"image":{"@id":"https:\/\/www.notibras.com\/site\/apos-tentar-suicidio-na-prisao-goleiro-bruno-pede-para-voltar-a-jogar\/#primaryimage"},"thumbnailUrl":"https:\/\/www.notibras.com\/site\/wp-content\/uploads\/2014\/03\/16brunomelhoresmomentosbrunodepoerenatacaldeiratjmg.jpg","datePublished":"2014-03-28T21:04:34+00:00","dateModified":"2014-03-29T08:33:46+00:00","breadcrumb":{"@id":"https:\/\/www.notibras.com\/site\/apos-tentar-suicidio-na-prisao-goleiro-bruno-pede-para-voltar-a-jogar\/#breadcrumb"},"inLanguage":"pt-BR","potentialAction":[{"@type":"ReadAction","target":["https:\/\/www.notibras.com\/site\/apos-tentar-suicidio-na-prisao-goleiro-bruno-pede-para-voltar-a-jogar\/"]}]},{"@type":"ImageObject","inLanguage":"pt-BR","@id":"https:\/\/www.notibras.com\/site\/apos-tentar-suicidio-na-prisao-goleiro-bruno-pede-para-voltar-a-jogar\/#primaryimage","url":"https:\/\/www.notibras.com\/site\/wp-content\/uploads\/2014\/03\/16brunomelhoresmomentosbrunodepoerenatacaldeiratjmg.jpg","contentUrl":"https:\/\/www.notibras.com\/site\/wp-content\/uploads\/2014\/03\/16brunomelhoresmomentosbrunodepoerenatacaldeiratjmg.jpg","width":407,"height":305},{"@type":"BreadcrumbList","@id":"https:\/\/www.notibras.com\/site\/apos-tentar-suicidio-na-prisao-goleiro-bruno-pede-para-voltar-a-jogar\/#breadcrumb","itemListElement":[{"@type":"ListItem","position":1,"name":"In\u00edcio","item":"https:\/\/www.notibras.com\/site\/"},{"@type":"ListItem","position":2,"name":"Ap\u00f3s tentar suic\u00eddio na pris\u00e3o, Bruno, ex-Fla, pede para jogar"}]},{"@type":"WebSite","@id":"https:\/\/www.notibras.com\/site\/#website","url":"https:\/\/www.notibras.com\/site\/","name":"Notibras","description":"Not\u00edcias de Bras\u00edlia, do Brasil e do Mundo","publisher":{"@id":"https:\/\/www.notibras.com\/site\/#organization"},"potentialAction":[{"@type":"SearchAction","target":{"@type":"EntryPoint","urlTemplate":"https:\/\/www.notibras.com\/site\/?s={search_term_string}"},"query-input":{"@type":"PropertyValueSpecification","valueRequired":true,"valueName":"search_term_string"}}],"inLanguage":"pt-BR"},{"@type":"Organization","@id":"https:\/\/www.notibras.com\/site\/#organization","name":"Grupo Notibras de Comunica\u00e7\u00e3o","url":"https:\/\/www.notibras.com\/site\/","logo":{"@type":"ImageObject","inLanguage":"pt-BR","@id":"https:\/\/www.notibras.com\/site\/#\/schema\/logo\/image\/","url":"https:\/\/www.notibras.com\/site\/wp-content\/uploads\/2023\/01\/notibras23.png","contentUrl":"https:\/\/www.notibras.com\/site\/wp-content\/uploads\/2023\/01\/notibras23.png","width":350,"height":87,"caption":"Grupo Notibras de Comunica\u00e7\u00e3o"},"image":{"@id":"https:\/\/www.notibras.com\/site\/#\/schema\/logo\/image\/"},"sameAs":["https:\/\/www.facebook.com\/notibras\/","https:\/\/x.com\/Notibras","https:\/\/www.instagram.com\/notibras\/"]},{"@type":"Person","@id":"https:\/\/www.notibras.com\/site\/#\/schema\/person\/36ab0979449956132d3e5b517ea76ac8","name":"Reda\u00e7\u00e3o","image":{"@type":"ImageObject","inLanguage":"pt-BR","@id":"https:\/\/secure.gravatar.com\/avatar\/e0a867bdedb85fd243eadf09663511f96fc81e0720a4a42581f334ad4303aa6b?s=96&d=mm&r=g","url":"https:\/\/secure.gravatar.com\/avatar\/e0a867bdedb85fd243eadf09663511f96fc81e0720a4a42581f334ad4303aa6b?s=96&d=mm&r=g","contentUrl":"https:\/\/secure.gravatar.com\/avatar\/e0a867bdedb85fd243eadf09663511f96fc81e0720a4a42581f334ad4303aa6b?s=96&d=mm&r=g","caption":"Reda\u00e7\u00e3o"}}]}},"amp_enabled":true,"_links":{"self":[{"href":"https:\/\/www.notibras.com\/site\/wp-json\/wp\/v2\/posts\/5527","targetHints":{"allow":["GET"]}}],"collection":[{"href":"https:\/\/www.notibras.com\/site\/wp-json\/wp\/v2\/posts"}],"about":[{"href":"https:\/\/www.notibras.com\/site\/wp-json\/wp\/v2\/types\/post"}],"author":[{"embeddable":true,"href":"https:\/\/www.notibras.com\/site\/wp-json\/wp\/v2\/users\/2"}],"replies":[{"embeddable":true,"href":"https:\/\/www.notibras.com\/site\/wp-json\/wp\/v2\/comments?post=5527"}],"version-history":[{"count":0,"href":"https:\/\/www.notibras.com\/site\/wp-json\/wp\/v2\/posts\/5527\/revisions"}],"wp:featuredmedia":[{"embeddable":true,"href":"https:\/\/www.notibras.com\/site\/wp-json\/wp\/v2\/media\/5528"}],"wp:attachment":[{"href":"https:\/\/www.notibras.com\/site\/wp-json\/wp\/v2\/media?parent=5527"}],"wp:term":[{"taxonomy":"category","embeddable":true,"href":"https:\/\/www.notibras.com\/site\/wp-json\/wp\/v2\/categories?post=5527"},{"taxonomy":"post_tag","embeddable":true,"href":"https:\/\/www.notibras.com\/site\/wp-json\/wp\/v2\/tags?post=5527"}],"curies":[{"name":"wp","href":"https:\/\/api.w.org\/{rel}","templated":true}]}}