{"id":55327,"date":"2015-06-28T19:14:13","date_gmt":"2015-06-28T22:14:13","guid":{"rendered":"http:\/\/www.notibras.com\/site\/?p=55327"},"modified":"2015-06-28T20:36:51","modified_gmt":"2015-06-28T23:36:51","slug":"palmeiras-volta-a-brilhar-em-casa-e-aplica-goleasda-de-4-a-0-no-sao-paulo","status":"publish","type":"post","link":"https:\/\/www.notibras.com\/site\/palmeiras-volta-a-brilhar-em-casa-e-aplica-goleasda-de-4-a-0-no-sao-paulo\/","title":{"rendered":"Palmeiras volta a brilhar e aplica goleada de 4 a 0 no S\u00e3o Paulo"},"content":{"rendered":"<p>O Palmeiras voltou a mostrar for\u00e7a contra o S\u00e3o Paulo em casa e venceu o rival por 4 a 0, na primeira vit\u00f3ria do t\u00e9cnico Marcelo Oliveira no comando da equipe, gols de Leandro Pereira, Victor Ramos, Rafael Marques e Cristaldo.<\/p>\n<p>Na estreia de Marcelo, o Palmeiras perdeu para o Gr\u00eamio por 1 a 0. O S\u00e3o Paulo, por sua vez, acabou derrotado pela primeira vez depois da chegada de Juan Carlos Osorio &#8212; o colombiano venceu os dois jogos iniciais e empatou o terceiro.<\/p>\n<p>No intervalo do cl\u00e1ssico, o treinador foi expulso pelo \u00e1rbitro Anderson Daronco depois de protestar contra um cart\u00e3o amarelo mostrado ao lateral Bruno. No segundo tempo, o auxiliar Milton Cruz comandou o time \u00e0 beira do campo.<\/p>\n<blockquote><p>No jogo, o time palmeirense demorou para conseguir impor seu jogo. O primeiro gol saiu aos 31 minutos do primeiro tempo. Antes, Alexandro Pato quase abriu o placar depois de grande jogada no meio-campo. Depois de sofrer o gol, por\u00e9m, o S\u00e3o Paulo se perdeu em campo. E viu Victor Ramos ampliar antes do intervalo. Na etapa final, o Palmeiras ampliou e matou o jogo.<\/p><\/blockquote>\n<p>Osorio optou, pela primeira vez, por escalar Luis Fabiano e Pato juntos. Dessa forma, mudou o esquema t\u00e1tico do S\u00e3o Paulo, do 4-1-4-1 para o 4-2-3-1. Com Ganso muito mal, o time s\u00e3o-paulino n\u00e3o conseguiu tantas conclus\u00f5es ao gol, apesar de ter mais posse de bola na primeira etapa. O Palmeiras, em contrapartida, conseguiu construir o placar ao jogar com muita velocidade, principalmente pelo lado esquerdo do campo.<\/p>\n","protected":false},"excerpt":{"rendered":"<p>O Palmeiras voltou a mostrar for\u00e7a contra o S\u00e3o Paulo em casa e venceu o rival por 4 a 0, na primeira vit\u00f3ria do t\u00e9cnico Marcelo Oliveira no comando da equipe, gols de Leandro Pereira, Victor Ramos, Rafael Marques e Cristaldo. Na estreia de Marcelo, o Palmeiras perdeu para o Gr\u00eamio por 1 a 0. [&hellip;]<\/p>\n","protected":false},"author":2,"featured_media":55328,"comment_status":"open","ping_status":"closed","sticky":false,"template":"","format":"standard","meta":{"_acf_changed":false,"footnotes":""},"categories":[19,29],"tags":[],"class_list":["post-55327","post","type-post","status-publish","format-standard","has-post-thumbnail","hentry","category-esportes","category-futebol"],"acf":[],"yoast_head":"<!-- This site is optimized with the Yoast SEO plugin v27.2 - https:\/\/yoast.com\/product\/yoast-seo-wordpress\/ -->\n<title>Palmeiras volta a brilhar e aplica goleada de 4 a 0 no S\u00e3o Paulo - Notibras<\/title>\n<meta name=\"robots\" content=\"index, follow, max-snippet:-1, max-image-preview:large, max-video-preview:-1\" \/>\n<link rel=\"canonical\" href=\"https:\/\/www.notibras.com\/site\/palmeiras-volta-a-brilhar-em-casa-e-aplica-goleasda-de-4-a-0-no-sao-paulo\/\" \/>\n<meta property=\"og:locale\" content=\"pt_BR\" \/>\n<meta property=\"og:type\" content=\"article\" \/>\n<meta property=\"og:title\" content=\"Palmeiras volta a brilhar e aplica goleada de 4 a 0 no S\u00e3o Paulo - Notibras\" \/>\n<meta property=\"og:description\" content=\"O Palmeiras voltou a mostrar for\u00e7a contra o S\u00e3o Paulo em casa e venceu o rival por 4 a 0, na primeira vit\u00f3ria do t\u00e9cnico Marcelo Oliveira no comando da equipe, gols de Leandro Pereira, Victor Ramos, Rafael Marques e Cristaldo. Na estreia de Marcelo, o Palmeiras perdeu para o Gr\u00eamio por 1 a 0. [&hellip;]\" \/>\n<meta property=\"og:url\" content=\"https:\/\/www.notibras.com\/site\/palmeiras-volta-a-brilhar-em-casa-e-aplica-goleasda-de-4-a-0-no-sao-paulo\/\" \/>\n<meta property=\"og:site_name\" content=\"Notibras\" \/>\n<meta property=\"article:publisher\" content=\"https:\/\/www.facebook.com\/notibras\/\" \/>\n<meta property=\"article:published_time\" content=\"2015-06-28T22:14:13+00:00\" \/>\n<meta property=\"article:modified_time\" content=\"2015-06-28T23:36:51+00:00\" \/>\n<meta property=\"og:image\" content=\"https:\/\/www.notibras.com\/site\/wp-content\/uploads\/2015\/06\/leandroopereirapalmeirasxsaopaulomarioangelosigmapressgazeta.jpg\" \/>\n\t<meta property=\"og:image:width\" content=\"940\" \/>\n\t<meta property=\"og:image:height\" content=\"627\" \/>\n\t<meta property=\"og:image:type\" content=\"image\/jpeg\" \/>\n<meta name=\"author\" content=\"Reda\u00e7\u00e3o\" \/>\n<meta name=\"twitter:card\" content=\"summary_large_image\" \/>\n<meta name=\"twitter:creator\" content=\"@Notibras\" \/>\n<meta name=\"twitter:site\" content=\"@Notibras\" \/>\n<meta name=\"twitter:label1\" content=\"Escrito por\" \/>\n\t<meta name=\"twitter:data1\" content=\"Reda\u00e7\u00e3o\" \/>\n\t<meta name=\"twitter:label2\" content=\"Est. tempo de leitura\" \/>\n\t<meta name=\"twitter:data2\" content=\"1 minuto\" \/>\n<script type=\"application\/ld+json\" class=\"yoast-schema-graph\">{\"@context\":\"https:\/\/schema.org\",\"@graph\":[{\"@type\":\"Article\",\"@id\":\"https:\/\/www.notibras.com\/site\/palmeiras-volta-a-brilhar-em-casa-e-aplica-goleasda-de-4-a-0-no-sao-paulo\/#article\",\"isPartOf\":{\"@id\":\"https:\/\/www.notibras.com\/site\/palmeiras-volta-a-brilhar-em-casa-e-aplica-goleasda-de-4-a-0-no-sao-paulo\/\"},\"author\":{\"name\":\"Reda\u00e7\u00e3o\",\"@id\":\"https:\/\/www.notibras.com\/site\/#\/schema\/person\/36ab0979449956132d3e5b517ea76ac8\"},\"headline\":\"Palmeiras volta a brilhar e aplica goleada de 4 a 0 no S\u00e3o Paulo\",\"datePublished\":\"2015-06-28T22:14:13+00:00\",\"dateModified\":\"2015-06-28T23:36:51+00:00\",\"mainEntityOfPage\":{\"@id\":\"https:\/\/www.notibras.com\/site\/palmeiras-volta-a-brilhar-em-casa-e-aplica-goleasda-de-4-a-0-no-sao-paulo\/\"},\"wordCount\":281,\"commentCount\":0,\"publisher\":{\"@id\":\"https:\/\/www.notibras.com\/site\/#organization\"},\"image\":{\"@id\":\"https:\/\/www.notibras.com\/site\/palmeiras-volta-a-brilhar-em-casa-e-aplica-goleasda-de-4-a-0-no-sao-paulo\/#primaryimage\"},\"thumbnailUrl\":\"https:\/\/www.notibras.com\/site\/wp-content\/uploads\/2015\/06\/leandroopereirapalmeirasxsaopaulomarioangelosigmapressgazeta.jpg\",\"articleSection\":[\"Esportes\",\"Futebol\"],\"inLanguage\":\"pt-BR\",\"potentialAction\":[{\"@type\":\"CommentAction\",\"name\":\"Comment\",\"target\":[\"https:\/\/www.notibras.com\/site\/palmeiras-volta-a-brilhar-em-casa-e-aplica-goleasda-de-4-a-0-no-sao-paulo\/#respond\"]}]},{\"@type\":\"WebPage\",\"@id\":\"https:\/\/www.notibras.com\/site\/palmeiras-volta-a-brilhar-em-casa-e-aplica-goleasda-de-4-a-0-no-sao-paulo\/\",\"url\":\"https:\/\/www.notibras.com\/site\/palmeiras-volta-a-brilhar-em-casa-e-aplica-goleasda-de-4-a-0-no-sao-paulo\/\",\"name\":\"Palmeiras volta a brilhar e aplica goleada de 4 a 0 no S\u00e3o Paulo - Notibras\",\"isPartOf\":{\"@id\":\"https:\/\/www.notibras.com\/site\/#website\"},\"primaryImageOfPage\":{\"@id\":\"https:\/\/www.notibras.com\/site\/palmeiras-volta-a-brilhar-em-casa-e-aplica-goleasda-de-4-a-0-no-sao-paulo\/#primaryimage\"},\"image\":{\"@id\":\"https:\/\/www.notibras.com\/site\/palmeiras-volta-a-brilhar-em-casa-e-aplica-goleasda-de-4-a-0-no-sao-paulo\/#primaryimage\"},\"thumbnailUrl\":\"https:\/\/www.notibras.com\/site\/wp-content\/uploads\/2015\/06\/leandroopereirapalmeirasxsaopaulomarioangelosigmapressgazeta.jpg\",\"datePublished\":\"2015-06-28T22:14:13+00:00\",\"dateModified\":\"2015-06-28T23:36:51+00:00\",\"breadcrumb\":{\"@id\":\"https:\/\/www.notibras.com\/site\/palmeiras-volta-a-brilhar-em-casa-e-aplica-goleasda-de-4-a-0-no-sao-paulo\/#breadcrumb\"},\"inLanguage\":\"pt-BR\",\"potentialAction\":[{\"@type\":\"ReadAction\",\"target\":[\"https:\/\/www.notibras.com\/site\/palmeiras-volta-a-brilhar-em-casa-e-aplica-goleasda-de-4-a-0-no-sao-paulo\/\"]}]},{\"@type\":\"ImageObject\",\"inLanguage\":\"pt-BR\",\"@id\":\"https:\/\/www.notibras.com\/site\/palmeiras-volta-a-brilhar-em-casa-e-aplica-goleasda-de-4-a-0-no-sao-paulo\/#primaryimage\",\"url\":\"https:\/\/www.notibras.com\/site\/wp-content\/uploads\/2015\/06\/leandroopereirapalmeirasxsaopaulomarioangelosigmapressgazeta.jpg\",\"contentUrl\":\"https:\/\/www.notibras.com\/site\/wp-content\/uploads\/2015\/06\/leandroopereirapalmeirasxsaopaulomarioangelosigmapressgazeta.jpg\",\"width\":940,\"height\":627},{\"@type\":\"BreadcrumbList\",\"@id\":\"https:\/\/www.notibras.com\/site\/palmeiras-volta-a-brilhar-em-casa-e-aplica-goleasda-de-4-a-0-no-sao-paulo\/#breadcrumb\",\"itemListElement\":[{\"@type\":\"ListItem\",\"position\":1,\"name\":\"In\u00edcio\",\"item\":\"https:\/\/www.notibras.com\/site\/\"},{\"@type\":\"ListItem\",\"position\":2,\"name\":\"Palmeiras volta a brilhar e aplica goleada de 4 a 0 no S\u00e3o Paulo\"}]},{\"@type\":\"WebSite\",\"@id\":\"https:\/\/www.notibras.com\/site\/#website\",\"url\":\"https:\/\/www.notibras.com\/site\/\",\"name\":\"Notibras\",\"description\":\"Not\u00edcias de Bras\u00edlia, do Brasil e do Mundo\",\"publisher\":{\"@id\":\"https:\/\/www.notibras.com\/site\/#organization\"},\"potentialAction\":[{\"@type\":\"SearchAction\",\"target\":{\"@type\":\"EntryPoint\",\"urlTemplate\":\"https:\/\/www.notibras.com\/site\/?s={search_term_string}\"},\"query-input\":{\"@type\":\"PropertyValueSpecification\",\"valueRequired\":true,\"valueName\":\"search_term_string\"}}],\"inLanguage\":\"pt-BR\"},{\"@type\":\"Organization\",\"@id\":\"https:\/\/www.notibras.com\/site\/#organization\",\"name\":\"Grupo Notibras de Comunica\u00e7\u00e3o\",\"url\":\"https:\/\/www.notibras.com\/site\/\",\"logo\":{\"@type\":\"ImageObject\",\"inLanguage\":\"pt-BR\",\"@id\":\"https:\/\/www.notibras.com\/site\/#\/schema\/logo\/image\/\",\"url\":\"https:\/\/www.notibras.com\/site\/wp-content\/uploads\/2023\/01\/notibras23.png\",\"contentUrl\":\"https:\/\/www.notibras.com\/site\/wp-content\/uploads\/2023\/01\/notibras23.png\",\"width\":350,\"height\":87,\"caption\":\"Grupo Notibras de Comunica\u00e7\u00e3o\"},\"image\":{\"@id\":\"https:\/\/www.notibras.com\/site\/#\/schema\/logo\/image\/\"},\"sameAs\":[\"https:\/\/www.facebook.com\/notibras\/\",\"https:\/\/x.com\/Notibras\",\"https:\/\/www.instagram.com\/notibras\/\"]},{\"@type\":\"Person\",\"@id\":\"https:\/\/www.notibras.com\/site\/#\/schema\/person\/36ab0979449956132d3e5b517ea76ac8\",\"name\":\"Reda\u00e7\u00e3o\",\"image\":{\"@type\":\"ImageObject\",\"inLanguage\":\"pt-BR\",\"@id\":\"https:\/\/secure.gravatar.com\/avatar\/e0a867bdedb85fd243eadf09663511f96fc81e0720a4a42581f334ad4303aa6b?s=96&d=mm&r=g\",\"url\":\"https:\/\/secure.gravatar.com\/avatar\/e0a867bdedb85fd243eadf09663511f96fc81e0720a4a42581f334ad4303aa6b?s=96&d=mm&r=g\",\"contentUrl\":\"https:\/\/secure.gravatar.com\/avatar\/e0a867bdedb85fd243eadf09663511f96fc81e0720a4a42581f334ad4303aa6b?s=96&d=mm&r=g\",\"caption\":\"Reda\u00e7\u00e3o\"}}]}<\/script>\n<!-- \/ Yoast SEO plugin. -->","yoast_head_json":{"title":"Palmeiras volta a brilhar e aplica goleada de 4 a 0 no S\u00e3o Paulo - Notibras","robots":{"index":"index","follow":"follow","max-snippet":"max-snippet:-1","max-image-preview":"max-image-preview:large","max-video-preview":"max-video-preview:-1"},"canonical":"https:\/\/www.notibras.com\/site\/palmeiras-volta-a-brilhar-em-casa-e-aplica-goleasda-de-4-a-0-no-sao-paulo\/","og_locale":"pt_BR","og_type":"article","og_title":"Palmeiras volta a brilhar e aplica goleada de 4 a 0 no S\u00e3o Paulo - Notibras","og_description":"O Palmeiras voltou a mostrar for\u00e7a contra o S\u00e3o Paulo em casa e venceu o rival por 4 a 0, na primeira vit\u00f3ria do t\u00e9cnico Marcelo Oliveira no comando da equipe, gols de Leandro Pereira, Victor Ramos, Rafael Marques e Cristaldo. Na estreia de Marcelo, o Palmeiras perdeu para o Gr\u00eamio por 1 a 0. [&hellip;]","og_url":"https:\/\/www.notibras.com\/site\/palmeiras-volta-a-brilhar-em-casa-e-aplica-goleasda-de-4-a-0-no-sao-paulo\/","og_site_name":"Notibras","article_publisher":"https:\/\/www.facebook.com\/notibras\/","article_published_time":"2015-06-28T22:14:13+00:00","article_modified_time":"2015-06-28T23:36:51+00:00","og_image":[{"width":940,"height":627,"url":"https:\/\/www.notibras.com\/site\/wp-content\/uploads\/2015\/06\/leandroopereirapalmeirasxsaopaulomarioangelosigmapressgazeta.jpg","type":"image\/jpeg"}],"author":"Reda\u00e7\u00e3o","twitter_card":"summary_large_image","twitter_creator":"@Notibras","twitter_site":"@Notibras","twitter_misc":{"Escrito por":"Reda\u00e7\u00e3o","Est. tempo de leitura":"1 minuto"},"schema":{"@context":"https:\/\/schema.org","@graph":[{"@type":"Article","@id":"https:\/\/www.notibras.com\/site\/palmeiras-volta-a-brilhar-em-casa-e-aplica-goleasda-de-4-a-0-no-sao-paulo\/#article","isPartOf":{"@id":"https:\/\/www.notibras.com\/site\/palmeiras-volta-a-brilhar-em-casa-e-aplica-goleasda-de-4-a-0-no-sao-paulo\/"},"author":{"name":"Reda\u00e7\u00e3o","@id":"https:\/\/www.notibras.com\/site\/#\/schema\/person\/36ab0979449956132d3e5b517ea76ac8"},"headline":"Palmeiras volta a brilhar e aplica goleada de 4 a 0 no S\u00e3o Paulo","datePublished":"2015-06-28T22:14:13+00:00","dateModified":"2015-06-28T23:36:51+00:00","mainEntityOfPage":{"@id":"https:\/\/www.notibras.com\/site\/palmeiras-volta-a-brilhar-em-casa-e-aplica-goleasda-de-4-a-0-no-sao-paulo\/"},"wordCount":281,"commentCount":0,"publisher":{"@id":"https:\/\/www.notibras.com\/site\/#organization"},"image":{"@id":"https:\/\/www.notibras.com\/site\/palmeiras-volta-a-brilhar-em-casa-e-aplica-goleasda-de-4-a-0-no-sao-paulo\/#primaryimage"},"thumbnailUrl":"https:\/\/www.notibras.com\/site\/wp-content\/uploads\/2015\/06\/leandroopereirapalmeirasxsaopaulomarioangelosigmapressgazeta.jpg","articleSection":["Esportes","Futebol"],"inLanguage":"pt-BR","potentialAction":[{"@type":"CommentAction","name":"Comment","target":["https:\/\/www.notibras.com\/site\/palmeiras-volta-a-brilhar-em-casa-e-aplica-goleasda-de-4-a-0-no-sao-paulo\/#respond"]}]},{"@type":"WebPage","@id":"https:\/\/www.notibras.com\/site\/palmeiras-volta-a-brilhar-em-casa-e-aplica-goleasda-de-4-a-0-no-sao-paulo\/","url":"https:\/\/www.notibras.com\/site\/palmeiras-volta-a-brilhar-em-casa-e-aplica-goleasda-de-4-a-0-no-sao-paulo\/","name":"Palmeiras volta a brilhar e aplica goleada de 4 a 0 no S\u00e3o Paulo - Notibras","isPartOf":{"@id":"https:\/\/www.notibras.com\/site\/#website"},"primaryImageOfPage":{"@id":"https:\/\/www.notibras.com\/site\/palmeiras-volta-a-brilhar-em-casa-e-aplica-goleasda-de-4-a-0-no-sao-paulo\/#primaryimage"},"image":{"@id":"https:\/\/www.notibras.com\/site\/palmeiras-volta-a-brilhar-em-casa-e-aplica-goleasda-de-4-a-0-no-sao-paulo\/#primaryimage"},"thumbnailUrl":"https:\/\/www.notibras.com\/site\/wp-content\/uploads\/2015\/06\/leandroopereirapalmeirasxsaopaulomarioangelosigmapressgazeta.jpg","datePublished":"2015-06-28T22:14:13+00:00","dateModified":"2015-06-28T23:36:51+00:00","breadcrumb":{"@id":"https:\/\/www.notibras.com\/site\/palmeiras-volta-a-brilhar-em-casa-e-aplica-goleasda-de-4-a-0-no-sao-paulo\/#breadcrumb"},"inLanguage":"pt-BR","potentialAction":[{"@type":"ReadAction","target":["https:\/\/www.notibras.com\/site\/palmeiras-volta-a-brilhar-em-casa-e-aplica-goleasda-de-4-a-0-no-sao-paulo\/"]}]},{"@type":"ImageObject","inLanguage":"pt-BR","@id":"https:\/\/www.notibras.com\/site\/palmeiras-volta-a-brilhar-em-casa-e-aplica-goleasda-de-4-a-0-no-sao-paulo\/#primaryimage","url":"https:\/\/www.notibras.com\/site\/wp-content\/uploads\/2015\/06\/leandroopereirapalmeirasxsaopaulomarioangelosigmapressgazeta.jpg","contentUrl":"https:\/\/www.notibras.com\/site\/wp-content\/uploads\/2015\/06\/leandroopereirapalmeirasxsaopaulomarioangelosigmapressgazeta.jpg","width":940,"height":627},{"@type":"BreadcrumbList","@id":"https:\/\/www.notibras.com\/site\/palmeiras-volta-a-brilhar-em-casa-e-aplica-goleasda-de-4-a-0-no-sao-paulo\/#breadcrumb","itemListElement":[{"@type":"ListItem","position":1,"name":"In\u00edcio","item":"https:\/\/www.notibras.com\/site\/"},{"@type":"ListItem","position":2,"name":"Palmeiras volta a brilhar e aplica goleada de 4 a 0 no S\u00e3o Paulo"}]},{"@type":"WebSite","@id":"https:\/\/www.notibras.com\/site\/#website","url":"https:\/\/www.notibras.com\/site\/","name":"Notibras","description":"Not\u00edcias de Bras\u00edlia, do Brasil e do Mundo","publisher":{"@id":"https:\/\/www.notibras.com\/site\/#organization"},"potentialAction":[{"@type":"SearchAction","target":{"@type":"EntryPoint","urlTemplate":"https:\/\/www.notibras.com\/site\/?s={search_term_string}"},"query-input":{"@type":"PropertyValueSpecification","valueRequired":true,"valueName":"search_term_string"}}],"inLanguage":"pt-BR"},{"@type":"Organization","@id":"https:\/\/www.notibras.com\/site\/#organization","name":"Grupo Notibras de Comunica\u00e7\u00e3o","url":"https:\/\/www.notibras.com\/site\/","logo":{"@type":"ImageObject","inLanguage":"pt-BR","@id":"https:\/\/www.notibras.com\/site\/#\/schema\/logo\/image\/","url":"https:\/\/www.notibras.com\/site\/wp-content\/uploads\/2023\/01\/notibras23.png","contentUrl":"https:\/\/www.notibras.com\/site\/wp-content\/uploads\/2023\/01\/notibras23.png","width":350,"height":87,"caption":"Grupo Notibras de Comunica\u00e7\u00e3o"},"image":{"@id":"https:\/\/www.notibras.com\/site\/#\/schema\/logo\/image\/"},"sameAs":["https:\/\/www.facebook.com\/notibras\/","https:\/\/x.com\/Notibras","https:\/\/www.instagram.com\/notibras\/"]},{"@type":"Person","@id":"https:\/\/www.notibras.com\/site\/#\/schema\/person\/36ab0979449956132d3e5b517ea76ac8","name":"Reda\u00e7\u00e3o","image":{"@type":"ImageObject","inLanguage":"pt-BR","@id":"https:\/\/secure.gravatar.com\/avatar\/e0a867bdedb85fd243eadf09663511f96fc81e0720a4a42581f334ad4303aa6b?s=96&d=mm&r=g","url":"https:\/\/secure.gravatar.com\/avatar\/e0a867bdedb85fd243eadf09663511f96fc81e0720a4a42581f334ad4303aa6b?s=96&d=mm&r=g","contentUrl":"https:\/\/secure.gravatar.com\/avatar\/e0a867bdedb85fd243eadf09663511f96fc81e0720a4a42581f334ad4303aa6b?s=96&d=mm&r=g","caption":"Reda\u00e7\u00e3o"}}]}},"amp_enabled":true,"_links":{"self":[{"href":"https:\/\/www.notibras.com\/site\/wp-json\/wp\/v2\/posts\/55327","targetHints":{"allow":["GET"]}}],"collection":[{"href":"https:\/\/www.notibras.com\/site\/wp-json\/wp\/v2\/posts"}],"about":[{"href":"https:\/\/www.notibras.com\/site\/wp-json\/wp\/v2\/types\/post"}],"author":[{"embeddable":true,"href":"https:\/\/www.notibras.com\/site\/wp-json\/wp\/v2\/users\/2"}],"replies":[{"embeddable":true,"href":"https:\/\/www.notibras.com\/site\/wp-json\/wp\/v2\/comments?post=55327"}],"version-history":[{"count":0,"href":"https:\/\/www.notibras.com\/site\/wp-json\/wp\/v2\/posts\/55327\/revisions"}],"wp:featuredmedia":[{"embeddable":true,"href":"https:\/\/www.notibras.com\/site\/wp-json\/wp\/v2\/media\/55328"}],"wp:attachment":[{"href":"https:\/\/www.notibras.com\/site\/wp-json\/wp\/v2\/media?parent=55327"}],"wp:term":[{"taxonomy":"category","embeddable":true,"href":"https:\/\/www.notibras.com\/site\/wp-json\/wp\/v2\/categories?post=55327"},{"taxonomy":"post_tag","embeddable":true,"href":"https:\/\/www.notibras.com\/site\/wp-json\/wp\/v2\/tags?post=55327"}],"curies":[{"name":"wp","href":"https:\/\/api.w.org\/{rel}","templated":true}]}}