{"id":55337,"date":"2015-06-28T18:28:33","date_gmt":"2015-06-28T21:28:33","guid":{"rendered":"http:\/\/www.notibras.com\/site\/?p=55337"},"modified":"2015-06-28T18:28:33","modified_gmt":"2015-06-28T21:28:33","slug":"fluminense-com-dois-a-menos-derrota-goias-de-virada-por-2-a-1","status":"publish","type":"post","link":"https:\/\/www.notibras.com\/site\/fluminense-com-dois-a-menos-derrota-goias-de-virada-por-2-a-1\/","title":{"rendered":"Fluminense com dois a menos derrota Goi\u00e1s de virada por 2 a 1"},"content":{"rendered":"<p>O Fluminense terminou o jogo contra o Goi\u00e1s com dois jogadores a menos. Ainda assim, mostrou for\u00e7a para garantir a vit\u00f3ria sobre o Goi\u00e1s fora de casa neste domingo. De virada, o Tricolor venceu por 2 a 1 para chegar \u00e0 quarta posi\u00e7\u00e3o do Campeonato Brasileiro. Wagner e Edson marcaram para o Flu, com Erik descontando.<\/p>\n<p>Em um Serra Dourada quase vazio, o clube das Laranjeiras ignorou a expuls\u00e3o de Gum aos 11min do segundo tempo e a sa\u00edda de Vinicius por les\u00e3o aos 36min tamb\u00e9m da etapa complementar para segurar triunfo sofrido.<\/p>\n<blockquote><p>Com 17 pontos, o Fluminense faz parte de grupo de quatro equipes com a mesma campanha no campeonato &#8211; da segunda \u00e0 quinta coloca\u00e7\u00e3o. O Tricolor aparece no G-4, com o terceiro posto, ao lado do S\u00e3o Paulo &#8211; os dois t\u00eam a mesma campanha e empatam em todos os crit\u00e9rios.<\/p><\/blockquote>\n<p>O l\u00edder \u00e9 o Sport, com 19. Atl\u00e9tico-MG aparece \u00e0 frente na tabela, em segundo. Tamb\u00e9m com 17 pontos, Gr\u00eamio fica logo atr\u00e1s no quinto lugar.\u00a0O Goi\u00e1s segue em dificuldades no Brasileiro, em 15\u00ba, com nove pontos.<\/p>\n","protected":false},"excerpt":{"rendered":"<p>O Fluminense terminou o jogo contra o Goi\u00e1s com dois jogadores a menos. Ainda assim, mostrou for\u00e7a para garantir a vit\u00f3ria sobre o Goi\u00e1s fora de casa neste domingo. De virada, o Tricolor venceu por 2 a 1 para chegar \u00e0 quarta posi\u00e7\u00e3o do Campeonato Brasileiro. Wagner e Edson marcaram para o Flu, com Erik [&hellip;]<\/p>\n","protected":false},"author":2,"featured_media":55338,"comment_status":"open","ping_status":"closed","sticky":false,"template":"","format":"standard","meta":{"_acf_changed":false,"footnotes":""},"categories":[19,29],"tags":[],"class_list":["post-55337","post","type-post","status-publish","format-standard","has-post-thumbnail","hentry","category-esportes","category-futebol"],"acf":[],"yoast_head":"<!-- This site is optimized with the Yoast SEO plugin v27.2 - https:\/\/yoast.com\/product\/yoast-seo-wordpress\/ -->\n<title>Fluminense com dois a menos derrota Goi\u00e1s de virada por 2 a 1 - Notibras<\/title>\n<meta name=\"robots\" content=\"index, follow, max-snippet:-1, max-image-preview:large, max-video-preview:-1\" \/>\n<link rel=\"canonical\" href=\"https:\/\/www.notibras.com\/site\/fluminense-com-dois-a-menos-derrota-goias-de-virada-por-2-a-1\/\" \/>\n<meta property=\"og:locale\" content=\"pt_BR\" \/>\n<meta property=\"og:type\" content=\"article\" \/>\n<meta property=\"og:title\" content=\"Fluminense com dois a menos derrota Goi\u00e1s de virada por 2 a 1 - Notibras\" \/>\n<meta property=\"og:description\" content=\"O Fluminense terminou o jogo contra o Goi\u00e1s com dois jogadores a menos. Ainda assim, mostrou for\u00e7a para garantir a vit\u00f3ria sobre o Goi\u00e1s fora de casa neste domingo. De virada, o Tricolor venceu por 2 a 1 para chegar \u00e0 quarta posi\u00e7\u00e3o do Campeonato Brasileiro. Wagner e Edson marcaram para o Flu, com Erik [&hellip;]\" \/>\n<meta property=\"og:url\" content=\"https:\/\/www.notibras.com\/site\/fluminense-com-dois-a-menos-derrota-goias-de-virada-por-2-a-1\/\" \/>\n<meta property=\"og:site_name\" content=\"Notibras\" \/>\n<meta property=\"article:publisher\" content=\"https:\/\/www.facebook.com\/notibras\/\" \/>\n<meta property=\"article:published_time\" content=\"2015-06-28T21:28:33+00:00\" \/>\n<meta property=\"og:image\" content=\"https:\/\/www.notibras.com\/site\/wp-content\/uploads\/2015\/06\/flugo.jpg\" \/>\n\t<meta property=\"og:image:width\" content=\"300\" \/>\n\t<meta property=\"og:image:height\" content=\"200\" \/>\n\t<meta property=\"og:image:type\" content=\"image\/jpeg\" \/>\n<meta name=\"author\" content=\"Reda\u00e7\u00e3o\" \/>\n<meta name=\"twitter:card\" content=\"summary_large_image\" \/>\n<meta name=\"twitter:creator\" content=\"@Notibras\" \/>\n<meta name=\"twitter:site\" content=\"@Notibras\" \/>\n<meta name=\"twitter:label1\" content=\"Escrito por\" \/>\n\t<meta name=\"twitter:data1\" content=\"Reda\u00e7\u00e3o\" \/>\n\t<meta name=\"twitter:label2\" content=\"Est. tempo de leitura\" \/>\n\t<meta name=\"twitter:data2\" content=\"1 minuto\" \/>\n<script type=\"application\/ld+json\" class=\"yoast-schema-graph\">{\"@context\":\"https:\/\/schema.org\",\"@graph\":[{\"@type\":\"Article\",\"@id\":\"https:\/\/www.notibras.com\/site\/fluminense-com-dois-a-menos-derrota-goias-de-virada-por-2-a-1\/#article\",\"isPartOf\":{\"@id\":\"https:\/\/www.notibras.com\/site\/fluminense-com-dois-a-menos-derrota-goias-de-virada-por-2-a-1\/\"},\"author\":{\"name\":\"Reda\u00e7\u00e3o\",\"@id\":\"https:\/\/www.notibras.com\/site\/#\/schema\/person\/36ab0979449956132d3e5b517ea76ac8\"},\"headline\":\"Fluminense com dois a menos derrota Goi\u00e1s de virada por 2 a 1\",\"datePublished\":\"2015-06-28T21:28:33+00:00\",\"mainEntityOfPage\":{\"@id\":\"https:\/\/www.notibras.com\/site\/fluminense-com-dois-a-menos-derrota-goias-de-virada-por-2-a-1\/\"},\"wordCount\":203,\"commentCount\":0,\"publisher\":{\"@id\":\"https:\/\/www.notibras.com\/site\/#organization\"},\"image\":{\"@id\":\"https:\/\/www.notibras.com\/site\/fluminense-com-dois-a-menos-derrota-goias-de-virada-por-2-a-1\/#primaryimage\"},\"thumbnailUrl\":\"https:\/\/www.notibras.com\/site\/wp-content\/uploads\/2015\/06\/flugo.jpg\",\"articleSection\":[\"Esportes\",\"Futebol\"],\"inLanguage\":\"pt-BR\",\"potentialAction\":[{\"@type\":\"CommentAction\",\"name\":\"Comment\",\"target\":[\"https:\/\/www.notibras.com\/site\/fluminense-com-dois-a-menos-derrota-goias-de-virada-por-2-a-1\/#respond\"]}]},{\"@type\":\"WebPage\",\"@id\":\"https:\/\/www.notibras.com\/site\/fluminense-com-dois-a-menos-derrota-goias-de-virada-por-2-a-1\/\",\"url\":\"https:\/\/www.notibras.com\/site\/fluminense-com-dois-a-menos-derrota-goias-de-virada-por-2-a-1\/\",\"name\":\"Fluminense com dois a menos derrota Goi\u00e1s de virada por 2 a 1 - Notibras\",\"isPartOf\":{\"@id\":\"https:\/\/www.notibras.com\/site\/#website\"},\"primaryImageOfPage\":{\"@id\":\"https:\/\/www.notibras.com\/site\/fluminense-com-dois-a-menos-derrota-goias-de-virada-por-2-a-1\/#primaryimage\"},\"image\":{\"@id\":\"https:\/\/www.notibras.com\/site\/fluminense-com-dois-a-menos-derrota-goias-de-virada-por-2-a-1\/#primaryimage\"},\"thumbnailUrl\":\"https:\/\/www.notibras.com\/site\/wp-content\/uploads\/2015\/06\/flugo.jpg\",\"datePublished\":\"2015-06-28T21:28:33+00:00\",\"breadcrumb\":{\"@id\":\"https:\/\/www.notibras.com\/site\/fluminense-com-dois-a-menos-derrota-goias-de-virada-por-2-a-1\/#breadcrumb\"},\"inLanguage\":\"pt-BR\",\"potentialAction\":[{\"@type\":\"ReadAction\",\"target\":[\"https:\/\/www.notibras.com\/site\/fluminense-com-dois-a-menos-derrota-goias-de-virada-por-2-a-1\/\"]}]},{\"@type\":\"ImageObject\",\"inLanguage\":\"pt-BR\",\"@id\":\"https:\/\/www.notibras.com\/site\/fluminense-com-dois-a-menos-derrota-goias-de-virada-por-2-a-1\/#primaryimage\",\"url\":\"https:\/\/www.notibras.com\/site\/wp-content\/uploads\/2015\/06\/flugo.jpg\",\"contentUrl\":\"https:\/\/www.notibras.com\/site\/wp-content\/uploads\/2015\/06\/flugo.jpg\",\"width\":300,\"height\":200},{\"@type\":\"BreadcrumbList\",\"@id\":\"https:\/\/www.notibras.com\/site\/fluminense-com-dois-a-menos-derrota-goias-de-virada-por-2-a-1\/#breadcrumb\",\"itemListElement\":[{\"@type\":\"ListItem\",\"position\":1,\"name\":\"In\u00edcio\",\"item\":\"https:\/\/www.notibras.com\/site\/\"},{\"@type\":\"ListItem\",\"position\":2,\"name\":\"Fluminense com dois a menos derrota Goi\u00e1s de virada por 2 a 1\"}]},{\"@type\":\"WebSite\",\"@id\":\"https:\/\/www.notibras.com\/site\/#website\",\"url\":\"https:\/\/www.notibras.com\/site\/\",\"name\":\"Notibras\",\"description\":\"Not\u00edcias de Bras\u00edlia, do Brasil e do Mundo\",\"publisher\":{\"@id\":\"https:\/\/www.notibras.com\/site\/#organization\"},\"potentialAction\":[{\"@type\":\"SearchAction\",\"target\":{\"@type\":\"EntryPoint\",\"urlTemplate\":\"https:\/\/www.notibras.com\/site\/?s={search_term_string}\"},\"query-input\":{\"@type\":\"PropertyValueSpecification\",\"valueRequired\":true,\"valueName\":\"search_term_string\"}}],\"inLanguage\":\"pt-BR\"},{\"@type\":\"Organization\",\"@id\":\"https:\/\/www.notibras.com\/site\/#organization\",\"name\":\"Grupo Notibras de Comunica\u00e7\u00e3o\",\"url\":\"https:\/\/www.notibras.com\/site\/\",\"logo\":{\"@type\":\"ImageObject\",\"inLanguage\":\"pt-BR\",\"@id\":\"https:\/\/www.notibras.com\/site\/#\/schema\/logo\/image\/\",\"url\":\"https:\/\/www.notibras.com\/site\/wp-content\/uploads\/2023\/01\/notibras23.png\",\"contentUrl\":\"https:\/\/www.notibras.com\/site\/wp-content\/uploads\/2023\/01\/notibras23.png\",\"width\":350,\"height\":87,\"caption\":\"Grupo Notibras de Comunica\u00e7\u00e3o\"},\"image\":{\"@id\":\"https:\/\/www.notibras.com\/site\/#\/schema\/logo\/image\/\"},\"sameAs\":[\"https:\/\/www.facebook.com\/notibras\/\",\"https:\/\/x.com\/Notibras\",\"https:\/\/www.instagram.com\/notibras\/\"]},{\"@type\":\"Person\",\"@id\":\"https:\/\/www.notibras.com\/site\/#\/schema\/person\/36ab0979449956132d3e5b517ea76ac8\",\"name\":\"Reda\u00e7\u00e3o\",\"image\":{\"@type\":\"ImageObject\",\"inLanguage\":\"pt-BR\",\"@id\":\"https:\/\/secure.gravatar.com\/avatar\/e0a867bdedb85fd243eadf09663511f96fc81e0720a4a42581f334ad4303aa6b?s=96&d=mm&r=g\",\"url\":\"https:\/\/secure.gravatar.com\/avatar\/e0a867bdedb85fd243eadf09663511f96fc81e0720a4a42581f334ad4303aa6b?s=96&d=mm&r=g\",\"contentUrl\":\"https:\/\/secure.gravatar.com\/avatar\/e0a867bdedb85fd243eadf09663511f96fc81e0720a4a42581f334ad4303aa6b?s=96&d=mm&r=g\",\"caption\":\"Reda\u00e7\u00e3o\"}}]}<\/script>\n<!-- \/ Yoast SEO plugin. -->","yoast_head_json":{"title":"Fluminense com dois a menos derrota Goi\u00e1s de virada por 2 a 1 - Notibras","robots":{"index":"index","follow":"follow","max-snippet":"max-snippet:-1","max-image-preview":"max-image-preview:large","max-video-preview":"max-video-preview:-1"},"canonical":"https:\/\/www.notibras.com\/site\/fluminense-com-dois-a-menos-derrota-goias-de-virada-por-2-a-1\/","og_locale":"pt_BR","og_type":"article","og_title":"Fluminense com dois a menos derrota Goi\u00e1s de virada por 2 a 1 - Notibras","og_description":"O Fluminense terminou o jogo contra o Goi\u00e1s com dois jogadores a menos. Ainda assim, mostrou for\u00e7a para garantir a vit\u00f3ria sobre o Goi\u00e1s fora de casa neste domingo. De virada, o Tricolor venceu por 2 a 1 para chegar \u00e0 quarta posi\u00e7\u00e3o do Campeonato Brasileiro. Wagner e Edson marcaram para o Flu, com Erik [&hellip;]","og_url":"https:\/\/www.notibras.com\/site\/fluminense-com-dois-a-menos-derrota-goias-de-virada-por-2-a-1\/","og_site_name":"Notibras","article_publisher":"https:\/\/www.facebook.com\/notibras\/","article_published_time":"2015-06-28T21:28:33+00:00","og_image":[{"width":300,"height":200,"url":"https:\/\/www.notibras.com\/site\/wp-content\/uploads\/2015\/06\/flugo.jpg","type":"image\/jpeg"}],"author":"Reda\u00e7\u00e3o","twitter_card":"summary_large_image","twitter_creator":"@Notibras","twitter_site":"@Notibras","twitter_misc":{"Escrito por":"Reda\u00e7\u00e3o","Est. tempo de leitura":"1 minuto"},"schema":{"@context":"https:\/\/schema.org","@graph":[{"@type":"Article","@id":"https:\/\/www.notibras.com\/site\/fluminense-com-dois-a-menos-derrota-goias-de-virada-por-2-a-1\/#article","isPartOf":{"@id":"https:\/\/www.notibras.com\/site\/fluminense-com-dois-a-menos-derrota-goias-de-virada-por-2-a-1\/"},"author":{"name":"Reda\u00e7\u00e3o","@id":"https:\/\/www.notibras.com\/site\/#\/schema\/person\/36ab0979449956132d3e5b517ea76ac8"},"headline":"Fluminense com dois a menos derrota Goi\u00e1s de virada por 2 a 1","datePublished":"2015-06-28T21:28:33+00:00","mainEntityOfPage":{"@id":"https:\/\/www.notibras.com\/site\/fluminense-com-dois-a-menos-derrota-goias-de-virada-por-2-a-1\/"},"wordCount":203,"commentCount":0,"publisher":{"@id":"https:\/\/www.notibras.com\/site\/#organization"},"image":{"@id":"https:\/\/www.notibras.com\/site\/fluminense-com-dois-a-menos-derrota-goias-de-virada-por-2-a-1\/#primaryimage"},"thumbnailUrl":"https:\/\/www.notibras.com\/site\/wp-content\/uploads\/2015\/06\/flugo.jpg","articleSection":["Esportes","Futebol"],"inLanguage":"pt-BR","potentialAction":[{"@type":"CommentAction","name":"Comment","target":["https:\/\/www.notibras.com\/site\/fluminense-com-dois-a-menos-derrota-goias-de-virada-por-2-a-1\/#respond"]}]},{"@type":"WebPage","@id":"https:\/\/www.notibras.com\/site\/fluminense-com-dois-a-menos-derrota-goias-de-virada-por-2-a-1\/","url":"https:\/\/www.notibras.com\/site\/fluminense-com-dois-a-menos-derrota-goias-de-virada-por-2-a-1\/","name":"Fluminense com dois a menos derrota Goi\u00e1s de virada por 2 a 1 - Notibras","isPartOf":{"@id":"https:\/\/www.notibras.com\/site\/#website"},"primaryImageOfPage":{"@id":"https:\/\/www.notibras.com\/site\/fluminense-com-dois-a-menos-derrota-goias-de-virada-por-2-a-1\/#primaryimage"},"image":{"@id":"https:\/\/www.notibras.com\/site\/fluminense-com-dois-a-menos-derrota-goias-de-virada-por-2-a-1\/#primaryimage"},"thumbnailUrl":"https:\/\/www.notibras.com\/site\/wp-content\/uploads\/2015\/06\/flugo.jpg","datePublished":"2015-06-28T21:28:33+00:00","breadcrumb":{"@id":"https:\/\/www.notibras.com\/site\/fluminense-com-dois-a-menos-derrota-goias-de-virada-por-2-a-1\/#breadcrumb"},"inLanguage":"pt-BR","potentialAction":[{"@type":"ReadAction","target":["https:\/\/www.notibras.com\/site\/fluminense-com-dois-a-menos-derrota-goias-de-virada-por-2-a-1\/"]}]},{"@type":"ImageObject","inLanguage":"pt-BR","@id":"https:\/\/www.notibras.com\/site\/fluminense-com-dois-a-menos-derrota-goias-de-virada-por-2-a-1\/#primaryimage","url":"https:\/\/www.notibras.com\/site\/wp-content\/uploads\/2015\/06\/flugo.jpg","contentUrl":"https:\/\/www.notibras.com\/site\/wp-content\/uploads\/2015\/06\/flugo.jpg","width":300,"height":200},{"@type":"BreadcrumbList","@id":"https:\/\/www.notibras.com\/site\/fluminense-com-dois-a-menos-derrota-goias-de-virada-por-2-a-1\/#breadcrumb","itemListElement":[{"@type":"ListItem","position":1,"name":"In\u00edcio","item":"https:\/\/www.notibras.com\/site\/"},{"@type":"ListItem","position":2,"name":"Fluminense com dois a menos derrota Goi\u00e1s de virada por 2 a 1"}]},{"@type":"WebSite","@id":"https:\/\/www.notibras.com\/site\/#website","url":"https:\/\/www.notibras.com\/site\/","name":"Notibras","description":"Not\u00edcias de Bras\u00edlia, do Brasil e do Mundo","publisher":{"@id":"https:\/\/www.notibras.com\/site\/#organization"},"potentialAction":[{"@type":"SearchAction","target":{"@type":"EntryPoint","urlTemplate":"https:\/\/www.notibras.com\/site\/?s={search_term_string}"},"query-input":{"@type":"PropertyValueSpecification","valueRequired":true,"valueName":"search_term_string"}}],"inLanguage":"pt-BR"},{"@type":"Organization","@id":"https:\/\/www.notibras.com\/site\/#organization","name":"Grupo Notibras de Comunica\u00e7\u00e3o","url":"https:\/\/www.notibras.com\/site\/","logo":{"@type":"ImageObject","inLanguage":"pt-BR","@id":"https:\/\/www.notibras.com\/site\/#\/schema\/logo\/image\/","url":"https:\/\/www.notibras.com\/site\/wp-content\/uploads\/2023\/01\/notibras23.png","contentUrl":"https:\/\/www.notibras.com\/site\/wp-content\/uploads\/2023\/01\/notibras23.png","width":350,"height":87,"caption":"Grupo Notibras de Comunica\u00e7\u00e3o"},"image":{"@id":"https:\/\/www.notibras.com\/site\/#\/schema\/logo\/image\/"},"sameAs":["https:\/\/www.facebook.com\/notibras\/","https:\/\/x.com\/Notibras","https:\/\/www.instagram.com\/notibras\/"]},{"@type":"Person","@id":"https:\/\/www.notibras.com\/site\/#\/schema\/person\/36ab0979449956132d3e5b517ea76ac8","name":"Reda\u00e7\u00e3o","image":{"@type":"ImageObject","inLanguage":"pt-BR","@id":"https:\/\/secure.gravatar.com\/avatar\/e0a867bdedb85fd243eadf09663511f96fc81e0720a4a42581f334ad4303aa6b?s=96&d=mm&r=g","url":"https:\/\/secure.gravatar.com\/avatar\/e0a867bdedb85fd243eadf09663511f96fc81e0720a4a42581f334ad4303aa6b?s=96&d=mm&r=g","contentUrl":"https:\/\/secure.gravatar.com\/avatar\/e0a867bdedb85fd243eadf09663511f96fc81e0720a4a42581f334ad4303aa6b?s=96&d=mm&r=g","caption":"Reda\u00e7\u00e3o"}}]}},"amp_enabled":true,"_links":{"self":[{"href":"https:\/\/www.notibras.com\/site\/wp-json\/wp\/v2\/posts\/55337","targetHints":{"allow":["GET"]}}],"collection":[{"href":"https:\/\/www.notibras.com\/site\/wp-json\/wp\/v2\/posts"}],"about":[{"href":"https:\/\/www.notibras.com\/site\/wp-json\/wp\/v2\/types\/post"}],"author":[{"embeddable":true,"href":"https:\/\/www.notibras.com\/site\/wp-json\/wp\/v2\/users\/2"}],"replies":[{"embeddable":true,"href":"https:\/\/www.notibras.com\/site\/wp-json\/wp\/v2\/comments?post=55337"}],"version-history":[{"count":0,"href":"https:\/\/www.notibras.com\/site\/wp-json\/wp\/v2\/posts\/55337\/revisions"}],"wp:featuredmedia":[{"embeddable":true,"href":"https:\/\/www.notibras.com\/site\/wp-json\/wp\/v2\/media\/55338"}],"wp:attachment":[{"href":"https:\/\/www.notibras.com\/site\/wp-json\/wp\/v2\/media?parent=55337"}],"wp:term":[{"taxonomy":"category","embeddable":true,"href":"https:\/\/www.notibras.com\/site\/wp-json\/wp\/v2\/categories?post=55337"},{"taxonomy":"post_tag","embeddable":true,"href":"https:\/\/www.notibras.com\/site\/wp-json\/wp\/v2\/tags?post=55337"}],"curies":[{"name":"wp","href":"https:\/\/api.w.org\/{rel}","templated":true}]}}