{"id":55795,"date":"2015-07-01T22:01:47","date_gmt":"2015-07-02T01:01:47","guid":{"rendered":"http:\/\/www.notibras.com\/site\/?p=55795"},"modified":"2015-07-02T05:31:50","modified_gmt":"2015-07-02T08:31:50","slug":"vasco-coloca-duas-na-trave-marca-tres-um-vale-e-avai-cai-por-1-a-0-em-sao-januario","status":"publish","type":"post","link":"https:\/\/www.notibras.com\/site\/vasco-coloca-duas-na-trave-marca-tres-um-vale-e-avai-cai-por-1-a-0-em-sao-januario\/","title":{"rendered":"Vasco coloca duas na trave, marca tr\u00eas, um vale e o Ava\u00ed cai por 1 a 0"},"content":{"rendered":"<p>Ap\u00f3s quebrar um jejum de dez partidas sem vencer, quando bateu o Flamengo no \u00faltimo domingo, o Vasco demonstrou ter reencontrado o caminho das vit\u00f3rias ao novamente conquistar um resultado positivo.\u00a0 Desta vez a v\u00edtima foi o Ava\u00ed, que perdeu por 1 a 0, nesta quarta-feira, em S\u00e3o Janu\u00e1rio.<\/p>\n<p>A sequ\u00eancia de vit\u00f3rias d\u00e1 al\u00edvio ao time, que chegou a amargar a lanterna do Campeonato Brasileiro. A rea\u00e7\u00e3o acontece justamente com a chegada do t\u00e9cnico Celso Roth, que est\u00e1 invicto no comando da equipe.<\/p>\n<blockquote><p>Antes de abrir o placar, o Vasco fez dois gols em impedimento e colocou duas bolas na trave, o que aumentou o drama dos presentes no est\u00e1dio. Neste s\u00e1bado, o time enfrenta a Chapecoense, em Chapec\u00f3 (SC), \u00e0s 21h.<\/p><\/blockquote>\n","protected":false},"excerpt":{"rendered":"<p>Ap\u00f3s quebrar um jejum de dez partidas sem vencer, quando bateu o Flamengo no \u00faltimo domingo, o Vasco demonstrou ter reencontrado o caminho das vit\u00f3rias ao novamente conquistar um resultado positivo.\u00a0 Desta vez a v\u00edtima foi o Ava\u00ed, que perdeu por 1 a 0, nesta quarta-feira, em S\u00e3o Janu\u00e1rio. A sequ\u00eancia de vit\u00f3rias d\u00e1 al\u00edvio [&hellip;]<\/p>\n","protected":false},"author":2,"featured_media":55796,"comment_status":"open","ping_status":"closed","sticky":false,"template":"","format":"standard","meta":{"_acf_changed":false,"footnotes":""},"categories":[29],"tags":[],"class_list":["post-55795","post","type-post","status-publish","format-standard","has-post-thumbnail","hentry","category-futebol"],"acf":[],"yoast_head":"<!-- This site is optimized with the Yoast SEO plugin v27.2 - https:\/\/yoast.com\/product\/yoast-seo-wordpress\/ -->\n<title>Vasco coloca duas na trave, marca tr\u00eas, um vale e o Ava\u00ed cai por 1 a 0 - Notibras<\/title>\n<meta name=\"robots\" content=\"index, follow, max-snippet:-1, max-image-preview:large, max-video-preview:-1\" \/>\n<link rel=\"canonical\" href=\"https:\/\/www.notibras.com\/site\/vasco-coloca-duas-na-trave-marca-tres-um-vale-e-avai-cai-por-1-a-0-em-sao-januario\/\" \/>\n<meta property=\"og:locale\" content=\"pt_BR\" \/>\n<meta property=\"og:type\" content=\"article\" \/>\n<meta property=\"og:title\" content=\"Vasco coloca duas na trave, marca tr\u00eas, um vale e o Ava\u00ed cai por 1 a 0 - Notibras\" \/>\n<meta property=\"og:description\" content=\"Ap\u00f3s quebrar um jejum de dez partidas sem vencer, quando bateu o Flamengo no \u00faltimo domingo, o Vasco demonstrou ter reencontrado o caminho das vit\u00f3rias ao novamente conquistar um resultado positivo.\u00a0 Desta vez a v\u00edtima foi o Ava\u00ed, que perdeu por 1 a 0, nesta quarta-feira, em S\u00e3o Janu\u00e1rio. A sequ\u00eancia de vit\u00f3rias d\u00e1 al\u00edvio [&hellip;]\" \/>\n<meta property=\"og:url\" content=\"https:\/\/www.notibras.com\/site\/vasco-coloca-duas-na-trave-marca-tres-um-vale-e-avai-cai-por-1-a-0-em-sao-januario\/\" \/>\n<meta property=\"og:site_name\" content=\"Notibras\" \/>\n<meta property=\"article:publisher\" content=\"https:\/\/www.facebook.com\/notibras\/\" \/>\n<meta property=\"article:published_time\" content=\"2015-07-02T01:01:47+00:00\" \/>\n<meta property=\"article:modified_time\" content=\"2015-07-02T08:31:50+00:00\" \/>\n<meta property=\"og:image\" content=\"https:\/\/www.notibras.com\/site\/wp-content\/uploads\/2015\/07\/gilbertotentapaulofernandesvasco.jpg\" \/>\n\t<meta property=\"og:image:width\" content=\"940\" \/>\n\t<meta property=\"og:image:height\" content=\"627\" \/>\n\t<meta property=\"og:image:type\" content=\"image\/jpeg\" \/>\n<meta name=\"author\" content=\"Reda\u00e7\u00e3o\" \/>\n<meta name=\"twitter:card\" content=\"summary_large_image\" \/>\n<meta name=\"twitter:creator\" content=\"@Notibras\" \/>\n<meta name=\"twitter:site\" content=\"@Notibras\" \/>\n<meta name=\"twitter:label1\" content=\"Escrito por\" \/>\n\t<meta name=\"twitter:data1\" content=\"Reda\u00e7\u00e3o\" \/>\n\t<meta name=\"twitter:label2\" content=\"Est. tempo de leitura\" \/>\n\t<meta name=\"twitter:data2\" content=\"1 minuto\" \/>\n<script type=\"application\/ld+json\" class=\"yoast-schema-graph\">{\"@context\":\"https:\/\/schema.org\",\"@graph\":[{\"@type\":\"Article\",\"@id\":\"https:\/\/www.notibras.com\/site\/vasco-coloca-duas-na-trave-marca-tres-um-vale-e-avai-cai-por-1-a-0-em-sao-januario\/#article\",\"isPartOf\":{\"@id\":\"https:\/\/www.notibras.com\/site\/vasco-coloca-duas-na-trave-marca-tres-um-vale-e-avai-cai-por-1-a-0-em-sao-januario\/\"},\"author\":{\"name\":\"Reda\u00e7\u00e3o\",\"@id\":\"https:\/\/www.notibras.com\/site\/#\/schema\/person\/36ab0979449956132d3e5b517ea76ac8\"},\"headline\":\"Vasco coloca duas na trave, marca tr\u00eas, um vale e o Ava\u00ed cai por 1 a 0\",\"datePublished\":\"2015-07-02T01:01:47+00:00\",\"dateModified\":\"2015-07-02T08:31:50+00:00\",\"mainEntityOfPage\":{\"@id\":\"https:\/\/www.notibras.com\/site\/vasco-coloca-duas-na-trave-marca-tres-um-vale-e-avai-cai-por-1-a-0-em-sao-januario\/\"},\"wordCount\":149,\"commentCount\":0,\"publisher\":{\"@id\":\"https:\/\/www.notibras.com\/site\/#organization\"},\"image\":{\"@id\":\"https:\/\/www.notibras.com\/site\/vasco-coloca-duas-na-trave-marca-tres-um-vale-e-avai-cai-por-1-a-0-em-sao-januario\/#primaryimage\"},\"thumbnailUrl\":\"https:\/\/www.notibras.com\/site\/wp-content\/uploads\/2015\/07\/gilbertotentapaulofernandesvasco.jpg\",\"articleSection\":[\"Futebol\"],\"inLanguage\":\"pt-BR\",\"potentialAction\":[{\"@type\":\"CommentAction\",\"name\":\"Comment\",\"target\":[\"https:\/\/www.notibras.com\/site\/vasco-coloca-duas-na-trave-marca-tres-um-vale-e-avai-cai-por-1-a-0-em-sao-januario\/#respond\"]}]},{\"@type\":\"WebPage\",\"@id\":\"https:\/\/www.notibras.com\/site\/vasco-coloca-duas-na-trave-marca-tres-um-vale-e-avai-cai-por-1-a-0-em-sao-januario\/\",\"url\":\"https:\/\/www.notibras.com\/site\/vasco-coloca-duas-na-trave-marca-tres-um-vale-e-avai-cai-por-1-a-0-em-sao-januario\/\",\"name\":\"Vasco coloca duas na trave, marca tr\u00eas, um vale e o Ava\u00ed cai por 1 a 0 - Notibras\",\"isPartOf\":{\"@id\":\"https:\/\/www.notibras.com\/site\/#website\"},\"primaryImageOfPage\":{\"@id\":\"https:\/\/www.notibras.com\/site\/vasco-coloca-duas-na-trave-marca-tres-um-vale-e-avai-cai-por-1-a-0-em-sao-januario\/#primaryimage\"},\"image\":{\"@id\":\"https:\/\/www.notibras.com\/site\/vasco-coloca-duas-na-trave-marca-tres-um-vale-e-avai-cai-por-1-a-0-em-sao-januario\/#primaryimage\"},\"thumbnailUrl\":\"https:\/\/www.notibras.com\/site\/wp-content\/uploads\/2015\/07\/gilbertotentapaulofernandesvasco.jpg\",\"datePublished\":\"2015-07-02T01:01:47+00:00\",\"dateModified\":\"2015-07-02T08:31:50+00:00\",\"breadcrumb\":{\"@id\":\"https:\/\/www.notibras.com\/site\/vasco-coloca-duas-na-trave-marca-tres-um-vale-e-avai-cai-por-1-a-0-em-sao-januario\/#breadcrumb\"},\"inLanguage\":\"pt-BR\",\"potentialAction\":[{\"@type\":\"ReadAction\",\"target\":[\"https:\/\/www.notibras.com\/site\/vasco-coloca-duas-na-trave-marca-tres-um-vale-e-avai-cai-por-1-a-0-em-sao-januario\/\"]}]},{\"@type\":\"ImageObject\",\"inLanguage\":\"pt-BR\",\"@id\":\"https:\/\/www.notibras.com\/site\/vasco-coloca-duas-na-trave-marca-tres-um-vale-e-avai-cai-por-1-a-0-em-sao-januario\/#primaryimage\",\"url\":\"https:\/\/www.notibras.com\/site\/wp-content\/uploads\/2015\/07\/gilbertotentapaulofernandesvasco.jpg\",\"contentUrl\":\"https:\/\/www.notibras.com\/site\/wp-content\/uploads\/2015\/07\/gilbertotentapaulofernandesvasco.jpg\",\"width\":940,\"height\":627},{\"@type\":\"BreadcrumbList\",\"@id\":\"https:\/\/www.notibras.com\/site\/vasco-coloca-duas-na-trave-marca-tres-um-vale-e-avai-cai-por-1-a-0-em-sao-januario\/#breadcrumb\",\"itemListElement\":[{\"@type\":\"ListItem\",\"position\":1,\"name\":\"In\u00edcio\",\"item\":\"https:\/\/www.notibras.com\/site\/\"},{\"@type\":\"ListItem\",\"position\":2,\"name\":\"Vasco coloca duas na trave, marca tr\u00eas, um vale e o Ava\u00ed cai por 1 a 0\"}]},{\"@type\":\"WebSite\",\"@id\":\"https:\/\/www.notibras.com\/site\/#website\",\"url\":\"https:\/\/www.notibras.com\/site\/\",\"name\":\"Notibras\",\"description\":\"Not\u00edcias de Bras\u00edlia, do Brasil e do Mundo\",\"publisher\":{\"@id\":\"https:\/\/www.notibras.com\/site\/#organization\"},\"potentialAction\":[{\"@type\":\"SearchAction\",\"target\":{\"@type\":\"EntryPoint\",\"urlTemplate\":\"https:\/\/www.notibras.com\/site\/?s={search_term_string}\"},\"query-input\":{\"@type\":\"PropertyValueSpecification\",\"valueRequired\":true,\"valueName\":\"search_term_string\"}}],\"inLanguage\":\"pt-BR\"},{\"@type\":\"Organization\",\"@id\":\"https:\/\/www.notibras.com\/site\/#organization\",\"name\":\"Grupo Notibras de Comunica\u00e7\u00e3o\",\"url\":\"https:\/\/www.notibras.com\/site\/\",\"logo\":{\"@type\":\"ImageObject\",\"inLanguage\":\"pt-BR\",\"@id\":\"https:\/\/www.notibras.com\/site\/#\/schema\/logo\/image\/\",\"url\":\"https:\/\/www.notibras.com\/site\/wp-content\/uploads\/2023\/01\/notibras23.png\",\"contentUrl\":\"https:\/\/www.notibras.com\/site\/wp-content\/uploads\/2023\/01\/notibras23.png\",\"width\":350,\"height\":87,\"caption\":\"Grupo Notibras de Comunica\u00e7\u00e3o\"},\"image\":{\"@id\":\"https:\/\/www.notibras.com\/site\/#\/schema\/logo\/image\/\"},\"sameAs\":[\"https:\/\/www.facebook.com\/notibras\/\",\"https:\/\/x.com\/Notibras\",\"https:\/\/www.instagram.com\/notibras\/\"]},{\"@type\":\"Person\",\"@id\":\"https:\/\/www.notibras.com\/site\/#\/schema\/person\/36ab0979449956132d3e5b517ea76ac8\",\"name\":\"Reda\u00e7\u00e3o\",\"image\":{\"@type\":\"ImageObject\",\"inLanguage\":\"pt-BR\",\"@id\":\"https:\/\/secure.gravatar.com\/avatar\/e0a867bdedb85fd243eadf09663511f96fc81e0720a4a42581f334ad4303aa6b?s=96&d=mm&r=g\",\"url\":\"https:\/\/secure.gravatar.com\/avatar\/e0a867bdedb85fd243eadf09663511f96fc81e0720a4a42581f334ad4303aa6b?s=96&d=mm&r=g\",\"contentUrl\":\"https:\/\/secure.gravatar.com\/avatar\/e0a867bdedb85fd243eadf09663511f96fc81e0720a4a42581f334ad4303aa6b?s=96&d=mm&r=g\",\"caption\":\"Reda\u00e7\u00e3o\"}}]}<\/script>\n<!-- \/ Yoast SEO plugin. -->","yoast_head_json":{"title":"Vasco coloca duas na trave, marca tr\u00eas, um vale e o Ava\u00ed cai por 1 a 0 - Notibras","robots":{"index":"index","follow":"follow","max-snippet":"max-snippet:-1","max-image-preview":"max-image-preview:large","max-video-preview":"max-video-preview:-1"},"canonical":"https:\/\/www.notibras.com\/site\/vasco-coloca-duas-na-trave-marca-tres-um-vale-e-avai-cai-por-1-a-0-em-sao-januario\/","og_locale":"pt_BR","og_type":"article","og_title":"Vasco coloca duas na trave, marca tr\u00eas, um vale e o Ava\u00ed cai por 1 a 0 - Notibras","og_description":"Ap\u00f3s quebrar um jejum de dez partidas sem vencer, quando bateu o Flamengo no \u00faltimo domingo, o Vasco demonstrou ter reencontrado o caminho das vit\u00f3rias ao novamente conquistar um resultado positivo.\u00a0 Desta vez a v\u00edtima foi o Ava\u00ed, que perdeu por 1 a 0, nesta quarta-feira, em S\u00e3o Janu\u00e1rio. A sequ\u00eancia de vit\u00f3rias d\u00e1 al\u00edvio [&hellip;]","og_url":"https:\/\/www.notibras.com\/site\/vasco-coloca-duas-na-trave-marca-tres-um-vale-e-avai-cai-por-1-a-0-em-sao-januario\/","og_site_name":"Notibras","article_publisher":"https:\/\/www.facebook.com\/notibras\/","article_published_time":"2015-07-02T01:01:47+00:00","article_modified_time":"2015-07-02T08:31:50+00:00","og_image":[{"width":940,"height":627,"url":"https:\/\/www.notibras.com\/site\/wp-content\/uploads\/2015\/07\/gilbertotentapaulofernandesvasco.jpg","type":"image\/jpeg"}],"author":"Reda\u00e7\u00e3o","twitter_card":"summary_large_image","twitter_creator":"@Notibras","twitter_site":"@Notibras","twitter_misc":{"Escrito por":"Reda\u00e7\u00e3o","Est. tempo de leitura":"1 minuto"},"schema":{"@context":"https:\/\/schema.org","@graph":[{"@type":"Article","@id":"https:\/\/www.notibras.com\/site\/vasco-coloca-duas-na-trave-marca-tres-um-vale-e-avai-cai-por-1-a-0-em-sao-januario\/#article","isPartOf":{"@id":"https:\/\/www.notibras.com\/site\/vasco-coloca-duas-na-trave-marca-tres-um-vale-e-avai-cai-por-1-a-0-em-sao-januario\/"},"author":{"name":"Reda\u00e7\u00e3o","@id":"https:\/\/www.notibras.com\/site\/#\/schema\/person\/36ab0979449956132d3e5b517ea76ac8"},"headline":"Vasco coloca duas na trave, marca tr\u00eas, um vale e o Ava\u00ed cai por 1 a 0","datePublished":"2015-07-02T01:01:47+00:00","dateModified":"2015-07-02T08:31:50+00:00","mainEntityOfPage":{"@id":"https:\/\/www.notibras.com\/site\/vasco-coloca-duas-na-trave-marca-tres-um-vale-e-avai-cai-por-1-a-0-em-sao-januario\/"},"wordCount":149,"commentCount":0,"publisher":{"@id":"https:\/\/www.notibras.com\/site\/#organization"},"image":{"@id":"https:\/\/www.notibras.com\/site\/vasco-coloca-duas-na-trave-marca-tres-um-vale-e-avai-cai-por-1-a-0-em-sao-januario\/#primaryimage"},"thumbnailUrl":"https:\/\/www.notibras.com\/site\/wp-content\/uploads\/2015\/07\/gilbertotentapaulofernandesvasco.jpg","articleSection":["Futebol"],"inLanguage":"pt-BR","potentialAction":[{"@type":"CommentAction","name":"Comment","target":["https:\/\/www.notibras.com\/site\/vasco-coloca-duas-na-trave-marca-tres-um-vale-e-avai-cai-por-1-a-0-em-sao-januario\/#respond"]}]},{"@type":"WebPage","@id":"https:\/\/www.notibras.com\/site\/vasco-coloca-duas-na-trave-marca-tres-um-vale-e-avai-cai-por-1-a-0-em-sao-januario\/","url":"https:\/\/www.notibras.com\/site\/vasco-coloca-duas-na-trave-marca-tres-um-vale-e-avai-cai-por-1-a-0-em-sao-januario\/","name":"Vasco coloca duas na trave, marca tr\u00eas, um vale e o Ava\u00ed cai por 1 a 0 - Notibras","isPartOf":{"@id":"https:\/\/www.notibras.com\/site\/#website"},"primaryImageOfPage":{"@id":"https:\/\/www.notibras.com\/site\/vasco-coloca-duas-na-trave-marca-tres-um-vale-e-avai-cai-por-1-a-0-em-sao-januario\/#primaryimage"},"image":{"@id":"https:\/\/www.notibras.com\/site\/vasco-coloca-duas-na-trave-marca-tres-um-vale-e-avai-cai-por-1-a-0-em-sao-januario\/#primaryimage"},"thumbnailUrl":"https:\/\/www.notibras.com\/site\/wp-content\/uploads\/2015\/07\/gilbertotentapaulofernandesvasco.jpg","datePublished":"2015-07-02T01:01:47+00:00","dateModified":"2015-07-02T08:31:50+00:00","breadcrumb":{"@id":"https:\/\/www.notibras.com\/site\/vasco-coloca-duas-na-trave-marca-tres-um-vale-e-avai-cai-por-1-a-0-em-sao-januario\/#breadcrumb"},"inLanguage":"pt-BR","potentialAction":[{"@type":"ReadAction","target":["https:\/\/www.notibras.com\/site\/vasco-coloca-duas-na-trave-marca-tres-um-vale-e-avai-cai-por-1-a-0-em-sao-januario\/"]}]},{"@type":"ImageObject","inLanguage":"pt-BR","@id":"https:\/\/www.notibras.com\/site\/vasco-coloca-duas-na-trave-marca-tres-um-vale-e-avai-cai-por-1-a-0-em-sao-januario\/#primaryimage","url":"https:\/\/www.notibras.com\/site\/wp-content\/uploads\/2015\/07\/gilbertotentapaulofernandesvasco.jpg","contentUrl":"https:\/\/www.notibras.com\/site\/wp-content\/uploads\/2015\/07\/gilbertotentapaulofernandesvasco.jpg","width":940,"height":627},{"@type":"BreadcrumbList","@id":"https:\/\/www.notibras.com\/site\/vasco-coloca-duas-na-trave-marca-tres-um-vale-e-avai-cai-por-1-a-0-em-sao-januario\/#breadcrumb","itemListElement":[{"@type":"ListItem","position":1,"name":"In\u00edcio","item":"https:\/\/www.notibras.com\/site\/"},{"@type":"ListItem","position":2,"name":"Vasco coloca duas na trave, marca tr\u00eas, um vale e o Ava\u00ed cai por 1 a 0"}]},{"@type":"WebSite","@id":"https:\/\/www.notibras.com\/site\/#website","url":"https:\/\/www.notibras.com\/site\/","name":"Notibras","description":"Not\u00edcias de Bras\u00edlia, do Brasil e do Mundo","publisher":{"@id":"https:\/\/www.notibras.com\/site\/#organization"},"potentialAction":[{"@type":"SearchAction","target":{"@type":"EntryPoint","urlTemplate":"https:\/\/www.notibras.com\/site\/?s={search_term_string}"},"query-input":{"@type":"PropertyValueSpecification","valueRequired":true,"valueName":"search_term_string"}}],"inLanguage":"pt-BR"},{"@type":"Organization","@id":"https:\/\/www.notibras.com\/site\/#organization","name":"Grupo Notibras de Comunica\u00e7\u00e3o","url":"https:\/\/www.notibras.com\/site\/","logo":{"@type":"ImageObject","inLanguage":"pt-BR","@id":"https:\/\/www.notibras.com\/site\/#\/schema\/logo\/image\/","url":"https:\/\/www.notibras.com\/site\/wp-content\/uploads\/2023\/01\/notibras23.png","contentUrl":"https:\/\/www.notibras.com\/site\/wp-content\/uploads\/2023\/01\/notibras23.png","width":350,"height":87,"caption":"Grupo Notibras de Comunica\u00e7\u00e3o"},"image":{"@id":"https:\/\/www.notibras.com\/site\/#\/schema\/logo\/image\/"},"sameAs":["https:\/\/www.facebook.com\/notibras\/","https:\/\/x.com\/Notibras","https:\/\/www.instagram.com\/notibras\/"]},{"@type":"Person","@id":"https:\/\/www.notibras.com\/site\/#\/schema\/person\/36ab0979449956132d3e5b517ea76ac8","name":"Reda\u00e7\u00e3o","image":{"@type":"ImageObject","inLanguage":"pt-BR","@id":"https:\/\/secure.gravatar.com\/avatar\/e0a867bdedb85fd243eadf09663511f96fc81e0720a4a42581f334ad4303aa6b?s=96&d=mm&r=g","url":"https:\/\/secure.gravatar.com\/avatar\/e0a867bdedb85fd243eadf09663511f96fc81e0720a4a42581f334ad4303aa6b?s=96&d=mm&r=g","contentUrl":"https:\/\/secure.gravatar.com\/avatar\/e0a867bdedb85fd243eadf09663511f96fc81e0720a4a42581f334ad4303aa6b?s=96&d=mm&r=g","caption":"Reda\u00e7\u00e3o"}}]}},"amp_enabled":true,"_links":{"self":[{"href":"https:\/\/www.notibras.com\/site\/wp-json\/wp\/v2\/posts\/55795","targetHints":{"allow":["GET"]}}],"collection":[{"href":"https:\/\/www.notibras.com\/site\/wp-json\/wp\/v2\/posts"}],"about":[{"href":"https:\/\/www.notibras.com\/site\/wp-json\/wp\/v2\/types\/post"}],"author":[{"embeddable":true,"href":"https:\/\/www.notibras.com\/site\/wp-json\/wp\/v2\/users\/2"}],"replies":[{"embeddable":true,"href":"https:\/\/www.notibras.com\/site\/wp-json\/wp\/v2\/comments?post=55795"}],"version-history":[{"count":0,"href":"https:\/\/www.notibras.com\/site\/wp-json\/wp\/v2\/posts\/55795\/revisions"}],"wp:featuredmedia":[{"embeddable":true,"href":"https:\/\/www.notibras.com\/site\/wp-json\/wp\/v2\/media\/55796"}],"wp:attachment":[{"href":"https:\/\/www.notibras.com\/site\/wp-json\/wp\/v2\/media?parent=55795"}],"wp:term":[{"taxonomy":"category","embeddable":true,"href":"https:\/\/www.notibras.com\/site\/wp-json\/wp\/v2\/categories?post=55795"},{"taxonomy":"post_tag","embeddable":true,"href":"https:\/\/www.notibras.com\/site\/wp-json\/wp\/v2\/tags?post=55795"}],"curies":[{"name":"wp","href":"https:\/\/api.w.org\/{rel}","templated":true}]}}