{"id":55809,"date":"2015-07-01T22:57:58","date_gmt":"2015-07-02T01:57:58","guid":{"rendered":"http:\/\/www.notibras.com\/site\/?p=55809"},"modified":"2015-07-01T22:57:58","modified_gmt":"2015-07-02T01:57:58","slug":"palmeiras-embala-e-vence-segunda-seguida-com-2-a-0-na-chapecoense","status":"publish","type":"post","link":"https:\/\/www.notibras.com\/site\/palmeiras-embala-e-vence-segunda-seguida-com-2-a-0-na-chapecoense\/","title":{"rendered":"Palmeiras embala e vence segunda seguida com 2 a 0 na Chapecoense"},"content":{"rendered":"<p>O Palmeiras parece ter encontrado um equil\u00edbrio no Campeonato Brasileiro . Muito criticado por vencer com sobras alguns cl\u00e1ssicos e trope\u00e7ar nas partidas seguintes, a equipe comandada por Marcelo Oliveira conseguiu acabar com esse estigma e embalou duas vit\u00f3rias seguidas nesta quarta-feira, ao bater a Chapecoense por 2 a 0 no Allianz Parque. Eg\u00eddio e Cristaldo marcaram os gols do triunfo palmeirense.<\/p>\n<p>Embalado, o Palmeiras subiu para o nono lugar da tabela, agora com 15 pontos conquistados, deixando para tr\u00e1s justamente a Chapecoense, que caiu para a d\u00e9cima posi\u00e7\u00e3o com 13 pontos.<\/p>\n<blockquote><p>O Palmeiras fez um primeiro tempo parecido com aquele desempenhado contra o S\u00e3o Paulo, no \u00faltimo domingo. Apesar de um bom volume de jogo, deixou espa\u00e7os no setor defensivo e viu a Chapecoense assustar em alguns momentos. Repetindo o roteiro do cl\u00e1ssico paulista, os donos da casa conseguiram abrir o placar perto dos 30min em um lance muito parecido. Assim como Leandro Pereira, Eg\u00eddio ficou com com a sobra, bateu e contou com um desvio da zaga para marcar.<\/p><\/blockquote>\n<p>Na etapa final, o Palmeiras tentou voltar com a mesma intensidade aplicada no segundo tempo, mas sentia dificuldades para criar lances perigosos e come\u00e7ava a sofrer com investidas da Chapecoense. Preocupado, o t\u00e9cnico Marcelo Oliveira fez altera\u00e7\u00f5es e n\u00e3o demorou para ver o resultado. Ele colocou Z\u00e9 Roberto e Cristaldo nos lugares de Dudu e Leandro Pereira. E o argentino, novamente, brilhou. Depois de um minuto em campo, ele virou o jogo para Eg\u00eddio, que cruzou para Robinho desviar e sobrar para o pr\u00f3prio Cristaldo completar.<\/p>\n","protected":false},"excerpt":{"rendered":"<p>O Palmeiras parece ter encontrado um equil\u00edbrio no Campeonato Brasileiro . Muito criticado por vencer com sobras alguns cl\u00e1ssicos e trope\u00e7ar nas partidas seguintes, a equipe comandada por Marcelo Oliveira conseguiu acabar com esse estigma e embalou duas vit\u00f3rias seguidas nesta quarta-feira, ao bater a Chapecoense por 2 a 0 no Allianz Parque. Eg\u00eddio e [&hellip;]<\/p>\n","protected":false},"author":2,"featured_media":55810,"comment_status":"open","ping_status":"closed","sticky":false,"template":"","format":"standard","meta":{"_acf_changed":false,"footnotes":""},"categories":[19,29],"tags":[],"class_list":["post-55809","post","type-post","status-publish","format-standard","has-post-thumbnail","hentry","category-esportes","category-futebol"],"acf":[],"yoast_head":"<!-- This site is optimized with the Yoast SEO plugin v27.2 - https:\/\/yoast.com\/product\/yoast-seo-wordpress\/ -->\n<title>Palmeiras embala e vence segunda seguida com 2 a 0 na Chapecoense - Notibras<\/title>\n<meta name=\"robots\" content=\"index, follow, max-snippet:-1, max-image-preview:large, max-video-preview:-1\" \/>\n<link rel=\"canonical\" href=\"https:\/\/www.notibras.com\/site\/palmeiras-embala-e-vence-segunda-seguida-com-2-a-0-na-chapecoense\/\" \/>\n<meta property=\"og:locale\" content=\"pt_BR\" \/>\n<meta property=\"og:type\" content=\"article\" \/>\n<meta property=\"og:title\" content=\"Palmeiras embala e vence segunda seguida com 2 a 0 na Chapecoense - Notibras\" \/>\n<meta property=\"og:description\" content=\"O Palmeiras parece ter encontrado um equil\u00edbrio no Campeonato Brasileiro . Muito criticado por vencer com sobras alguns cl\u00e1ssicos e trope\u00e7ar nas partidas seguintes, a equipe comandada por Marcelo Oliveira conseguiu acabar com esse estigma e embalou duas vit\u00f3rias seguidas nesta quarta-feira, ao bater a Chapecoense por 2 a 0 no Allianz Parque. Eg\u00eddio e [&hellip;]\" \/>\n<meta property=\"og:url\" content=\"https:\/\/www.notibras.com\/site\/palmeiras-embala-e-vence-segunda-seguida-com-2-a-0-na-chapecoense\/\" \/>\n<meta property=\"og:site_name\" content=\"Notibras\" \/>\n<meta property=\"article:publisher\" content=\"https:\/\/www.facebook.com\/notibras\/\" \/>\n<meta property=\"article:published_time\" content=\"2015-07-02T01:57:58+00:00\" \/>\n<meta property=\"og:image\" content=\"https:\/\/www.notibras.com\/site\/wp-content\/uploads\/2015\/07\/pal.1.jpg\" \/>\n\t<meta property=\"og:image:width\" content=\"564\" \/>\n\t<meta property=\"og:image:height\" content=\"430\" \/>\n\t<meta property=\"og:image:type\" content=\"image\/jpeg\" \/>\n<meta name=\"author\" content=\"Reda\u00e7\u00e3o\" \/>\n<meta name=\"twitter:card\" content=\"summary_large_image\" \/>\n<meta name=\"twitter:creator\" content=\"@Notibras\" \/>\n<meta name=\"twitter:site\" content=\"@Notibras\" \/>\n<meta name=\"twitter:label1\" content=\"Escrito por\" \/>\n\t<meta name=\"twitter:data1\" content=\"Reda\u00e7\u00e3o\" \/>\n\t<meta name=\"twitter:label2\" content=\"Est. tempo de leitura\" \/>\n\t<meta name=\"twitter:data2\" content=\"1 minuto\" \/>\n<script type=\"application\/ld+json\" class=\"yoast-schema-graph\">{\"@context\":\"https:\/\/schema.org\",\"@graph\":[{\"@type\":\"Article\",\"@id\":\"https:\/\/www.notibras.com\/site\/palmeiras-embala-e-vence-segunda-seguida-com-2-a-0-na-chapecoense\/#article\",\"isPartOf\":{\"@id\":\"https:\/\/www.notibras.com\/site\/palmeiras-embala-e-vence-segunda-seguida-com-2-a-0-na-chapecoense\/\"},\"author\":{\"name\":\"Reda\u00e7\u00e3o\",\"@id\":\"https:\/\/www.notibras.com\/site\/#\/schema\/person\/36ab0979449956132d3e5b517ea76ac8\"},\"headline\":\"Palmeiras embala e vence segunda seguida com 2 a 0 na Chapecoense\",\"datePublished\":\"2015-07-02T01:57:58+00:00\",\"mainEntityOfPage\":{\"@id\":\"https:\/\/www.notibras.com\/site\/palmeiras-embala-e-vence-segunda-seguida-com-2-a-0-na-chapecoense\/\"},\"wordCount\":280,\"commentCount\":0,\"publisher\":{\"@id\":\"https:\/\/www.notibras.com\/site\/#organization\"},\"image\":{\"@id\":\"https:\/\/www.notibras.com\/site\/palmeiras-embala-e-vence-segunda-seguida-com-2-a-0-na-chapecoense\/#primaryimage\"},\"thumbnailUrl\":\"https:\/\/www.notibras.com\/site\/wp-content\/uploads\/2015\/07\/pal.1.jpg\",\"articleSection\":[\"Esportes\",\"Futebol\"],\"inLanguage\":\"pt-BR\",\"potentialAction\":[{\"@type\":\"CommentAction\",\"name\":\"Comment\",\"target\":[\"https:\/\/www.notibras.com\/site\/palmeiras-embala-e-vence-segunda-seguida-com-2-a-0-na-chapecoense\/#respond\"]}]},{\"@type\":\"WebPage\",\"@id\":\"https:\/\/www.notibras.com\/site\/palmeiras-embala-e-vence-segunda-seguida-com-2-a-0-na-chapecoense\/\",\"url\":\"https:\/\/www.notibras.com\/site\/palmeiras-embala-e-vence-segunda-seguida-com-2-a-0-na-chapecoense\/\",\"name\":\"Palmeiras embala e vence segunda seguida com 2 a 0 na Chapecoense - Notibras\",\"isPartOf\":{\"@id\":\"https:\/\/www.notibras.com\/site\/#website\"},\"primaryImageOfPage\":{\"@id\":\"https:\/\/www.notibras.com\/site\/palmeiras-embala-e-vence-segunda-seguida-com-2-a-0-na-chapecoense\/#primaryimage\"},\"image\":{\"@id\":\"https:\/\/www.notibras.com\/site\/palmeiras-embala-e-vence-segunda-seguida-com-2-a-0-na-chapecoense\/#primaryimage\"},\"thumbnailUrl\":\"https:\/\/www.notibras.com\/site\/wp-content\/uploads\/2015\/07\/pal.1.jpg\",\"datePublished\":\"2015-07-02T01:57:58+00:00\",\"breadcrumb\":{\"@id\":\"https:\/\/www.notibras.com\/site\/palmeiras-embala-e-vence-segunda-seguida-com-2-a-0-na-chapecoense\/#breadcrumb\"},\"inLanguage\":\"pt-BR\",\"potentialAction\":[{\"@type\":\"ReadAction\",\"target\":[\"https:\/\/www.notibras.com\/site\/palmeiras-embala-e-vence-segunda-seguida-com-2-a-0-na-chapecoense\/\"]}]},{\"@type\":\"ImageObject\",\"inLanguage\":\"pt-BR\",\"@id\":\"https:\/\/www.notibras.com\/site\/palmeiras-embala-e-vence-segunda-seguida-com-2-a-0-na-chapecoense\/#primaryimage\",\"url\":\"https:\/\/www.notibras.com\/site\/wp-content\/uploads\/2015\/07\/pal.1.jpg\",\"contentUrl\":\"https:\/\/www.notibras.com\/site\/wp-content\/uploads\/2015\/07\/pal.1.jpg\",\"width\":564,\"height\":430},{\"@type\":\"BreadcrumbList\",\"@id\":\"https:\/\/www.notibras.com\/site\/palmeiras-embala-e-vence-segunda-seguida-com-2-a-0-na-chapecoense\/#breadcrumb\",\"itemListElement\":[{\"@type\":\"ListItem\",\"position\":1,\"name\":\"In\u00edcio\",\"item\":\"https:\/\/www.notibras.com\/site\/\"},{\"@type\":\"ListItem\",\"position\":2,\"name\":\"Palmeiras embala e vence segunda seguida com 2 a 0 na Chapecoense\"}]},{\"@type\":\"WebSite\",\"@id\":\"https:\/\/www.notibras.com\/site\/#website\",\"url\":\"https:\/\/www.notibras.com\/site\/\",\"name\":\"Notibras\",\"description\":\"Not\u00edcias de Bras\u00edlia, do Brasil e do Mundo\",\"publisher\":{\"@id\":\"https:\/\/www.notibras.com\/site\/#organization\"},\"potentialAction\":[{\"@type\":\"SearchAction\",\"target\":{\"@type\":\"EntryPoint\",\"urlTemplate\":\"https:\/\/www.notibras.com\/site\/?s={search_term_string}\"},\"query-input\":{\"@type\":\"PropertyValueSpecification\",\"valueRequired\":true,\"valueName\":\"search_term_string\"}}],\"inLanguage\":\"pt-BR\"},{\"@type\":\"Organization\",\"@id\":\"https:\/\/www.notibras.com\/site\/#organization\",\"name\":\"Grupo Notibras de Comunica\u00e7\u00e3o\",\"url\":\"https:\/\/www.notibras.com\/site\/\",\"logo\":{\"@type\":\"ImageObject\",\"inLanguage\":\"pt-BR\",\"@id\":\"https:\/\/www.notibras.com\/site\/#\/schema\/logo\/image\/\",\"url\":\"https:\/\/www.notibras.com\/site\/wp-content\/uploads\/2023\/01\/notibras23.png\",\"contentUrl\":\"https:\/\/www.notibras.com\/site\/wp-content\/uploads\/2023\/01\/notibras23.png\",\"width\":350,\"height\":87,\"caption\":\"Grupo Notibras de Comunica\u00e7\u00e3o\"},\"image\":{\"@id\":\"https:\/\/www.notibras.com\/site\/#\/schema\/logo\/image\/\"},\"sameAs\":[\"https:\/\/www.facebook.com\/notibras\/\",\"https:\/\/x.com\/Notibras\",\"https:\/\/www.instagram.com\/notibras\/\"]},{\"@type\":\"Person\",\"@id\":\"https:\/\/www.notibras.com\/site\/#\/schema\/person\/36ab0979449956132d3e5b517ea76ac8\",\"name\":\"Reda\u00e7\u00e3o\",\"image\":{\"@type\":\"ImageObject\",\"inLanguage\":\"pt-BR\",\"@id\":\"https:\/\/secure.gravatar.com\/avatar\/e0a867bdedb85fd243eadf09663511f96fc81e0720a4a42581f334ad4303aa6b?s=96&d=mm&r=g\",\"url\":\"https:\/\/secure.gravatar.com\/avatar\/e0a867bdedb85fd243eadf09663511f96fc81e0720a4a42581f334ad4303aa6b?s=96&d=mm&r=g\",\"contentUrl\":\"https:\/\/secure.gravatar.com\/avatar\/e0a867bdedb85fd243eadf09663511f96fc81e0720a4a42581f334ad4303aa6b?s=96&d=mm&r=g\",\"caption\":\"Reda\u00e7\u00e3o\"}}]}<\/script>\n<!-- \/ Yoast SEO plugin. -->","yoast_head_json":{"title":"Palmeiras embala e vence segunda seguida com 2 a 0 na Chapecoense - Notibras","robots":{"index":"index","follow":"follow","max-snippet":"max-snippet:-1","max-image-preview":"max-image-preview:large","max-video-preview":"max-video-preview:-1"},"canonical":"https:\/\/www.notibras.com\/site\/palmeiras-embala-e-vence-segunda-seguida-com-2-a-0-na-chapecoense\/","og_locale":"pt_BR","og_type":"article","og_title":"Palmeiras embala e vence segunda seguida com 2 a 0 na Chapecoense - Notibras","og_description":"O Palmeiras parece ter encontrado um equil\u00edbrio no Campeonato Brasileiro . Muito criticado por vencer com sobras alguns cl\u00e1ssicos e trope\u00e7ar nas partidas seguintes, a equipe comandada por Marcelo Oliveira conseguiu acabar com esse estigma e embalou duas vit\u00f3rias seguidas nesta quarta-feira, ao bater a Chapecoense por 2 a 0 no Allianz Parque. Eg\u00eddio e [&hellip;]","og_url":"https:\/\/www.notibras.com\/site\/palmeiras-embala-e-vence-segunda-seguida-com-2-a-0-na-chapecoense\/","og_site_name":"Notibras","article_publisher":"https:\/\/www.facebook.com\/notibras\/","article_published_time":"2015-07-02T01:57:58+00:00","og_image":[{"width":564,"height":430,"url":"https:\/\/www.notibras.com\/site\/wp-content\/uploads\/2015\/07\/pal.1.jpg","type":"image\/jpeg"}],"author":"Reda\u00e7\u00e3o","twitter_card":"summary_large_image","twitter_creator":"@Notibras","twitter_site":"@Notibras","twitter_misc":{"Escrito por":"Reda\u00e7\u00e3o","Est. tempo de leitura":"1 minuto"},"schema":{"@context":"https:\/\/schema.org","@graph":[{"@type":"Article","@id":"https:\/\/www.notibras.com\/site\/palmeiras-embala-e-vence-segunda-seguida-com-2-a-0-na-chapecoense\/#article","isPartOf":{"@id":"https:\/\/www.notibras.com\/site\/palmeiras-embala-e-vence-segunda-seguida-com-2-a-0-na-chapecoense\/"},"author":{"name":"Reda\u00e7\u00e3o","@id":"https:\/\/www.notibras.com\/site\/#\/schema\/person\/36ab0979449956132d3e5b517ea76ac8"},"headline":"Palmeiras embala e vence segunda seguida com 2 a 0 na Chapecoense","datePublished":"2015-07-02T01:57:58+00:00","mainEntityOfPage":{"@id":"https:\/\/www.notibras.com\/site\/palmeiras-embala-e-vence-segunda-seguida-com-2-a-0-na-chapecoense\/"},"wordCount":280,"commentCount":0,"publisher":{"@id":"https:\/\/www.notibras.com\/site\/#organization"},"image":{"@id":"https:\/\/www.notibras.com\/site\/palmeiras-embala-e-vence-segunda-seguida-com-2-a-0-na-chapecoense\/#primaryimage"},"thumbnailUrl":"https:\/\/www.notibras.com\/site\/wp-content\/uploads\/2015\/07\/pal.1.jpg","articleSection":["Esportes","Futebol"],"inLanguage":"pt-BR","potentialAction":[{"@type":"CommentAction","name":"Comment","target":["https:\/\/www.notibras.com\/site\/palmeiras-embala-e-vence-segunda-seguida-com-2-a-0-na-chapecoense\/#respond"]}]},{"@type":"WebPage","@id":"https:\/\/www.notibras.com\/site\/palmeiras-embala-e-vence-segunda-seguida-com-2-a-0-na-chapecoense\/","url":"https:\/\/www.notibras.com\/site\/palmeiras-embala-e-vence-segunda-seguida-com-2-a-0-na-chapecoense\/","name":"Palmeiras embala e vence segunda seguida com 2 a 0 na Chapecoense - Notibras","isPartOf":{"@id":"https:\/\/www.notibras.com\/site\/#website"},"primaryImageOfPage":{"@id":"https:\/\/www.notibras.com\/site\/palmeiras-embala-e-vence-segunda-seguida-com-2-a-0-na-chapecoense\/#primaryimage"},"image":{"@id":"https:\/\/www.notibras.com\/site\/palmeiras-embala-e-vence-segunda-seguida-com-2-a-0-na-chapecoense\/#primaryimage"},"thumbnailUrl":"https:\/\/www.notibras.com\/site\/wp-content\/uploads\/2015\/07\/pal.1.jpg","datePublished":"2015-07-02T01:57:58+00:00","breadcrumb":{"@id":"https:\/\/www.notibras.com\/site\/palmeiras-embala-e-vence-segunda-seguida-com-2-a-0-na-chapecoense\/#breadcrumb"},"inLanguage":"pt-BR","potentialAction":[{"@type":"ReadAction","target":["https:\/\/www.notibras.com\/site\/palmeiras-embala-e-vence-segunda-seguida-com-2-a-0-na-chapecoense\/"]}]},{"@type":"ImageObject","inLanguage":"pt-BR","@id":"https:\/\/www.notibras.com\/site\/palmeiras-embala-e-vence-segunda-seguida-com-2-a-0-na-chapecoense\/#primaryimage","url":"https:\/\/www.notibras.com\/site\/wp-content\/uploads\/2015\/07\/pal.1.jpg","contentUrl":"https:\/\/www.notibras.com\/site\/wp-content\/uploads\/2015\/07\/pal.1.jpg","width":564,"height":430},{"@type":"BreadcrumbList","@id":"https:\/\/www.notibras.com\/site\/palmeiras-embala-e-vence-segunda-seguida-com-2-a-0-na-chapecoense\/#breadcrumb","itemListElement":[{"@type":"ListItem","position":1,"name":"In\u00edcio","item":"https:\/\/www.notibras.com\/site\/"},{"@type":"ListItem","position":2,"name":"Palmeiras embala e vence segunda seguida com 2 a 0 na Chapecoense"}]},{"@type":"WebSite","@id":"https:\/\/www.notibras.com\/site\/#website","url":"https:\/\/www.notibras.com\/site\/","name":"Notibras","description":"Not\u00edcias de Bras\u00edlia, do Brasil e do Mundo","publisher":{"@id":"https:\/\/www.notibras.com\/site\/#organization"},"potentialAction":[{"@type":"SearchAction","target":{"@type":"EntryPoint","urlTemplate":"https:\/\/www.notibras.com\/site\/?s={search_term_string}"},"query-input":{"@type":"PropertyValueSpecification","valueRequired":true,"valueName":"search_term_string"}}],"inLanguage":"pt-BR"},{"@type":"Organization","@id":"https:\/\/www.notibras.com\/site\/#organization","name":"Grupo Notibras de Comunica\u00e7\u00e3o","url":"https:\/\/www.notibras.com\/site\/","logo":{"@type":"ImageObject","inLanguage":"pt-BR","@id":"https:\/\/www.notibras.com\/site\/#\/schema\/logo\/image\/","url":"https:\/\/www.notibras.com\/site\/wp-content\/uploads\/2023\/01\/notibras23.png","contentUrl":"https:\/\/www.notibras.com\/site\/wp-content\/uploads\/2023\/01\/notibras23.png","width":350,"height":87,"caption":"Grupo Notibras de Comunica\u00e7\u00e3o"},"image":{"@id":"https:\/\/www.notibras.com\/site\/#\/schema\/logo\/image\/"},"sameAs":["https:\/\/www.facebook.com\/notibras\/","https:\/\/x.com\/Notibras","https:\/\/www.instagram.com\/notibras\/"]},{"@type":"Person","@id":"https:\/\/www.notibras.com\/site\/#\/schema\/person\/36ab0979449956132d3e5b517ea76ac8","name":"Reda\u00e7\u00e3o","image":{"@type":"ImageObject","inLanguage":"pt-BR","@id":"https:\/\/secure.gravatar.com\/avatar\/e0a867bdedb85fd243eadf09663511f96fc81e0720a4a42581f334ad4303aa6b?s=96&d=mm&r=g","url":"https:\/\/secure.gravatar.com\/avatar\/e0a867bdedb85fd243eadf09663511f96fc81e0720a4a42581f334ad4303aa6b?s=96&d=mm&r=g","contentUrl":"https:\/\/secure.gravatar.com\/avatar\/e0a867bdedb85fd243eadf09663511f96fc81e0720a4a42581f334ad4303aa6b?s=96&d=mm&r=g","caption":"Reda\u00e7\u00e3o"}}]}},"amp_enabled":true,"_links":{"self":[{"href":"https:\/\/www.notibras.com\/site\/wp-json\/wp\/v2\/posts\/55809","targetHints":{"allow":["GET"]}}],"collection":[{"href":"https:\/\/www.notibras.com\/site\/wp-json\/wp\/v2\/posts"}],"about":[{"href":"https:\/\/www.notibras.com\/site\/wp-json\/wp\/v2\/types\/post"}],"author":[{"embeddable":true,"href":"https:\/\/www.notibras.com\/site\/wp-json\/wp\/v2\/users\/2"}],"replies":[{"embeddable":true,"href":"https:\/\/www.notibras.com\/site\/wp-json\/wp\/v2\/comments?post=55809"}],"version-history":[{"count":0,"href":"https:\/\/www.notibras.com\/site\/wp-json\/wp\/v2\/posts\/55809\/revisions"}],"wp:featuredmedia":[{"embeddable":true,"href":"https:\/\/www.notibras.com\/site\/wp-json\/wp\/v2\/media\/55810"}],"wp:attachment":[{"href":"https:\/\/www.notibras.com\/site\/wp-json\/wp\/v2\/media?parent=55809"}],"wp:term":[{"taxonomy":"category","embeddable":true,"href":"https:\/\/www.notibras.com\/site\/wp-json\/wp\/v2\/categories?post=55809"},{"taxonomy":"post_tag","embeddable":true,"href":"https:\/\/www.notibras.com\/site\/wp-json\/wp\/v2\/tags?post=55809"}],"curies":[{"name":"wp","href":"https:\/\/api.w.org\/{rel}","templated":true}]}}