{"id":56038,"date":"2015-07-03T12:10:14","date_gmt":"2015-07-03T15:10:14","guid":{"rendered":"http:\/\/www.notibras.com\/site\/?p=56038"},"modified":"2015-07-03T12:10:14","modified_gmt":"2015-07-03T15:10:14","slug":"se-o-caso-e-ser-maior-aos-16-saida-e-entrar-no-trafico-bem-mais-cedo","status":"publish","type":"post","link":"https:\/\/www.notibras.com\/site\/se-o-caso-e-ser-maior-aos-16-saida-e-entrar-no-trafico-bem-mais-cedo\/","title":{"rendered":"Se o caso \u00e9 ser maior aos 16, sa\u00edda \u00e9 entrar no tr\u00e1fico bem mais cedo"},"content":{"rendered":"<p>Caro Eduardo Cunha,<\/p>\n<p>Eu sou o cara que o senhor pediu para te escrever l\u00e1 no culto. Tenho 16 anos, tava vendendo bala na porta da Igreja e o senhor estava sem tempo e falou que precisava checar os seus e-mails, lembra? Prometo ser breve, n\u00e3o vou roubar o seu tempo.<\/p>\n<p>Ali\u00e1s, n\u00e3o pretendo lhe roubar nada, apesar de ser negro, 16 anos e estar na rua na hora que deveria estar estudando. Pois \u00e9, seu Eduardo, \u00e9 justamente sobre isso que eu queria conversar.\u00a0 Eu tenho cinco irm\u00e3os, sou o mais velho e, como minha m\u00e3e n\u00e3o conseguiu vaga no col\u00e9gio perto de casa para os dois mais novos, eu preciso sair para tirar uma grana e ajudar a comprar comida pros moleques. Eles ficam em casa com a minha irm\u00e3 de 12 anos e, de vez em quando, a gente sai com eles na rua para dar uma distra\u00edda, sabe? Porque l\u00e1 na comunidade \u00e9 s\u00f3 tiro e \u00e0s vezes a gente fica com medo tamb\u00e9m, e n\u00e3o consegue mais inventar hist\u00f3ria de super-her\u00f3i para eles acreditarem.<\/p>\n<p>A gente tem uma televis\u00e3o, os caras da biqueira colocam uns canais maneiros para a gente assistir, mas \u00e0s vezes era melhor n\u00e3o ter, porque os moleques est\u00e3o pedindo Mc Lanche Feliz quase todo dia e a grana do sinal n\u00e3o t\u00e1 dando nem para comprar macarr\u00e3o \u2013 t\u00e1 tudo cada dia mais caro!<\/p>\n<p>E agora n\u00e3o tem mais o lanche da escola para dar uma enganada no est\u00f4mago, mas vamos ver se no ano que vem a minha m\u00e3e consegue faltar um dia no trabalho para ficar na fila e garantir a vaga dos pequenos.<\/p>\n<blockquote><p>Ah! Isso aqui? N\u00e3o \u00e9 uma faca n\u00e3o, pode ficar tranquilo! O nome disso \u00e9 clave, eu ganhei de um chileno gente boa, que me viu equilibrando as bolinhas de t\u00eanis no sinal. Ele falou que causava mais impacto que as bolinhas e que eu equilibro \u2013 o cara \u00e9 meio doido, mas \u00e9 gente boa. \u00c9 assim que eu t\u00f4 tirando uma grana e, foi na rua que eu aprendi.<\/p><\/blockquote>\n<p>Meu pai era um cara legal, mas ele foi pego em uma invas\u00e3o da pol\u00edcia aqui no morro, e acabou morrendo em uma rebeli\u00e3o na cadeia. Tava superlotada, os caras entraram em guerra l\u00e1 e ele n\u00e3o aguentou. Desde ent\u00e3o minha m\u00e3e teve que dobrar as faxinas para dar conta de tudo sozinha, e a gente ajuda no que d\u00e1.<\/p>\n<p>O senhor est\u00e1 querendo reduzir a maioridade penal, est\u00e1 querendo que com 16 anos a gente j\u00e1 possa ser preso, n\u00e9? Eu n\u00e3o entendo como isso vai reduzir a viol\u00eancia, porque se a gente puder ser preso com 16, vai ter que entrar pro tr\u00e1fico mais cedo tamb\u00e9m. E vai acabar morrendo ainda mais cedo.<\/p>\n<p>Se o senhor quiser conhecer a minha casa, eu subo contigo no morro. Domingo tem feijoada na quadra da escola de samba, e eu tenho certeza que eles ficariam muito felizes em te receber. Da\u00ed o senhor aproveita e assiste o ensaio, conhece as oficinas e aprende o samba do ano que vem. L\u00e1 tem um monte de gente com 16 anos fazendo arte e ensinando a molecada. Ali\u00e1s, seria \u00f3timo que toda crian\u00e7a e todo jovem pudesse fazer arte e ensinar os mais novos.<\/p>\n<p><em>*Este texto \u00e9 ficcional. Qualquer semelhan\u00e7a com fatos ou pessoas reais \u00e9 mera coincid\u00eancia<\/em><\/p>\n<p><strong>Andre Rezende e Jefferson Barbosa<\/strong><\/p>\n","protected":false},"excerpt":{"rendered":"<p>Caro Eduardo Cunha, Eu sou o cara que o senhor pediu para te escrever l\u00e1 no culto. Tenho 16 anos, tava vendendo bala na porta da Igreja e o senhor estava sem tempo e falou que precisava checar os seus e-mails, lembra? Prometo ser breve, n\u00e3o vou roubar o seu tempo. Ali\u00e1s, n\u00e3o pretendo lhe [&hellip;]<\/p>\n","protected":false},"author":2,"featured_media":56039,"comment_status":"open","ping_status":"closed","sticky":false,"template":"","format":"standard","meta":{"_acf_changed":false,"footnotes":""},"categories":[25],"tags":[],"class_list":["post-56038","post","type-post","status-publish","format-standard","has-post-thumbnail","hentry","category-opina-ai"],"acf":[],"yoast_head":"<!-- This site is optimized with the Yoast SEO plugin v27.2 - https:\/\/yoast.com\/product\/yoast-seo-wordpress\/ -->\n<title>Se o caso \u00e9 ser maior aos 16, sa\u00edda \u00e9 entrar no tr\u00e1fico bem mais cedo - Notibras<\/title>\n<meta name=\"robots\" content=\"index, follow, max-snippet:-1, max-image-preview:large, max-video-preview:-1\" \/>\n<link rel=\"canonical\" href=\"https:\/\/www.notibras.com\/site\/se-o-caso-e-ser-maior-aos-16-saida-e-entrar-no-trafico-bem-mais-cedo\/\" \/>\n<meta property=\"og:locale\" content=\"pt_BR\" \/>\n<meta property=\"og:type\" content=\"article\" \/>\n<meta property=\"og:title\" content=\"Se o caso \u00e9 ser maior aos 16, sa\u00edda \u00e9 entrar no tr\u00e1fico bem mais cedo - Notibras\" \/>\n<meta property=\"og:description\" content=\"Caro Eduardo Cunha, Eu sou o cara que o senhor pediu para te escrever l\u00e1 no culto. Tenho 16 anos, tava vendendo bala na porta da Igreja e o senhor estava sem tempo e falou que precisava checar os seus e-mails, lembra? Prometo ser breve, n\u00e3o vou roubar o seu tempo. Ali\u00e1s, n\u00e3o pretendo lhe [&hellip;]\" \/>\n<meta property=\"og:url\" content=\"https:\/\/www.notibras.com\/site\/se-o-caso-e-ser-maior-aos-16-saida-e-entrar-no-trafico-bem-mais-cedo\/\" \/>\n<meta property=\"og:site_name\" content=\"Notibras\" \/>\n<meta property=\"article:publisher\" content=\"https:\/\/www.facebook.com\/notibras\/\" \/>\n<meta property=\"article:published_time\" content=\"2015-07-03T15:10:14+00:00\" \/>\n<meta property=\"og:image\" content=\"https:\/\/www.notibras.com\/site\/wp-content\/uploads\/2015\/07\/MJL-Menores-armas4.jpg\" \/>\n\t<meta property=\"og:image:width\" content=\"800\" \/>\n\t<meta property=\"og:image:height\" content=\"600\" \/>\n\t<meta property=\"og:image:type\" content=\"image\/jpeg\" \/>\n<meta name=\"author\" content=\"Reda\u00e7\u00e3o\" \/>\n<meta name=\"twitter:card\" content=\"summary_large_image\" \/>\n<meta name=\"twitter:creator\" content=\"@Notibras\" \/>\n<meta name=\"twitter:site\" content=\"@Notibras\" \/>\n<meta name=\"twitter:label1\" content=\"Escrito por\" \/>\n\t<meta name=\"twitter:data1\" content=\"Reda\u00e7\u00e3o\" \/>\n\t<meta name=\"twitter:label2\" content=\"Est. tempo de leitura\" \/>\n\t<meta name=\"twitter:data2\" content=\"3 minutos\" \/>\n<script type=\"application\/ld+json\" class=\"yoast-schema-graph\">{\"@context\":\"https:\/\/schema.org\",\"@graph\":[{\"@type\":\"Article\",\"@id\":\"https:\/\/www.notibras.com\/site\/se-o-caso-e-ser-maior-aos-16-saida-e-entrar-no-trafico-bem-mais-cedo\/#article\",\"isPartOf\":{\"@id\":\"https:\/\/www.notibras.com\/site\/se-o-caso-e-ser-maior-aos-16-saida-e-entrar-no-trafico-bem-mais-cedo\/\"},\"author\":{\"name\":\"Reda\u00e7\u00e3o\",\"@id\":\"https:\/\/www.notibras.com\/site\/#\/schema\/person\/36ab0979449956132d3e5b517ea76ac8\"},\"headline\":\"Se o caso \u00e9 ser maior aos 16, sa\u00edda \u00e9 entrar no tr\u00e1fico bem mais cedo\",\"datePublished\":\"2015-07-03T15:10:14+00:00\",\"mainEntityOfPage\":{\"@id\":\"https:\/\/www.notibras.com\/site\/se-o-caso-e-ser-maior-aos-16-saida-e-entrar-no-trafico-bem-mais-cedo\/\"},\"wordCount\":599,\"commentCount\":0,\"publisher\":{\"@id\":\"https:\/\/www.notibras.com\/site\/#organization\"},\"image\":{\"@id\":\"https:\/\/www.notibras.com\/site\/se-o-caso-e-ser-maior-aos-16-saida-e-entrar-no-trafico-bem-mais-cedo\/#primaryimage\"},\"thumbnailUrl\":\"https:\/\/www.notibras.com\/site\/wp-content\/uploads\/2015\/07\/MJL-Menores-armas4.jpg\",\"articleSection\":[\"Opina a\u00ed\"],\"inLanguage\":\"pt-BR\",\"potentialAction\":[{\"@type\":\"CommentAction\",\"name\":\"Comment\",\"target\":[\"https:\/\/www.notibras.com\/site\/se-o-caso-e-ser-maior-aos-16-saida-e-entrar-no-trafico-bem-mais-cedo\/#respond\"]}]},{\"@type\":\"WebPage\",\"@id\":\"https:\/\/www.notibras.com\/site\/se-o-caso-e-ser-maior-aos-16-saida-e-entrar-no-trafico-bem-mais-cedo\/\",\"url\":\"https:\/\/www.notibras.com\/site\/se-o-caso-e-ser-maior-aos-16-saida-e-entrar-no-trafico-bem-mais-cedo\/\",\"name\":\"Se o caso \u00e9 ser maior aos 16, sa\u00edda \u00e9 entrar no tr\u00e1fico bem mais cedo - Notibras\",\"isPartOf\":{\"@id\":\"https:\/\/www.notibras.com\/site\/#website\"},\"primaryImageOfPage\":{\"@id\":\"https:\/\/www.notibras.com\/site\/se-o-caso-e-ser-maior-aos-16-saida-e-entrar-no-trafico-bem-mais-cedo\/#primaryimage\"},\"image\":{\"@id\":\"https:\/\/www.notibras.com\/site\/se-o-caso-e-ser-maior-aos-16-saida-e-entrar-no-trafico-bem-mais-cedo\/#primaryimage\"},\"thumbnailUrl\":\"https:\/\/www.notibras.com\/site\/wp-content\/uploads\/2015\/07\/MJL-Menores-armas4.jpg\",\"datePublished\":\"2015-07-03T15:10:14+00:00\",\"breadcrumb\":{\"@id\":\"https:\/\/www.notibras.com\/site\/se-o-caso-e-ser-maior-aos-16-saida-e-entrar-no-trafico-bem-mais-cedo\/#breadcrumb\"},\"inLanguage\":\"pt-BR\",\"potentialAction\":[{\"@type\":\"ReadAction\",\"target\":[\"https:\/\/www.notibras.com\/site\/se-o-caso-e-ser-maior-aos-16-saida-e-entrar-no-trafico-bem-mais-cedo\/\"]}]},{\"@type\":\"ImageObject\",\"inLanguage\":\"pt-BR\",\"@id\":\"https:\/\/www.notibras.com\/site\/se-o-caso-e-ser-maior-aos-16-saida-e-entrar-no-trafico-bem-mais-cedo\/#primaryimage\",\"url\":\"https:\/\/www.notibras.com\/site\/wp-content\/uploads\/2015\/07\/MJL-Menores-armas4.jpg\",\"contentUrl\":\"https:\/\/www.notibras.com\/site\/wp-content\/uploads\/2015\/07\/MJL-Menores-armas4.jpg\",\"width\":800,\"height\":600},{\"@type\":\"BreadcrumbList\",\"@id\":\"https:\/\/www.notibras.com\/site\/se-o-caso-e-ser-maior-aos-16-saida-e-entrar-no-trafico-bem-mais-cedo\/#breadcrumb\",\"itemListElement\":[{\"@type\":\"ListItem\",\"position\":1,\"name\":\"In\u00edcio\",\"item\":\"https:\/\/www.notibras.com\/site\/\"},{\"@type\":\"ListItem\",\"position\":2,\"name\":\"Se o caso \u00e9 ser maior aos 16, sa\u00edda \u00e9 entrar no tr\u00e1fico bem mais cedo\"}]},{\"@type\":\"WebSite\",\"@id\":\"https:\/\/www.notibras.com\/site\/#website\",\"url\":\"https:\/\/www.notibras.com\/site\/\",\"name\":\"Notibras\",\"description\":\"Not\u00edcias de Bras\u00edlia, do Brasil e do Mundo\",\"publisher\":{\"@id\":\"https:\/\/www.notibras.com\/site\/#organization\"},\"potentialAction\":[{\"@type\":\"SearchAction\",\"target\":{\"@type\":\"EntryPoint\",\"urlTemplate\":\"https:\/\/www.notibras.com\/site\/?s={search_term_string}\"},\"query-input\":{\"@type\":\"PropertyValueSpecification\",\"valueRequired\":true,\"valueName\":\"search_term_string\"}}],\"inLanguage\":\"pt-BR\"},{\"@type\":\"Organization\",\"@id\":\"https:\/\/www.notibras.com\/site\/#organization\",\"name\":\"Grupo Notibras de Comunica\u00e7\u00e3o\",\"url\":\"https:\/\/www.notibras.com\/site\/\",\"logo\":{\"@type\":\"ImageObject\",\"inLanguage\":\"pt-BR\",\"@id\":\"https:\/\/www.notibras.com\/site\/#\/schema\/logo\/image\/\",\"url\":\"https:\/\/www.notibras.com\/site\/wp-content\/uploads\/2023\/01\/notibras23.png\",\"contentUrl\":\"https:\/\/www.notibras.com\/site\/wp-content\/uploads\/2023\/01\/notibras23.png\",\"width\":350,\"height\":87,\"caption\":\"Grupo Notibras de Comunica\u00e7\u00e3o\"},\"image\":{\"@id\":\"https:\/\/www.notibras.com\/site\/#\/schema\/logo\/image\/\"},\"sameAs\":[\"https:\/\/www.facebook.com\/notibras\/\",\"https:\/\/x.com\/Notibras\",\"https:\/\/www.instagram.com\/notibras\/\"]},{\"@type\":\"Person\",\"@id\":\"https:\/\/www.notibras.com\/site\/#\/schema\/person\/36ab0979449956132d3e5b517ea76ac8\",\"name\":\"Reda\u00e7\u00e3o\",\"image\":{\"@type\":\"ImageObject\",\"inLanguage\":\"pt-BR\",\"@id\":\"https:\/\/secure.gravatar.com\/avatar\/e0a867bdedb85fd243eadf09663511f96fc81e0720a4a42581f334ad4303aa6b?s=96&d=mm&r=g\",\"url\":\"https:\/\/secure.gravatar.com\/avatar\/e0a867bdedb85fd243eadf09663511f96fc81e0720a4a42581f334ad4303aa6b?s=96&d=mm&r=g\",\"contentUrl\":\"https:\/\/secure.gravatar.com\/avatar\/e0a867bdedb85fd243eadf09663511f96fc81e0720a4a42581f334ad4303aa6b?s=96&d=mm&r=g\",\"caption\":\"Reda\u00e7\u00e3o\"}}]}<\/script>\n<!-- \/ Yoast SEO plugin. -->","yoast_head_json":{"title":"Se o caso \u00e9 ser maior aos 16, sa\u00edda \u00e9 entrar no tr\u00e1fico bem mais cedo - Notibras","robots":{"index":"index","follow":"follow","max-snippet":"max-snippet:-1","max-image-preview":"max-image-preview:large","max-video-preview":"max-video-preview:-1"},"canonical":"https:\/\/www.notibras.com\/site\/se-o-caso-e-ser-maior-aos-16-saida-e-entrar-no-trafico-bem-mais-cedo\/","og_locale":"pt_BR","og_type":"article","og_title":"Se o caso \u00e9 ser maior aos 16, sa\u00edda \u00e9 entrar no tr\u00e1fico bem mais cedo - Notibras","og_description":"Caro Eduardo Cunha, Eu sou o cara que o senhor pediu para te escrever l\u00e1 no culto. Tenho 16 anos, tava vendendo bala na porta da Igreja e o senhor estava sem tempo e falou que precisava checar os seus e-mails, lembra? Prometo ser breve, n\u00e3o vou roubar o seu tempo. Ali\u00e1s, n\u00e3o pretendo lhe [&hellip;]","og_url":"https:\/\/www.notibras.com\/site\/se-o-caso-e-ser-maior-aos-16-saida-e-entrar-no-trafico-bem-mais-cedo\/","og_site_name":"Notibras","article_publisher":"https:\/\/www.facebook.com\/notibras\/","article_published_time":"2015-07-03T15:10:14+00:00","og_image":[{"width":800,"height":600,"url":"https:\/\/www.notibras.com\/site\/wp-content\/uploads\/2015\/07\/MJL-Menores-armas4.jpg","type":"image\/jpeg"}],"author":"Reda\u00e7\u00e3o","twitter_card":"summary_large_image","twitter_creator":"@Notibras","twitter_site":"@Notibras","twitter_misc":{"Escrito por":"Reda\u00e7\u00e3o","Est. tempo de leitura":"3 minutos"},"schema":{"@context":"https:\/\/schema.org","@graph":[{"@type":"Article","@id":"https:\/\/www.notibras.com\/site\/se-o-caso-e-ser-maior-aos-16-saida-e-entrar-no-trafico-bem-mais-cedo\/#article","isPartOf":{"@id":"https:\/\/www.notibras.com\/site\/se-o-caso-e-ser-maior-aos-16-saida-e-entrar-no-trafico-bem-mais-cedo\/"},"author":{"name":"Reda\u00e7\u00e3o","@id":"https:\/\/www.notibras.com\/site\/#\/schema\/person\/36ab0979449956132d3e5b517ea76ac8"},"headline":"Se o caso \u00e9 ser maior aos 16, sa\u00edda \u00e9 entrar no tr\u00e1fico bem mais cedo","datePublished":"2015-07-03T15:10:14+00:00","mainEntityOfPage":{"@id":"https:\/\/www.notibras.com\/site\/se-o-caso-e-ser-maior-aos-16-saida-e-entrar-no-trafico-bem-mais-cedo\/"},"wordCount":599,"commentCount":0,"publisher":{"@id":"https:\/\/www.notibras.com\/site\/#organization"},"image":{"@id":"https:\/\/www.notibras.com\/site\/se-o-caso-e-ser-maior-aos-16-saida-e-entrar-no-trafico-bem-mais-cedo\/#primaryimage"},"thumbnailUrl":"https:\/\/www.notibras.com\/site\/wp-content\/uploads\/2015\/07\/MJL-Menores-armas4.jpg","articleSection":["Opina a\u00ed"],"inLanguage":"pt-BR","potentialAction":[{"@type":"CommentAction","name":"Comment","target":["https:\/\/www.notibras.com\/site\/se-o-caso-e-ser-maior-aos-16-saida-e-entrar-no-trafico-bem-mais-cedo\/#respond"]}]},{"@type":"WebPage","@id":"https:\/\/www.notibras.com\/site\/se-o-caso-e-ser-maior-aos-16-saida-e-entrar-no-trafico-bem-mais-cedo\/","url":"https:\/\/www.notibras.com\/site\/se-o-caso-e-ser-maior-aos-16-saida-e-entrar-no-trafico-bem-mais-cedo\/","name":"Se o caso \u00e9 ser maior aos 16, sa\u00edda \u00e9 entrar no tr\u00e1fico bem mais cedo - Notibras","isPartOf":{"@id":"https:\/\/www.notibras.com\/site\/#website"},"primaryImageOfPage":{"@id":"https:\/\/www.notibras.com\/site\/se-o-caso-e-ser-maior-aos-16-saida-e-entrar-no-trafico-bem-mais-cedo\/#primaryimage"},"image":{"@id":"https:\/\/www.notibras.com\/site\/se-o-caso-e-ser-maior-aos-16-saida-e-entrar-no-trafico-bem-mais-cedo\/#primaryimage"},"thumbnailUrl":"https:\/\/www.notibras.com\/site\/wp-content\/uploads\/2015\/07\/MJL-Menores-armas4.jpg","datePublished":"2015-07-03T15:10:14+00:00","breadcrumb":{"@id":"https:\/\/www.notibras.com\/site\/se-o-caso-e-ser-maior-aos-16-saida-e-entrar-no-trafico-bem-mais-cedo\/#breadcrumb"},"inLanguage":"pt-BR","potentialAction":[{"@type":"ReadAction","target":["https:\/\/www.notibras.com\/site\/se-o-caso-e-ser-maior-aos-16-saida-e-entrar-no-trafico-bem-mais-cedo\/"]}]},{"@type":"ImageObject","inLanguage":"pt-BR","@id":"https:\/\/www.notibras.com\/site\/se-o-caso-e-ser-maior-aos-16-saida-e-entrar-no-trafico-bem-mais-cedo\/#primaryimage","url":"https:\/\/www.notibras.com\/site\/wp-content\/uploads\/2015\/07\/MJL-Menores-armas4.jpg","contentUrl":"https:\/\/www.notibras.com\/site\/wp-content\/uploads\/2015\/07\/MJL-Menores-armas4.jpg","width":800,"height":600},{"@type":"BreadcrumbList","@id":"https:\/\/www.notibras.com\/site\/se-o-caso-e-ser-maior-aos-16-saida-e-entrar-no-trafico-bem-mais-cedo\/#breadcrumb","itemListElement":[{"@type":"ListItem","position":1,"name":"In\u00edcio","item":"https:\/\/www.notibras.com\/site\/"},{"@type":"ListItem","position":2,"name":"Se o caso \u00e9 ser maior aos 16, sa\u00edda \u00e9 entrar no tr\u00e1fico bem mais cedo"}]},{"@type":"WebSite","@id":"https:\/\/www.notibras.com\/site\/#website","url":"https:\/\/www.notibras.com\/site\/","name":"Notibras","description":"Not\u00edcias de Bras\u00edlia, do Brasil e do Mundo","publisher":{"@id":"https:\/\/www.notibras.com\/site\/#organization"},"potentialAction":[{"@type":"SearchAction","target":{"@type":"EntryPoint","urlTemplate":"https:\/\/www.notibras.com\/site\/?s={search_term_string}"},"query-input":{"@type":"PropertyValueSpecification","valueRequired":true,"valueName":"search_term_string"}}],"inLanguage":"pt-BR"},{"@type":"Organization","@id":"https:\/\/www.notibras.com\/site\/#organization","name":"Grupo Notibras de Comunica\u00e7\u00e3o","url":"https:\/\/www.notibras.com\/site\/","logo":{"@type":"ImageObject","inLanguage":"pt-BR","@id":"https:\/\/www.notibras.com\/site\/#\/schema\/logo\/image\/","url":"https:\/\/www.notibras.com\/site\/wp-content\/uploads\/2023\/01\/notibras23.png","contentUrl":"https:\/\/www.notibras.com\/site\/wp-content\/uploads\/2023\/01\/notibras23.png","width":350,"height":87,"caption":"Grupo Notibras de Comunica\u00e7\u00e3o"},"image":{"@id":"https:\/\/www.notibras.com\/site\/#\/schema\/logo\/image\/"},"sameAs":["https:\/\/www.facebook.com\/notibras\/","https:\/\/x.com\/Notibras","https:\/\/www.instagram.com\/notibras\/"]},{"@type":"Person","@id":"https:\/\/www.notibras.com\/site\/#\/schema\/person\/36ab0979449956132d3e5b517ea76ac8","name":"Reda\u00e7\u00e3o","image":{"@type":"ImageObject","inLanguage":"pt-BR","@id":"https:\/\/secure.gravatar.com\/avatar\/e0a867bdedb85fd243eadf09663511f96fc81e0720a4a42581f334ad4303aa6b?s=96&d=mm&r=g","url":"https:\/\/secure.gravatar.com\/avatar\/e0a867bdedb85fd243eadf09663511f96fc81e0720a4a42581f334ad4303aa6b?s=96&d=mm&r=g","contentUrl":"https:\/\/secure.gravatar.com\/avatar\/e0a867bdedb85fd243eadf09663511f96fc81e0720a4a42581f334ad4303aa6b?s=96&d=mm&r=g","caption":"Reda\u00e7\u00e3o"}}]}},"amp_enabled":true,"_links":{"self":[{"href":"https:\/\/www.notibras.com\/site\/wp-json\/wp\/v2\/posts\/56038","targetHints":{"allow":["GET"]}}],"collection":[{"href":"https:\/\/www.notibras.com\/site\/wp-json\/wp\/v2\/posts"}],"about":[{"href":"https:\/\/www.notibras.com\/site\/wp-json\/wp\/v2\/types\/post"}],"author":[{"embeddable":true,"href":"https:\/\/www.notibras.com\/site\/wp-json\/wp\/v2\/users\/2"}],"replies":[{"embeddable":true,"href":"https:\/\/www.notibras.com\/site\/wp-json\/wp\/v2\/comments?post=56038"}],"version-history":[{"count":0,"href":"https:\/\/www.notibras.com\/site\/wp-json\/wp\/v2\/posts\/56038\/revisions"}],"wp:featuredmedia":[{"embeddable":true,"href":"https:\/\/www.notibras.com\/site\/wp-json\/wp\/v2\/media\/56039"}],"wp:attachment":[{"href":"https:\/\/www.notibras.com\/site\/wp-json\/wp\/v2\/media?parent=56038"}],"wp:term":[{"taxonomy":"category","embeddable":true,"href":"https:\/\/www.notibras.com\/site\/wp-json\/wp\/v2\/categories?post=56038"},{"taxonomy":"post_tag","embeddable":true,"href":"https:\/\/www.notibras.com\/site\/wp-json\/wp\/v2\/tags?post=56038"}],"curies":[{"name":"wp","href":"https:\/\/api.w.org\/{rel}","templated":true}]}}