{"id":56135,"date":"2015-07-03T23:36:46","date_gmt":"2015-07-04T02:36:46","guid":{"rendered":"http:\/\/www.notibras.com\/site\/?p=56135"},"modified":"2015-07-04T02:42:08","modified_gmt":"2015-07-04T05:42:08","slug":"peru-bate-paraguai-e-fica-em-terceiro-na-copa-america","status":"publish","type":"post","link":"https:\/\/www.notibras.com\/site\/peru-bate-paraguai-e-fica-em-terceiro-na-copa-america\/","title":{"rendered":"Peru bate Paraguai e fica em terceiro na Copa Am\u00e9rica"},"content":{"rendered":"<p>Peru e Paraguai fizeram uma disputa de terceiro lugar animada, apesar de ser um jogo que valia pouca coisa. As equipes, que foram eliminadas por Chile e Argentina na semifinal da Copa Am\u00e9rica , divertiram a torcida chilena que compareceu em Concepci\u00f3n. Quem saiu mais alegre, por\u00e9m, foi o lado peruano, que viu vit\u00f3ria por 2 a 0, com gols de Andr\u00e9 Carrillo e Paolo Guerrero.<\/p>\n<p>Para o novo atacante do Flamengo , o gol significou uma marca importante. Com quatro, o ex-corintiano empata com Eduardo Vagas na artilharia da Copa Am\u00e9rica. Al\u00e9m disso, Guerrero chegou a dez gols em tr\u00eas participa\u00e7\u00f5es na competi\u00e7\u00e3o continental.<\/p>\n<blockquote><p>A equipe do Peru foi melhor durante a maior parte do jogo, pressionando o advers\u00e1rio em seu campo de defesa. O Paraguai s\u00f3 buscou amea\u00e7ar nos minutos finais, mas sem criar chances claras. Nas arquibancadas, a torcida chilena fez festa e cantou o hino enquanto aguarda a final contra a Argentina, que acontece neste s\u00e1bado, \u00e0s 17h.<\/p><\/blockquote>\n<p>O terceiro lugar da Copa Am\u00e9rica n\u00e3o significa trof\u00e9u, mas ao menos valida a boa campanha do Peru. Paolo Guerrero e companhia terminaram a primeira fase na segunda coloca\u00e7\u00e3o do Grupo C, sendo que no processo fizeram jogo duro contra o Brasil e venceram a Venezuela.<\/p>\n<p>Nas quartas de final, a v\u00edtima foi a Col\u00f4mbia, que levou um 3 a 1. Na semi, contra os donos da casa, o Peru come\u00e7ou melhor, mas foi prejudicada com a expulso de Zambrano ainda no primeiro tempo e perdeu a chance de ir \u00e0 final. A equipe do t\u00e9cnico Ricardo Gareca ainda repetiu o desempenho da edi\u00e7\u00e3o 2011.<\/p>\n","protected":false},"excerpt":{"rendered":"<p>Peru e Paraguai fizeram uma disputa de terceiro lugar animada, apesar de ser um jogo que valia pouca coisa. As equipes, que foram eliminadas por Chile e Argentina na semifinal da Copa Am\u00e9rica , divertiram a torcida chilena que compareceu em Concepci\u00f3n. Quem saiu mais alegre, por\u00e9m, foi o lado peruano, que viu vit\u00f3ria por [&hellip;]<\/p>\n","protected":false},"author":2,"featured_media":56136,"comment_status":"open","ping_status":"closed","sticky":false,"template":"","format":"standard","meta":{"_acf_changed":false,"footnotes":""},"categories":[19,29],"tags":[],"class_list":["post-56135","post","type-post","status-publish","format-standard","has-post-thumbnail","hentry","category-esportes","category-futebol"],"acf":[],"yoast_head":"<!-- This site is optimized with the Yoast SEO plugin v27.2 - https:\/\/yoast.com\/product\/yoast-seo-wordpress\/ -->\n<title>Peru bate Paraguai e fica em terceiro na Copa Am\u00e9rica - Notibras<\/title>\n<meta name=\"robots\" content=\"index, follow, max-snippet:-1, max-image-preview:large, max-video-preview:-1\" \/>\n<link rel=\"canonical\" href=\"https:\/\/www.notibras.com\/site\/peru-bate-paraguai-e-fica-em-terceiro-na-copa-america\/\" \/>\n<meta property=\"og:locale\" content=\"pt_BR\" \/>\n<meta property=\"og:type\" content=\"article\" \/>\n<meta property=\"og:title\" content=\"Peru bate Paraguai e fica em terceiro na Copa Am\u00e9rica - Notibras\" \/>\n<meta property=\"og:description\" content=\"Peru e Paraguai fizeram uma disputa de terceiro lugar animada, apesar de ser um jogo que valia pouca coisa. As equipes, que foram eliminadas por Chile e Argentina na semifinal da Copa Am\u00e9rica , divertiram a torcida chilena que compareceu em Concepci\u00f3n. Quem saiu mais alegre, por\u00e9m, foi o lado peruano, que viu vit\u00f3ria por [&hellip;]\" \/>\n<meta property=\"og:url\" content=\"https:\/\/www.notibras.com\/site\/peru-bate-paraguai-e-fica-em-terceiro-na-copa-america\/\" \/>\n<meta property=\"og:site_name\" content=\"Notibras\" \/>\n<meta property=\"article:publisher\" content=\"https:\/\/www.facebook.com\/notibras\/\" \/>\n<meta property=\"article:published_time\" content=\"2015-07-04T02:36:46+00:00\" \/>\n<meta property=\"article:modified_time\" content=\"2015-07-04T05:42:08+00:00\" \/>\n<meta property=\"og:image\" content=\"https:\/\/www.notibras.com\/site\/wp-content\/uploads\/2015\/07\/carrillogolalexreyesgetty.jpg\" \/>\n\t<meta property=\"og:image:width\" content=\"600\" \/>\n\t<meta property=\"og:image:height\" content=\"400\" \/>\n\t<meta property=\"og:image:type\" content=\"image\/jpeg\" \/>\n<meta name=\"author\" content=\"Reda\u00e7\u00e3o\" \/>\n<meta name=\"twitter:card\" content=\"summary_large_image\" \/>\n<meta name=\"twitter:creator\" content=\"@Notibras\" \/>\n<meta name=\"twitter:site\" content=\"@Notibras\" \/>\n<meta name=\"twitter:label1\" content=\"Escrito por\" \/>\n\t<meta name=\"twitter:data1\" content=\"Reda\u00e7\u00e3o\" \/>\n\t<meta name=\"twitter:label2\" content=\"Est. tempo de leitura\" \/>\n\t<meta name=\"twitter:data2\" content=\"1 minuto\" \/>\n<script type=\"application\/ld+json\" class=\"yoast-schema-graph\">{\"@context\":\"https:\/\/schema.org\",\"@graph\":[{\"@type\":\"Article\",\"@id\":\"https:\/\/www.notibras.com\/site\/peru-bate-paraguai-e-fica-em-terceiro-na-copa-america\/#article\",\"isPartOf\":{\"@id\":\"https:\/\/www.notibras.com\/site\/peru-bate-paraguai-e-fica-em-terceiro-na-copa-america\/\"},\"author\":{\"name\":\"Reda\u00e7\u00e3o\",\"@id\":\"https:\/\/www.notibras.com\/site\/#\/schema\/person\/36ab0979449956132d3e5b517ea76ac8\"},\"headline\":\"Peru bate Paraguai e fica em terceiro na Copa Am\u00e9rica\",\"datePublished\":\"2015-07-04T02:36:46+00:00\",\"dateModified\":\"2015-07-04T05:42:08+00:00\",\"mainEntityOfPage\":{\"@id\":\"https:\/\/www.notibras.com\/site\/peru-bate-paraguai-e-fica-em-terceiro-na-copa-america\/\"},\"wordCount\":291,\"commentCount\":0,\"publisher\":{\"@id\":\"https:\/\/www.notibras.com\/site\/#organization\"},\"image\":{\"@id\":\"https:\/\/www.notibras.com\/site\/peru-bate-paraguai-e-fica-em-terceiro-na-copa-america\/#primaryimage\"},\"thumbnailUrl\":\"https:\/\/www.notibras.com\/site\/wp-content\/uploads\/2015\/07\/carrillogolalexreyesgetty.jpg\",\"articleSection\":[\"Esportes\",\"Futebol\"],\"inLanguage\":\"pt-BR\",\"potentialAction\":[{\"@type\":\"CommentAction\",\"name\":\"Comment\",\"target\":[\"https:\/\/www.notibras.com\/site\/peru-bate-paraguai-e-fica-em-terceiro-na-copa-america\/#respond\"]}]},{\"@type\":\"WebPage\",\"@id\":\"https:\/\/www.notibras.com\/site\/peru-bate-paraguai-e-fica-em-terceiro-na-copa-america\/\",\"url\":\"https:\/\/www.notibras.com\/site\/peru-bate-paraguai-e-fica-em-terceiro-na-copa-america\/\",\"name\":\"Peru bate Paraguai e fica em terceiro na Copa Am\u00e9rica - Notibras\",\"isPartOf\":{\"@id\":\"https:\/\/www.notibras.com\/site\/#website\"},\"primaryImageOfPage\":{\"@id\":\"https:\/\/www.notibras.com\/site\/peru-bate-paraguai-e-fica-em-terceiro-na-copa-america\/#primaryimage\"},\"image\":{\"@id\":\"https:\/\/www.notibras.com\/site\/peru-bate-paraguai-e-fica-em-terceiro-na-copa-america\/#primaryimage\"},\"thumbnailUrl\":\"https:\/\/www.notibras.com\/site\/wp-content\/uploads\/2015\/07\/carrillogolalexreyesgetty.jpg\",\"datePublished\":\"2015-07-04T02:36:46+00:00\",\"dateModified\":\"2015-07-04T05:42:08+00:00\",\"breadcrumb\":{\"@id\":\"https:\/\/www.notibras.com\/site\/peru-bate-paraguai-e-fica-em-terceiro-na-copa-america\/#breadcrumb\"},\"inLanguage\":\"pt-BR\",\"potentialAction\":[{\"@type\":\"ReadAction\",\"target\":[\"https:\/\/www.notibras.com\/site\/peru-bate-paraguai-e-fica-em-terceiro-na-copa-america\/\"]}]},{\"@type\":\"ImageObject\",\"inLanguage\":\"pt-BR\",\"@id\":\"https:\/\/www.notibras.com\/site\/peru-bate-paraguai-e-fica-em-terceiro-na-copa-america\/#primaryimage\",\"url\":\"https:\/\/www.notibras.com\/site\/wp-content\/uploads\/2015\/07\/carrillogolalexreyesgetty.jpg\",\"contentUrl\":\"https:\/\/www.notibras.com\/site\/wp-content\/uploads\/2015\/07\/carrillogolalexreyesgetty.jpg\",\"width\":600,\"height\":400},{\"@type\":\"BreadcrumbList\",\"@id\":\"https:\/\/www.notibras.com\/site\/peru-bate-paraguai-e-fica-em-terceiro-na-copa-america\/#breadcrumb\",\"itemListElement\":[{\"@type\":\"ListItem\",\"position\":1,\"name\":\"In\u00edcio\",\"item\":\"https:\/\/www.notibras.com\/site\/\"},{\"@type\":\"ListItem\",\"position\":2,\"name\":\"Peru bate Paraguai e fica em terceiro na Copa Am\u00e9rica\"}]},{\"@type\":\"WebSite\",\"@id\":\"https:\/\/www.notibras.com\/site\/#website\",\"url\":\"https:\/\/www.notibras.com\/site\/\",\"name\":\"Notibras\",\"description\":\"Not\u00edcias de Bras\u00edlia, do Brasil e do Mundo\",\"publisher\":{\"@id\":\"https:\/\/www.notibras.com\/site\/#organization\"},\"potentialAction\":[{\"@type\":\"SearchAction\",\"target\":{\"@type\":\"EntryPoint\",\"urlTemplate\":\"https:\/\/www.notibras.com\/site\/?s={search_term_string}\"},\"query-input\":{\"@type\":\"PropertyValueSpecification\",\"valueRequired\":true,\"valueName\":\"search_term_string\"}}],\"inLanguage\":\"pt-BR\"},{\"@type\":\"Organization\",\"@id\":\"https:\/\/www.notibras.com\/site\/#organization\",\"name\":\"Grupo Notibras de Comunica\u00e7\u00e3o\",\"url\":\"https:\/\/www.notibras.com\/site\/\",\"logo\":{\"@type\":\"ImageObject\",\"inLanguage\":\"pt-BR\",\"@id\":\"https:\/\/www.notibras.com\/site\/#\/schema\/logo\/image\/\",\"url\":\"https:\/\/www.notibras.com\/site\/wp-content\/uploads\/2023\/01\/notibras23.png\",\"contentUrl\":\"https:\/\/www.notibras.com\/site\/wp-content\/uploads\/2023\/01\/notibras23.png\",\"width\":350,\"height\":87,\"caption\":\"Grupo Notibras de Comunica\u00e7\u00e3o\"},\"image\":{\"@id\":\"https:\/\/www.notibras.com\/site\/#\/schema\/logo\/image\/\"},\"sameAs\":[\"https:\/\/www.facebook.com\/notibras\/\",\"https:\/\/x.com\/Notibras\",\"https:\/\/www.instagram.com\/notibras\/\"]},{\"@type\":\"Person\",\"@id\":\"https:\/\/www.notibras.com\/site\/#\/schema\/person\/36ab0979449956132d3e5b517ea76ac8\",\"name\":\"Reda\u00e7\u00e3o\",\"image\":{\"@type\":\"ImageObject\",\"inLanguage\":\"pt-BR\",\"@id\":\"https:\/\/secure.gravatar.com\/avatar\/e0a867bdedb85fd243eadf09663511f96fc81e0720a4a42581f334ad4303aa6b?s=96&d=mm&r=g\",\"url\":\"https:\/\/secure.gravatar.com\/avatar\/e0a867bdedb85fd243eadf09663511f96fc81e0720a4a42581f334ad4303aa6b?s=96&d=mm&r=g\",\"contentUrl\":\"https:\/\/secure.gravatar.com\/avatar\/e0a867bdedb85fd243eadf09663511f96fc81e0720a4a42581f334ad4303aa6b?s=96&d=mm&r=g\",\"caption\":\"Reda\u00e7\u00e3o\"}}]}<\/script>\n<!-- \/ Yoast SEO plugin. -->","yoast_head_json":{"title":"Peru bate Paraguai e fica em terceiro na Copa Am\u00e9rica - Notibras","robots":{"index":"index","follow":"follow","max-snippet":"max-snippet:-1","max-image-preview":"max-image-preview:large","max-video-preview":"max-video-preview:-1"},"canonical":"https:\/\/www.notibras.com\/site\/peru-bate-paraguai-e-fica-em-terceiro-na-copa-america\/","og_locale":"pt_BR","og_type":"article","og_title":"Peru bate Paraguai e fica em terceiro na Copa Am\u00e9rica - Notibras","og_description":"Peru e Paraguai fizeram uma disputa de terceiro lugar animada, apesar de ser um jogo que valia pouca coisa. As equipes, que foram eliminadas por Chile e Argentina na semifinal da Copa Am\u00e9rica , divertiram a torcida chilena que compareceu em Concepci\u00f3n. Quem saiu mais alegre, por\u00e9m, foi o lado peruano, que viu vit\u00f3ria por [&hellip;]","og_url":"https:\/\/www.notibras.com\/site\/peru-bate-paraguai-e-fica-em-terceiro-na-copa-america\/","og_site_name":"Notibras","article_publisher":"https:\/\/www.facebook.com\/notibras\/","article_published_time":"2015-07-04T02:36:46+00:00","article_modified_time":"2015-07-04T05:42:08+00:00","og_image":[{"width":600,"height":400,"url":"https:\/\/www.notibras.com\/site\/wp-content\/uploads\/2015\/07\/carrillogolalexreyesgetty.jpg","type":"image\/jpeg"}],"author":"Reda\u00e7\u00e3o","twitter_card":"summary_large_image","twitter_creator":"@Notibras","twitter_site":"@Notibras","twitter_misc":{"Escrito por":"Reda\u00e7\u00e3o","Est. tempo de leitura":"1 minuto"},"schema":{"@context":"https:\/\/schema.org","@graph":[{"@type":"Article","@id":"https:\/\/www.notibras.com\/site\/peru-bate-paraguai-e-fica-em-terceiro-na-copa-america\/#article","isPartOf":{"@id":"https:\/\/www.notibras.com\/site\/peru-bate-paraguai-e-fica-em-terceiro-na-copa-america\/"},"author":{"name":"Reda\u00e7\u00e3o","@id":"https:\/\/www.notibras.com\/site\/#\/schema\/person\/36ab0979449956132d3e5b517ea76ac8"},"headline":"Peru bate Paraguai e fica em terceiro na Copa Am\u00e9rica","datePublished":"2015-07-04T02:36:46+00:00","dateModified":"2015-07-04T05:42:08+00:00","mainEntityOfPage":{"@id":"https:\/\/www.notibras.com\/site\/peru-bate-paraguai-e-fica-em-terceiro-na-copa-america\/"},"wordCount":291,"commentCount":0,"publisher":{"@id":"https:\/\/www.notibras.com\/site\/#organization"},"image":{"@id":"https:\/\/www.notibras.com\/site\/peru-bate-paraguai-e-fica-em-terceiro-na-copa-america\/#primaryimage"},"thumbnailUrl":"https:\/\/www.notibras.com\/site\/wp-content\/uploads\/2015\/07\/carrillogolalexreyesgetty.jpg","articleSection":["Esportes","Futebol"],"inLanguage":"pt-BR","potentialAction":[{"@type":"CommentAction","name":"Comment","target":["https:\/\/www.notibras.com\/site\/peru-bate-paraguai-e-fica-em-terceiro-na-copa-america\/#respond"]}]},{"@type":"WebPage","@id":"https:\/\/www.notibras.com\/site\/peru-bate-paraguai-e-fica-em-terceiro-na-copa-america\/","url":"https:\/\/www.notibras.com\/site\/peru-bate-paraguai-e-fica-em-terceiro-na-copa-america\/","name":"Peru bate Paraguai e fica em terceiro na Copa Am\u00e9rica - Notibras","isPartOf":{"@id":"https:\/\/www.notibras.com\/site\/#website"},"primaryImageOfPage":{"@id":"https:\/\/www.notibras.com\/site\/peru-bate-paraguai-e-fica-em-terceiro-na-copa-america\/#primaryimage"},"image":{"@id":"https:\/\/www.notibras.com\/site\/peru-bate-paraguai-e-fica-em-terceiro-na-copa-america\/#primaryimage"},"thumbnailUrl":"https:\/\/www.notibras.com\/site\/wp-content\/uploads\/2015\/07\/carrillogolalexreyesgetty.jpg","datePublished":"2015-07-04T02:36:46+00:00","dateModified":"2015-07-04T05:42:08+00:00","breadcrumb":{"@id":"https:\/\/www.notibras.com\/site\/peru-bate-paraguai-e-fica-em-terceiro-na-copa-america\/#breadcrumb"},"inLanguage":"pt-BR","potentialAction":[{"@type":"ReadAction","target":["https:\/\/www.notibras.com\/site\/peru-bate-paraguai-e-fica-em-terceiro-na-copa-america\/"]}]},{"@type":"ImageObject","inLanguage":"pt-BR","@id":"https:\/\/www.notibras.com\/site\/peru-bate-paraguai-e-fica-em-terceiro-na-copa-america\/#primaryimage","url":"https:\/\/www.notibras.com\/site\/wp-content\/uploads\/2015\/07\/carrillogolalexreyesgetty.jpg","contentUrl":"https:\/\/www.notibras.com\/site\/wp-content\/uploads\/2015\/07\/carrillogolalexreyesgetty.jpg","width":600,"height":400},{"@type":"BreadcrumbList","@id":"https:\/\/www.notibras.com\/site\/peru-bate-paraguai-e-fica-em-terceiro-na-copa-america\/#breadcrumb","itemListElement":[{"@type":"ListItem","position":1,"name":"In\u00edcio","item":"https:\/\/www.notibras.com\/site\/"},{"@type":"ListItem","position":2,"name":"Peru bate Paraguai e fica em terceiro na Copa Am\u00e9rica"}]},{"@type":"WebSite","@id":"https:\/\/www.notibras.com\/site\/#website","url":"https:\/\/www.notibras.com\/site\/","name":"Notibras","description":"Not\u00edcias de Bras\u00edlia, do Brasil e do Mundo","publisher":{"@id":"https:\/\/www.notibras.com\/site\/#organization"},"potentialAction":[{"@type":"SearchAction","target":{"@type":"EntryPoint","urlTemplate":"https:\/\/www.notibras.com\/site\/?s={search_term_string}"},"query-input":{"@type":"PropertyValueSpecification","valueRequired":true,"valueName":"search_term_string"}}],"inLanguage":"pt-BR"},{"@type":"Organization","@id":"https:\/\/www.notibras.com\/site\/#organization","name":"Grupo Notibras de Comunica\u00e7\u00e3o","url":"https:\/\/www.notibras.com\/site\/","logo":{"@type":"ImageObject","inLanguage":"pt-BR","@id":"https:\/\/www.notibras.com\/site\/#\/schema\/logo\/image\/","url":"https:\/\/www.notibras.com\/site\/wp-content\/uploads\/2023\/01\/notibras23.png","contentUrl":"https:\/\/www.notibras.com\/site\/wp-content\/uploads\/2023\/01\/notibras23.png","width":350,"height":87,"caption":"Grupo Notibras de Comunica\u00e7\u00e3o"},"image":{"@id":"https:\/\/www.notibras.com\/site\/#\/schema\/logo\/image\/"},"sameAs":["https:\/\/www.facebook.com\/notibras\/","https:\/\/x.com\/Notibras","https:\/\/www.instagram.com\/notibras\/"]},{"@type":"Person","@id":"https:\/\/www.notibras.com\/site\/#\/schema\/person\/36ab0979449956132d3e5b517ea76ac8","name":"Reda\u00e7\u00e3o","image":{"@type":"ImageObject","inLanguage":"pt-BR","@id":"https:\/\/secure.gravatar.com\/avatar\/e0a867bdedb85fd243eadf09663511f96fc81e0720a4a42581f334ad4303aa6b?s=96&d=mm&r=g","url":"https:\/\/secure.gravatar.com\/avatar\/e0a867bdedb85fd243eadf09663511f96fc81e0720a4a42581f334ad4303aa6b?s=96&d=mm&r=g","contentUrl":"https:\/\/secure.gravatar.com\/avatar\/e0a867bdedb85fd243eadf09663511f96fc81e0720a4a42581f334ad4303aa6b?s=96&d=mm&r=g","caption":"Reda\u00e7\u00e3o"}}]}},"amp_enabled":true,"_links":{"self":[{"href":"https:\/\/www.notibras.com\/site\/wp-json\/wp\/v2\/posts\/56135","targetHints":{"allow":["GET"]}}],"collection":[{"href":"https:\/\/www.notibras.com\/site\/wp-json\/wp\/v2\/posts"}],"about":[{"href":"https:\/\/www.notibras.com\/site\/wp-json\/wp\/v2\/types\/post"}],"author":[{"embeddable":true,"href":"https:\/\/www.notibras.com\/site\/wp-json\/wp\/v2\/users\/2"}],"replies":[{"embeddable":true,"href":"https:\/\/www.notibras.com\/site\/wp-json\/wp\/v2\/comments?post=56135"}],"version-history":[{"count":0,"href":"https:\/\/www.notibras.com\/site\/wp-json\/wp\/v2\/posts\/56135\/revisions"}],"wp:featuredmedia":[{"embeddable":true,"href":"https:\/\/www.notibras.com\/site\/wp-json\/wp\/v2\/media\/56136"}],"wp:attachment":[{"href":"https:\/\/www.notibras.com\/site\/wp-json\/wp\/v2\/media?parent=56135"}],"wp:term":[{"taxonomy":"category","embeddable":true,"href":"https:\/\/www.notibras.com\/site\/wp-json\/wp\/v2\/categories?post=56135"},{"taxonomy":"post_tag","embeddable":true,"href":"https:\/\/www.notibras.com\/site\/wp-json\/wp\/v2\/tags?post=56135"}],"curies":[{"name":"wp","href":"https:\/\/api.w.org\/{rel}","templated":true}]}}