{"id":56246,"date":"2015-07-04T19:53:16","date_gmt":"2015-07-04T22:53:16","guid":{"rendered":"http:\/\/www.notibras.com\/site\/?p=56246"},"modified":"2015-07-04T22:50:06","modified_gmt":"2015-07-05T01:50:06","slug":"chile-poe-coracao-na-chuteira-bate-argentina-e-e-campeao-nos-penaltis","status":"publish","type":"post","link":"https:\/\/www.notibras.com\/site\/chile-poe-coracao-na-chuteira-bate-argentina-e-e-campeao-nos-penaltis\/","title":{"rendered":"Chile p\u00f5e cora\u00e7\u00e3o na chuteira, bate Argentina nos p\u00eanaltis e \u00e9 campe\u00e3o"},"content":{"rendered":"<p>As sele\u00e7\u00f5es do Chile e Argentina fizeram um jogo disputado, os jogadores colocaram o cora\u00e7\u00e3o na chuteira nos 120 minutos de bola rolando (tempo regulamentar e prorroga\u00e7\u00e3o). As duas equipes tiveram chances de gol, mas nos dois apitos finais do \u00e1rbitro, o resultado continuava 0 a 0, e a decis\u00e3o da Copa Am\u00e9rica s\u00f3 saiu na decis\u00e3o por p\u00eanaltis. E os chilenos, jogando em casa, foi campe\u00e3o, que fez 4 contra 1 dos argentinos.<\/p>\n<p>\u00c9 o primeiro t\u00edtulo continental do Chile, que participou de outras decis\u00f5es da Copa Am\u00e9rica, mas sempre ficou com o vice campeonato. A\u00a0Argentina continua com a seca de t\u00edtulos que j\u00e1 dura 22 anos, desde 1993, quando venceu a mesma Copa Am\u00e9rica com gols decisivos de Batistuta. Nas quatro linhas, o Chile foi mais organizado, mas falhou na hora de decidir, enquanto a Argentina dependeu da genialidade de Messi.<\/p>\n<blockquote><p>Argentina e Chile fizeram primeiro tempo equilibrado e disputado. Marca\u00e7\u00e3o por press\u00e3o e disputa intensa pela posse de bola dos dois lados. Os argentinos tiveram as melhores chances em jogadas de Messi e Pastore, desperdi\u00e7adas por Ag\u00fcero e Lavezzi &#8211; substituto de Di Maria, que saiu com les\u00e3o muscular na coxa direita e ficou de fora de mais uma decis\u00e3o ap\u00f3s perder a final do Mundial de 2014.<\/p><\/blockquote>\n<p>J\u00e1 os chilenos tiveram um pouco mais de posse de bola, estiveram mais presentes no campo de defesa rival e foram melhores taticamente. Mas s\u00f3 levaram perigo com Vidal, em voleio que saiu fraco, e Vargas, ap\u00f3s contra-ataque.<\/p>\n<p>No segundo tempo, o Chile foi melhor, com mais organiza\u00e7\u00e3o t\u00e1tica em campo. E a Argentina deixou a desejar, limitando-se \u00e0 bola a\u00e9rea, ponto fraco dos donos da casa, e aos contragolpes puxados por Messi.<\/p>\n<blockquote><p>Na metade da etapa final, Valdivia foi substitu\u00eddo e n\u00e3o gostou. N\u00e3o cumprimentou Mat\u00edas Fernandes, gesticulou bastante, ignorou Sampaoli e ainda deu um bico no banco de reservas. Logo depois, o Chile quase abriu o placar em sua melhor chance na partida. Ar\u00e1nguiz lan\u00e7ou Vargas, que bateu de primeira e tirou tinta da trave de Romero. J\u00e1 nos acr\u00e9scimos, foi a vez da Argentina de falhar da hora de decidir. Messi arrancou pelo meio-campo e serviu Lavezzi, que s\u00f3 rolou rasteiro para Higua\u00edn, um pouco sem \u00e2ngulo, perder o gol que daria o t\u00edtulo da Copa Am\u00e9rica aos argentinos.<\/p><\/blockquote>\n","protected":false},"excerpt":{"rendered":"<p>As sele\u00e7\u00f5es do Chile e Argentina fizeram um jogo disputado, os jogadores colocaram o cora\u00e7\u00e3o na chuteira nos 120 minutos de bola rolando (tempo regulamentar e prorroga\u00e7\u00e3o). As duas equipes tiveram chances de gol, mas nos dois apitos finais do \u00e1rbitro, o resultado continuava 0 a 0, e a decis\u00e3o da Copa Am\u00e9rica s\u00f3 saiu [&hellip;]<\/p>\n","protected":false},"author":2,"featured_media":56247,"comment_status":"open","ping_status":"closed","sticky":false,"template":"","format":"standard","meta":{"_acf_changed":false,"footnotes":""},"categories":[19,29],"tags":[],"class_list":["post-56246","post","type-post","status-publish","format-standard","has-post-thumbnail","hentry","category-esportes","category-futebol"],"acf":[],"yoast_head":"<!-- This site is optimized with the Yoast SEO plugin v27.2 - https:\/\/yoast.com\/product\/yoast-seo-wordpress\/ -->\n<title>Chile p\u00f5e cora\u00e7\u00e3o na chuteira, bate Argentina nos p\u00eanaltis e \u00e9 campe\u00e3o - Notibras<\/title>\n<meta name=\"robots\" content=\"index, follow, max-snippet:-1, max-image-preview:large, max-video-preview:-1\" \/>\n<link rel=\"canonical\" href=\"https:\/\/www.notibras.com\/site\/chile-poe-coracao-na-chuteira-bate-argentina-e-e-campeao-nos-penaltis\/\" \/>\n<meta property=\"og:locale\" content=\"pt_BR\" \/>\n<meta property=\"og:type\" content=\"article\" \/>\n<meta property=\"og:title\" content=\"Chile p\u00f5e cora\u00e7\u00e3o na chuteira, bate Argentina nos p\u00eanaltis e \u00e9 campe\u00e3o - Notibras\" \/>\n<meta property=\"og:description\" content=\"As sele\u00e7\u00f5es do Chile e Argentina fizeram um jogo disputado, os jogadores colocaram o cora\u00e7\u00e3o na chuteira nos 120 minutos de bola rolando (tempo regulamentar e prorroga\u00e7\u00e3o). As duas equipes tiveram chances de gol, mas nos dois apitos finais do \u00e1rbitro, o resultado continuava 0 a 0, e a decis\u00e3o da Copa Am\u00e9rica s\u00f3 saiu [&hellip;]\" \/>\n<meta property=\"og:url\" content=\"https:\/\/www.notibras.com\/site\/chile-poe-coracao-na-chuteira-bate-argentina-e-e-campeao-nos-penaltis\/\" \/>\n<meta property=\"og:site_name\" content=\"Notibras\" \/>\n<meta property=\"article:publisher\" content=\"https:\/\/www.facebook.com\/notibras\/\" \/>\n<meta property=\"article:published_time\" content=\"2015-07-04T22:53:16+00:00\" \/>\n<meta property=\"article:modified_time\" content=\"2015-07-05T01:50:06+00:00\" \/>\n<meta property=\"og:image\" content=\"https:\/\/www.notibras.com\/site\/wp-content\/uploads\/2015\/07\/06bravodefesamigueltovarlatincontentgettyimages-scaled.jpg\" \/>\n\t<meta property=\"og:image:width\" content=\"2560\" \/>\n\t<meta property=\"og:image:height\" content=\"1707\" \/>\n\t<meta property=\"og:image:type\" content=\"image\/jpeg\" \/>\n<meta name=\"author\" content=\"Reda\u00e7\u00e3o\" \/>\n<meta name=\"twitter:card\" content=\"summary_large_image\" \/>\n<meta name=\"twitter:creator\" content=\"@Notibras\" \/>\n<meta name=\"twitter:site\" content=\"@Notibras\" \/>\n<meta name=\"twitter:label1\" content=\"Escrito por\" \/>\n\t<meta name=\"twitter:data1\" content=\"Reda\u00e7\u00e3o\" \/>\n\t<meta name=\"twitter:label2\" content=\"Est. tempo de leitura\" \/>\n\t<meta name=\"twitter:data2\" content=\"2 minutos\" \/>\n<script type=\"application\/ld+json\" class=\"yoast-schema-graph\">{\"@context\":\"https:\/\/schema.org\",\"@graph\":[{\"@type\":\"Article\",\"@id\":\"https:\/\/www.notibras.com\/site\/chile-poe-coracao-na-chuteira-bate-argentina-e-e-campeao-nos-penaltis\/#article\",\"isPartOf\":{\"@id\":\"https:\/\/www.notibras.com\/site\/chile-poe-coracao-na-chuteira-bate-argentina-e-e-campeao-nos-penaltis\/\"},\"author\":{\"name\":\"Reda\u00e7\u00e3o\",\"@id\":\"https:\/\/www.notibras.com\/site\/#\/schema\/person\/36ab0979449956132d3e5b517ea76ac8\"},\"headline\":\"Chile p\u00f5e cora\u00e7\u00e3o na chuteira, bate Argentina nos p\u00eanaltis e \u00e9 campe\u00e3o\",\"datePublished\":\"2015-07-04T22:53:16+00:00\",\"dateModified\":\"2015-07-05T01:50:06+00:00\",\"mainEntityOfPage\":{\"@id\":\"https:\/\/www.notibras.com\/site\/chile-poe-coracao-na-chuteira-bate-argentina-e-e-campeao-nos-penaltis\/\"},\"wordCount\":423,\"commentCount\":0,\"publisher\":{\"@id\":\"https:\/\/www.notibras.com\/site\/#organization\"},\"image\":{\"@id\":\"https:\/\/www.notibras.com\/site\/chile-poe-coracao-na-chuteira-bate-argentina-e-e-campeao-nos-penaltis\/#primaryimage\"},\"thumbnailUrl\":\"https:\/\/www.notibras.com\/site\/wp-content\/uploads\/2015\/07\/06bravodefesamigueltovarlatincontentgettyimages-scaled.jpg\",\"articleSection\":[\"Esportes\",\"Futebol\"],\"inLanguage\":\"pt-BR\",\"potentialAction\":[{\"@type\":\"CommentAction\",\"name\":\"Comment\",\"target\":[\"https:\/\/www.notibras.com\/site\/chile-poe-coracao-na-chuteira-bate-argentina-e-e-campeao-nos-penaltis\/#respond\"]}]},{\"@type\":\"WebPage\",\"@id\":\"https:\/\/www.notibras.com\/site\/chile-poe-coracao-na-chuteira-bate-argentina-e-e-campeao-nos-penaltis\/\",\"url\":\"https:\/\/www.notibras.com\/site\/chile-poe-coracao-na-chuteira-bate-argentina-e-e-campeao-nos-penaltis\/\",\"name\":\"Chile p\u00f5e cora\u00e7\u00e3o na chuteira, bate Argentina nos p\u00eanaltis e \u00e9 campe\u00e3o - Notibras\",\"isPartOf\":{\"@id\":\"https:\/\/www.notibras.com\/site\/#website\"},\"primaryImageOfPage\":{\"@id\":\"https:\/\/www.notibras.com\/site\/chile-poe-coracao-na-chuteira-bate-argentina-e-e-campeao-nos-penaltis\/#primaryimage\"},\"image\":{\"@id\":\"https:\/\/www.notibras.com\/site\/chile-poe-coracao-na-chuteira-bate-argentina-e-e-campeao-nos-penaltis\/#primaryimage\"},\"thumbnailUrl\":\"https:\/\/www.notibras.com\/site\/wp-content\/uploads\/2015\/07\/06bravodefesamigueltovarlatincontentgettyimages-scaled.jpg\",\"datePublished\":\"2015-07-04T22:53:16+00:00\",\"dateModified\":\"2015-07-05T01:50:06+00:00\",\"breadcrumb\":{\"@id\":\"https:\/\/www.notibras.com\/site\/chile-poe-coracao-na-chuteira-bate-argentina-e-e-campeao-nos-penaltis\/#breadcrumb\"},\"inLanguage\":\"pt-BR\",\"potentialAction\":[{\"@type\":\"ReadAction\",\"target\":[\"https:\/\/www.notibras.com\/site\/chile-poe-coracao-na-chuteira-bate-argentina-e-e-campeao-nos-penaltis\/\"]}]},{\"@type\":\"ImageObject\",\"inLanguage\":\"pt-BR\",\"@id\":\"https:\/\/www.notibras.com\/site\/chile-poe-coracao-na-chuteira-bate-argentina-e-e-campeao-nos-penaltis\/#primaryimage\",\"url\":\"https:\/\/www.notibras.com\/site\/wp-content\/uploads\/2015\/07\/06bravodefesamigueltovarlatincontentgettyimages-scaled.jpg\",\"contentUrl\":\"https:\/\/www.notibras.com\/site\/wp-content\/uploads\/2015\/07\/06bravodefesamigueltovarlatincontentgettyimages-scaled.jpg\",\"width\":2560,\"height\":1707},{\"@type\":\"BreadcrumbList\",\"@id\":\"https:\/\/www.notibras.com\/site\/chile-poe-coracao-na-chuteira-bate-argentina-e-e-campeao-nos-penaltis\/#breadcrumb\",\"itemListElement\":[{\"@type\":\"ListItem\",\"position\":1,\"name\":\"In\u00edcio\",\"item\":\"https:\/\/www.notibras.com\/site\/\"},{\"@type\":\"ListItem\",\"position\":2,\"name\":\"Chile p\u00f5e cora\u00e7\u00e3o na chuteira, bate Argentina nos p\u00eanaltis e \u00e9 campe\u00e3o\"}]},{\"@type\":\"WebSite\",\"@id\":\"https:\/\/www.notibras.com\/site\/#website\",\"url\":\"https:\/\/www.notibras.com\/site\/\",\"name\":\"Notibras\",\"description\":\"Not\u00edcias de Bras\u00edlia, do Brasil e do Mundo\",\"publisher\":{\"@id\":\"https:\/\/www.notibras.com\/site\/#organization\"},\"potentialAction\":[{\"@type\":\"SearchAction\",\"target\":{\"@type\":\"EntryPoint\",\"urlTemplate\":\"https:\/\/www.notibras.com\/site\/?s={search_term_string}\"},\"query-input\":{\"@type\":\"PropertyValueSpecification\",\"valueRequired\":true,\"valueName\":\"search_term_string\"}}],\"inLanguage\":\"pt-BR\"},{\"@type\":\"Organization\",\"@id\":\"https:\/\/www.notibras.com\/site\/#organization\",\"name\":\"Grupo Notibras de Comunica\u00e7\u00e3o\",\"url\":\"https:\/\/www.notibras.com\/site\/\",\"logo\":{\"@type\":\"ImageObject\",\"inLanguage\":\"pt-BR\",\"@id\":\"https:\/\/www.notibras.com\/site\/#\/schema\/logo\/image\/\",\"url\":\"https:\/\/www.notibras.com\/site\/wp-content\/uploads\/2023\/01\/notibras23.png\",\"contentUrl\":\"https:\/\/www.notibras.com\/site\/wp-content\/uploads\/2023\/01\/notibras23.png\",\"width\":350,\"height\":87,\"caption\":\"Grupo Notibras de Comunica\u00e7\u00e3o\"},\"image\":{\"@id\":\"https:\/\/www.notibras.com\/site\/#\/schema\/logo\/image\/\"},\"sameAs\":[\"https:\/\/www.facebook.com\/notibras\/\",\"https:\/\/x.com\/Notibras\",\"https:\/\/www.instagram.com\/notibras\/\"]},{\"@type\":\"Person\",\"@id\":\"https:\/\/www.notibras.com\/site\/#\/schema\/person\/36ab0979449956132d3e5b517ea76ac8\",\"name\":\"Reda\u00e7\u00e3o\",\"image\":{\"@type\":\"ImageObject\",\"inLanguage\":\"pt-BR\",\"@id\":\"https:\/\/secure.gravatar.com\/avatar\/e0a867bdedb85fd243eadf09663511f96fc81e0720a4a42581f334ad4303aa6b?s=96&d=mm&r=g\",\"url\":\"https:\/\/secure.gravatar.com\/avatar\/e0a867bdedb85fd243eadf09663511f96fc81e0720a4a42581f334ad4303aa6b?s=96&d=mm&r=g\",\"contentUrl\":\"https:\/\/secure.gravatar.com\/avatar\/e0a867bdedb85fd243eadf09663511f96fc81e0720a4a42581f334ad4303aa6b?s=96&d=mm&r=g\",\"caption\":\"Reda\u00e7\u00e3o\"}}]}<\/script>\n<!-- \/ Yoast SEO plugin. -->","yoast_head_json":{"title":"Chile p\u00f5e cora\u00e7\u00e3o na chuteira, bate Argentina nos p\u00eanaltis e \u00e9 campe\u00e3o - Notibras","robots":{"index":"index","follow":"follow","max-snippet":"max-snippet:-1","max-image-preview":"max-image-preview:large","max-video-preview":"max-video-preview:-1"},"canonical":"https:\/\/www.notibras.com\/site\/chile-poe-coracao-na-chuteira-bate-argentina-e-e-campeao-nos-penaltis\/","og_locale":"pt_BR","og_type":"article","og_title":"Chile p\u00f5e cora\u00e7\u00e3o na chuteira, bate Argentina nos p\u00eanaltis e \u00e9 campe\u00e3o - Notibras","og_description":"As sele\u00e7\u00f5es do Chile e Argentina fizeram um jogo disputado, os jogadores colocaram o cora\u00e7\u00e3o na chuteira nos 120 minutos de bola rolando (tempo regulamentar e prorroga\u00e7\u00e3o). As duas equipes tiveram chances de gol, mas nos dois apitos finais do \u00e1rbitro, o resultado continuava 0 a 0, e a decis\u00e3o da Copa Am\u00e9rica s\u00f3 saiu [&hellip;]","og_url":"https:\/\/www.notibras.com\/site\/chile-poe-coracao-na-chuteira-bate-argentina-e-e-campeao-nos-penaltis\/","og_site_name":"Notibras","article_publisher":"https:\/\/www.facebook.com\/notibras\/","article_published_time":"2015-07-04T22:53:16+00:00","article_modified_time":"2015-07-05T01:50:06+00:00","og_image":[{"width":2560,"height":1707,"url":"https:\/\/www.notibras.com\/site\/wp-content\/uploads\/2015\/07\/06bravodefesamigueltovarlatincontentgettyimages-scaled.jpg","type":"image\/jpeg"}],"author":"Reda\u00e7\u00e3o","twitter_card":"summary_large_image","twitter_creator":"@Notibras","twitter_site":"@Notibras","twitter_misc":{"Escrito por":"Reda\u00e7\u00e3o","Est. tempo de leitura":"2 minutos"},"schema":{"@context":"https:\/\/schema.org","@graph":[{"@type":"Article","@id":"https:\/\/www.notibras.com\/site\/chile-poe-coracao-na-chuteira-bate-argentina-e-e-campeao-nos-penaltis\/#article","isPartOf":{"@id":"https:\/\/www.notibras.com\/site\/chile-poe-coracao-na-chuteira-bate-argentina-e-e-campeao-nos-penaltis\/"},"author":{"name":"Reda\u00e7\u00e3o","@id":"https:\/\/www.notibras.com\/site\/#\/schema\/person\/36ab0979449956132d3e5b517ea76ac8"},"headline":"Chile p\u00f5e cora\u00e7\u00e3o na chuteira, bate Argentina nos p\u00eanaltis e \u00e9 campe\u00e3o","datePublished":"2015-07-04T22:53:16+00:00","dateModified":"2015-07-05T01:50:06+00:00","mainEntityOfPage":{"@id":"https:\/\/www.notibras.com\/site\/chile-poe-coracao-na-chuteira-bate-argentina-e-e-campeao-nos-penaltis\/"},"wordCount":423,"commentCount":0,"publisher":{"@id":"https:\/\/www.notibras.com\/site\/#organization"},"image":{"@id":"https:\/\/www.notibras.com\/site\/chile-poe-coracao-na-chuteira-bate-argentina-e-e-campeao-nos-penaltis\/#primaryimage"},"thumbnailUrl":"https:\/\/www.notibras.com\/site\/wp-content\/uploads\/2015\/07\/06bravodefesamigueltovarlatincontentgettyimages-scaled.jpg","articleSection":["Esportes","Futebol"],"inLanguage":"pt-BR","potentialAction":[{"@type":"CommentAction","name":"Comment","target":["https:\/\/www.notibras.com\/site\/chile-poe-coracao-na-chuteira-bate-argentina-e-e-campeao-nos-penaltis\/#respond"]}]},{"@type":"WebPage","@id":"https:\/\/www.notibras.com\/site\/chile-poe-coracao-na-chuteira-bate-argentina-e-e-campeao-nos-penaltis\/","url":"https:\/\/www.notibras.com\/site\/chile-poe-coracao-na-chuteira-bate-argentina-e-e-campeao-nos-penaltis\/","name":"Chile p\u00f5e cora\u00e7\u00e3o na chuteira, bate Argentina nos p\u00eanaltis e \u00e9 campe\u00e3o - Notibras","isPartOf":{"@id":"https:\/\/www.notibras.com\/site\/#website"},"primaryImageOfPage":{"@id":"https:\/\/www.notibras.com\/site\/chile-poe-coracao-na-chuteira-bate-argentina-e-e-campeao-nos-penaltis\/#primaryimage"},"image":{"@id":"https:\/\/www.notibras.com\/site\/chile-poe-coracao-na-chuteira-bate-argentina-e-e-campeao-nos-penaltis\/#primaryimage"},"thumbnailUrl":"https:\/\/www.notibras.com\/site\/wp-content\/uploads\/2015\/07\/06bravodefesamigueltovarlatincontentgettyimages-scaled.jpg","datePublished":"2015-07-04T22:53:16+00:00","dateModified":"2015-07-05T01:50:06+00:00","breadcrumb":{"@id":"https:\/\/www.notibras.com\/site\/chile-poe-coracao-na-chuteira-bate-argentina-e-e-campeao-nos-penaltis\/#breadcrumb"},"inLanguage":"pt-BR","potentialAction":[{"@type":"ReadAction","target":["https:\/\/www.notibras.com\/site\/chile-poe-coracao-na-chuteira-bate-argentina-e-e-campeao-nos-penaltis\/"]}]},{"@type":"ImageObject","inLanguage":"pt-BR","@id":"https:\/\/www.notibras.com\/site\/chile-poe-coracao-na-chuteira-bate-argentina-e-e-campeao-nos-penaltis\/#primaryimage","url":"https:\/\/www.notibras.com\/site\/wp-content\/uploads\/2015\/07\/06bravodefesamigueltovarlatincontentgettyimages-scaled.jpg","contentUrl":"https:\/\/www.notibras.com\/site\/wp-content\/uploads\/2015\/07\/06bravodefesamigueltovarlatincontentgettyimages-scaled.jpg","width":2560,"height":1707},{"@type":"BreadcrumbList","@id":"https:\/\/www.notibras.com\/site\/chile-poe-coracao-na-chuteira-bate-argentina-e-e-campeao-nos-penaltis\/#breadcrumb","itemListElement":[{"@type":"ListItem","position":1,"name":"In\u00edcio","item":"https:\/\/www.notibras.com\/site\/"},{"@type":"ListItem","position":2,"name":"Chile p\u00f5e cora\u00e7\u00e3o na chuteira, bate Argentina nos p\u00eanaltis e \u00e9 campe\u00e3o"}]},{"@type":"WebSite","@id":"https:\/\/www.notibras.com\/site\/#website","url":"https:\/\/www.notibras.com\/site\/","name":"Notibras","description":"Not\u00edcias de Bras\u00edlia, do Brasil e do Mundo","publisher":{"@id":"https:\/\/www.notibras.com\/site\/#organization"},"potentialAction":[{"@type":"SearchAction","target":{"@type":"EntryPoint","urlTemplate":"https:\/\/www.notibras.com\/site\/?s={search_term_string}"},"query-input":{"@type":"PropertyValueSpecification","valueRequired":true,"valueName":"search_term_string"}}],"inLanguage":"pt-BR"},{"@type":"Organization","@id":"https:\/\/www.notibras.com\/site\/#organization","name":"Grupo Notibras de Comunica\u00e7\u00e3o","url":"https:\/\/www.notibras.com\/site\/","logo":{"@type":"ImageObject","inLanguage":"pt-BR","@id":"https:\/\/www.notibras.com\/site\/#\/schema\/logo\/image\/","url":"https:\/\/www.notibras.com\/site\/wp-content\/uploads\/2023\/01\/notibras23.png","contentUrl":"https:\/\/www.notibras.com\/site\/wp-content\/uploads\/2023\/01\/notibras23.png","width":350,"height":87,"caption":"Grupo Notibras de Comunica\u00e7\u00e3o"},"image":{"@id":"https:\/\/www.notibras.com\/site\/#\/schema\/logo\/image\/"},"sameAs":["https:\/\/www.facebook.com\/notibras\/","https:\/\/x.com\/Notibras","https:\/\/www.instagram.com\/notibras\/"]},{"@type":"Person","@id":"https:\/\/www.notibras.com\/site\/#\/schema\/person\/36ab0979449956132d3e5b517ea76ac8","name":"Reda\u00e7\u00e3o","image":{"@type":"ImageObject","inLanguage":"pt-BR","@id":"https:\/\/secure.gravatar.com\/avatar\/e0a867bdedb85fd243eadf09663511f96fc81e0720a4a42581f334ad4303aa6b?s=96&d=mm&r=g","url":"https:\/\/secure.gravatar.com\/avatar\/e0a867bdedb85fd243eadf09663511f96fc81e0720a4a42581f334ad4303aa6b?s=96&d=mm&r=g","contentUrl":"https:\/\/secure.gravatar.com\/avatar\/e0a867bdedb85fd243eadf09663511f96fc81e0720a4a42581f334ad4303aa6b?s=96&d=mm&r=g","caption":"Reda\u00e7\u00e3o"}}]}},"amp_enabled":true,"_links":{"self":[{"href":"https:\/\/www.notibras.com\/site\/wp-json\/wp\/v2\/posts\/56246","targetHints":{"allow":["GET"]}}],"collection":[{"href":"https:\/\/www.notibras.com\/site\/wp-json\/wp\/v2\/posts"}],"about":[{"href":"https:\/\/www.notibras.com\/site\/wp-json\/wp\/v2\/types\/post"}],"author":[{"embeddable":true,"href":"https:\/\/www.notibras.com\/site\/wp-json\/wp\/v2\/users\/2"}],"replies":[{"embeddable":true,"href":"https:\/\/www.notibras.com\/site\/wp-json\/wp\/v2\/comments?post=56246"}],"version-history":[{"count":0,"href":"https:\/\/www.notibras.com\/site\/wp-json\/wp\/v2\/posts\/56246\/revisions"}],"wp:featuredmedia":[{"embeddable":true,"href":"https:\/\/www.notibras.com\/site\/wp-json\/wp\/v2\/media\/56247"}],"wp:attachment":[{"href":"https:\/\/www.notibras.com\/site\/wp-json\/wp\/v2\/media?parent=56246"}],"wp:term":[{"taxonomy":"category","embeddable":true,"href":"https:\/\/www.notibras.com\/site\/wp-json\/wp\/v2\/categories?post=56246"},{"taxonomy":"post_tag","embeddable":true,"href":"https:\/\/www.notibras.com\/site\/wp-json\/wp\/v2\/tags?post=56246"}],"curies":[{"name":"wp","href":"https:\/\/api.w.org\/{rel}","templated":true}]}}