{"id":56343,"date":"2015-07-05T18:49:35","date_gmt":"2015-07-05T21:49:35","guid":{"rendered":"http:\/\/www.notibras.com\/site\/?p=56343"},"modified":"2015-07-05T18:49:35","modified_gmt":"2015-07-05T21:49:35","slug":"gremio-embala-faz-3-a-1-no-santos-e-e-o-novo-lider-do-brasileirao","status":"publish","type":"post","link":"https:\/\/www.notibras.com\/site\/gremio-embala-faz-3-a-1-no-santos-e-e-o-novo-lider-do-brasileirao\/","title":{"rendered":"Gr\u00eamio embala, faz 3 a 1 no Santos e \u00e9 o novo l\u00edder do Brasileir\u00e3o"},"content":{"rendered":"<p>Foi um domingo para o Santos esquecer. O Alvinegro Praiano perdeu a terceira partida consecutiva no Brasileir\u00e3o, deixou por terra invencibilidade de 17 jogos na Vila Belmiro na temporada e ainda entrou na zona de rebaixamento. Em momento oposto, o Gr\u00eamio chegou \u00e0 quinta vit\u00f3ria seguida e virou l\u00edder provis\u00f3rio do Brasileir\u00e3o.<\/p>\n<p>O tricolor ga\u00facho apresentou bom futebol, dominou a maior parte do jogo e fez 3 a 1 com gols de Pedro Rocha, Galhardo e Yuri Mamute. J\u00e1 o Santos, que jogou mais da metade da partida com um jogador a menos, porque Geuv\u00e2nio foi expulso ainda no primeiro tempo, descontou com o artilheiro do campeonato: Ricardo Oliveira.<\/p>\n<p>Basta o Atl\u00e9tico-MG n\u00e3o vencer o Inter, ainda nesse domingo, \u00e0s 18h30, que o Gr\u00eamio termina a 11\u00aa rodada na ponta da tabela devido aos crit\u00e9rio de desempate \u2013 tem uma vit\u00f3ria a mais que o vice-l\u00edder Sport. J\u00e1 o Santos desce para a 17\u00aa posi\u00e7\u00e3o e \u00e9 o primeiro na zona da degola.<\/p>\n<blockquote><p>De um lado, um time invicto em casa na temporada. Do outro, uma equipe embalada por quatro vit\u00f3rias seguidas no Brasileir\u00e3o. Atmosfera de um bom jogo que se confirmou na Vila Belmiro. E o Gr\u00eamio disse a que veio aos 3 minutos, com gol de Pedro Rocha ao fim de \u00f3tima trama coletiva.<\/p><\/blockquote>\n<p>O Santos at\u00e9 ensaiou uma rea\u00e7\u00e3o, mas Geuv\u00e2nio foi expulso com 28 minutos e diminuiu as chances do Peixe. A partir da\u00ed, foi press\u00e3o do Gr\u00eamio, que ainda poderia ter aumentado com Giuliano, Douglas e Marcelo Oliveira.<\/p>\n<p>O Gr\u00eamio voltou dos vesti\u00e1rios da mesma forma: dominando o Santos. E chegou ao segundo gol mais uma vez aos 3 minutos, novamente em linha de passe que terminou com bomba de Galhardo no canto de Vanderlei.<\/p>\n<blockquote><p>Mas o time da Vila Belmiro n\u00e3o se entregou e diminuiu o placar com Ricardo Oliveira, com bela assist\u00eancia de Lucas Limas. O Santos at\u00e9 amea\u00e7ou buscar o empate, chegou mais uma vez com perigo, mas Yuri Mamute fechou a conta para o Gr\u00eamio e colocou o Peixe na zona do rebaixamento.<\/p><\/blockquote>\n","protected":false},"excerpt":{"rendered":"<p>Foi um domingo para o Santos esquecer. O Alvinegro Praiano perdeu a terceira partida consecutiva no Brasileir\u00e3o, deixou por terra invencibilidade de 17 jogos na Vila Belmiro na temporada e ainda entrou na zona de rebaixamento. Em momento oposto, o Gr\u00eamio chegou \u00e0 quinta vit\u00f3ria seguida e virou l\u00edder provis\u00f3rio do Brasileir\u00e3o. O tricolor ga\u00facho [&hellip;]<\/p>\n","protected":false},"author":2,"featured_media":56344,"comment_status":"open","ping_status":"closed","sticky":false,"template":"","format":"standard","meta":{"_acf_changed":false,"footnotes":""},"categories":[19,29],"tags":[],"class_list":["post-56343","post","type-post","status-publish","format-standard","has-post-thumbnail","hentry","category-esportes","category-futebol"],"acf":[],"yoast_head":"<!-- This site is optimized with the Yoast SEO plugin v27.2 - https:\/\/yoast.com\/product\/yoast-seo-wordpress\/ -->\n<title>Gr\u00eamio embala, faz 3 a 1 no Santos e \u00e9 o novo l\u00edder do Brasileir\u00e3o - Notibras<\/title>\n<meta name=\"robots\" content=\"index, follow, max-snippet:-1, max-image-preview:large, max-video-preview:-1\" \/>\n<link rel=\"canonical\" href=\"https:\/\/www.notibras.com\/site\/gremio-embala-faz-3-a-1-no-santos-e-e-o-novo-lider-do-brasileirao\/\" \/>\n<meta property=\"og:locale\" content=\"pt_BR\" \/>\n<meta property=\"og:type\" content=\"article\" \/>\n<meta property=\"og:title\" content=\"Gr\u00eamio embala, faz 3 a 1 no Santos e \u00e9 o novo l\u00edder do Brasileir\u00e3o - Notibras\" \/>\n<meta property=\"og:description\" content=\"Foi um domingo para o Santos esquecer. O Alvinegro Praiano perdeu a terceira partida consecutiva no Brasileir\u00e3o, deixou por terra invencibilidade de 17 jogos na Vila Belmiro na temporada e ainda entrou na zona de rebaixamento. Em momento oposto, o Gr\u00eamio chegou \u00e0 quinta vit\u00f3ria seguida e virou l\u00edder provis\u00f3rio do Brasileir\u00e3o. O tricolor ga\u00facho [&hellip;]\" \/>\n<meta property=\"og:url\" content=\"https:\/\/www.notibras.com\/site\/gremio-embala-faz-3-a-1-no-santos-e-e-o-novo-lider-do-brasileirao\/\" \/>\n<meta property=\"og:site_name\" content=\"Notibras\" \/>\n<meta property=\"article:publisher\" content=\"https:\/\/www.facebook.com\/notibras\/\" \/>\n<meta property=\"article:published_time\" content=\"2015-07-05T21:49:35+00:00\" \/>\n<meta property=\"og:image\" content=\"https:\/\/www.notibras.com\/site\/wp-content\/uploads\/2015\/07\/gresan.jpg\" \/>\n\t<meta property=\"og:image:width\" content=\"940\" \/>\n\t<meta property=\"og:image:height\" content=\"627\" \/>\n\t<meta property=\"og:image:type\" content=\"image\/jpeg\" \/>\n<meta name=\"author\" content=\"Reda\u00e7\u00e3o\" \/>\n<meta name=\"twitter:card\" content=\"summary_large_image\" \/>\n<meta name=\"twitter:creator\" content=\"@Notibras\" \/>\n<meta name=\"twitter:site\" content=\"@Notibras\" \/>\n<meta name=\"twitter:label1\" content=\"Escrito por\" \/>\n\t<meta name=\"twitter:data1\" content=\"Reda\u00e7\u00e3o\" \/>\n\t<meta name=\"twitter:label2\" content=\"Est. tempo de leitura\" \/>\n\t<meta name=\"twitter:data2\" content=\"2 minutos\" \/>\n<script type=\"application\/ld+json\" class=\"yoast-schema-graph\">{\"@context\":\"https:\/\/schema.org\",\"@graph\":[{\"@type\":\"Article\",\"@id\":\"https:\/\/www.notibras.com\/site\/gremio-embala-faz-3-a-1-no-santos-e-e-o-novo-lider-do-brasileirao\/#article\",\"isPartOf\":{\"@id\":\"https:\/\/www.notibras.com\/site\/gremio-embala-faz-3-a-1-no-santos-e-e-o-novo-lider-do-brasileirao\/\"},\"author\":{\"name\":\"Reda\u00e7\u00e3o\",\"@id\":\"https:\/\/www.notibras.com\/site\/#\/schema\/person\/36ab0979449956132d3e5b517ea76ac8\"},\"headline\":\"Gr\u00eamio embala, faz 3 a 1 no Santos e \u00e9 o novo l\u00edder do Brasileir\u00e3o\",\"datePublished\":\"2015-07-05T21:49:35+00:00\",\"mainEntityOfPage\":{\"@id\":\"https:\/\/www.notibras.com\/site\/gremio-embala-faz-3-a-1-no-santos-e-e-o-novo-lider-do-brasileirao\/\"},\"wordCount\":374,\"commentCount\":0,\"publisher\":{\"@id\":\"https:\/\/www.notibras.com\/site\/#organization\"},\"image\":{\"@id\":\"https:\/\/www.notibras.com\/site\/gremio-embala-faz-3-a-1-no-santos-e-e-o-novo-lider-do-brasileirao\/#primaryimage\"},\"thumbnailUrl\":\"https:\/\/www.notibras.com\/site\/wp-content\/uploads\/2015\/07\/gresan.jpg\",\"articleSection\":[\"Esportes\",\"Futebol\"],\"inLanguage\":\"pt-BR\",\"potentialAction\":[{\"@type\":\"CommentAction\",\"name\":\"Comment\",\"target\":[\"https:\/\/www.notibras.com\/site\/gremio-embala-faz-3-a-1-no-santos-e-e-o-novo-lider-do-brasileirao\/#respond\"]}]},{\"@type\":\"WebPage\",\"@id\":\"https:\/\/www.notibras.com\/site\/gremio-embala-faz-3-a-1-no-santos-e-e-o-novo-lider-do-brasileirao\/\",\"url\":\"https:\/\/www.notibras.com\/site\/gremio-embala-faz-3-a-1-no-santos-e-e-o-novo-lider-do-brasileirao\/\",\"name\":\"Gr\u00eamio embala, faz 3 a 1 no Santos e \u00e9 o novo l\u00edder do Brasileir\u00e3o - Notibras\",\"isPartOf\":{\"@id\":\"https:\/\/www.notibras.com\/site\/#website\"},\"primaryImageOfPage\":{\"@id\":\"https:\/\/www.notibras.com\/site\/gremio-embala-faz-3-a-1-no-santos-e-e-o-novo-lider-do-brasileirao\/#primaryimage\"},\"image\":{\"@id\":\"https:\/\/www.notibras.com\/site\/gremio-embala-faz-3-a-1-no-santos-e-e-o-novo-lider-do-brasileirao\/#primaryimage\"},\"thumbnailUrl\":\"https:\/\/www.notibras.com\/site\/wp-content\/uploads\/2015\/07\/gresan.jpg\",\"datePublished\":\"2015-07-05T21:49:35+00:00\",\"breadcrumb\":{\"@id\":\"https:\/\/www.notibras.com\/site\/gremio-embala-faz-3-a-1-no-santos-e-e-o-novo-lider-do-brasileirao\/#breadcrumb\"},\"inLanguage\":\"pt-BR\",\"potentialAction\":[{\"@type\":\"ReadAction\",\"target\":[\"https:\/\/www.notibras.com\/site\/gremio-embala-faz-3-a-1-no-santos-e-e-o-novo-lider-do-brasileirao\/\"]}]},{\"@type\":\"ImageObject\",\"inLanguage\":\"pt-BR\",\"@id\":\"https:\/\/www.notibras.com\/site\/gremio-embala-faz-3-a-1-no-santos-e-e-o-novo-lider-do-brasileirao\/#primaryimage\",\"url\":\"https:\/\/www.notibras.com\/site\/wp-content\/uploads\/2015\/07\/gresan.jpg\",\"contentUrl\":\"https:\/\/www.notibras.com\/site\/wp-content\/uploads\/2015\/07\/gresan.jpg\",\"width\":940,\"height\":627},{\"@type\":\"BreadcrumbList\",\"@id\":\"https:\/\/www.notibras.com\/site\/gremio-embala-faz-3-a-1-no-santos-e-e-o-novo-lider-do-brasileirao\/#breadcrumb\",\"itemListElement\":[{\"@type\":\"ListItem\",\"position\":1,\"name\":\"In\u00edcio\",\"item\":\"https:\/\/www.notibras.com\/site\/\"},{\"@type\":\"ListItem\",\"position\":2,\"name\":\"Gr\u00eamio embala, faz 3 a 1 no Santos e \u00e9 o novo l\u00edder do Brasileir\u00e3o\"}]},{\"@type\":\"WebSite\",\"@id\":\"https:\/\/www.notibras.com\/site\/#website\",\"url\":\"https:\/\/www.notibras.com\/site\/\",\"name\":\"Notibras\",\"description\":\"Not\u00edcias de Bras\u00edlia, do Brasil e do Mundo\",\"publisher\":{\"@id\":\"https:\/\/www.notibras.com\/site\/#organization\"},\"potentialAction\":[{\"@type\":\"SearchAction\",\"target\":{\"@type\":\"EntryPoint\",\"urlTemplate\":\"https:\/\/www.notibras.com\/site\/?s={search_term_string}\"},\"query-input\":{\"@type\":\"PropertyValueSpecification\",\"valueRequired\":true,\"valueName\":\"search_term_string\"}}],\"inLanguage\":\"pt-BR\"},{\"@type\":\"Organization\",\"@id\":\"https:\/\/www.notibras.com\/site\/#organization\",\"name\":\"Grupo Notibras de Comunica\u00e7\u00e3o\",\"url\":\"https:\/\/www.notibras.com\/site\/\",\"logo\":{\"@type\":\"ImageObject\",\"inLanguage\":\"pt-BR\",\"@id\":\"https:\/\/www.notibras.com\/site\/#\/schema\/logo\/image\/\",\"url\":\"https:\/\/www.notibras.com\/site\/wp-content\/uploads\/2023\/01\/notibras23.png\",\"contentUrl\":\"https:\/\/www.notibras.com\/site\/wp-content\/uploads\/2023\/01\/notibras23.png\",\"width\":350,\"height\":87,\"caption\":\"Grupo Notibras de Comunica\u00e7\u00e3o\"},\"image\":{\"@id\":\"https:\/\/www.notibras.com\/site\/#\/schema\/logo\/image\/\"},\"sameAs\":[\"https:\/\/www.facebook.com\/notibras\/\",\"https:\/\/x.com\/Notibras\",\"https:\/\/www.instagram.com\/notibras\/\"]},{\"@type\":\"Person\",\"@id\":\"https:\/\/www.notibras.com\/site\/#\/schema\/person\/36ab0979449956132d3e5b517ea76ac8\",\"name\":\"Reda\u00e7\u00e3o\",\"image\":{\"@type\":\"ImageObject\",\"inLanguage\":\"pt-BR\",\"@id\":\"https:\/\/secure.gravatar.com\/avatar\/e0a867bdedb85fd243eadf09663511f96fc81e0720a4a42581f334ad4303aa6b?s=96&d=mm&r=g\",\"url\":\"https:\/\/secure.gravatar.com\/avatar\/e0a867bdedb85fd243eadf09663511f96fc81e0720a4a42581f334ad4303aa6b?s=96&d=mm&r=g\",\"contentUrl\":\"https:\/\/secure.gravatar.com\/avatar\/e0a867bdedb85fd243eadf09663511f96fc81e0720a4a42581f334ad4303aa6b?s=96&d=mm&r=g\",\"caption\":\"Reda\u00e7\u00e3o\"}}]}<\/script>\n<!-- \/ Yoast SEO plugin. -->","yoast_head_json":{"title":"Gr\u00eamio embala, faz 3 a 1 no Santos e \u00e9 o novo l\u00edder do Brasileir\u00e3o - Notibras","robots":{"index":"index","follow":"follow","max-snippet":"max-snippet:-1","max-image-preview":"max-image-preview:large","max-video-preview":"max-video-preview:-1"},"canonical":"https:\/\/www.notibras.com\/site\/gremio-embala-faz-3-a-1-no-santos-e-e-o-novo-lider-do-brasileirao\/","og_locale":"pt_BR","og_type":"article","og_title":"Gr\u00eamio embala, faz 3 a 1 no Santos e \u00e9 o novo l\u00edder do Brasileir\u00e3o - Notibras","og_description":"Foi um domingo para o Santos esquecer. O Alvinegro Praiano perdeu a terceira partida consecutiva no Brasileir\u00e3o, deixou por terra invencibilidade de 17 jogos na Vila Belmiro na temporada e ainda entrou na zona de rebaixamento. Em momento oposto, o Gr\u00eamio chegou \u00e0 quinta vit\u00f3ria seguida e virou l\u00edder provis\u00f3rio do Brasileir\u00e3o. O tricolor ga\u00facho [&hellip;]","og_url":"https:\/\/www.notibras.com\/site\/gremio-embala-faz-3-a-1-no-santos-e-e-o-novo-lider-do-brasileirao\/","og_site_name":"Notibras","article_publisher":"https:\/\/www.facebook.com\/notibras\/","article_published_time":"2015-07-05T21:49:35+00:00","og_image":[{"width":940,"height":627,"url":"https:\/\/www.notibras.com\/site\/wp-content\/uploads\/2015\/07\/gresan.jpg","type":"image\/jpeg"}],"author":"Reda\u00e7\u00e3o","twitter_card":"summary_large_image","twitter_creator":"@Notibras","twitter_site":"@Notibras","twitter_misc":{"Escrito por":"Reda\u00e7\u00e3o","Est. tempo de leitura":"2 minutos"},"schema":{"@context":"https:\/\/schema.org","@graph":[{"@type":"Article","@id":"https:\/\/www.notibras.com\/site\/gremio-embala-faz-3-a-1-no-santos-e-e-o-novo-lider-do-brasileirao\/#article","isPartOf":{"@id":"https:\/\/www.notibras.com\/site\/gremio-embala-faz-3-a-1-no-santos-e-e-o-novo-lider-do-brasileirao\/"},"author":{"name":"Reda\u00e7\u00e3o","@id":"https:\/\/www.notibras.com\/site\/#\/schema\/person\/36ab0979449956132d3e5b517ea76ac8"},"headline":"Gr\u00eamio embala, faz 3 a 1 no Santos e \u00e9 o novo l\u00edder do Brasileir\u00e3o","datePublished":"2015-07-05T21:49:35+00:00","mainEntityOfPage":{"@id":"https:\/\/www.notibras.com\/site\/gremio-embala-faz-3-a-1-no-santos-e-e-o-novo-lider-do-brasileirao\/"},"wordCount":374,"commentCount":0,"publisher":{"@id":"https:\/\/www.notibras.com\/site\/#organization"},"image":{"@id":"https:\/\/www.notibras.com\/site\/gremio-embala-faz-3-a-1-no-santos-e-e-o-novo-lider-do-brasileirao\/#primaryimage"},"thumbnailUrl":"https:\/\/www.notibras.com\/site\/wp-content\/uploads\/2015\/07\/gresan.jpg","articleSection":["Esportes","Futebol"],"inLanguage":"pt-BR","potentialAction":[{"@type":"CommentAction","name":"Comment","target":["https:\/\/www.notibras.com\/site\/gremio-embala-faz-3-a-1-no-santos-e-e-o-novo-lider-do-brasileirao\/#respond"]}]},{"@type":"WebPage","@id":"https:\/\/www.notibras.com\/site\/gremio-embala-faz-3-a-1-no-santos-e-e-o-novo-lider-do-brasileirao\/","url":"https:\/\/www.notibras.com\/site\/gremio-embala-faz-3-a-1-no-santos-e-e-o-novo-lider-do-brasileirao\/","name":"Gr\u00eamio embala, faz 3 a 1 no Santos e \u00e9 o novo l\u00edder do Brasileir\u00e3o - Notibras","isPartOf":{"@id":"https:\/\/www.notibras.com\/site\/#website"},"primaryImageOfPage":{"@id":"https:\/\/www.notibras.com\/site\/gremio-embala-faz-3-a-1-no-santos-e-e-o-novo-lider-do-brasileirao\/#primaryimage"},"image":{"@id":"https:\/\/www.notibras.com\/site\/gremio-embala-faz-3-a-1-no-santos-e-e-o-novo-lider-do-brasileirao\/#primaryimage"},"thumbnailUrl":"https:\/\/www.notibras.com\/site\/wp-content\/uploads\/2015\/07\/gresan.jpg","datePublished":"2015-07-05T21:49:35+00:00","breadcrumb":{"@id":"https:\/\/www.notibras.com\/site\/gremio-embala-faz-3-a-1-no-santos-e-e-o-novo-lider-do-brasileirao\/#breadcrumb"},"inLanguage":"pt-BR","potentialAction":[{"@type":"ReadAction","target":["https:\/\/www.notibras.com\/site\/gremio-embala-faz-3-a-1-no-santos-e-e-o-novo-lider-do-brasileirao\/"]}]},{"@type":"ImageObject","inLanguage":"pt-BR","@id":"https:\/\/www.notibras.com\/site\/gremio-embala-faz-3-a-1-no-santos-e-e-o-novo-lider-do-brasileirao\/#primaryimage","url":"https:\/\/www.notibras.com\/site\/wp-content\/uploads\/2015\/07\/gresan.jpg","contentUrl":"https:\/\/www.notibras.com\/site\/wp-content\/uploads\/2015\/07\/gresan.jpg","width":940,"height":627},{"@type":"BreadcrumbList","@id":"https:\/\/www.notibras.com\/site\/gremio-embala-faz-3-a-1-no-santos-e-e-o-novo-lider-do-brasileirao\/#breadcrumb","itemListElement":[{"@type":"ListItem","position":1,"name":"In\u00edcio","item":"https:\/\/www.notibras.com\/site\/"},{"@type":"ListItem","position":2,"name":"Gr\u00eamio embala, faz 3 a 1 no Santos e \u00e9 o novo l\u00edder do Brasileir\u00e3o"}]},{"@type":"WebSite","@id":"https:\/\/www.notibras.com\/site\/#website","url":"https:\/\/www.notibras.com\/site\/","name":"Notibras","description":"Not\u00edcias de Bras\u00edlia, do Brasil e do Mundo","publisher":{"@id":"https:\/\/www.notibras.com\/site\/#organization"},"potentialAction":[{"@type":"SearchAction","target":{"@type":"EntryPoint","urlTemplate":"https:\/\/www.notibras.com\/site\/?s={search_term_string}"},"query-input":{"@type":"PropertyValueSpecification","valueRequired":true,"valueName":"search_term_string"}}],"inLanguage":"pt-BR"},{"@type":"Organization","@id":"https:\/\/www.notibras.com\/site\/#organization","name":"Grupo Notibras de Comunica\u00e7\u00e3o","url":"https:\/\/www.notibras.com\/site\/","logo":{"@type":"ImageObject","inLanguage":"pt-BR","@id":"https:\/\/www.notibras.com\/site\/#\/schema\/logo\/image\/","url":"https:\/\/www.notibras.com\/site\/wp-content\/uploads\/2023\/01\/notibras23.png","contentUrl":"https:\/\/www.notibras.com\/site\/wp-content\/uploads\/2023\/01\/notibras23.png","width":350,"height":87,"caption":"Grupo Notibras de Comunica\u00e7\u00e3o"},"image":{"@id":"https:\/\/www.notibras.com\/site\/#\/schema\/logo\/image\/"},"sameAs":["https:\/\/www.facebook.com\/notibras\/","https:\/\/x.com\/Notibras","https:\/\/www.instagram.com\/notibras\/"]},{"@type":"Person","@id":"https:\/\/www.notibras.com\/site\/#\/schema\/person\/36ab0979449956132d3e5b517ea76ac8","name":"Reda\u00e7\u00e3o","image":{"@type":"ImageObject","inLanguage":"pt-BR","@id":"https:\/\/secure.gravatar.com\/avatar\/e0a867bdedb85fd243eadf09663511f96fc81e0720a4a42581f334ad4303aa6b?s=96&d=mm&r=g","url":"https:\/\/secure.gravatar.com\/avatar\/e0a867bdedb85fd243eadf09663511f96fc81e0720a4a42581f334ad4303aa6b?s=96&d=mm&r=g","contentUrl":"https:\/\/secure.gravatar.com\/avatar\/e0a867bdedb85fd243eadf09663511f96fc81e0720a4a42581f334ad4303aa6b?s=96&d=mm&r=g","caption":"Reda\u00e7\u00e3o"}}]}},"amp_enabled":true,"_links":{"self":[{"href":"https:\/\/www.notibras.com\/site\/wp-json\/wp\/v2\/posts\/56343","targetHints":{"allow":["GET"]}}],"collection":[{"href":"https:\/\/www.notibras.com\/site\/wp-json\/wp\/v2\/posts"}],"about":[{"href":"https:\/\/www.notibras.com\/site\/wp-json\/wp\/v2\/types\/post"}],"author":[{"embeddable":true,"href":"https:\/\/www.notibras.com\/site\/wp-json\/wp\/v2\/users\/2"}],"replies":[{"embeddable":true,"href":"https:\/\/www.notibras.com\/site\/wp-json\/wp\/v2\/comments?post=56343"}],"version-history":[{"count":0,"href":"https:\/\/www.notibras.com\/site\/wp-json\/wp\/v2\/posts\/56343\/revisions"}],"wp:featuredmedia":[{"embeddable":true,"href":"https:\/\/www.notibras.com\/site\/wp-json\/wp\/v2\/media\/56344"}],"wp:attachment":[{"href":"https:\/\/www.notibras.com\/site\/wp-json\/wp\/v2\/media?parent=56343"}],"wp:term":[{"taxonomy":"category","embeddable":true,"href":"https:\/\/www.notibras.com\/site\/wp-json\/wp\/v2\/categories?post=56343"},{"taxonomy":"post_tag","embeddable":true,"href":"https:\/\/www.notibras.com\/site\/wp-json\/wp\/v2\/tags?post=56343"}],"curies":[{"name":"wp","href":"https:\/\/api.w.org\/{rel}","templated":true}]}}