{"id":56643,"date":"2015-07-07T16:50:18","date_gmt":"2015-07-07T19:50:18","guid":{"rendered":"http:\/\/www.notibras.com\/site\/?p=56643"},"modified":"2016-07-30T16:53:54","modified_gmt":"2016-07-30T19:53:54","slug":"grupo-raeliano-escolhe-portugal-como-sede-da-embaixada-dos-ets","status":"publish","type":"post","link":"https:\/\/www.notibras.com\/site\/grupo-raeliano-escolhe-portugal-como-sede-da-embaixada-dos-ets\/","title":{"rendered":"Grupo Raeliano escolhe Portugal como sede da embaixada dos ET&#8217;s"},"content":{"rendered":"<p>O Movimento Raeliano &#8211; grupo que acredita que a vida na Terra foi criada por seres de outro planeta &#8211; apresentou um pedido formal ao governo de Portugal para que seja constru\u00edda uma embaixada para extraterrestres no pa\u00eds. O espa\u00e7o serviria tamb\u00e9m como ponto de pouso para as naves espaciais.<\/p>\n<p>Na \u00e1rea total de 4.000 m2 haveria ainda um amplo gramado, piscina, sala de reuni\u00e3o e alojamento para os visitantes intergal\u00e1ticos descansarem. Or\u00e7ado em US$ 40 milh\u00f5es, o projeto apresentado ao governo foi assinado pelo arquiteto portugu\u00eas Marco Antunes.<\/p>\n<p>O profissional destaca que, apesar de ter dado palpites na obra, os aspectos fundamentais do design teriam sido transmitidos por arquiteto alien\u00edgena em contatos anteriores com membros do grupo.<\/p>\n<blockquote><p>A grande estrutura circular do edif\u00edcio lembra muito as esferas encontradas em lavouras em diversas partes do mundo e que, muitas vezes, costumam ser atribu\u00eddas ao trabalho de ETs.<\/p><\/blockquote>\n<p>&#8220;Sabemos que muitas dessas esferas s\u00e3o falsas, mas algumas s\u00e3o genu\u00ednas&#8221;, diz o arquiteto, que usou ainda o &#8220;estudo pr\u00e9vio&#8221; e a forma proposta por um outro arquiteto do movimento no fim da d\u00e9cada de 1990.\u00a0Ou seja: o projeto n\u00e3o \u00e9 novo, mas andava um pouco parado. Os raelianos queriam mesmo construir a embaixada em Israel, mas diante da negativa do pa\u00eds, resolveram promover o edif\u00edcio e cogitar sua implanta\u00e7\u00e3o efetiva em outros lugares.<\/p>\n<p>Al\u00e9m do complexo especialmente desenhado para as necessidades alien\u00edgenas, a embaixada ainda tem uma lista de outros requisitos, como estar instalada em um pa\u00eds de clima ameno e que respeite a quest\u00e3o dos direitos humanos, ter uma zona de exclus\u00e3o a\u00e9rea, al\u00e9m de ser afastada do monitoramento direto de radares.<\/p>\n<p>Portanto, o bairro do Restelo, zona nobre de Lisboa onde est\u00e3o situadas boa parte das embaixadas no pa\u00eds, j\u00e1 teria de ficar de fora. Al\u00e9m disso, o grupo n\u00e3o abre m\u00e3o de um tra\u00e7o comum a esse tipo de representa\u00e7\u00f5es: a inviolabilidade diplom\u00e1tica.<\/p>\n<p>&#8220;O problema n\u00e3o \u00e9 o dinheiro. Isso o Movimento Raeliano pode arrecadar. O que n\u00f3s gostar\u00edamos \u00e9 o reconhecimento desse espa\u00e7o como uma embaixada, com o direito de extraterritorialidade&#8221;, explica o espanhol David Uzal, coordenador da iniciativa em Portugal e nos pa\u00edses lus\u00f3fonos. &#8220;N\u00f3s poder\u00edamos comprar um terreno grande em algum pa\u00eds, mas n\u00f3s queremos que a embaixada tenha o status reconhecido pelo governo&#8221;, completa Uzal.<\/p>\n<blockquote><p>O grupo ainda n\u00e3o definiu que \u00e1rea de Portugal seria mais indicada, mas o arquiteto Marco Antunes palpita que o Alentejo, devido \u00e0 geografia, seria uma boa op\u00e7\u00e3o. Al\u00e9m dos benef\u00edcios para a salva\u00e7\u00e3o do planeta, os raelianos dizem que a embaixada poderia ajudar a cambaleante economia portuguesa. A constru\u00e7\u00e3o do edif\u00edcio traria investimentos diretos e, de quebra, ainda atrairia raelianos abastados de v\u00e1rias partes do mundo.<\/p><\/blockquote>\n","protected":false},"excerpt":{"rendered":"<p>O Movimento Raeliano &#8211; grupo que acredita que a vida na Terra foi criada por seres de outro planeta &#8211; apresentou um pedido formal ao governo de Portugal para que seja constru\u00edda uma embaixada para extraterrestres no pa\u00eds. O espa\u00e7o serviria tamb\u00e9m como ponto de pouso para as naves espaciais. Na \u00e1rea total de 4.000 [&hellip;]<\/p>\n","protected":false},"author":2,"featured_media":56644,"comment_status":"open","ping_status":"closed","sticky":false,"template":"","format":"standard","meta":{"_acf_changed":false,"footnotes":""},"categories":[71],"tags":[],"class_list":["post-56643","post","type-post","status-publish","format-standard","has-post-thumbnail","hentry","category-curiosidades"],"acf":[],"yoast_head":"<!-- This site is optimized with the Yoast SEO plugin v27.2 - https:\/\/yoast.com\/product\/yoast-seo-wordpress\/ -->\n<title>Grupo Raeliano escolhe Portugal como sede da embaixada dos ET&#039;s - Notibras<\/title>\n<meta name=\"robots\" content=\"index, follow, max-snippet:-1, max-image-preview:large, max-video-preview:-1\" \/>\n<link rel=\"canonical\" href=\"https:\/\/www.notibras.com\/site\/grupo-raeliano-escolhe-portugal-como-sede-da-embaixada-dos-ets\/\" \/>\n<meta property=\"og:locale\" content=\"pt_BR\" \/>\n<meta property=\"og:type\" content=\"article\" \/>\n<meta property=\"og:title\" content=\"Grupo Raeliano escolhe Portugal como sede da embaixada dos ET&#039;s - Notibras\" \/>\n<meta property=\"og:description\" content=\"O Movimento Raeliano &#8211; grupo que acredita que a vida na Terra foi criada por seres de outro planeta &#8211; apresentou um pedido formal ao governo de Portugal para que seja constru\u00edda uma embaixada para extraterrestres no pa\u00eds. O espa\u00e7o serviria tamb\u00e9m como ponto de pouso para as naves espaciais. Na \u00e1rea total de 4.000 [&hellip;]\" \/>\n<meta property=\"og:url\" content=\"https:\/\/www.notibras.com\/site\/grupo-raeliano-escolhe-portugal-como-sede-da-embaixada-dos-ets\/\" \/>\n<meta property=\"og:site_name\" content=\"Notibras\" \/>\n<meta property=\"article:publisher\" content=\"https:\/\/www.facebook.com\/notibras\/\" \/>\n<meta property=\"article:published_time\" content=\"2015-07-07T19:50:18+00:00\" \/>\n<meta property=\"article:modified_time\" content=\"2016-07-30T19:53:54+00:00\" \/>\n<meta property=\"og:image\" content=\"https:\/\/www.notibras.com\/site\/wp-content\/uploads\/2015\/07\/15186302.jpeg\" \/>\n\t<meta property=\"og:image:width\" content=\"635\" \/>\n\t<meta property=\"og:image:height\" content=\"357\" \/>\n\t<meta property=\"og:image:type\" content=\"image\/jpeg\" \/>\n<meta name=\"author\" content=\"Reda\u00e7\u00e3o\" \/>\n<meta name=\"twitter:card\" content=\"summary_large_image\" \/>\n<meta name=\"twitter:creator\" content=\"@Notibras\" \/>\n<meta name=\"twitter:site\" content=\"@Notibras\" \/>\n<meta name=\"twitter:label1\" content=\"Escrito por\" \/>\n\t<meta name=\"twitter:data1\" content=\"Reda\u00e7\u00e3o\" \/>\n\t<meta name=\"twitter:label2\" content=\"Est. tempo de leitura\" \/>\n\t<meta name=\"twitter:data2\" content=\"2 minutos\" \/>\n<script type=\"application\/ld+json\" class=\"yoast-schema-graph\">{\"@context\":\"https:\/\/schema.org\",\"@graph\":[{\"@type\":\"Article\",\"@id\":\"https:\/\/www.notibras.com\/site\/grupo-raeliano-escolhe-portugal-como-sede-da-embaixada-dos-ets\/#article\",\"isPartOf\":{\"@id\":\"https:\/\/www.notibras.com\/site\/grupo-raeliano-escolhe-portugal-como-sede-da-embaixada-dos-ets\/\"},\"author\":{\"name\":\"Reda\u00e7\u00e3o\",\"@id\":\"https:\/\/www.notibras.com\/site\/#\/schema\/person\/36ab0979449956132d3e5b517ea76ac8\"},\"headline\":\"Grupo Raeliano escolhe Portugal como sede da embaixada dos ET&#8217;s\",\"datePublished\":\"2015-07-07T19:50:18+00:00\",\"dateModified\":\"2016-07-30T19:53:54+00:00\",\"mainEntityOfPage\":{\"@id\":\"https:\/\/www.notibras.com\/site\/grupo-raeliano-escolhe-portugal-como-sede-da-embaixada-dos-ets\/\"},\"wordCount\":505,\"commentCount\":0,\"publisher\":{\"@id\":\"https:\/\/www.notibras.com\/site\/#organization\"},\"image\":{\"@id\":\"https:\/\/www.notibras.com\/site\/grupo-raeliano-escolhe-portugal-como-sede-da-embaixada-dos-ets\/#primaryimage\"},\"thumbnailUrl\":\"https:\/\/www.notibras.com\/site\/wp-content\/uploads\/2015\/07\/15186302.jpeg\",\"articleSection\":[\"Curiosidades\"],\"inLanguage\":\"pt-BR\",\"potentialAction\":[{\"@type\":\"CommentAction\",\"name\":\"Comment\",\"target\":[\"https:\/\/www.notibras.com\/site\/grupo-raeliano-escolhe-portugal-como-sede-da-embaixada-dos-ets\/#respond\"]}]},{\"@type\":\"WebPage\",\"@id\":\"https:\/\/www.notibras.com\/site\/grupo-raeliano-escolhe-portugal-como-sede-da-embaixada-dos-ets\/\",\"url\":\"https:\/\/www.notibras.com\/site\/grupo-raeliano-escolhe-portugal-como-sede-da-embaixada-dos-ets\/\",\"name\":\"Grupo Raeliano escolhe Portugal como sede da embaixada dos ET's - Notibras\",\"isPartOf\":{\"@id\":\"https:\/\/www.notibras.com\/site\/#website\"},\"primaryImageOfPage\":{\"@id\":\"https:\/\/www.notibras.com\/site\/grupo-raeliano-escolhe-portugal-como-sede-da-embaixada-dos-ets\/#primaryimage\"},\"image\":{\"@id\":\"https:\/\/www.notibras.com\/site\/grupo-raeliano-escolhe-portugal-como-sede-da-embaixada-dos-ets\/#primaryimage\"},\"thumbnailUrl\":\"https:\/\/www.notibras.com\/site\/wp-content\/uploads\/2015\/07\/15186302.jpeg\",\"datePublished\":\"2015-07-07T19:50:18+00:00\",\"dateModified\":\"2016-07-30T19:53:54+00:00\",\"breadcrumb\":{\"@id\":\"https:\/\/www.notibras.com\/site\/grupo-raeliano-escolhe-portugal-como-sede-da-embaixada-dos-ets\/#breadcrumb\"},\"inLanguage\":\"pt-BR\",\"potentialAction\":[{\"@type\":\"ReadAction\",\"target\":[\"https:\/\/www.notibras.com\/site\/grupo-raeliano-escolhe-portugal-como-sede-da-embaixada-dos-ets\/\"]}]},{\"@type\":\"ImageObject\",\"inLanguage\":\"pt-BR\",\"@id\":\"https:\/\/www.notibras.com\/site\/grupo-raeliano-escolhe-portugal-como-sede-da-embaixada-dos-ets\/#primaryimage\",\"url\":\"https:\/\/www.notibras.com\/site\/wp-content\/uploads\/2015\/07\/15186302.jpeg\",\"contentUrl\":\"https:\/\/www.notibras.com\/site\/wp-content\/uploads\/2015\/07\/15186302.jpeg\",\"width\":635,\"height\":357},{\"@type\":\"BreadcrumbList\",\"@id\":\"https:\/\/www.notibras.com\/site\/grupo-raeliano-escolhe-portugal-como-sede-da-embaixada-dos-ets\/#breadcrumb\",\"itemListElement\":[{\"@type\":\"ListItem\",\"position\":1,\"name\":\"In\u00edcio\",\"item\":\"https:\/\/www.notibras.com\/site\/\"},{\"@type\":\"ListItem\",\"position\":2,\"name\":\"Grupo Raeliano escolhe Portugal como sede da embaixada dos ET&#8217;s\"}]},{\"@type\":\"WebSite\",\"@id\":\"https:\/\/www.notibras.com\/site\/#website\",\"url\":\"https:\/\/www.notibras.com\/site\/\",\"name\":\"Notibras\",\"description\":\"Not\u00edcias de Bras\u00edlia, do Brasil e do Mundo\",\"publisher\":{\"@id\":\"https:\/\/www.notibras.com\/site\/#organization\"},\"potentialAction\":[{\"@type\":\"SearchAction\",\"target\":{\"@type\":\"EntryPoint\",\"urlTemplate\":\"https:\/\/www.notibras.com\/site\/?s={search_term_string}\"},\"query-input\":{\"@type\":\"PropertyValueSpecification\",\"valueRequired\":true,\"valueName\":\"search_term_string\"}}],\"inLanguage\":\"pt-BR\"},{\"@type\":\"Organization\",\"@id\":\"https:\/\/www.notibras.com\/site\/#organization\",\"name\":\"Grupo Notibras de Comunica\u00e7\u00e3o\",\"url\":\"https:\/\/www.notibras.com\/site\/\",\"logo\":{\"@type\":\"ImageObject\",\"inLanguage\":\"pt-BR\",\"@id\":\"https:\/\/www.notibras.com\/site\/#\/schema\/logo\/image\/\",\"url\":\"https:\/\/www.notibras.com\/site\/wp-content\/uploads\/2023\/01\/notibras23.png\",\"contentUrl\":\"https:\/\/www.notibras.com\/site\/wp-content\/uploads\/2023\/01\/notibras23.png\",\"width\":350,\"height\":87,\"caption\":\"Grupo Notibras de Comunica\u00e7\u00e3o\"},\"image\":{\"@id\":\"https:\/\/www.notibras.com\/site\/#\/schema\/logo\/image\/\"},\"sameAs\":[\"https:\/\/www.facebook.com\/notibras\/\",\"https:\/\/x.com\/Notibras\",\"https:\/\/www.instagram.com\/notibras\/\"]},{\"@type\":\"Person\",\"@id\":\"https:\/\/www.notibras.com\/site\/#\/schema\/person\/36ab0979449956132d3e5b517ea76ac8\",\"name\":\"Reda\u00e7\u00e3o\",\"image\":{\"@type\":\"ImageObject\",\"inLanguage\":\"pt-BR\",\"@id\":\"https:\/\/secure.gravatar.com\/avatar\/e0a867bdedb85fd243eadf09663511f96fc81e0720a4a42581f334ad4303aa6b?s=96&d=mm&r=g\",\"url\":\"https:\/\/secure.gravatar.com\/avatar\/e0a867bdedb85fd243eadf09663511f96fc81e0720a4a42581f334ad4303aa6b?s=96&d=mm&r=g\",\"contentUrl\":\"https:\/\/secure.gravatar.com\/avatar\/e0a867bdedb85fd243eadf09663511f96fc81e0720a4a42581f334ad4303aa6b?s=96&d=mm&r=g\",\"caption\":\"Reda\u00e7\u00e3o\"}}]}<\/script>\n<!-- \/ Yoast SEO plugin. -->","yoast_head_json":{"title":"Grupo Raeliano escolhe Portugal como sede da embaixada dos ET's - Notibras","robots":{"index":"index","follow":"follow","max-snippet":"max-snippet:-1","max-image-preview":"max-image-preview:large","max-video-preview":"max-video-preview:-1"},"canonical":"https:\/\/www.notibras.com\/site\/grupo-raeliano-escolhe-portugal-como-sede-da-embaixada-dos-ets\/","og_locale":"pt_BR","og_type":"article","og_title":"Grupo Raeliano escolhe Portugal como sede da embaixada dos ET's - Notibras","og_description":"O Movimento Raeliano &#8211; grupo que acredita que a vida na Terra foi criada por seres de outro planeta &#8211; apresentou um pedido formal ao governo de Portugal para que seja constru\u00edda uma embaixada para extraterrestres no pa\u00eds. O espa\u00e7o serviria tamb\u00e9m como ponto de pouso para as naves espaciais. Na \u00e1rea total de 4.000 [&hellip;]","og_url":"https:\/\/www.notibras.com\/site\/grupo-raeliano-escolhe-portugal-como-sede-da-embaixada-dos-ets\/","og_site_name":"Notibras","article_publisher":"https:\/\/www.facebook.com\/notibras\/","article_published_time":"2015-07-07T19:50:18+00:00","article_modified_time":"2016-07-30T19:53:54+00:00","og_image":[{"width":635,"height":357,"url":"https:\/\/www.notibras.com\/site\/wp-content\/uploads\/2015\/07\/15186302.jpeg","type":"image\/jpeg"}],"author":"Reda\u00e7\u00e3o","twitter_card":"summary_large_image","twitter_creator":"@Notibras","twitter_site":"@Notibras","twitter_misc":{"Escrito por":"Reda\u00e7\u00e3o","Est. tempo de leitura":"2 minutos"},"schema":{"@context":"https:\/\/schema.org","@graph":[{"@type":"Article","@id":"https:\/\/www.notibras.com\/site\/grupo-raeliano-escolhe-portugal-como-sede-da-embaixada-dos-ets\/#article","isPartOf":{"@id":"https:\/\/www.notibras.com\/site\/grupo-raeliano-escolhe-portugal-como-sede-da-embaixada-dos-ets\/"},"author":{"name":"Reda\u00e7\u00e3o","@id":"https:\/\/www.notibras.com\/site\/#\/schema\/person\/36ab0979449956132d3e5b517ea76ac8"},"headline":"Grupo Raeliano escolhe Portugal como sede da embaixada dos ET&#8217;s","datePublished":"2015-07-07T19:50:18+00:00","dateModified":"2016-07-30T19:53:54+00:00","mainEntityOfPage":{"@id":"https:\/\/www.notibras.com\/site\/grupo-raeliano-escolhe-portugal-como-sede-da-embaixada-dos-ets\/"},"wordCount":505,"commentCount":0,"publisher":{"@id":"https:\/\/www.notibras.com\/site\/#organization"},"image":{"@id":"https:\/\/www.notibras.com\/site\/grupo-raeliano-escolhe-portugal-como-sede-da-embaixada-dos-ets\/#primaryimage"},"thumbnailUrl":"https:\/\/www.notibras.com\/site\/wp-content\/uploads\/2015\/07\/15186302.jpeg","articleSection":["Curiosidades"],"inLanguage":"pt-BR","potentialAction":[{"@type":"CommentAction","name":"Comment","target":["https:\/\/www.notibras.com\/site\/grupo-raeliano-escolhe-portugal-como-sede-da-embaixada-dos-ets\/#respond"]}]},{"@type":"WebPage","@id":"https:\/\/www.notibras.com\/site\/grupo-raeliano-escolhe-portugal-como-sede-da-embaixada-dos-ets\/","url":"https:\/\/www.notibras.com\/site\/grupo-raeliano-escolhe-portugal-como-sede-da-embaixada-dos-ets\/","name":"Grupo Raeliano escolhe Portugal como sede da embaixada dos ET's - Notibras","isPartOf":{"@id":"https:\/\/www.notibras.com\/site\/#website"},"primaryImageOfPage":{"@id":"https:\/\/www.notibras.com\/site\/grupo-raeliano-escolhe-portugal-como-sede-da-embaixada-dos-ets\/#primaryimage"},"image":{"@id":"https:\/\/www.notibras.com\/site\/grupo-raeliano-escolhe-portugal-como-sede-da-embaixada-dos-ets\/#primaryimage"},"thumbnailUrl":"https:\/\/www.notibras.com\/site\/wp-content\/uploads\/2015\/07\/15186302.jpeg","datePublished":"2015-07-07T19:50:18+00:00","dateModified":"2016-07-30T19:53:54+00:00","breadcrumb":{"@id":"https:\/\/www.notibras.com\/site\/grupo-raeliano-escolhe-portugal-como-sede-da-embaixada-dos-ets\/#breadcrumb"},"inLanguage":"pt-BR","potentialAction":[{"@type":"ReadAction","target":["https:\/\/www.notibras.com\/site\/grupo-raeliano-escolhe-portugal-como-sede-da-embaixada-dos-ets\/"]}]},{"@type":"ImageObject","inLanguage":"pt-BR","@id":"https:\/\/www.notibras.com\/site\/grupo-raeliano-escolhe-portugal-como-sede-da-embaixada-dos-ets\/#primaryimage","url":"https:\/\/www.notibras.com\/site\/wp-content\/uploads\/2015\/07\/15186302.jpeg","contentUrl":"https:\/\/www.notibras.com\/site\/wp-content\/uploads\/2015\/07\/15186302.jpeg","width":635,"height":357},{"@type":"BreadcrumbList","@id":"https:\/\/www.notibras.com\/site\/grupo-raeliano-escolhe-portugal-como-sede-da-embaixada-dos-ets\/#breadcrumb","itemListElement":[{"@type":"ListItem","position":1,"name":"In\u00edcio","item":"https:\/\/www.notibras.com\/site\/"},{"@type":"ListItem","position":2,"name":"Grupo Raeliano escolhe Portugal como sede da embaixada dos ET&#8217;s"}]},{"@type":"WebSite","@id":"https:\/\/www.notibras.com\/site\/#website","url":"https:\/\/www.notibras.com\/site\/","name":"Notibras","description":"Not\u00edcias de Bras\u00edlia, do Brasil e do Mundo","publisher":{"@id":"https:\/\/www.notibras.com\/site\/#organization"},"potentialAction":[{"@type":"SearchAction","target":{"@type":"EntryPoint","urlTemplate":"https:\/\/www.notibras.com\/site\/?s={search_term_string}"},"query-input":{"@type":"PropertyValueSpecification","valueRequired":true,"valueName":"search_term_string"}}],"inLanguage":"pt-BR"},{"@type":"Organization","@id":"https:\/\/www.notibras.com\/site\/#organization","name":"Grupo Notibras de Comunica\u00e7\u00e3o","url":"https:\/\/www.notibras.com\/site\/","logo":{"@type":"ImageObject","inLanguage":"pt-BR","@id":"https:\/\/www.notibras.com\/site\/#\/schema\/logo\/image\/","url":"https:\/\/www.notibras.com\/site\/wp-content\/uploads\/2023\/01\/notibras23.png","contentUrl":"https:\/\/www.notibras.com\/site\/wp-content\/uploads\/2023\/01\/notibras23.png","width":350,"height":87,"caption":"Grupo Notibras de Comunica\u00e7\u00e3o"},"image":{"@id":"https:\/\/www.notibras.com\/site\/#\/schema\/logo\/image\/"},"sameAs":["https:\/\/www.facebook.com\/notibras\/","https:\/\/x.com\/Notibras","https:\/\/www.instagram.com\/notibras\/"]},{"@type":"Person","@id":"https:\/\/www.notibras.com\/site\/#\/schema\/person\/36ab0979449956132d3e5b517ea76ac8","name":"Reda\u00e7\u00e3o","image":{"@type":"ImageObject","inLanguage":"pt-BR","@id":"https:\/\/secure.gravatar.com\/avatar\/e0a867bdedb85fd243eadf09663511f96fc81e0720a4a42581f334ad4303aa6b?s=96&d=mm&r=g","url":"https:\/\/secure.gravatar.com\/avatar\/e0a867bdedb85fd243eadf09663511f96fc81e0720a4a42581f334ad4303aa6b?s=96&d=mm&r=g","contentUrl":"https:\/\/secure.gravatar.com\/avatar\/e0a867bdedb85fd243eadf09663511f96fc81e0720a4a42581f334ad4303aa6b?s=96&d=mm&r=g","caption":"Reda\u00e7\u00e3o"}}]}},"amp_enabled":true,"_links":{"self":[{"href":"https:\/\/www.notibras.com\/site\/wp-json\/wp\/v2\/posts\/56643","targetHints":{"allow":["GET"]}}],"collection":[{"href":"https:\/\/www.notibras.com\/site\/wp-json\/wp\/v2\/posts"}],"about":[{"href":"https:\/\/www.notibras.com\/site\/wp-json\/wp\/v2\/types\/post"}],"author":[{"embeddable":true,"href":"https:\/\/www.notibras.com\/site\/wp-json\/wp\/v2\/users\/2"}],"replies":[{"embeddable":true,"href":"https:\/\/www.notibras.com\/site\/wp-json\/wp\/v2\/comments?post=56643"}],"version-history":[{"count":1,"href":"https:\/\/www.notibras.com\/site\/wp-json\/wp\/v2\/posts\/56643\/revisions"}],"predecessor-version":[{"id":109770,"href":"https:\/\/www.notibras.com\/site\/wp-json\/wp\/v2\/posts\/56643\/revisions\/109770"}],"wp:featuredmedia":[{"embeddable":true,"href":"https:\/\/www.notibras.com\/site\/wp-json\/wp\/v2\/media\/56644"}],"wp:attachment":[{"href":"https:\/\/www.notibras.com\/site\/wp-json\/wp\/v2\/media?parent=56643"}],"wp:term":[{"taxonomy":"category","embeddable":true,"href":"https:\/\/www.notibras.com\/site\/wp-json\/wp\/v2\/categories?post=56643"},{"taxonomy":"post_tag","embeddable":true,"href":"https:\/\/www.notibras.com\/site\/wp-json\/wp\/v2\/tags?post=56643"}],"curies":[{"name":"wp","href":"https:\/\/api.w.org\/{rel}","templated":true}]}}