{"id":56737,"date":"2015-07-08T05:06:31","date_gmt":"2015-07-08T08:06:31","guid":{"rendered":"http:\/\/www.notibras.com\/site\/?p=56737"},"modified":"2015-07-08T06:01:08","modified_gmt":"2015-07-08T09:01:08","slug":"rivaldo-volta-a-campo-mogi-bate-nautico-e-deixa-a-lanterna","status":"publish","type":"post","link":"https:\/\/www.notibras.com\/site\/rivaldo-volta-a-campo-mogi-bate-nautico-e-deixa-a-lanterna\/","title":{"rendered":"Rivaldo volta a campo, Mogi bate N\u00e1utico e deixa a lanterna"},"content":{"rendered":"<p class=\"text\">Depois de 16 meses aposentado como jogador de futebol, Rivaldo voltou aos gramados na noite desta ter\u00e7a-feira e, mesmo tendo deixado o gramado quando o Mogi Mirim estava em desvantagem, p\u00f4de comemorar a vit\u00f3ria de virada de seu time por 2 a 1 sobre o N\u00e1utico, no est\u00e1dio Romildo Ferreira.<\/p>\n<p class=\"text\">O pentacampe\u00e3o, eleito melhor jogador do mundo em 1999, n\u00e3o entrava em campo desde 9 de mar\u00e7o do ano passado, quando atuou contra o S\u00e3o Bernardo, pelo Paulist\u00e3o. Poucos dias depois, o meia anunciou o fim da carreira, mas a situa\u00e7\u00e3o dif\u00edcil do Mogi Mirim nesta S\u00e9rie B do Campeonato Brasileiro o fez decidir voltar aos gramados.<\/p>\n<blockquote>\n<p class=\"text\">Assim, o jogador de 43 anos voltou aos gramados nesta ter\u00e7a, ficando em campo at\u00e9 os 22 minutos do segundo tempo, quando o N\u00e1utico tinha vantagem no placar, com gol de Douglas. Depois da sa\u00edda do camisa 10, o clube do interior contou com dois gols de Serginho para virar.<\/p>\n<\/blockquote>\n<p class=\"text\">Com sua primeira vit\u00f3ria na S\u00e9rie B, o Mogi Mirim chegou aos seis pontos, deixando a lanterna para ocupar a pen\u00faltima posi\u00e7\u00e3o, mas ainda pode ser ultrapassado pelo Cear\u00e1 no complemento da rodada. J\u00e1 o N\u00e1utico desperdi\u00e7ou a chance de liderar, ficando com 21 pontos, agora fora do G-4.<\/p>\n","protected":false},"excerpt":{"rendered":"<p>Depois de 16 meses aposentado como jogador de futebol, Rivaldo voltou aos gramados na noite desta ter\u00e7a-feira e, mesmo tendo deixado o gramado quando o Mogi Mirim estava em desvantagem, p\u00f4de comemorar a vit\u00f3ria de virada de seu time por 2 a 1 sobre o N\u00e1utico, no est\u00e1dio Romildo Ferreira. O pentacampe\u00e3o, eleito melhor jogador [&hellip;]<\/p>\n","protected":false},"author":2,"featured_media":56738,"comment_status":"open","ping_status":"closed","sticky":false,"template":"","format":"standard","meta":{"_acf_changed":false,"footnotes":""},"categories":[19,29],"tags":[],"class_list":["post-56737","post","type-post","status-publish","format-standard","has-post-thumbnail","hentry","category-esportes","category-futebol"],"acf":[],"yoast_head":"<!-- This site is optimized with the Yoast SEO plugin v27.2 - https:\/\/yoast.com\/product\/yoast-seo-wordpress\/ -->\n<title>Rivaldo volta a campo, Mogi bate N\u00e1utico e deixa a lanterna - Notibras<\/title>\n<meta name=\"robots\" content=\"index, follow, max-snippet:-1, max-image-preview:large, max-video-preview:-1\" \/>\n<link rel=\"canonical\" href=\"https:\/\/www.notibras.com\/site\/rivaldo-volta-a-campo-mogi-bate-nautico-e-deixa-a-lanterna\/\" \/>\n<meta property=\"og:locale\" content=\"pt_BR\" \/>\n<meta property=\"og:type\" content=\"article\" \/>\n<meta property=\"og:title\" content=\"Rivaldo volta a campo, Mogi bate N\u00e1utico e deixa a lanterna - Notibras\" \/>\n<meta property=\"og:description\" content=\"Depois de 16 meses aposentado como jogador de futebol, Rivaldo voltou aos gramados na noite desta ter\u00e7a-feira e, mesmo tendo deixado o gramado quando o Mogi Mirim estava em desvantagem, p\u00f4de comemorar a vit\u00f3ria de virada de seu time por 2 a 1 sobre o N\u00e1utico, no est\u00e1dio Romildo Ferreira. O pentacampe\u00e3o, eleito melhor jogador [&hellip;]\" \/>\n<meta property=\"og:url\" content=\"https:\/\/www.notibras.com\/site\/rivaldo-volta-a-campo-mogi-bate-nautico-e-deixa-a-lanterna\/\" \/>\n<meta property=\"og:site_name\" content=\"Notibras\" \/>\n<meta property=\"article:publisher\" content=\"https:\/\/www.facebook.com\/notibras\/\" \/>\n<meta property=\"article:published_time\" content=\"2015-07-08T08:06:31+00:00\" \/>\n<meta property=\"article:modified_time\" content=\"2015-07-08T09:01:08+00:00\" \/>\n<meta property=\"og:image\" content=\"https:\/\/www.notibras.com\/site\/wp-content\/uploads\/2015\/07\/rivaldodisputaleosantosfp.jpg\" \/>\n\t<meta property=\"og:image:width\" content=\"940\" \/>\n\t<meta property=\"og:image:height\" content=\"627\" \/>\n\t<meta property=\"og:image:type\" content=\"image\/jpeg\" \/>\n<meta name=\"author\" content=\"Reda\u00e7\u00e3o\" \/>\n<meta name=\"twitter:card\" content=\"summary_large_image\" \/>\n<meta name=\"twitter:creator\" content=\"@Notibras\" \/>\n<meta name=\"twitter:site\" content=\"@Notibras\" \/>\n<meta name=\"twitter:label1\" content=\"Escrito por\" \/>\n\t<meta name=\"twitter:data1\" content=\"Reda\u00e7\u00e3o\" \/>\n\t<meta name=\"twitter:label2\" content=\"Est. tempo de leitura\" \/>\n\t<meta name=\"twitter:data2\" content=\"1 minuto\" \/>\n<script type=\"application\/ld+json\" class=\"yoast-schema-graph\">{\"@context\":\"https:\/\/schema.org\",\"@graph\":[{\"@type\":\"Article\",\"@id\":\"https:\/\/www.notibras.com\/site\/rivaldo-volta-a-campo-mogi-bate-nautico-e-deixa-a-lanterna\/#article\",\"isPartOf\":{\"@id\":\"https:\/\/www.notibras.com\/site\/rivaldo-volta-a-campo-mogi-bate-nautico-e-deixa-a-lanterna\/\"},\"author\":{\"name\":\"Reda\u00e7\u00e3o\",\"@id\":\"https:\/\/www.notibras.com\/site\/#\/schema\/person\/36ab0979449956132d3e5b517ea76ac8\"},\"headline\":\"Rivaldo volta a campo, Mogi bate N\u00e1utico e deixa a lanterna\",\"datePublished\":\"2015-07-08T08:06:31+00:00\",\"dateModified\":\"2015-07-08T09:01:08+00:00\",\"mainEntityOfPage\":{\"@id\":\"https:\/\/www.notibras.com\/site\/rivaldo-volta-a-campo-mogi-bate-nautico-e-deixa-a-lanterna\/\"},\"wordCount\":231,\"commentCount\":0,\"publisher\":{\"@id\":\"https:\/\/www.notibras.com\/site\/#organization\"},\"image\":{\"@id\":\"https:\/\/www.notibras.com\/site\/rivaldo-volta-a-campo-mogi-bate-nautico-e-deixa-a-lanterna\/#primaryimage\"},\"thumbnailUrl\":\"https:\/\/www.notibras.com\/site\/wp-content\/uploads\/2015\/07\/rivaldodisputaleosantosfp.jpg\",\"articleSection\":[\"Esportes\",\"Futebol\"],\"inLanguage\":\"pt-BR\",\"potentialAction\":[{\"@type\":\"CommentAction\",\"name\":\"Comment\",\"target\":[\"https:\/\/www.notibras.com\/site\/rivaldo-volta-a-campo-mogi-bate-nautico-e-deixa-a-lanterna\/#respond\"]}]},{\"@type\":\"WebPage\",\"@id\":\"https:\/\/www.notibras.com\/site\/rivaldo-volta-a-campo-mogi-bate-nautico-e-deixa-a-lanterna\/\",\"url\":\"https:\/\/www.notibras.com\/site\/rivaldo-volta-a-campo-mogi-bate-nautico-e-deixa-a-lanterna\/\",\"name\":\"Rivaldo volta a campo, Mogi bate N\u00e1utico e deixa a lanterna - Notibras\",\"isPartOf\":{\"@id\":\"https:\/\/www.notibras.com\/site\/#website\"},\"primaryImageOfPage\":{\"@id\":\"https:\/\/www.notibras.com\/site\/rivaldo-volta-a-campo-mogi-bate-nautico-e-deixa-a-lanterna\/#primaryimage\"},\"image\":{\"@id\":\"https:\/\/www.notibras.com\/site\/rivaldo-volta-a-campo-mogi-bate-nautico-e-deixa-a-lanterna\/#primaryimage\"},\"thumbnailUrl\":\"https:\/\/www.notibras.com\/site\/wp-content\/uploads\/2015\/07\/rivaldodisputaleosantosfp.jpg\",\"datePublished\":\"2015-07-08T08:06:31+00:00\",\"dateModified\":\"2015-07-08T09:01:08+00:00\",\"breadcrumb\":{\"@id\":\"https:\/\/www.notibras.com\/site\/rivaldo-volta-a-campo-mogi-bate-nautico-e-deixa-a-lanterna\/#breadcrumb\"},\"inLanguage\":\"pt-BR\",\"potentialAction\":[{\"@type\":\"ReadAction\",\"target\":[\"https:\/\/www.notibras.com\/site\/rivaldo-volta-a-campo-mogi-bate-nautico-e-deixa-a-lanterna\/\"]}]},{\"@type\":\"ImageObject\",\"inLanguage\":\"pt-BR\",\"@id\":\"https:\/\/www.notibras.com\/site\/rivaldo-volta-a-campo-mogi-bate-nautico-e-deixa-a-lanterna\/#primaryimage\",\"url\":\"https:\/\/www.notibras.com\/site\/wp-content\/uploads\/2015\/07\/rivaldodisputaleosantosfp.jpg\",\"contentUrl\":\"https:\/\/www.notibras.com\/site\/wp-content\/uploads\/2015\/07\/rivaldodisputaleosantosfp.jpg\",\"width\":940,\"height\":627},{\"@type\":\"BreadcrumbList\",\"@id\":\"https:\/\/www.notibras.com\/site\/rivaldo-volta-a-campo-mogi-bate-nautico-e-deixa-a-lanterna\/#breadcrumb\",\"itemListElement\":[{\"@type\":\"ListItem\",\"position\":1,\"name\":\"In\u00edcio\",\"item\":\"https:\/\/www.notibras.com\/site\/\"},{\"@type\":\"ListItem\",\"position\":2,\"name\":\"Rivaldo volta a campo, Mogi bate N\u00e1utico e deixa a lanterna\"}]},{\"@type\":\"WebSite\",\"@id\":\"https:\/\/www.notibras.com\/site\/#website\",\"url\":\"https:\/\/www.notibras.com\/site\/\",\"name\":\"Notibras\",\"description\":\"Not\u00edcias de Bras\u00edlia, do Brasil e do Mundo\",\"publisher\":{\"@id\":\"https:\/\/www.notibras.com\/site\/#organization\"},\"potentialAction\":[{\"@type\":\"SearchAction\",\"target\":{\"@type\":\"EntryPoint\",\"urlTemplate\":\"https:\/\/www.notibras.com\/site\/?s={search_term_string}\"},\"query-input\":{\"@type\":\"PropertyValueSpecification\",\"valueRequired\":true,\"valueName\":\"search_term_string\"}}],\"inLanguage\":\"pt-BR\"},{\"@type\":\"Organization\",\"@id\":\"https:\/\/www.notibras.com\/site\/#organization\",\"name\":\"Grupo Notibras de Comunica\u00e7\u00e3o\",\"url\":\"https:\/\/www.notibras.com\/site\/\",\"logo\":{\"@type\":\"ImageObject\",\"inLanguage\":\"pt-BR\",\"@id\":\"https:\/\/www.notibras.com\/site\/#\/schema\/logo\/image\/\",\"url\":\"https:\/\/www.notibras.com\/site\/wp-content\/uploads\/2023\/01\/notibras23.png\",\"contentUrl\":\"https:\/\/www.notibras.com\/site\/wp-content\/uploads\/2023\/01\/notibras23.png\",\"width\":350,\"height\":87,\"caption\":\"Grupo Notibras de Comunica\u00e7\u00e3o\"},\"image\":{\"@id\":\"https:\/\/www.notibras.com\/site\/#\/schema\/logo\/image\/\"},\"sameAs\":[\"https:\/\/www.facebook.com\/notibras\/\",\"https:\/\/x.com\/Notibras\",\"https:\/\/www.instagram.com\/notibras\/\"]},{\"@type\":\"Person\",\"@id\":\"https:\/\/www.notibras.com\/site\/#\/schema\/person\/36ab0979449956132d3e5b517ea76ac8\",\"name\":\"Reda\u00e7\u00e3o\",\"image\":{\"@type\":\"ImageObject\",\"inLanguage\":\"pt-BR\",\"@id\":\"https:\/\/secure.gravatar.com\/avatar\/e0a867bdedb85fd243eadf09663511f96fc81e0720a4a42581f334ad4303aa6b?s=96&d=mm&r=g\",\"url\":\"https:\/\/secure.gravatar.com\/avatar\/e0a867bdedb85fd243eadf09663511f96fc81e0720a4a42581f334ad4303aa6b?s=96&d=mm&r=g\",\"contentUrl\":\"https:\/\/secure.gravatar.com\/avatar\/e0a867bdedb85fd243eadf09663511f96fc81e0720a4a42581f334ad4303aa6b?s=96&d=mm&r=g\",\"caption\":\"Reda\u00e7\u00e3o\"}}]}<\/script>\n<!-- \/ Yoast SEO plugin. -->","yoast_head_json":{"title":"Rivaldo volta a campo, Mogi bate N\u00e1utico e deixa a lanterna - Notibras","robots":{"index":"index","follow":"follow","max-snippet":"max-snippet:-1","max-image-preview":"max-image-preview:large","max-video-preview":"max-video-preview:-1"},"canonical":"https:\/\/www.notibras.com\/site\/rivaldo-volta-a-campo-mogi-bate-nautico-e-deixa-a-lanterna\/","og_locale":"pt_BR","og_type":"article","og_title":"Rivaldo volta a campo, Mogi bate N\u00e1utico e deixa a lanterna - Notibras","og_description":"Depois de 16 meses aposentado como jogador de futebol, Rivaldo voltou aos gramados na noite desta ter\u00e7a-feira e, mesmo tendo deixado o gramado quando o Mogi Mirim estava em desvantagem, p\u00f4de comemorar a vit\u00f3ria de virada de seu time por 2 a 1 sobre o N\u00e1utico, no est\u00e1dio Romildo Ferreira. O pentacampe\u00e3o, eleito melhor jogador [&hellip;]","og_url":"https:\/\/www.notibras.com\/site\/rivaldo-volta-a-campo-mogi-bate-nautico-e-deixa-a-lanterna\/","og_site_name":"Notibras","article_publisher":"https:\/\/www.facebook.com\/notibras\/","article_published_time":"2015-07-08T08:06:31+00:00","article_modified_time":"2015-07-08T09:01:08+00:00","og_image":[{"width":940,"height":627,"url":"https:\/\/www.notibras.com\/site\/wp-content\/uploads\/2015\/07\/rivaldodisputaleosantosfp.jpg","type":"image\/jpeg"}],"author":"Reda\u00e7\u00e3o","twitter_card":"summary_large_image","twitter_creator":"@Notibras","twitter_site":"@Notibras","twitter_misc":{"Escrito por":"Reda\u00e7\u00e3o","Est. tempo de leitura":"1 minuto"},"schema":{"@context":"https:\/\/schema.org","@graph":[{"@type":"Article","@id":"https:\/\/www.notibras.com\/site\/rivaldo-volta-a-campo-mogi-bate-nautico-e-deixa-a-lanterna\/#article","isPartOf":{"@id":"https:\/\/www.notibras.com\/site\/rivaldo-volta-a-campo-mogi-bate-nautico-e-deixa-a-lanterna\/"},"author":{"name":"Reda\u00e7\u00e3o","@id":"https:\/\/www.notibras.com\/site\/#\/schema\/person\/36ab0979449956132d3e5b517ea76ac8"},"headline":"Rivaldo volta a campo, Mogi bate N\u00e1utico e deixa a lanterna","datePublished":"2015-07-08T08:06:31+00:00","dateModified":"2015-07-08T09:01:08+00:00","mainEntityOfPage":{"@id":"https:\/\/www.notibras.com\/site\/rivaldo-volta-a-campo-mogi-bate-nautico-e-deixa-a-lanterna\/"},"wordCount":231,"commentCount":0,"publisher":{"@id":"https:\/\/www.notibras.com\/site\/#organization"},"image":{"@id":"https:\/\/www.notibras.com\/site\/rivaldo-volta-a-campo-mogi-bate-nautico-e-deixa-a-lanterna\/#primaryimage"},"thumbnailUrl":"https:\/\/www.notibras.com\/site\/wp-content\/uploads\/2015\/07\/rivaldodisputaleosantosfp.jpg","articleSection":["Esportes","Futebol"],"inLanguage":"pt-BR","potentialAction":[{"@type":"CommentAction","name":"Comment","target":["https:\/\/www.notibras.com\/site\/rivaldo-volta-a-campo-mogi-bate-nautico-e-deixa-a-lanterna\/#respond"]}]},{"@type":"WebPage","@id":"https:\/\/www.notibras.com\/site\/rivaldo-volta-a-campo-mogi-bate-nautico-e-deixa-a-lanterna\/","url":"https:\/\/www.notibras.com\/site\/rivaldo-volta-a-campo-mogi-bate-nautico-e-deixa-a-lanterna\/","name":"Rivaldo volta a campo, Mogi bate N\u00e1utico e deixa a lanterna - Notibras","isPartOf":{"@id":"https:\/\/www.notibras.com\/site\/#website"},"primaryImageOfPage":{"@id":"https:\/\/www.notibras.com\/site\/rivaldo-volta-a-campo-mogi-bate-nautico-e-deixa-a-lanterna\/#primaryimage"},"image":{"@id":"https:\/\/www.notibras.com\/site\/rivaldo-volta-a-campo-mogi-bate-nautico-e-deixa-a-lanterna\/#primaryimage"},"thumbnailUrl":"https:\/\/www.notibras.com\/site\/wp-content\/uploads\/2015\/07\/rivaldodisputaleosantosfp.jpg","datePublished":"2015-07-08T08:06:31+00:00","dateModified":"2015-07-08T09:01:08+00:00","breadcrumb":{"@id":"https:\/\/www.notibras.com\/site\/rivaldo-volta-a-campo-mogi-bate-nautico-e-deixa-a-lanterna\/#breadcrumb"},"inLanguage":"pt-BR","potentialAction":[{"@type":"ReadAction","target":["https:\/\/www.notibras.com\/site\/rivaldo-volta-a-campo-mogi-bate-nautico-e-deixa-a-lanterna\/"]}]},{"@type":"ImageObject","inLanguage":"pt-BR","@id":"https:\/\/www.notibras.com\/site\/rivaldo-volta-a-campo-mogi-bate-nautico-e-deixa-a-lanterna\/#primaryimage","url":"https:\/\/www.notibras.com\/site\/wp-content\/uploads\/2015\/07\/rivaldodisputaleosantosfp.jpg","contentUrl":"https:\/\/www.notibras.com\/site\/wp-content\/uploads\/2015\/07\/rivaldodisputaleosantosfp.jpg","width":940,"height":627},{"@type":"BreadcrumbList","@id":"https:\/\/www.notibras.com\/site\/rivaldo-volta-a-campo-mogi-bate-nautico-e-deixa-a-lanterna\/#breadcrumb","itemListElement":[{"@type":"ListItem","position":1,"name":"In\u00edcio","item":"https:\/\/www.notibras.com\/site\/"},{"@type":"ListItem","position":2,"name":"Rivaldo volta a campo, Mogi bate N\u00e1utico e deixa a lanterna"}]},{"@type":"WebSite","@id":"https:\/\/www.notibras.com\/site\/#website","url":"https:\/\/www.notibras.com\/site\/","name":"Notibras","description":"Not\u00edcias de Bras\u00edlia, do Brasil e do Mundo","publisher":{"@id":"https:\/\/www.notibras.com\/site\/#organization"},"potentialAction":[{"@type":"SearchAction","target":{"@type":"EntryPoint","urlTemplate":"https:\/\/www.notibras.com\/site\/?s={search_term_string}"},"query-input":{"@type":"PropertyValueSpecification","valueRequired":true,"valueName":"search_term_string"}}],"inLanguage":"pt-BR"},{"@type":"Organization","@id":"https:\/\/www.notibras.com\/site\/#organization","name":"Grupo Notibras de Comunica\u00e7\u00e3o","url":"https:\/\/www.notibras.com\/site\/","logo":{"@type":"ImageObject","inLanguage":"pt-BR","@id":"https:\/\/www.notibras.com\/site\/#\/schema\/logo\/image\/","url":"https:\/\/www.notibras.com\/site\/wp-content\/uploads\/2023\/01\/notibras23.png","contentUrl":"https:\/\/www.notibras.com\/site\/wp-content\/uploads\/2023\/01\/notibras23.png","width":350,"height":87,"caption":"Grupo Notibras de Comunica\u00e7\u00e3o"},"image":{"@id":"https:\/\/www.notibras.com\/site\/#\/schema\/logo\/image\/"},"sameAs":["https:\/\/www.facebook.com\/notibras\/","https:\/\/x.com\/Notibras","https:\/\/www.instagram.com\/notibras\/"]},{"@type":"Person","@id":"https:\/\/www.notibras.com\/site\/#\/schema\/person\/36ab0979449956132d3e5b517ea76ac8","name":"Reda\u00e7\u00e3o","image":{"@type":"ImageObject","inLanguage":"pt-BR","@id":"https:\/\/secure.gravatar.com\/avatar\/e0a867bdedb85fd243eadf09663511f96fc81e0720a4a42581f334ad4303aa6b?s=96&d=mm&r=g","url":"https:\/\/secure.gravatar.com\/avatar\/e0a867bdedb85fd243eadf09663511f96fc81e0720a4a42581f334ad4303aa6b?s=96&d=mm&r=g","contentUrl":"https:\/\/secure.gravatar.com\/avatar\/e0a867bdedb85fd243eadf09663511f96fc81e0720a4a42581f334ad4303aa6b?s=96&d=mm&r=g","caption":"Reda\u00e7\u00e3o"}}]}},"amp_enabled":true,"_links":{"self":[{"href":"https:\/\/www.notibras.com\/site\/wp-json\/wp\/v2\/posts\/56737","targetHints":{"allow":["GET"]}}],"collection":[{"href":"https:\/\/www.notibras.com\/site\/wp-json\/wp\/v2\/posts"}],"about":[{"href":"https:\/\/www.notibras.com\/site\/wp-json\/wp\/v2\/types\/post"}],"author":[{"embeddable":true,"href":"https:\/\/www.notibras.com\/site\/wp-json\/wp\/v2\/users\/2"}],"replies":[{"embeddable":true,"href":"https:\/\/www.notibras.com\/site\/wp-json\/wp\/v2\/comments?post=56737"}],"version-history":[{"count":0,"href":"https:\/\/www.notibras.com\/site\/wp-json\/wp\/v2\/posts\/56737\/revisions"}],"wp:featuredmedia":[{"embeddable":true,"href":"https:\/\/www.notibras.com\/site\/wp-json\/wp\/v2\/media\/56738"}],"wp:attachment":[{"href":"https:\/\/www.notibras.com\/site\/wp-json\/wp\/v2\/media?parent=56737"}],"wp:term":[{"taxonomy":"category","embeddable":true,"href":"https:\/\/www.notibras.com\/site\/wp-json\/wp\/v2\/categories?post=56737"},{"taxonomy":"post_tag","embeddable":true,"href":"https:\/\/www.notibras.com\/site\/wp-json\/wp\/v2\/tags?post=56737"}],"curies":[{"name":"wp","href":"https:\/\/api.w.org\/{rel}","templated":true}]}}