{"id":56768,"date":"2015-07-08T06:54:15","date_gmt":"2015-07-08T09:54:15","guid":{"rendered":"http:\/\/www.notibras.com\/site\/?p=56768"},"modified":"2015-07-08T06:54:15","modified_gmt":"2015-07-08T09:54:15","slug":"erro-de-correcao-transforma-fgts-em-alvo-de-especulacao","status":"publish","type":"post","link":"https:\/\/www.notibras.com\/site\/erro-de-correcao-transforma-fgts-em-alvo-de-especulacao\/","title":{"rendered":"Erro de corre\u00e7\u00e3o transforma FGTS em alvo de especula\u00e7\u00e3o"},"content":{"rendered":"<p>Assim que foi apresentado, o Projeto de Lei 1.358\/2015, que corrige os dep\u00f3sitos do FGTS (Fundo de Garantia por Tempo de Servi\u00e7o), despertou a sanha das construtoras e de especuladores.<\/p>\n<p>Pelo projeto que apresentei na C\u00e2mara dos Deputados, junto com os l\u00edderes de PMDB, Leonardo Picciani, e do DEM, Mendon\u00e7a Filho, os dep\u00f3sitos do FGTS passar\u00e3o a ter a mesma corre\u00e7\u00e3o que a caderneta de poupan\u00e7a a partir de janeiro de 2016. E o lobby das construtoras logo veio a p\u00fablico dizer que os juros das presta\u00e7\u00f5es da casa pr\u00f3pria tamb\u00e9m ir\u00e3o subir na mesma propor\u00e7\u00e3o.<\/p>\n<p>Desde 1999, os dep\u00f3sitos do FGTS s\u00e3o corridos em apenas 3% ao ano, mais a TR (Taxa Referencial de Juros, de s\u00f3 0,8% em 2014). O governo diz que usa esses recursos para bancar obras de moradia popular e saneamento b\u00e1sico. As presta\u00e7\u00f5es de programas como o Minha Casa, Minha Vida, cobram, no entanto, juros de 6% a 7%. Ou seja: o governo remunera em 3% o dinheiro do trabalhador e cobra o dobro de juros de quem quer comprar sua casa. Coisa de especulador.<\/p>\n<p>Quem j\u00e1 comprou um im\u00f3vel financiado pela Caixa Econ\u00f4mica Federal sentiu na pele o custo do financiamento &#8220;subsidiado&#8221; pelo banco do governo. Ao final de 10, 20 ou 30 anos de financiamento, o comprador ter\u00e1 pago o dobro ou o triplo do valor inicial do im\u00f3vel.<\/p>\n<blockquote><p>Se tivesse deixado o dinheiro em uma aplica\u00e7\u00e3o mais vantajosa, como um CDB-DI ou um Fundo de Previd\u00eancia, o mutu\u00e1rio teria dinheiro para comprar seu im\u00f3vel \u00e0 vista em muito menos tempo. Nos bancos privados, que tamb\u00e9m usam o dinheiro do FGTS para financiar empreendimentos habitacionais, os juros s\u00e3o ainda mais extorsivos.<\/p><\/blockquote>\n<p>O patrim\u00f4nio l\u00edquido do FGTS \u00e9 estimado hoje em R$ 75 bilh\u00f5es. Recentemente, o governo mandou mais R$ 10 bilh\u00f5es do FGTS para capitalizar o BNDES. O mesmo BNDES que financia diversos projetos obscuros na Venezuela, Cuba, Peru, Angola e Mo\u00e7ambique com juros subsidiados.<\/p>\n<p>O governo est\u00e1 dizendo que os trabalhadores poder\u00e3o utilizar at\u00e9 30% do saldo de sua conta para aplicar num fundo de investimento que seria criado pelo BNDES. \u00c9 preciso deixar claro que o dinheiro do FGTS \u00e9 do trabalhador e ele deve ter direito a mesma corre\u00e7\u00e3o integral de outras aplica\u00e7\u00f5es financeiras.<\/p>\n<p>Quando foi criado, em 1966, como substitui\u00e7\u00e3o \u00e0 estabilidade no emprego ap\u00f3s dez anos de trabalho na mesma empresa, o argumento era de que o FGTS serviria para socorrer o trabalhador em caso de demiss\u00e3o.<\/p>\n<p>Depois de alguns anos foi criada a multa de 40% sobre o saldo dos dep\u00f3sitos de quem fosse demitido sem justa causa. Mas, mesmo assim, quem fica 10, 20 ou 30 anos numa empresa n\u00e3o consegue juntar dinheiro suficiente para pagar \u00e0 vista uma casa pr\u00f3pria.<\/p>\n<blockquote><p>Milhares de a\u00e7\u00f5es de trabalhadores pedem na Justi\u00e7a a corre\u00e7\u00e3o dos saldos do FGTS pelos mesmos \u00edndices que o da infla\u00e7\u00e3o. N\u00f3s, do Partido Solidariedade, tamb\u00e9m ingressamos com uma ADI (A\u00e7\u00e3o Direta de Inconstitucionalidade) no STF para que o tribunal julgue essa quest\u00e3o.<\/p><\/blockquote>\n<p>No projeto que agora apresentamos, e que come\u00e7ar\u00e1 a valer a partir de janeiro de 2016, queremos reparar essa injusti\u00e7a hist\u00f3rica. Se tiverem a mesma corre\u00e7\u00e3o que a caderneta de poupan\u00e7a (hoje em 6,17%, mais TR), os dep\u00f3sitos e saldos do FGTS poder\u00e3o dar ao trabalhador a possibilidade de conseguir uma reserva monet\u00e1ria que lhe garanta a compra \u00e0 vista de um im\u00f3vel ou uma aposentadoria mais tranquila, fugindo dos juros extorsivos cobrados pelas construtoras e pelos bancos.<\/p>\n<p><strong>Paulo Pereira da Silva<\/strong><\/p>\n","protected":false},"excerpt":{"rendered":"<p>Assim que foi apresentado, o Projeto de Lei 1.358\/2015, que corrige os dep\u00f3sitos do FGTS (Fundo de Garantia por Tempo de Servi\u00e7o), despertou a sanha das construtoras e de especuladores. Pelo projeto que apresentei na C\u00e2mara dos Deputados, junto com os l\u00edderes de PMDB, Leonardo Picciani, e do DEM, Mendon\u00e7a Filho, os dep\u00f3sitos do FGTS [&hellip;]<\/p>\n","protected":false},"author":2,"featured_media":56769,"comment_status":"open","ping_status":"closed","sticky":false,"template":"","format":"standard","meta":{"_acf_changed":false,"footnotes":""},"categories":[25],"tags":[],"class_list":["post-56768","post","type-post","status-publish","format-standard","has-post-thumbnail","hentry","category-opina-ai"],"acf":[],"yoast_head":"<!-- This site is optimized with the Yoast SEO plugin v27.2 - https:\/\/yoast.com\/product\/yoast-seo-wordpress\/ -->\n<title>Erro de corre\u00e7\u00e3o transforma FGTS em alvo de especula\u00e7\u00e3o - Notibras<\/title>\n<meta name=\"robots\" content=\"index, follow, max-snippet:-1, max-image-preview:large, max-video-preview:-1\" \/>\n<link rel=\"canonical\" href=\"https:\/\/www.notibras.com\/site\/erro-de-correcao-transforma-fgts-em-alvo-de-especulacao\/\" \/>\n<meta property=\"og:locale\" content=\"pt_BR\" \/>\n<meta property=\"og:type\" content=\"article\" \/>\n<meta property=\"og:title\" content=\"Erro de corre\u00e7\u00e3o transforma FGTS em alvo de especula\u00e7\u00e3o - Notibras\" \/>\n<meta property=\"og:description\" content=\"Assim que foi apresentado, o Projeto de Lei 1.358\/2015, que corrige os dep\u00f3sitos do FGTS (Fundo de Garantia por Tempo de Servi\u00e7o), despertou a sanha das construtoras e de especuladores. Pelo projeto que apresentei na C\u00e2mara dos Deputados, junto com os l\u00edderes de PMDB, Leonardo Picciani, e do DEM, Mendon\u00e7a Filho, os dep\u00f3sitos do FGTS [&hellip;]\" \/>\n<meta property=\"og:url\" content=\"https:\/\/www.notibras.com\/site\/erro-de-correcao-transforma-fgts-em-alvo-de-especulacao\/\" \/>\n<meta property=\"og:site_name\" content=\"Notibras\" \/>\n<meta property=\"article:publisher\" content=\"https:\/\/www.facebook.com\/notibras\/\" \/>\n<meta property=\"article:published_time\" content=\"2015-07-08T09:54:15+00:00\" \/>\n<meta property=\"og:image\" content=\"https:\/\/www.notibras.com\/site\/wp-content\/uploads\/2015\/07\/fgts-ademilar2.jpg\" \/>\n\t<meta property=\"og:image:width\" content=\"550\" \/>\n\t<meta property=\"og:image:height\" content=\"367\" \/>\n\t<meta property=\"og:image:type\" content=\"image\/jpeg\" \/>\n<meta name=\"author\" content=\"Reda\u00e7\u00e3o\" \/>\n<meta name=\"twitter:card\" content=\"summary_large_image\" \/>\n<meta name=\"twitter:creator\" content=\"@Notibras\" \/>\n<meta name=\"twitter:site\" content=\"@Notibras\" \/>\n<meta name=\"twitter:label1\" content=\"Escrito por\" \/>\n\t<meta name=\"twitter:data1\" content=\"Reda\u00e7\u00e3o\" \/>\n\t<meta name=\"twitter:label2\" content=\"Est. tempo de leitura\" \/>\n\t<meta name=\"twitter:data2\" content=\"3 minutos\" \/>\n<script type=\"application\/ld+json\" class=\"yoast-schema-graph\">{\"@context\":\"https:\/\/schema.org\",\"@graph\":[{\"@type\":\"Article\",\"@id\":\"https:\/\/www.notibras.com\/site\/erro-de-correcao-transforma-fgts-em-alvo-de-especulacao\/#article\",\"isPartOf\":{\"@id\":\"https:\/\/www.notibras.com\/site\/erro-de-correcao-transforma-fgts-em-alvo-de-especulacao\/\"},\"author\":{\"name\":\"Reda\u00e7\u00e3o\",\"@id\":\"https:\/\/www.notibras.com\/site\/#\/schema\/person\/36ab0979449956132d3e5b517ea76ac8\"},\"headline\":\"Erro de corre\u00e7\u00e3o transforma FGTS em alvo de especula\u00e7\u00e3o\",\"datePublished\":\"2015-07-08T09:54:15+00:00\",\"mainEntityOfPage\":{\"@id\":\"https:\/\/www.notibras.com\/site\/erro-de-correcao-transforma-fgts-em-alvo-de-especulacao\/\"},\"wordCount\":622,\"commentCount\":0,\"publisher\":{\"@id\":\"https:\/\/www.notibras.com\/site\/#organization\"},\"image\":{\"@id\":\"https:\/\/www.notibras.com\/site\/erro-de-correcao-transforma-fgts-em-alvo-de-especulacao\/#primaryimage\"},\"thumbnailUrl\":\"https:\/\/www.notibras.com\/site\/wp-content\/uploads\/2015\/07\/fgts-ademilar2.jpg\",\"articleSection\":[\"Opina a\u00ed\"],\"inLanguage\":\"pt-BR\",\"potentialAction\":[{\"@type\":\"CommentAction\",\"name\":\"Comment\",\"target\":[\"https:\/\/www.notibras.com\/site\/erro-de-correcao-transforma-fgts-em-alvo-de-especulacao\/#respond\"]}]},{\"@type\":\"WebPage\",\"@id\":\"https:\/\/www.notibras.com\/site\/erro-de-correcao-transforma-fgts-em-alvo-de-especulacao\/\",\"url\":\"https:\/\/www.notibras.com\/site\/erro-de-correcao-transforma-fgts-em-alvo-de-especulacao\/\",\"name\":\"Erro de corre\u00e7\u00e3o transforma FGTS em alvo de especula\u00e7\u00e3o - Notibras\",\"isPartOf\":{\"@id\":\"https:\/\/www.notibras.com\/site\/#website\"},\"primaryImageOfPage\":{\"@id\":\"https:\/\/www.notibras.com\/site\/erro-de-correcao-transforma-fgts-em-alvo-de-especulacao\/#primaryimage\"},\"image\":{\"@id\":\"https:\/\/www.notibras.com\/site\/erro-de-correcao-transforma-fgts-em-alvo-de-especulacao\/#primaryimage\"},\"thumbnailUrl\":\"https:\/\/www.notibras.com\/site\/wp-content\/uploads\/2015\/07\/fgts-ademilar2.jpg\",\"datePublished\":\"2015-07-08T09:54:15+00:00\",\"breadcrumb\":{\"@id\":\"https:\/\/www.notibras.com\/site\/erro-de-correcao-transforma-fgts-em-alvo-de-especulacao\/#breadcrumb\"},\"inLanguage\":\"pt-BR\",\"potentialAction\":[{\"@type\":\"ReadAction\",\"target\":[\"https:\/\/www.notibras.com\/site\/erro-de-correcao-transforma-fgts-em-alvo-de-especulacao\/\"]}]},{\"@type\":\"ImageObject\",\"inLanguage\":\"pt-BR\",\"@id\":\"https:\/\/www.notibras.com\/site\/erro-de-correcao-transforma-fgts-em-alvo-de-especulacao\/#primaryimage\",\"url\":\"https:\/\/www.notibras.com\/site\/wp-content\/uploads\/2015\/07\/fgts-ademilar2.jpg\",\"contentUrl\":\"https:\/\/www.notibras.com\/site\/wp-content\/uploads\/2015\/07\/fgts-ademilar2.jpg\",\"width\":550,\"height\":367},{\"@type\":\"BreadcrumbList\",\"@id\":\"https:\/\/www.notibras.com\/site\/erro-de-correcao-transforma-fgts-em-alvo-de-especulacao\/#breadcrumb\",\"itemListElement\":[{\"@type\":\"ListItem\",\"position\":1,\"name\":\"In\u00edcio\",\"item\":\"https:\/\/www.notibras.com\/site\/\"},{\"@type\":\"ListItem\",\"position\":2,\"name\":\"Erro de corre\u00e7\u00e3o transforma FGTS em alvo de especula\u00e7\u00e3o\"}]},{\"@type\":\"WebSite\",\"@id\":\"https:\/\/www.notibras.com\/site\/#website\",\"url\":\"https:\/\/www.notibras.com\/site\/\",\"name\":\"Notibras\",\"description\":\"Not\u00edcias de Bras\u00edlia, do Brasil e do Mundo\",\"publisher\":{\"@id\":\"https:\/\/www.notibras.com\/site\/#organization\"},\"potentialAction\":[{\"@type\":\"SearchAction\",\"target\":{\"@type\":\"EntryPoint\",\"urlTemplate\":\"https:\/\/www.notibras.com\/site\/?s={search_term_string}\"},\"query-input\":{\"@type\":\"PropertyValueSpecification\",\"valueRequired\":true,\"valueName\":\"search_term_string\"}}],\"inLanguage\":\"pt-BR\"},{\"@type\":\"Organization\",\"@id\":\"https:\/\/www.notibras.com\/site\/#organization\",\"name\":\"Grupo Notibras de Comunica\u00e7\u00e3o\",\"url\":\"https:\/\/www.notibras.com\/site\/\",\"logo\":{\"@type\":\"ImageObject\",\"inLanguage\":\"pt-BR\",\"@id\":\"https:\/\/www.notibras.com\/site\/#\/schema\/logo\/image\/\",\"url\":\"https:\/\/www.notibras.com\/site\/wp-content\/uploads\/2023\/01\/notibras23.png\",\"contentUrl\":\"https:\/\/www.notibras.com\/site\/wp-content\/uploads\/2023\/01\/notibras23.png\",\"width\":350,\"height\":87,\"caption\":\"Grupo Notibras de Comunica\u00e7\u00e3o\"},\"image\":{\"@id\":\"https:\/\/www.notibras.com\/site\/#\/schema\/logo\/image\/\"},\"sameAs\":[\"https:\/\/www.facebook.com\/notibras\/\",\"https:\/\/x.com\/Notibras\",\"https:\/\/www.instagram.com\/notibras\/\"]},{\"@type\":\"Person\",\"@id\":\"https:\/\/www.notibras.com\/site\/#\/schema\/person\/36ab0979449956132d3e5b517ea76ac8\",\"name\":\"Reda\u00e7\u00e3o\",\"image\":{\"@type\":\"ImageObject\",\"inLanguage\":\"pt-BR\",\"@id\":\"https:\/\/secure.gravatar.com\/avatar\/e0a867bdedb85fd243eadf09663511f96fc81e0720a4a42581f334ad4303aa6b?s=96&d=mm&r=g\",\"url\":\"https:\/\/secure.gravatar.com\/avatar\/e0a867bdedb85fd243eadf09663511f96fc81e0720a4a42581f334ad4303aa6b?s=96&d=mm&r=g\",\"contentUrl\":\"https:\/\/secure.gravatar.com\/avatar\/e0a867bdedb85fd243eadf09663511f96fc81e0720a4a42581f334ad4303aa6b?s=96&d=mm&r=g\",\"caption\":\"Reda\u00e7\u00e3o\"}}]}<\/script>\n<!-- \/ Yoast SEO plugin. -->","yoast_head_json":{"title":"Erro de corre\u00e7\u00e3o transforma FGTS em alvo de especula\u00e7\u00e3o - Notibras","robots":{"index":"index","follow":"follow","max-snippet":"max-snippet:-1","max-image-preview":"max-image-preview:large","max-video-preview":"max-video-preview:-1"},"canonical":"https:\/\/www.notibras.com\/site\/erro-de-correcao-transforma-fgts-em-alvo-de-especulacao\/","og_locale":"pt_BR","og_type":"article","og_title":"Erro de corre\u00e7\u00e3o transforma FGTS em alvo de especula\u00e7\u00e3o - Notibras","og_description":"Assim que foi apresentado, o Projeto de Lei 1.358\/2015, que corrige os dep\u00f3sitos do FGTS (Fundo de Garantia por Tempo de Servi\u00e7o), despertou a sanha das construtoras e de especuladores. Pelo projeto que apresentei na C\u00e2mara dos Deputados, junto com os l\u00edderes de PMDB, Leonardo Picciani, e do DEM, Mendon\u00e7a Filho, os dep\u00f3sitos do FGTS [&hellip;]","og_url":"https:\/\/www.notibras.com\/site\/erro-de-correcao-transforma-fgts-em-alvo-de-especulacao\/","og_site_name":"Notibras","article_publisher":"https:\/\/www.facebook.com\/notibras\/","article_published_time":"2015-07-08T09:54:15+00:00","og_image":[{"width":550,"height":367,"url":"https:\/\/www.notibras.com\/site\/wp-content\/uploads\/2015\/07\/fgts-ademilar2.jpg","type":"image\/jpeg"}],"author":"Reda\u00e7\u00e3o","twitter_card":"summary_large_image","twitter_creator":"@Notibras","twitter_site":"@Notibras","twitter_misc":{"Escrito por":"Reda\u00e7\u00e3o","Est. tempo de leitura":"3 minutos"},"schema":{"@context":"https:\/\/schema.org","@graph":[{"@type":"Article","@id":"https:\/\/www.notibras.com\/site\/erro-de-correcao-transforma-fgts-em-alvo-de-especulacao\/#article","isPartOf":{"@id":"https:\/\/www.notibras.com\/site\/erro-de-correcao-transforma-fgts-em-alvo-de-especulacao\/"},"author":{"name":"Reda\u00e7\u00e3o","@id":"https:\/\/www.notibras.com\/site\/#\/schema\/person\/36ab0979449956132d3e5b517ea76ac8"},"headline":"Erro de corre\u00e7\u00e3o transforma FGTS em alvo de especula\u00e7\u00e3o","datePublished":"2015-07-08T09:54:15+00:00","mainEntityOfPage":{"@id":"https:\/\/www.notibras.com\/site\/erro-de-correcao-transforma-fgts-em-alvo-de-especulacao\/"},"wordCount":622,"commentCount":0,"publisher":{"@id":"https:\/\/www.notibras.com\/site\/#organization"},"image":{"@id":"https:\/\/www.notibras.com\/site\/erro-de-correcao-transforma-fgts-em-alvo-de-especulacao\/#primaryimage"},"thumbnailUrl":"https:\/\/www.notibras.com\/site\/wp-content\/uploads\/2015\/07\/fgts-ademilar2.jpg","articleSection":["Opina a\u00ed"],"inLanguage":"pt-BR","potentialAction":[{"@type":"CommentAction","name":"Comment","target":["https:\/\/www.notibras.com\/site\/erro-de-correcao-transforma-fgts-em-alvo-de-especulacao\/#respond"]}]},{"@type":"WebPage","@id":"https:\/\/www.notibras.com\/site\/erro-de-correcao-transforma-fgts-em-alvo-de-especulacao\/","url":"https:\/\/www.notibras.com\/site\/erro-de-correcao-transforma-fgts-em-alvo-de-especulacao\/","name":"Erro de corre\u00e7\u00e3o transforma FGTS em alvo de especula\u00e7\u00e3o - Notibras","isPartOf":{"@id":"https:\/\/www.notibras.com\/site\/#website"},"primaryImageOfPage":{"@id":"https:\/\/www.notibras.com\/site\/erro-de-correcao-transforma-fgts-em-alvo-de-especulacao\/#primaryimage"},"image":{"@id":"https:\/\/www.notibras.com\/site\/erro-de-correcao-transforma-fgts-em-alvo-de-especulacao\/#primaryimage"},"thumbnailUrl":"https:\/\/www.notibras.com\/site\/wp-content\/uploads\/2015\/07\/fgts-ademilar2.jpg","datePublished":"2015-07-08T09:54:15+00:00","breadcrumb":{"@id":"https:\/\/www.notibras.com\/site\/erro-de-correcao-transforma-fgts-em-alvo-de-especulacao\/#breadcrumb"},"inLanguage":"pt-BR","potentialAction":[{"@type":"ReadAction","target":["https:\/\/www.notibras.com\/site\/erro-de-correcao-transforma-fgts-em-alvo-de-especulacao\/"]}]},{"@type":"ImageObject","inLanguage":"pt-BR","@id":"https:\/\/www.notibras.com\/site\/erro-de-correcao-transforma-fgts-em-alvo-de-especulacao\/#primaryimage","url":"https:\/\/www.notibras.com\/site\/wp-content\/uploads\/2015\/07\/fgts-ademilar2.jpg","contentUrl":"https:\/\/www.notibras.com\/site\/wp-content\/uploads\/2015\/07\/fgts-ademilar2.jpg","width":550,"height":367},{"@type":"BreadcrumbList","@id":"https:\/\/www.notibras.com\/site\/erro-de-correcao-transforma-fgts-em-alvo-de-especulacao\/#breadcrumb","itemListElement":[{"@type":"ListItem","position":1,"name":"In\u00edcio","item":"https:\/\/www.notibras.com\/site\/"},{"@type":"ListItem","position":2,"name":"Erro de corre\u00e7\u00e3o transforma FGTS em alvo de especula\u00e7\u00e3o"}]},{"@type":"WebSite","@id":"https:\/\/www.notibras.com\/site\/#website","url":"https:\/\/www.notibras.com\/site\/","name":"Notibras","description":"Not\u00edcias de Bras\u00edlia, do Brasil e do Mundo","publisher":{"@id":"https:\/\/www.notibras.com\/site\/#organization"},"potentialAction":[{"@type":"SearchAction","target":{"@type":"EntryPoint","urlTemplate":"https:\/\/www.notibras.com\/site\/?s={search_term_string}"},"query-input":{"@type":"PropertyValueSpecification","valueRequired":true,"valueName":"search_term_string"}}],"inLanguage":"pt-BR"},{"@type":"Organization","@id":"https:\/\/www.notibras.com\/site\/#organization","name":"Grupo Notibras de Comunica\u00e7\u00e3o","url":"https:\/\/www.notibras.com\/site\/","logo":{"@type":"ImageObject","inLanguage":"pt-BR","@id":"https:\/\/www.notibras.com\/site\/#\/schema\/logo\/image\/","url":"https:\/\/www.notibras.com\/site\/wp-content\/uploads\/2023\/01\/notibras23.png","contentUrl":"https:\/\/www.notibras.com\/site\/wp-content\/uploads\/2023\/01\/notibras23.png","width":350,"height":87,"caption":"Grupo Notibras de Comunica\u00e7\u00e3o"},"image":{"@id":"https:\/\/www.notibras.com\/site\/#\/schema\/logo\/image\/"},"sameAs":["https:\/\/www.facebook.com\/notibras\/","https:\/\/x.com\/Notibras","https:\/\/www.instagram.com\/notibras\/"]},{"@type":"Person","@id":"https:\/\/www.notibras.com\/site\/#\/schema\/person\/36ab0979449956132d3e5b517ea76ac8","name":"Reda\u00e7\u00e3o","image":{"@type":"ImageObject","inLanguage":"pt-BR","@id":"https:\/\/secure.gravatar.com\/avatar\/e0a867bdedb85fd243eadf09663511f96fc81e0720a4a42581f334ad4303aa6b?s=96&d=mm&r=g","url":"https:\/\/secure.gravatar.com\/avatar\/e0a867bdedb85fd243eadf09663511f96fc81e0720a4a42581f334ad4303aa6b?s=96&d=mm&r=g","contentUrl":"https:\/\/secure.gravatar.com\/avatar\/e0a867bdedb85fd243eadf09663511f96fc81e0720a4a42581f334ad4303aa6b?s=96&d=mm&r=g","caption":"Reda\u00e7\u00e3o"}}]}},"amp_enabled":true,"_links":{"self":[{"href":"https:\/\/www.notibras.com\/site\/wp-json\/wp\/v2\/posts\/56768","targetHints":{"allow":["GET"]}}],"collection":[{"href":"https:\/\/www.notibras.com\/site\/wp-json\/wp\/v2\/posts"}],"about":[{"href":"https:\/\/www.notibras.com\/site\/wp-json\/wp\/v2\/types\/post"}],"author":[{"embeddable":true,"href":"https:\/\/www.notibras.com\/site\/wp-json\/wp\/v2\/users\/2"}],"replies":[{"embeddable":true,"href":"https:\/\/www.notibras.com\/site\/wp-json\/wp\/v2\/comments?post=56768"}],"version-history":[{"count":0,"href":"https:\/\/www.notibras.com\/site\/wp-json\/wp\/v2\/posts\/56768\/revisions"}],"wp:featuredmedia":[{"embeddable":true,"href":"https:\/\/www.notibras.com\/site\/wp-json\/wp\/v2\/media\/56769"}],"wp:attachment":[{"href":"https:\/\/www.notibras.com\/site\/wp-json\/wp\/v2\/media?parent=56768"}],"wp:term":[{"taxonomy":"category","embeddable":true,"href":"https:\/\/www.notibras.com\/site\/wp-json\/wp\/v2\/categories?post=56768"},{"taxonomy":"post_tag","embeddable":true,"href":"https:\/\/www.notibras.com\/site\/wp-json\/wp\/v2\/tags?post=56768"}],"curies":[{"name":"wp","href":"https:\/\/api.w.org\/{rel}","templated":true}]}}