{"id":57040,"date":"2015-07-09T19:44:48","date_gmt":"2015-07-09T22:44:48","guid":{"rendered":"http:\/\/www.notibras.com\/site\/?p=57040"},"modified":"2015-07-13T08:49:07","modified_gmt":"2015-07-13T11:49:07","slug":"acordo-ambiental-de-brasilia-e-washington-nao-e-la-essas-coisas-todas","status":"publish","type":"post","link":"https:\/\/www.notibras.com\/site\/acordo-ambiental-de-brasilia-e-washington-nao-e-la-essas-coisas-todas\/","title":{"rendered":"Acordo ambiental entre Bras\u00edlia e Washington n\u00e3o \u00e9 l\u00e1 essas coisas"},"content":{"rendered":"<p>O dia 30 de junho foi marcado por um an\u00fancio que nos trouxe um misto de consolo e frustra\u00e7\u00e3o. Na declara\u00e7\u00e3o conjunta com Barack Obama, sobre o acordo entre Brasil e EUA para enfrentamento das mudan\u00e7as clim\u00e1ticas, a presidente Dilma Rousseff finalmente rompeu o sil\u00eancio que marca o in\u00edcio da sua nova gest\u00e3o em rela\u00e7\u00e3o \u00e0 agenda ambiental, apresentando alguns compromissos do Brasil para o tema. Entre as promessas assumidas no texto bilateral, est\u00e3o metas sobre energias renov\u00e1veis, restaura\u00e7\u00e3o florestal e desmatamento ilegal zero. Comentarei sobre os dois \u00faltimos pontos.<\/p>\n<p>Na declara\u00e7\u00e3o, o governo brasileiro se comprometeu a reflorestar 12 milh\u00f5es de hectares de florestas at\u00e9 2030. N\u00e3o \u00e9 pouco, j\u00e1 que a \u00e1rea \u00e9 equivalente ao Estado do Acre ou metade do Estado de S\u00e3o Paulo. Pelo que \u00e9 realizado atualmente, tudo indica que ser\u00e1 uma meta dif\u00edcil de atingir, mas mesmo assim trata-se de um compromisso pouco ambicioso.<\/p>\n<p>Isto porque a meta n\u00e3o \u00e9 o bastante nem para o cumprimento da legisla\u00e7\u00e3o brasileira, que prev\u00ea a recomposi\u00e7\u00e3o de 24 milh\u00f5es de hectares de cobertura vegetal natural. Importante lembrar aqui que o novo C\u00f3digo Florestal anistiou metade do passivo ambiental do pa\u00eds, que antes era de 50 milh\u00f5es de hectares.<\/p>\n<p>O segundo compromisso, o de zerar o desmatamento ilegal em 15 anos, \u00e9 ainda mais decepcionante. O comprometimento do Brasil com o desmatamento ilegal \u00e9 mais que urgente e o pa\u00eds tem plena condi\u00e7\u00e3o de cumprir essa meta num per\u00edodo mais curto.<\/p>\n<p>Um sinal de que \u00e9 fact\u00edvel liquidar o desmatamento ilegal muito antes do prazo defendido pelo governo federal \u00e9 o compromisso de 15 dos 17 Estados da Mata Atl\u00e2ntica para zerar o desmatamento ilegal no bioma at\u00e9 2018. Na carta conjunta &#8220;Nova hist\u00f3ria para a Mata Atl\u00e2ntica&#8221;, que por coincid\u00eancia tornou-se p\u00fablica no mesmo dia da declara\u00e7\u00e3o de Dilma, os secret\u00e1rios de Meio Ambiente da Mata Atl\u00e2ntica n\u00e3o apenas se comprometeram a coibir o desmatamento ilegal nos pr\u00f3ximos tr\u00eas anos, como tamb\u00e9m a ampliar a cobertura florestal nativa em seus Estados.<\/p>\n<blockquote><p>O fato \u00e9 que n\u00e3o podemos mais conviver com um modelo de desenvolvimento que continue a avan\u00e7ar sobre nossas florestas e que considere o desmatamento o pre\u00e7o a ser pago para a gera\u00e7\u00e3o de emprego e riquezas. J\u00e1 existem estudos mostrando que o pa\u00eds possui 60 milh\u00f5es de hectares de \u00e1reas abertas. Isso \u00e9 mais do que suficiente para que n\u00e3o precisemos derrubar nenhuma \u00e1rvore para abrir espa\u00e7o \u00e0s atividades agropecu\u00e1rias.<\/p><\/blockquote>\n<p>Por uma quest\u00e3o de sobreviv\u00eancia, devemos ainda recuperar com celeridade o que foi devastado. Nossas \u00e1reas naturais prestam servi\u00e7os essenciais \u00e0 qualidade de vida, como a regula\u00e7\u00e3o do clima e a gera\u00e7\u00e3o e conserva\u00e7\u00e3o dos recursos h\u00eddricos. A crise de \u00e1gua da regi\u00e3o Sudeste reafirma essa rela\u00e7\u00e3o. Basta olharmos para as \u00e1reas dos mananciais que abastecem os reservat\u00f3rios de \u00e1gua para constatarmos como a crise foi agravada pela aus\u00eancia de vegeta\u00e7\u00e3o adequada.<\/p>\n<p>Por fim, ao se preparar para o acordo clim\u00e1tico global que deve ser assinado em Paris, em dezembro, com o an\u00fancio de metas t\u00e3o pouco ambiciosas, o governo brasileiro perde mais uma vez a oportunidade de se posicionar como lideran\u00e7a e evidencia suas dificuldades em fazer at\u00e9 mesmo a li\u00e7\u00e3o de casa.<\/p>\n<p><strong>Mario Mantovani<\/strong><\/p>\n","protected":false},"excerpt":{"rendered":"<p>O dia 30 de junho foi marcado por um an\u00fancio que nos trouxe um misto de consolo e frustra\u00e7\u00e3o. Na declara\u00e7\u00e3o conjunta com Barack Obama, sobre o acordo entre Brasil e EUA para enfrentamento das mudan\u00e7as clim\u00e1ticas, a presidente Dilma Rousseff finalmente rompeu o sil\u00eancio que marca o in\u00edcio da sua nova gest\u00e3o em rela\u00e7\u00e3o [&hellip;]<\/p>\n","protected":false},"author":2,"featured_media":57043,"comment_status":"open","ping_status":"closed","sticky":false,"template":"","format":"standard","meta":{"_acf_changed":false,"footnotes":""},"categories":[25],"tags":[],"class_list":["post-57040","post","type-post","status-publish","format-standard","has-post-thumbnail","hentry","category-opina-ai"],"acf":[],"yoast_head":"<!-- This site is optimized with the Yoast SEO plugin v27.2 - https:\/\/yoast.com\/product\/yoast-seo-wordpress\/ -->\n<title>Acordo ambiental entre Bras\u00edlia e Washington n\u00e3o \u00e9 l\u00e1 essas coisas - Notibras<\/title>\n<meta name=\"robots\" content=\"index, follow, max-snippet:-1, max-image-preview:large, max-video-preview:-1\" \/>\n<link rel=\"canonical\" href=\"https:\/\/www.notibras.com\/site\/acordo-ambiental-de-brasilia-e-washington-nao-e-la-essas-coisas-todas\/\" \/>\n<meta property=\"og:locale\" content=\"pt_BR\" \/>\n<meta property=\"og:type\" content=\"article\" \/>\n<meta property=\"og:title\" content=\"Acordo ambiental entre Bras\u00edlia e Washington n\u00e3o \u00e9 l\u00e1 essas coisas - Notibras\" \/>\n<meta property=\"og:description\" content=\"O dia 30 de junho foi marcado por um an\u00fancio que nos trouxe um misto de consolo e frustra\u00e7\u00e3o. Na declara\u00e7\u00e3o conjunta com Barack Obama, sobre o acordo entre Brasil e EUA para enfrentamento das mudan\u00e7as clim\u00e1ticas, a presidente Dilma Rousseff finalmente rompeu o sil\u00eancio que marca o in\u00edcio da sua nova gest\u00e3o em rela\u00e7\u00e3o [&hellip;]\" \/>\n<meta property=\"og:url\" content=\"https:\/\/www.notibras.com\/site\/acordo-ambiental-de-brasilia-e-washington-nao-e-la-essas-coisas-todas\/\" \/>\n<meta property=\"og:site_name\" content=\"Notibras\" \/>\n<meta property=\"article:publisher\" content=\"https:\/\/www.facebook.com\/notibras\/\" \/>\n<meta property=\"article:published_time\" content=\"2015-07-09T22:44:48+00:00\" \/>\n<meta property=\"article:modified_time\" content=\"2015-07-13T11:49:07+00:00\" \/>\n<meta property=\"og:image\" content=\"https:\/\/www.notibras.com\/site\/wp-content\/uploads\/2015\/07\/ima.jpg\" \/>\n\t<meta property=\"og:image:width\" content=\"600\" \/>\n\t<meta property=\"og:image:height\" content=\"449\" \/>\n\t<meta property=\"og:image:type\" content=\"image\/jpeg\" \/>\n<meta name=\"author\" content=\"Reda\u00e7\u00e3o\" \/>\n<meta name=\"twitter:card\" content=\"summary_large_image\" \/>\n<meta name=\"twitter:creator\" content=\"@Notibras\" \/>\n<meta name=\"twitter:site\" content=\"@Notibras\" \/>\n<meta name=\"twitter:label1\" content=\"Escrito por\" \/>\n\t<meta name=\"twitter:data1\" content=\"Reda\u00e7\u00e3o\" \/>\n\t<meta name=\"twitter:label2\" content=\"Est. tempo de leitura\" \/>\n\t<meta name=\"twitter:data2\" content=\"3 minutos\" \/>\n<script type=\"application\/ld+json\" class=\"yoast-schema-graph\">{\"@context\":\"https:\/\/schema.org\",\"@graph\":[{\"@type\":\"Article\",\"@id\":\"https:\/\/www.notibras.com\/site\/acordo-ambiental-de-brasilia-e-washington-nao-e-la-essas-coisas-todas\/#article\",\"isPartOf\":{\"@id\":\"https:\/\/www.notibras.com\/site\/acordo-ambiental-de-brasilia-e-washington-nao-e-la-essas-coisas-todas\/\"},\"author\":{\"name\":\"Reda\u00e7\u00e3o\",\"@id\":\"https:\/\/www.notibras.com\/site\/#\/schema\/person\/36ab0979449956132d3e5b517ea76ac8\"},\"headline\":\"Acordo ambiental entre Bras\u00edlia e Washington n\u00e3o \u00e9 l\u00e1 essas coisas\",\"datePublished\":\"2015-07-09T22:44:48+00:00\",\"dateModified\":\"2015-07-13T11:49:07+00:00\",\"mainEntityOfPage\":{\"@id\":\"https:\/\/www.notibras.com\/site\/acordo-ambiental-de-brasilia-e-washington-nao-e-la-essas-coisas-todas\/\"},\"wordCount\":587,\"commentCount\":0,\"publisher\":{\"@id\":\"https:\/\/www.notibras.com\/site\/#organization\"},\"image\":{\"@id\":\"https:\/\/www.notibras.com\/site\/acordo-ambiental-de-brasilia-e-washington-nao-e-la-essas-coisas-todas\/#primaryimage\"},\"thumbnailUrl\":\"https:\/\/www.notibras.com\/site\/wp-content\/uploads\/2015\/07\/ima.jpg\",\"articleSection\":[\"Opina a\u00ed\"],\"inLanguage\":\"pt-BR\",\"potentialAction\":[{\"@type\":\"CommentAction\",\"name\":\"Comment\",\"target\":[\"https:\/\/www.notibras.com\/site\/acordo-ambiental-de-brasilia-e-washington-nao-e-la-essas-coisas-todas\/#respond\"]}]},{\"@type\":\"WebPage\",\"@id\":\"https:\/\/www.notibras.com\/site\/acordo-ambiental-de-brasilia-e-washington-nao-e-la-essas-coisas-todas\/\",\"url\":\"https:\/\/www.notibras.com\/site\/acordo-ambiental-de-brasilia-e-washington-nao-e-la-essas-coisas-todas\/\",\"name\":\"Acordo ambiental entre Bras\u00edlia e Washington n\u00e3o \u00e9 l\u00e1 essas coisas - Notibras\",\"isPartOf\":{\"@id\":\"https:\/\/www.notibras.com\/site\/#website\"},\"primaryImageOfPage\":{\"@id\":\"https:\/\/www.notibras.com\/site\/acordo-ambiental-de-brasilia-e-washington-nao-e-la-essas-coisas-todas\/#primaryimage\"},\"image\":{\"@id\":\"https:\/\/www.notibras.com\/site\/acordo-ambiental-de-brasilia-e-washington-nao-e-la-essas-coisas-todas\/#primaryimage\"},\"thumbnailUrl\":\"https:\/\/www.notibras.com\/site\/wp-content\/uploads\/2015\/07\/ima.jpg\",\"datePublished\":\"2015-07-09T22:44:48+00:00\",\"dateModified\":\"2015-07-13T11:49:07+00:00\",\"breadcrumb\":{\"@id\":\"https:\/\/www.notibras.com\/site\/acordo-ambiental-de-brasilia-e-washington-nao-e-la-essas-coisas-todas\/#breadcrumb\"},\"inLanguage\":\"pt-BR\",\"potentialAction\":[{\"@type\":\"ReadAction\",\"target\":[\"https:\/\/www.notibras.com\/site\/acordo-ambiental-de-brasilia-e-washington-nao-e-la-essas-coisas-todas\/\"]}]},{\"@type\":\"ImageObject\",\"inLanguage\":\"pt-BR\",\"@id\":\"https:\/\/www.notibras.com\/site\/acordo-ambiental-de-brasilia-e-washington-nao-e-la-essas-coisas-todas\/#primaryimage\",\"url\":\"https:\/\/www.notibras.com\/site\/wp-content\/uploads\/2015\/07\/ima.jpg\",\"contentUrl\":\"https:\/\/www.notibras.com\/site\/wp-content\/uploads\/2015\/07\/ima.jpg\",\"width\":600,\"height\":449},{\"@type\":\"BreadcrumbList\",\"@id\":\"https:\/\/www.notibras.com\/site\/acordo-ambiental-de-brasilia-e-washington-nao-e-la-essas-coisas-todas\/#breadcrumb\",\"itemListElement\":[{\"@type\":\"ListItem\",\"position\":1,\"name\":\"In\u00edcio\",\"item\":\"https:\/\/www.notibras.com\/site\/\"},{\"@type\":\"ListItem\",\"position\":2,\"name\":\"Acordo ambiental entre Bras\u00edlia e Washington n\u00e3o \u00e9 l\u00e1 essas coisas\"}]},{\"@type\":\"WebSite\",\"@id\":\"https:\/\/www.notibras.com\/site\/#website\",\"url\":\"https:\/\/www.notibras.com\/site\/\",\"name\":\"Notibras\",\"description\":\"Not\u00edcias de Bras\u00edlia, do Brasil e do Mundo\",\"publisher\":{\"@id\":\"https:\/\/www.notibras.com\/site\/#organization\"},\"potentialAction\":[{\"@type\":\"SearchAction\",\"target\":{\"@type\":\"EntryPoint\",\"urlTemplate\":\"https:\/\/www.notibras.com\/site\/?s={search_term_string}\"},\"query-input\":{\"@type\":\"PropertyValueSpecification\",\"valueRequired\":true,\"valueName\":\"search_term_string\"}}],\"inLanguage\":\"pt-BR\"},{\"@type\":\"Organization\",\"@id\":\"https:\/\/www.notibras.com\/site\/#organization\",\"name\":\"Grupo Notibras de Comunica\u00e7\u00e3o\",\"url\":\"https:\/\/www.notibras.com\/site\/\",\"logo\":{\"@type\":\"ImageObject\",\"inLanguage\":\"pt-BR\",\"@id\":\"https:\/\/www.notibras.com\/site\/#\/schema\/logo\/image\/\",\"url\":\"https:\/\/www.notibras.com\/site\/wp-content\/uploads\/2023\/01\/notibras23.png\",\"contentUrl\":\"https:\/\/www.notibras.com\/site\/wp-content\/uploads\/2023\/01\/notibras23.png\",\"width\":350,\"height\":87,\"caption\":\"Grupo Notibras de Comunica\u00e7\u00e3o\"},\"image\":{\"@id\":\"https:\/\/www.notibras.com\/site\/#\/schema\/logo\/image\/\"},\"sameAs\":[\"https:\/\/www.facebook.com\/notibras\/\",\"https:\/\/x.com\/Notibras\",\"https:\/\/www.instagram.com\/notibras\/\"]},{\"@type\":\"Person\",\"@id\":\"https:\/\/www.notibras.com\/site\/#\/schema\/person\/36ab0979449956132d3e5b517ea76ac8\",\"name\":\"Reda\u00e7\u00e3o\",\"image\":{\"@type\":\"ImageObject\",\"inLanguage\":\"pt-BR\",\"@id\":\"https:\/\/secure.gravatar.com\/avatar\/e0a867bdedb85fd243eadf09663511f96fc81e0720a4a42581f334ad4303aa6b?s=96&d=mm&r=g\",\"url\":\"https:\/\/secure.gravatar.com\/avatar\/e0a867bdedb85fd243eadf09663511f96fc81e0720a4a42581f334ad4303aa6b?s=96&d=mm&r=g\",\"contentUrl\":\"https:\/\/secure.gravatar.com\/avatar\/e0a867bdedb85fd243eadf09663511f96fc81e0720a4a42581f334ad4303aa6b?s=96&d=mm&r=g\",\"caption\":\"Reda\u00e7\u00e3o\"}}]}<\/script>\n<!-- \/ Yoast SEO plugin. -->","yoast_head_json":{"title":"Acordo ambiental entre Bras\u00edlia e Washington n\u00e3o \u00e9 l\u00e1 essas coisas - Notibras","robots":{"index":"index","follow":"follow","max-snippet":"max-snippet:-1","max-image-preview":"max-image-preview:large","max-video-preview":"max-video-preview:-1"},"canonical":"https:\/\/www.notibras.com\/site\/acordo-ambiental-de-brasilia-e-washington-nao-e-la-essas-coisas-todas\/","og_locale":"pt_BR","og_type":"article","og_title":"Acordo ambiental entre Bras\u00edlia e Washington n\u00e3o \u00e9 l\u00e1 essas coisas - Notibras","og_description":"O dia 30 de junho foi marcado por um an\u00fancio que nos trouxe um misto de consolo e frustra\u00e7\u00e3o. Na declara\u00e7\u00e3o conjunta com Barack Obama, sobre o acordo entre Brasil e EUA para enfrentamento das mudan\u00e7as clim\u00e1ticas, a presidente Dilma Rousseff finalmente rompeu o sil\u00eancio que marca o in\u00edcio da sua nova gest\u00e3o em rela\u00e7\u00e3o [&hellip;]","og_url":"https:\/\/www.notibras.com\/site\/acordo-ambiental-de-brasilia-e-washington-nao-e-la-essas-coisas-todas\/","og_site_name":"Notibras","article_publisher":"https:\/\/www.facebook.com\/notibras\/","article_published_time":"2015-07-09T22:44:48+00:00","article_modified_time":"2015-07-13T11:49:07+00:00","og_image":[{"width":600,"height":449,"url":"https:\/\/www.notibras.com\/site\/wp-content\/uploads\/2015\/07\/ima.jpg","type":"image\/jpeg"}],"author":"Reda\u00e7\u00e3o","twitter_card":"summary_large_image","twitter_creator":"@Notibras","twitter_site":"@Notibras","twitter_misc":{"Escrito por":"Reda\u00e7\u00e3o","Est. tempo de leitura":"3 minutos"},"schema":{"@context":"https:\/\/schema.org","@graph":[{"@type":"Article","@id":"https:\/\/www.notibras.com\/site\/acordo-ambiental-de-brasilia-e-washington-nao-e-la-essas-coisas-todas\/#article","isPartOf":{"@id":"https:\/\/www.notibras.com\/site\/acordo-ambiental-de-brasilia-e-washington-nao-e-la-essas-coisas-todas\/"},"author":{"name":"Reda\u00e7\u00e3o","@id":"https:\/\/www.notibras.com\/site\/#\/schema\/person\/36ab0979449956132d3e5b517ea76ac8"},"headline":"Acordo ambiental entre Bras\u00edlia e Washington n\u00e3o \u00e9 l\u00e1 essas coisas","datePublished":"2015-07-09T22:44:48+00:00","dateModified":"2015-07-13T11:49:07+00:00","mainEntityOfPage":{"@id":"https:\/\/www.notibras.com\/site\/acordo-ambiental-de-brasilia-e-washington-nao-e-la-essas-coisas-todas\/"},"wordCount":587,"commentCount":0,"publisher":{"@id":"https:\/\/www.notibras.com\/site\/#organization"},"image":{"@id":"https:\/\/www.notibras.com\/site\/acordo-ambiental-de-brasilia-e-washington-nao-e-la-essas-coisas-todas\/#primaryimage"},"thumbnailUrl":"https:\/\/www.notibras.com\/site\/wp-content\/uploads\/2015\/07\/ima.jpg","articleSection":["Opina a\u00ed"],"inLanguage":"pt-BR","potentialAction":[{"@type":"CommentAction","name":"Comment","target":["https:\/\/www.notibras.com\/site\/acordo-ambiental-de-brasilia-e-washington-nao-e-la-essas-coisas-todas\/#respond"]}]},{"@type":"WebPage","@id":"https:\/\/www.notibras.com\/site\/acordo-ambiental-de-brasilia-e-washington-nao-e-la-essas-coisas-todas\/","url":"https:\/\/www.notibras.com\/site\/acordo-ambiental-de-brasilia-e-washington-nao-e-la-essas-coisas-todas\/","name":"Acordo ambiental entre Bras\u00edlia e Washington n\u00e3o \u00e9 l\u00e1 essas coisas - Notibras","isPartOf":{"@id":"https:\/\/www.notibras.com\/site\/#website"},"primaryImageOfPage":{"@id":"https:\/\/www.notibras.com\/site\/acordo-ambiental-de-brasilia-e-washington-nao-e-la-essas-coisas-todas\/#primaryimage"},"image":{"@id":"https:\/\/www.notibras.com\/site\/acordo-ambiental-de-brasilia-e-washington-nao-e-la-essas-coisas-todas\/#primaryimage"},"thumbnailUrl":"https:\/\/www.notibras.com\/site\/wp-content\/uploads\/2015\/07\/ima.jpg","datePublished":"2015-07-09T22:44:48+00:00","dateModified":"2015-07-13T11:49:07+00:00","breadcrumb":{"@id":"https:\/\/www.notibras.com\/site\/acordo-ambiental-de-brasilia-e-washington-nao-e-la-essas-coisas-todas\/#breadcrumb"},"inLanguage":"pt-BR","potentialAction":[{"@type":"ReadAction","target":["https:\/\/www.notibras.com\/site\/acordo-ambiental-de-brasilia-e-washington-nao-e-la-essas-coisas-todas\/"]}]},{"@type":"ImageObject","inLanguage":"pt-BR","@id":"https:\/\/www.notibras.com\/site\/acordo-ambiental-de-brasilia-e-washington-nao-e-la-essas-coisas-todas\/#primaryimage","url":"https:\/\/www.notibras.com\/site\/wp-content\/uploads\/2015\/07\/ima.jpg","contentUrl":"https:\/\/www.notibras.com\/site\/wp-content\/uploads\/2015\/07\/ima.jpg","width":600,"height":449},{"@type":"BreadcrumbList","@id":"https:\/\/www.notibras.com\/site\/acordo-ambiental-de-brasilia-e-washington-nao-e-la-essas-coisas-todas\/#breadcrumb","itemListElement":[{"@type":"ListItem","position":1,"name":"In\u00edcio","item":"https:\/\/www.notibras.com\/site\/"},{"@type":"ListItem","position":2,"name":"Acordo ambiental entre Bras\u00edlia e Washington n\u00e3o \u00e9 l\u00e1 essas coisas"}]},{"@type":"WebSite","@id":"https:\/\/www.notibras.com\/site\/#website","url":"https:\/\/www.notibras.com\/site\/","name":"Notibras","description":"Not\u00edcias de Bras\u00edlia, do Brasil e do Mundo","publisher":{"@id":"https:\/\/www.notibras.com\/site\/#organization"},"potentialAction":[{"@type":"SearchAction","target":{"@type":"EntryPoint","urlTemplate":"https:\/\/www.notibras.com\/site\/?s={search_term_string}"},"query-input":{"@type":"PropertyValueSpecification","valueRequired":true,"valueName":"search_term_string"}}],"inLanguage":"pt-BR"},{"@type":"Organization","@id":"https:\/\/www.notibras.com\/site\/#organization","name":"Grupo Notibras de Comunica\u00e7\u00e3o","url":"https:\/\/www.notibras.com\/site\/","logo":{"@type":"ImageObject","inLanguage":"pt-BR","@id":"https:\/\/www.notibras.com\/site\/#\/schema\/logo\/image\/","url":"https:\/\/www.notibras.com\/site\/wp-content\/uploads\/2023\/01\/notibras23.png","contentUrl":"https:\/\/www.notibras.com\/site\/wp-content\/uploads\/2023\/01\/notibras23.png","width":350,"height":87,"caption":"Grupo Notibras de Comunica\u00e7\u00e3o"},"image":{"@id":"https:\/\/www.notibras.com\/site\/#\/schema\/logo\/image\/"},"sameAs":["https:\/\/www.facebook.com\/notibras\/","https:\/\/x.com\/Notibras","https:\/\/www.instagram.com\/notibras\/"]},{"@type":"Person","@id":"https:\/\/www.notibras.com\/site\/#\/schema\/person\/36ab0979449956132d3e5b517ea76ac8","name":"Reda\u00e7\u00e3o","image":{"@type":"ImageObject","inLanguage":"pt-BR","@id":"https:\/\/secure.gravatar.com\/avatar\/e0a867bdedb85fd243eadf09663511f96fc81e0720a4a42581f334ad4303aa6b?s=96&d=mm&r=g","url":"https:\/\/secure.gravatar.com\/avatar\/e0a867bdedb85fd243eadf09663511f96fc81e0720a4a42581f334ad4303aa6b?s=96&d=mm&r=g","contentUrl":"https:\/\/secure.gravatar.com\/avatar\/e0a867bdedb85fd243eadf09663511f96fc81e0720a4a42581f334ad4303aa6b?s=96&d=mm&r=g","caption":"Reda\u00e7\u00e3o"}}]}},"amp_enabled":true,"_links":{"self":[{"href":"https:\/\/www.notibras.com\/site\/wp-json\/wp\/v2\/posts\/57040","targetHints":{"allow":["GET"]}}],"collection":[{"href":"https:\/\/www.notibras.com\/site\/wp-json\/wp\/v2\/posts"}],"about":[{"href":"https:\/\/www.notibras.com\/site\/wp-json\/wp\/v2\/types\/post"}],"author":[{"embeddable":true,"href":"https:\/\/www.notibras.com\/site\/wp-json\/wp\/v2\/users\/2"}],"replies":[{"embeddable":true,"href":"https:\/\/www.notibras.com\/site\/wp-json\/wp\/v2\/comments?post=57040"}],"version-history":[{"count":0,"href":"https:\/\/www.notibras.com\/site\/wp-json\/wp\/v2\/posts\/57040\/revisions"}],"wp:featuredmedia":[{"embeddable":true,"href":"https:\/\/www.notibras.com\/site\/wp-json\/wp\/v2\/media\/57043"}],"wp:attachment":[{"href":"https:\/\/www.notibras.com\/site\/wp-json\/wp\/v2\/media?parent=57040"}],"wp:term":[{"taxonomy":"category","embeddable":true,"href":"https:\/\/www.notibras.com\/site\/wp-json\/wp\/v2\/categories?post=57040"},{"taxonomy":"post_tag","embeddable":true,"href":"https:\/\/www.notibras.com\/site\/wp-json\/wp\/v2\/tags?post=57040"}],"curies":[{"name":"wp","href":"https:\/\/api.w.org\/{rel}","templated":true}]}}