{"id":57323,"date":"2015-07-12T12:43:02","date_gmt":"2015-07-12T15:43:02","guid":{"rendered":"http:\/\/www.notibras.com\/site\/?p=57323"},"modified":"2015-07-12T18:04:44","modified_gmt":"2015-07-12T21:04:44","slug":"volei-vence-a-alemanha-e-garante-vaga-nas-finais-do-gran-prix-feminino","status":"publish","type":"post","link":"https:\/\/www.notibras.com\/site\/volei-vence-a-alemanha-e-garante-vaga-nas-finais-do-gran-prix-feminino\/","title":{"rendered":"V\u00f4lei vence a Alemanha e garante vaga nas finais do Gran Prix"},"content":{"rendered":"<p>A sele\u00e7\u00e3o brasileira de v\u00f4lei venceu mais uma na etapa de classifica\u00e7\u00e3o do Gran Prix. Desta vez, a equipe de Jos\u00e9 Roberto Guimar\u00e3es superou a Alemanha por 3 sets a 0 (26\/24, 25\/22 e 26\/24), neste domingo, no Gin\u00e1sio Ibirapuera, em S\u00e3o Paulo. Com este triunfo, o Brasil chegou a 18 pontos no Grupo 1 e assegurou vaga para as finais do torneio.<\/p>\n<p>A pr\u00f3xima fase do Grand Prix acontecer\u00e1 em Omaha, nos Estados Unidos, a partir de 22 de julho. A sele\u00e7\u00e3o feminina venceu os 6 jogos desta segunda fase do torneio, perdendo apenas dois sets.<\/p>\n<p>A Alemanha deu sinais de que fecharia o 1\u00ba set com facilidade, abrindo 19 a 13. Mas o Brasil engatou enorme rea\u00e7\u00e3o ap\u00f3s bronca do t\u00e9cnico Jos\u00e9 Roberto Guimar\u00e3es. O time nacional foi encurtando a vantagem alem\u00e3.<\/p>\n<p>Um erro de arbitragem teve influ\u00eancia direta na decis\u00e3o do 1\u00ba set. As alem\u00e3s pediram desafio ap\u00f3s d\u00favida em uma disputa na rede quando vencia por 20 a 17.<\/p>\n<blockquote><p>A imagem mostrou que a bola encostou na brasileira e, portanto, seria ponto da Alemanha. Mas a arbitragem entendeu que n\u00e3o houve toque, mesmo ap\u00f3s an\u00e1lise do teipe, gerando revolta do t\u00e9cnico e jogadora alem\u00e3s.\u00a0O Brasil encostou para 20 a 18. As brasileiras viraram o jogo e venceram o set por 26 a 24.<\/p><\/blockquote>\n<p>No set seguinte, as brasileiras conseguiram ficar sempre \u00e0 frente na equilibrada disputa. Jaqueline, que havia come\u00e7ado na reserva, se destacou no ataque e bloqueio.<\/p>\n<p>As alem\u00e3s se aproximaram no placar quando o Brasil vencia por 23 a 21. Bem marcada, Joycinha n\u00e3o conseguia virar o ataque, sendo parada pelo bloqueio da rival. O Brasil fechou o set em 25 a 22 ap\u00f3s bloqueio de Juciely.<\/p>\n<p>O Brasil teve in\u00edcio arrasador no 3\u00ba set, mas viu impressionante rea\u00e7\u00e3o das alem\u00e3s. A diferen\u00e7a da sele\u00e7\u00e3o que era de 7 pontos (18 a 11), chegou a zerar na reta final (23 a 23).<\/p>\n<p>Joycinha, que vinha virando seus ataques no come\u00e7o do set, come\u00e7ou a errar sucessivamente. Mas a sele\u00e7\u00e3o n\u00e3o deixou a Alemanha curtir a rea\u00e7\u00e3o. Com bloqueio eficiente ao longo de todo jogo, o time brasileiro fechou o set e jogo por 26 a 24.<\/p>\n","protected":false},"excerpt":{"rendered":"<p>A sele\u00e7\u00e3o brasileira de v\u00f4lei venceu mais uma na etapa de classifica\u00e7\u00e3o do Gran Prix. Desta vez, a equipe de Jos\u00e9 Roberto Guimar\u00e3es superou a Alemanha por 3 sets a 0 (26\/24, 25\/22 e 26\/24), neste domingo, no Gin\u00e1sio Ibirapuera, em S\u00e3o Paulo. Com este triunfo, o Brasil chegou a 18 pontos no Grupo 1 [&hellip;]<\/p>\n","protected":false},"author":2,"featured_media":57324,"comment_status":"open","ping_status":"closed","sticky":false,"template":"","format":"standard","meta":{"_acf_changed":false,"footnotes":""},"categories":[19,30],"tags":[],"class_list":["post-57323","post","type-post","status-publish","format-standard","has-post-thumbnail","hentry","category-esportes","category-volei"],"acf":[],"yoast_head":"<!-- This site is optimized with the Yoast SEO plugin v27.2 - https:\/\/yoast.com\/product\/yoast-seo-wordpress\/ -->\n<title>V\u00f4lei vence a Alemanha e garante vaga nas finais do Gran Prix - Notibras<\/title>\n<meta name=\"robots\" content=\"index, follow, max-snippet:-1, max-image-preview:large, max-video-preview:-1\" \/>\n<link rel=\"canonical\" href=\"https:\/\/www.notibras.com\/site\/volei-vence-a-alemanha-e-garante-vaga-nas-finais-do-gran-prix-feminino\/\" \/>\n<meta property=\"og:locale\" content=\"pt_BR\" \/>\n<meta property=\"og:type\" content=\"article\" \/>\n<meta property=\"og:title\" content=\"V\u00f4lei vence a Alemanha e garante vaga nas finais do Gran Prix - Notibras\" \/>\n<meta property=\"og:description\" content=\"A sele\u00e7\u00e3o brasileira de v\u00f4lei venceu mais uma na etapa de classifica\u00e7\u00e3o do Gran Prix. Desta vez, a equipe de Jos\u00e9 Roberto Guimar\u00e3es superou a Alemanha por 3 sets a 0 (26\/24, 25\/22 e 26\/24), neste domingo, no Gin\u00e1sio Ibirapuera, em S\u00e3o Paulo. Com este triunfo, o Brasil chegou a 18 pontos no Grupo 1 [&hellip;]\" \/>\n<meta property=\"og:url\" content=\"https:\/\/www.notibras.com\/site\/volei-vence-a-alemanha-e-garante-vaga-nas-finais-do-gran-prix-feminino\/\" \/>\n<meta property=\"og:site_name\" content=\"Notibras\" \/>\n<meta property=\"article:publisher\" content=\"https:\/\/www.facebook.com\/notibras\/\" \/>\n<meta property=\"article:published_time\" content=\"2015-07-12T15:43:02+00:00\" \/>\n<meta property=\"article:modified_time\" content=\"2015-07-12T21:04:44+00:00\" \/>\n<meta property=\"og:image\" content=\"https:\/\/www.notibras.com\/site\/wp-content\/uploads\/2015\/07\/vo12.jpg\" \/>\n\t<meta property=\"og:image:width\" content=\"615\" \/>\n\t<meta property=\"og:image:height\" content=\"300\" \/>\n\t<meta property=\"og:image:type\" content=\"image\/jpeg\" \/>\n<meta name=\"author\" content=\"Reda\u00e7\u00e3o\" \/>\n<meta name=\"twitter:card\" content=\"summary_large_image\" \/>\n<meta name=\"twitter:creator\" content=\"@Notibras\" \/>\n<meta name=\"twitter:site\" content=\"@Notibras\" \/>\n<meta name=\"twitter:label1\" content=\"Escrito por\" \/>\n\t<meta name=\"twitter:data1\" content=\"Reda\u00e7\u00e3o\" \/>\n\t<meta name=\"twitter:label2\" content=\"Est. tempo de leitura\" \/>\n\t<meta name=\"twitter:data2\" content=\"2 minutos\" \/>\n<script type=\"application\/ld+json\" class=\"yoast-schema-graph\">{\"@context\":\"https:\/\/schema.org\",\"@graph\":[{\"@type\":\"Article\",\"@id\":\"https:\/\/www.notibras.com\/site\/volei-vence-a-alemanha-e-garante-vaga-nas-finais-do-gran-prix-feminino\/#article\",\"isPartOf\":{\"@id\":\"https:\/\/www.notibras.com\/site\/volei-vence-a-alemanha-e-garante-vaga-nas-finais-do-gran-prix-feminino\/\"},\"author\":{\"name\":\"Reda\u00e7\u00e3o\",\"@id\":\"https:\/\/www.notibras.com\/site\/#\/schema\/person\/36ab0979449956132d3e5b517ea76ac8\"},\"headline\":\"V\u00f4lei vence a Alemanha e garante vaga nas finais do Gran Prix\",\"datePublished\":\"2015-07-12T15:43:02+00:00\",\"dateModified\":\"2015-07-12T21:04:44+00:00\",\"mainEntityOfPage\":{\"@id\":\"https:\/\/www.notibras.com\/site\/volei-vence-a-alemanha-e-garante-vaga-nas-finais-do-gran-prix-feminino\/\"},\"wordCount\":380,\"commentCount\":0,\"publisher\":{\"@id\":\"https:\/\/www.notibras.com\/site\/#organization\"},\"image\":{\"@id\":\"https:\/\/www.notibras.com\/site\/volei-vence-a-alemanha-e-garante-vaga-nas-finais-do-gran-prix-feminino\/#primaryimage\"},\"thumbnailUrl\":\"https:\/\/www.notibras.com\/site\/wp-content\/uploads\/2015\/07\/vo12.jpg\",\"articleSection\":[\"Esportes\",\"V\u00f4lei\"],\"inLanguage\":\"pt-BR\",\"potentialAction\":[{\"@type\":\"CommentAction\",\"name\":\"Comment\",\"target\":[\"https:\/\/www.notibras.com\/site\/volei-vence-a-alemanha-e-garante-vaga-nas-finais-do-gran-prix-feminino\/#respond\"]}]},{\"@type\":\"WebPage\",\"@id\":\"https:\/\/www.notibras.com\/site\/volei-vence-a-alemanha-e-garante-vaga-nas-finais-do-gran-prix-feminino\/\",\"url\":\"https:\/\/www.notibras.com\/site\/volei-vence-a-alemanha-e-garante-vaga-nas-finais-do-gran-prix-feminino\/\",\"name\":\"V\u00f4lei vence a Alemanha e garante vaga nas finais do Gran Prix - Notibras\",\"isPartOf\":{\"@id\":\"https:\/\/www.notibras.com\/site\/#website\"},\"primaryImageOfPage\":{\"@id\":\"https:\/\/www.notibras.com\/site\/volei-vence-a-alemanha-e-garante-vaga-nas-finais-do-gran-prix-feminino\/#primaryimage\"},\"image\":{\"@id\":\"https:\/\/www.notibras.com\/site\/volei-vence-a-alemanha-e-garante-vaga-nas-finais-do-gran-prix-feminino\/#primaryimage\"},\"thumbnailUrl\":\"https:\/\/www.notibras.com\/site\/wp-content\/uploads\/2015\/07\/vo12.jpg\",\"datePublished\":\"2015-07-12T15:43:02+00:00\",\"dateModified\":\"2015-07-12T21:04:44+00:00\",\"breadcrumb\":{\"@id\":\"https:\/\/www.notibras.com\/site\/volei-vence-a-alemanha-e-garante-vaga-nas-finais-do-gran-prix-feminino\/#breadcrumb\"},\"inLanguage\":\"pt-BR\",\"potentialAction\":[{\"@type\":\"ReadAction\",\"target\":[\"https:\/\/www.notibras.com\/site\/volei-vence-a-alemanha-e-garante-vaga-nas-finais-do-gran-prix-feminino\/\"]}]},{\"@type\":\"ImageObject\",\"inLanguage\":\"pt-BR\",\"@id\":\"https:\/\/www.notibras.com\/site\/volei-vence-a-alemanha-e-garante-vaga-nas-finais-do-gran-prix-feminino\/#primaryimage\",\"url\":\"https:\/\/www.notibras.com\/site\/wp-content\/uploads\/2015\/07\/vo12.jpg\",\"contentUrl\":\"https:\/\/www.notibras.com\/site\/wp-content\/uploads\/2015\/07\/vo12.jpg\",\"width\":615,\"height\":300},{\"@type\":\"BreadcrumbList\",\"@id\":\"https:\/\/www.notibras.com\/site\/volei-vence-a-alemanha-e-garante-vaga-nas-finais-do-gran-prix-feminino\/#breadcrumb\",\"itemListElement\":[{\"@type\":\"ListItem\",\"position\":1,\"name\":\"In\u00edcio\",\"item\":\"https:\/\/www.notibras.com\/site\/\"},{\"@type\":\"ListItem\",\"position\":2,\"name\":\"V\u00f4lei vence a Alemanha e garante vaga nas finais do Gran Prix\"}]},{\"@type\":\"WebSite\",\"@id\":\"https:\/\/www.notibras.com\/site\/#website\",\"url\":\"https:\/\/www.notibras.com\/site\/\",\"name\":\"Notibras\",\"description\":\"Not\u00edcias de Bras\u00edlia, do Brasil e do Mundo\",\"publisher\":{\"@id\":\"https:\/\/www.notibras.com\/site\/#organization\"},\"potentialAction\":[{\"@type\":\"SearchAction\",\"target\":{\"@type\":\"EntryPoint\",\"urlTemplate\":\"https:\/\/www.notibras.com\/site\/?s={search_term_string}\"},\"query-input\":{\"@type\":\"PropertyValueSpecification\",\"valueRequired\":true,\"valueName\":\"search_term_string\"}}],\"inLanguage\":\"pt-BR\"},{\"@type\":\"Organization\",\"@id\":\"https:\/\/www.notibras.com\/site\/#organization\",\"name\":\"Grupo Notibras de Comunica\u00e7\u00e3o\",\"url\":\"https:\/\/www.notibras.com\/site\/\",\"logo\":{\"@type\":\"ImageObject\",\"inLanguage\":\"pt-BR\",\"@id\":\"https:\/\/www.notibras.com\/site\/#\/schema\/logo\/image\/\",\"url\":\"https:\/\/www.notibras.com\/site\/wp-content\/uploads\/2023\/01\/notibras23.png\",\"contentUrl\":\"https:\/\/www.notibras.com\/site\/wp-content\/uploads\/2023\/01\/notibras23.png\",\"width\":350,\"height\":87,\"caption\":\"Grupo Notibras de Comunica\u00e7\u00e3o\"},\"image\":{\"@id\":\"https:\/\/www.notibras.com\/site\/#\/schema\/logo\/image\/\"},\"sameAs\":[\"https:\/\/www.facebook.com\/notibras\/\",\"https:\/\/x.com\/Notibras\",\"https:\/\/www.instagram.com\/notibras\/\"]},{\"@type\":\"Person\",\"@id\":\"https:\/\/www.notibras.com\/site\/#\/schema\/person\/36ab0979449956132d3e5b517ea76ac8\",\"name\":\"Reda\u00e7\u00e3o\",\"image\":{\"@type\":\"ImageObject\",\"inLanguage\":\"pt-BR\",\"@id\":\"https:\/\/secure.gravatar.com\/avatar\/e0a867bdedb85fd243eadf09663511f96fc81e0720a4a42581f334ad4303aa6b?s=96&d=mm&r=g\",\"url\":\"https:\/\/secure.gravatar.com\/avatar\/e0a867bdedb85fd243eadf09663511f96fc81e0720a4a42581f334ad4303aa6b?s=96&d=mm&r=g\",\"contentUrl\":\"https:\/\/secure.gravatar.com\/avatar\/e0a867bdedb85fd243eadf09663511f96fc81e0720a4a42581f334ad4303aa6b?s=96&d=mm&r=g\",\"caption\":\"Reda\u00e7\u00e3o\"}}]}<\/script>\n<!-- \/ Yoast SEO plugin. -->","yoast_head_json":{"title":"V\u00f4lei vence a Alemanha e garante vaga nas finais do Gran Prix - Notibras","robots":{"index":"index","follow":"follow","max-snippet":"max-snippet:-1","max-image-preview":"max-image-preview:large","max-video-preview":"max-video-preview:-1"},"canonical":"https:\/\/www.notibras.com\/site\/volei-vence-a-alemanha-e-garante-vaga-nas-finais-do-gran-prix-feminino\/","og_locale":"pt_BR","og_type":"article","og_title":"V\u00f4lei vence a Alemanha e garante vaga nas finais do Gran Prix - Notibras","og_description":"A sele\u00e7\u00e3o brasileira de v\u00f4lei venceu mais uma na etapa de classifica\u00e7\u00e3o do Gran Prix. Desta vez, a equipe de Jos\u00e9 Roberto Guimar\u00e3es superou a Alemanha por 3 sets a 0 (26\/24, 25\/22 e 26\/24), neste domingo, no Gin\u00e1sio Ibirapuera, em S\u00e3o Paulo. Com este triunfo, o Brasil chegou a 18 pontos no Grupo 1 [&hellip;]","og_url":"https:\/\/www.notibras.com\/site\/volei-vence-a-alemanha-e-garante-vaga-nas-finais-do-gran-prix-feminino\/","og_site_name":"Notibras","article_publisher":"https:\/\/www.facebook.com\/notibras\/","article_published_time":"2015-07-12T15:43:02+00:00","article_modified_time":"2015-07-12T21:04:44+00:00","og_image":[{"width":615,"height":300,"url":"https:\/\/www.notibras.com\/site\/wp-content\/uploads\/2015\/07\/vo12.jpg","type":"image\/jpeg"}],"author":"Reda\u00e7\u00e3o","twitter_card":"summary_large_image","twitter_creator":"@Notibras","twitter_site":"@Notibras","twitter_misc":{"Escrito por":"Reda\u00e7\u00e3o","Est. tempo de leitura":"2 minutos"},"schema":{"@context":"https:\/\/schema.org","@graph":[{"@type":"Article","@id":"https:\/\/www.notibras.com\/site\/volei-vence-a-alemanha-e-garante-vaga-nas-finais-do-gran-prix-feminino\/#article","isPartOf":{"@id":"https:\/\/www.notibras.com\/site\/volei-vence-a-alemanha-e-garante-vaga-nas-finais-do-gran-prix-feminino\/"},"author":{"name":"Reda\u00e7\u00e3o","@id":"https:\/\/www.notibras.com\/site\/#\/schema\/person\/36ab0979449956132d3e5b517ea76ac8"},"headline":"V\u00f4lei vence a Alemanha e garante vaga nas finais do Gran Prix","datePublished":"2015-07-12T15:43:02+00:00","dateModified":"2015-07-12T21:04:44+00:00","mainEntityOfPage":{"@id":"https:\/\/www.notibras.com\/site\/volei-vence-a-alemanha-e-garante-vaga-nas-finais-do-gran-prix-feminino\/"},"wordCount":380,"commentCount":0,"publisher":{"@id":"https:\/\/www.notibras.com\/site\/#organization"},"image":{"@id":"https:\/\/www.notibras.com\/site\/volei-vence-a-alemanha-e-garante-vaga-nas-finais-do-gran-prix-feminino\/#primaryimage"},"thumbnailUrl":"https:\/\/www.notibras.com\/site\/wp-content\/uploads\/2015\/07\/vo12.jpg","articleSection":["Esportes","V\u00f4lei"],"inLanguage":"pt-BR","potentialAction":[{"@type":"CommentAction","name":"Comment","target":["https:\/\/www.notibras.com\/site\/volei-vence-a-alemanha-e-garante-vaga-nas-finais-do-gran-prix-feminino\/#respond"]}]},{"@type":"WebPage","@id":"https:\/\/www.notibras.com\/site\/volei-vence-a-alemanha-e-garante-vaga-nas-finais-do-gran-prix-feminino\/","url":"https:\/\/www.notibras.com\/site\/volei-vence-a-alemanha-e-garante-vaga-nas-finais-do-gran-prix-feminino\/","name":"V\u00f4lei vence a Alemanha e garante vaga nas finais do Gran Prix - Notibras","isPartOf":{"@id":"https:\/\/www.notibras.com\/site\/#website"},"primaryImageOfPage":{"@id":"https:\/\/www.notibras.com\/site\/volei-vence-a-alemanha-e-garante-vaga-nas-finais-do-gran-prix-feminino\/#primaryimage"},"image":{"@id":"https:\/\/www.notibras.com\/site\/volei-vence-a-alemanha-e-garante-vaga-nas-finais-do-gran-prix-feminino\/#primaryimage"},"thumbnailUrl":"https:\/\/www.notibras.com\/site\/wp-content\/uploads\/2015\/07\/vo12.jpg","datePublished":"2015-07-12T15:43:02+00:00","dateModified":"2015-07-12T21:04:44+00:00","breadcrumb":{"@id":"https:\/\/www.notibras.com\/site\/volei-vence-a-alemanha-e-garante-vaga-nas-finais-do-gran-prix-feminino\/#breadcrumb"},"inLanguage":"pt-BR","potentialAction":[{"@type":"ReadAction","target":["https:\/\/www.notibras.com\/site\/volei-vence-a-alemanha-e-garante-vaga-nas-finais-do-gran-prix-feminino\/"]}]},{"@type":"ImageObject","inLanguage":"pt-BR","@id":"https:\/\/www.notibras.com\/site\/volei-vence-a-alemanha-e-garante-vaga-nas-finais-do-gran-prix-feminino\/#primaryimage","url":"https:\/\/www.notibras.com\/site\/wp-content\/uploads\/2015\/07\/vo12.jpg","contentUrl":"https:\/\/www.notibras.com\/site\/wp-content\/uploads\/2015\/07\/vo12.jpg","width":615,"height":300},{"@type":"BreadcrumbList","@id":"https:\/\/www.notibras.com\/site\/volei-vence-a-alemanha-e-garante-vaga-nas-finais-do-gran-prix-feminino\/#breadcrumb","itemListElement":[{"@type":"ListItem","position":1,"name":"In\u00edcio","item":"https:\/\/www.notibras.com\/site\/"},{"@type":"ListItem","position":2,"name":"V\u00f4lei vence a Alemanha e garante vaga nas finais do Gran Prix"}]},{"@type":"WebSite","@id":"https:\/\/www.notibras.com\/site\/#website","url":"https:\/\/www.notibras.com\/site\/","name":"Notibras","description":"Not\u00edcias de Bras\u00edlia, do Brasil e do Mundo","publisher":{"@id":"https:\/\/www.notibras.com\/site\/#organization"},"potentialAction":[{"@type":"SearchAction","target":{"@type":"EntryPoint","urlTemplate":"https:\/\/www.notibras.com\/site\/?s={search_term_string}"},"query-input":{"@type":"PropertyValueSpecification","valueRequired":true,"valueName":"search_term_string"}}],"inLanguage":"pt-BR"},{"@type":"Organization","@id":"https:\/\/www.notibras.com\/site\/#organization","name":"Grupo Notibras de Comunica\u00e7\u00e3o","url":"https:\/\/www.notibras.com\/site\/","logo":{"@type":"ImageObject","inLanguage":"pt-BR","@id":"https:\/\/www.notibras.com\/site\/#\/schema\/logo\/image\/","url":"https:\/\/www.notibras.com\/site\/wp-content\/uploads\/2023\/01\/notibras23.png","contentUrl":"https:\/\/www.notibras.com\/site\/wp-content\/uploads\/2023\/01\/notibras23.png","width":350,"height":87,"caption":"Grupo Notibras de Comunica\u00e7\u00e3o"},"image":{"@id":"https:\/\/www.notibras.com\/site\/#\/schema\/logo\/image\/"},"sameAs":["https:\/\/www.facebook.com\/notibras\/","https:\/\/x.com\/Notibras","https:\/\/www.instagram.com\/notibras\/"]},{"@type":"Person","@id":"https:\/\/www.notibras.com\/site\/#\/schema\/person\/36ab0979449956132d3e5b517ea76ac8","name":"Reda\u00e7\u00e3o","image":{"@type":"ImageObject","inLanguage":"pt-BR","@id":"https:\/\/secure.gravatar.com\/avatar\/e0a867bdedb85fd243eadf09663511f96fc81e0720a4a42581f334ad4303aa6b?s=96&d=mm&r=g","url":"https:\/\/secure.gravatar.com\/avatar\/e0a867bdedb85fd243eadf09663511f96fc81e0720a4a42581f334ad4303aa6b?s=96&d=mm&r=g","contentUrl":"https:\/\/secure.gravatar.com\/avatar\/e0a867bdedb85fd243eadf09663511f96fc81e0720a4a42581f334ad4303aa6b?s=96&d=mm&r=g","caption":"Reda\u00e7\u00e3o"}}]}},"amp_enabled":true,"_links":{"self":[{"href":"https:\/\/www.notibras.com\/site\/wp-json\/wp\/v2\/posts\/57323","targetHints":{"allow":["GET"]}}],"collection":[{"href":"https:\/\/www.notibras.com\/site\/wp-json\/wp\/v2\/posts"}],"about":[{"href":"https:\/\/www.notibras.com\/site\/wp-json\/wp\/v2\/types\/post"}],"author":[{"embeddable":true,"href":"https:\/\/www.notibras.com\/site\/wp-json\/wp\/v2\/users\/2"}],"replies":[{"embeddable":true,"href":"https:\/\/www.notibras.com\/site\/wp-json\/wp\/v2\/comments?post=57323"}],"version-history":[{"count":0,"href":"https:\/\/www.notibras.com\/site\/wp-json\/wp\/v2\/posts\/57323\/revisions"}],"wp:featuredmedia":[{"embeddable":true,"href":"https:\/\/www.notibras.com\/site\/wp-json\/wp\/v2\/media\/57324"}],"wp:attachment":[{"href":"https:\/\/www.notibras.com\/site\/wp-json\/wp\/v2\/media?parent=57323"}],"wp:term":[{"taxonomy":"category","embeddable":true,"href":"https:\/\/www.notibras.com\/site\/wp-json\/wp\/v2\/categories?post=57323"},{"taxonomy":"post_tag","embeddable":true,"href":"https:\/\/www.notibras.com\/site\/wp-json\/wp\/v2\/tags?post=57323"}],"curies":[{"name":"wp","href":"https:\/\/api.w.org\/{rel}","templated":true}]}}