{"id":57359,"date":"2015-07-12T18:13:29","date_gmt":"2015-07-12T21:13:29","guid":{"rendered":"http:\/\/www.notibras.com\/site\/?p=57359"},"modified":"2015-07-12T18:13:29","modified_gmt":"2015-07-12T21:13:29","slug":"estrela-e-cabeca-de-fred-colocam-fluminense-na-vice-lideranca","status":"publish","type":"post","link":"https:\/\/www.notibras.com\/site\/estrela-e-cabeca-de-fred-colocam-fluminense-na-vice-lideranca\/","title":{"rendered":"Estrela e cabe\u00e7a de Fred colocam Fluminense na vice-lideran\u00e7a"},"content":{"rendered":"<p>A estrela de Fred brilhou quando Fluminense e Atl\u00e9tico-PR se encaminhavam para um empate em 1 a 1, na tarde deste domingo, na Arena da Baixada. Foi a\u00ed que o camisa 9, em seu melhor estilo oportunista, cabeceou e balan\u00e7ou a rede do Furac\u00e3o, colocando o Tricolor na vice-lideran\u00e7a do Campeonato Brasileiro.<\/p>\n<p>O jogador j\u00e1 havia se destacado no primeiro gol, quando deu uma bela assist\u00eancia para o jovem meia Gustavo Scarpa marcar.<\/p>\n<p>Este foi o quinto tento de Fred no Campeonato Brasileiro. O atacante j\u00e1 havia se tornado artilheiro do Campeonato Carioca no in\u00edcio da temporada.\u00a0Com o resultado, o Atl\u00e9tico-PR, que j\u00e1 chegou a ser l\u00edder, ficou na oitava coloca\u00e7\u00e3o.<\/p>\n<blockquote><p>O Atl\u00e9tico-PR n\u00e3o fez valer a press\u00e3o imposta por sua torcida e, com dificuldade de se desvencilhar da marca\u00e7\u00e3o do Fluminense, pouco criou no primeiro tempo. Bem organizado dentro de campo, foi o Tricolor quem teve as melhores oportunidades. A melhor delas aconteceu num belo chute de Fred, de primeira, que o goleiro Weverton fez uma bela defesa. Muito bem cercado, o atacante Walter s\u00f3 teve uma chance, onde chutou sem perigo para Diego Cavalieri.<\/p><\/blockquote>\n<p>Na etapa final, o Fluminense voltou ligado e chegou ao seu gol logo no in\u00edcio, quando Fred deu uma bela assist\u00eancia para o jovem Gustavo Scarpa, que teve frieza na hora de finalizar. O Atl\u00e9tico-PR, por\u00e9m, n\u00e3o se intimidou com a adversidade no placar e passou a pressionar. De tanto martelar, o Furac\u00e3o conseguiu o empate ap\u00f3s jogada individual de Walter na linha de fundo, que deu um cruzamento excepcional para Sidcley s\u00f3 encostar a cabe\u00e7a na bola. No entanto, quando todos acreditavam no empate, Fred, no apagar das luzes, fez o gol da vit\u00f3ria tricolor.<\/p>\n","protected":false},"excerpt":{"rendered":"<p>A estrela de Fred brilhou quando Fluminense e Atl\u00e9tico-PR se encaminhavam para um empate em 1 a 1, na tarde deste domingo, na Arena da Baixada. Foi a\u00ed que o camisa 9, em seu melhor estilo oportunista, cabeceou e balan\u00e7ou a rede do Furac\u00e3o, colocando o Tricolor na vice-lideran\u00e7a do Campeonato Brasileiro. O jogador j\u00e1 [&hellip;]<\/p>\n","protected":false},"author":2,"featured_media":57360,"comment_status":"open","ping_status":"closed","sticky":false,"template":"","format":"standard","meta":{"_acf_changed":false,"footnotes":""},"categories":[19,29],"tags":[],"class_list":["post-57359","post","type-post","status-publish","format-standard","has-post-thumbnail","hentry","category-esportes","category-futebol"],"acf":[],"yoast_head":"<!-- This site is optimized with the Yoast SEO plugin v27.2 - https:\/\/yoast.com\/product\/yoast-seo-wordpress\/ -->\n<title>Estrela e cabe\u00e7a de Fred colocam Fluminense na vice-lideran\u00e7a - Notibras<\/title>\n<meta name=\"robots\" content=\"index, follow, max-snippet:-1, max-image-preview:large, max-video-preview:-1\" \/>\n<link rel=\"canonical\" href=\"https:\/\/www.notibras.com\/site\/estrela-e-cabeca-de-fred-colocam-fluminense-na-vice-lideranca\/\" \/>\n<meta property=\"og:locale\" content=\"pt_BR\" \/>\n<meta property=\"og:type\" content=\"article\" \/>\n<meta property=\"og:title\" content=\"Estrela e cabe\u00e7a de Fred colocam Fluminense na vice-lideran\u00e7a - Notibras\" \/>\n<meta property=\"og:description\" content=\"A estrela de Fred brilhou quando Fluminense e Atl\u00e9tico-PR se encaminhavam para um empate em 1 a 1, na tarde deste domingo, na Arena da Baixada. Foi a\u00ed que o camisa 9, em seu melhor estilo oportunista, cabeceou e balan\u00e7ou a rede do Furac\u00e3o, colocando o Tricolor na vice-lideran\u00e7a do Campeonato Brasileiro. O jogador j\u00e1 [&hellip;]\" \/>\n<meta property=\"og:url\" content=\"https:\/\/www.notibras.com\/site\/estrela-e-cabeca-de-fred-colocam-fluminense-na-vice-lideranca\/\" \/>\n<meta property=\"og:site_name\" content=\"Notibras\" \/>\n<meta property=\"article:publisher\" content=\"https:\/\/www.facebook.com\/notibras\/\" \/>\n<meta property=\"article:published_time\" content=\"2015-07-12T21:13:29+00:00\" \/>\n<meta property=\"og:image\" content=\"https:\/\/www.notibras.com\/site\/wp-content\/uploads\/2015\/07\/fredatleticoprxfluminensenelsonperezfluminensefc.jpg\" \/>\n\t<meta property=\"og:image:width\" content=\"940\" \/>\n\t<meta property=\"og:image:height\" content=\"545\" \/>\n\t<meta property=\"og:image:type\" content=\"image\/jpeg\" \/>\n<meta name=\"author\" content=\"Reda\u00e7\u00e3o\" \/>\n<meta name=\"twitter:card\" content=\"summary_large_image\" \/>\n<meta name=\"twitter:creator\" content=\"@Notibras\" \/>\n<meta name=\"twitter:site\" content=\"@Notibras\" \/>\n<meta name=\"twitter:label1\" content=\"Escrito por\" \/>\n\t<meta name=\"twitter:data1\" content=\"Reda\u00e7\u00e3o\" \/>\n\t<meta name=\"twitter:label2\" content=\"Est. tempo de leitura\" \/>\n\t<meta name=\"twitter:data2\" content=\"2 minutos\" \/>\n<script type=\"application\/ld+json\" class=\"yoast-schema-graph\">{\"@context\":\"https:\/\/schema.org\",\"@graph\":[{\"@type\":\"Article\",\"@id\":\"https:\/\/www.notibras.com\/site\/estrela-e-cabeca-de-fred-colocam-fluminense-na-vice-lideranca\/#article\",\"isPartOf\":{\"@id\":\"https:\/\/www.notibras.com\/site\/estrela-e-cabeca-de-fred-colocam-fluminense-na-vice-lideranca\/\"},\"author\":{\"name\":\"Reda\u00e7\u00e3o\",\"@id\":\"https:\/\/www.notibras.com\/site\/#\/schema\/person\/36ab0979449956132d3e5b517ea76ac8\"},\"headline\":\"Estrela e cabe\u00e7a de Fred colocam Fluminense na vice-lideran\u00e7a\",\"datePublished\":\"2015-07-12T21:13:29+00:00\",\"mainEntityOfPage\":{\"@id\":\"https:\/\/www.notibras.com\/site\/estrela-e-cabeca-de-fred-colocam-fluminense-na-vice-lideranca\/\"},\"wordCount\":313,\"commentCount\":0,\"publisher\":{\"@id\":\"https:\/\/www.notibras.com\/site\/#organization\"},\"image\":{\"@id\":\"https:\/\/www.notibras.com\/site\/estrela-e-cabeca-de-fred-colocam-fluminense-na-vice-lideranca\/#primaryimage\"},\"thumbnailUrl\":\"https:\/\/www.notibras.com\/site\/wp-content\/uploads\/2015\/07\/fredatleticoprxfluminensenelsonperezfluminensefc.jpg\",\"articleSection\":[\"Esportes\",\"Futebol\"],\"inLanguage\":\"pt-BR\",\"potentialAction\":[{\"@type\":\"CommentAction\",\"name\":\"Comment\",\"target\":[\"https:\/\/www.notibras.com\/site\/estrela-e-cabeca-de-fred-colocam-fluminense-na-vice-lideranca\/#respond\"]}]},{\"@type\":\"WebPage\",\"@id\":\"https:\/\/www.notibras.com\/site\/estrela-e-cabeca-de-fred-colocam-fluminense-na-vice-lideranca\/\",\"url\":\"https:\/\/www.notibras.com\/site\/estrela-e-cabeca-de-fred-colocam-fluminense-na-vice-lideranca\/\",\"name\":\"Estrela e cabe\u00e7a de Fred colocam Fluminense na vice-lideran\u00e7a - Notibras\",\"isPartOf\":{\"@id\":\"https:\/\/www.notibras.com\/site\/#website\"},\"primaryImageOfPage\":{\"@id\":\"https:\/\/www.notibras.com\/site\/estrela-e-cabeca-de-fred-colocam-fluminense-na-vice-lideranca\/#primaryimage\"},\"image\":{\"@id\":\"https:\/\/www.notibras.com\/site\/estrela-e-cabeca-de-fred-colocam-fluminense-na-vice-lideranca\/#primaryimage\"},\"thumbnailUrl\":\"https:\/\/www.notibras.com\/site\/wp-content\/uploads\/2015\/07\/fredatleticoprxfluminensenelsonperezfluminensefc.jpg\",\"datePublished\":\"2015-07-12T21:13:29+00:00\",\"breadcrumb\":{\"@id\":\"https:\/\/www.notibras.com\/site\/estrela-e-cabeca-de-fred-colocam-fluminense-na-vice-lideranca\/#breadcrumb\"},\"inLanguage\":\"pt-BR\",\"potentialAction\":[{\"@type\":\"ReadAction\",\"target\":[\"https:\/\/www.notibras.com\/site\/estrela-e-cabeca-de-fred-colocam-fluminense-na-vice-lideranca\/\"]}]},{\"@type\":\"ImageObject\",\"inLanguage\":\"pt-BR\",\"@id\":\"https:\/\/www.notibras.com\/site\/estrela-e-cabeca-de-fred-colocam-fluminense-na-vice-lideranca\/#primaryimage\",\"url\":\"https:\/\/www.notibras.com\/site\/wp-content\/uploads\/2015\/07\/fredatleticoprxfluminensenelsonperezfluminensefc.jpg\",\"contentUrl\":\"https:\/\/www.notibras.com\/site\/wp-content\/uploads\/2015\/07\/fredatleticoprxfluminensenelsonperezfluminensefc.jpg\",\"width\":940,\"height\":545},{\"@type\":\"BreadcrumbList\",\"@id\":\"https:\/\/www.notibras.com\/site\/estrela-e-cabeca-de-fred-colocam-fluminense-na-vice-lideranca\/#breadcrumb\",\"itemListElement\":[{\"@type\":\"ListItem\",\"position\":1,\"name\":\"In\u00edcio\",\"item\":\"https:\/\/www.notibras.com\/site\/\"},{\"@type\":\"ListItem\",\"position\":2,\"name\":\"Estrela e cabe\u00e7a de Fred colocam Fluminense na vice-lideran\u00e7a\"}]},{\"@type\":\"WebSite\",\"@id\":\"https:\/\/www.notibras.com\/site\/#website\",\"url\":\"https:\/\/www.notibras.com\/site\/\",\"name\":\"Notibras\",\"description\":\"Not\u00edcias de Bras\u00edlia, do Brasil e do Mundo\",\"publisher\":{\"@id\":\"https:\/\/www.notibras.com\/site\/#organization\"},\"potentialAction\":[{\"@type\":\"SearchAction\",\"target\":{\"@type\":\"EntryPoint\",\"urlTemplate\":\"https:\/\/www.notibras.com\/site\/?s={search_term_string}\"},\"query-input\":{\"@type\":\"PropertyValueSpecification\",\"valueRequired\":true,\"valueName\":\"search_term_string\"}}],\"inLanguage\":\"pt-BR\"},{\"@type\":\"Organization\",\"@id\":\"https:\/\/www.notibras.com\/site\/#organization\",\"name\":\"Grupo Notibras de Comunica\u00e7\u00e3o\",\"url\":\"https:\/\/www.notibras.com\/site\/\",\"logo\":{\"@type\":\"ImageObject\",\"inLanguage\":\"pt-BR\",\"@id\":\"https:\/\/www.notibras.com\/site\/#\/schema\/logo\/image\/\",\"url\":\"https:\/\/www.notibras.com\/site\/wp-content\/uploads\/2023\/01\/notibras23.png\",\"contentUrl\":\"https:\/\/www.notibras.com\/site\/wp-content\/uploads\/2023\/01\/notibras23.png\",\"width\":350,\"height\":87,\"caption\":\"Grupo Notibras de Comunica\u00e7\u00e3o\"},\"image\":{\"@id\":\"https:\/\/www.notibras.com\/site\/#\/schema\/logo\/image\/\"},\"sameAs\":[\"https:\/\/www.facebook.com\/notibras\/\",\"https:\/\/x.com\/Notibras\",\"https:\/\/www.instagram.com\/notibras\/\"]},{\"@type\":\"Person\",\"@id\":\"https:\/\/www.notibras.com\/site\/#\/schema\/person\/36ab0979449956132d3e5b517ea76ac8\",\"name\":\"Reda\u00e7\u00e3o\",\"image\":{\"@type\":\"ImageObject\",\"inLanguage\":\"pt-BR\",\"@id\":\"https:\/\/secure.gravatar.com\/avatar\/e0a867bdedb85fd243eadf09663511f96fc81e0720a4a42581f334ad4303aa6b?s=96&d=mm&r=g\",\"url\":\"https:\/\/secure.gravatar.com\/avatar\/e0a867bdedb85fd243eadf09663511f96fc81e0720a4a42581f334ad4303aa6b?s=96&d=mm&r=g\",\"contentUrl\":\"https:\/\/secure.gravatar.com\/avatar\/e0a867bdedb85fd243eadf09663511f96fc81e0720a4a42581f334ad4303aa6b?s=96&d=mm&r=g\",\"caption\":\"Reda\u00e7\u00e3o\"}}]}<\/script>\n<!-- \/ Yoast SEO plugin. -->","yoast_head_json":{"title":"Estrela e cabe\u00e7a de Fred colocam Fluminense na vice-lideran\u00e7a - Notibras","robots":{"index":"index","follow":"follow","max-snippet":"max-snippet:-1","max-image-preview":"max-image-preview:large","max-video-preview":"max-video-preview:-1"},"canonical":"https:\/\/www.notibras.com\/site\/estrela-e-cabeca-de-fred-colocam-fluminense-na-vice-lideranca\/","og_locale":"pt_BR","og_type":"article","og_title":"Estrela e cabe\u00e7a de Fred colocam Fluminense na vice-lideran\u00e7a - Notibras","og_description":"A estrela de Fred brilhou quando Fluminense e Atl\u00e9tico-PR se encaminhavam para um empate em 1 a 1, na tarde deste domingo, na Arena da Baixada. Foi a\u00ed que o camisa 9, em seu melhor estilo oportunista, cabeceou e balan\u00e7ou a rede do Furac\u00e3o, colocando o Tricolor na vice-lideran\u00e7a do Campeonato Brasileiro. O jogador j\u00e1 [&hellip;]","og_url":"https:\/\/www.notibras.com\/site\/estrela-e-cabeca-de-fred-colocam-fluminense-na-vice-lideranca\/","og_site_name":"Notibras","article_publisher":"https:\/\/www.facebook.com\/notibras\/","article_published_time":"2015-07-12T21:13:29+00:00","og_image":[{"width":940,"height":545,"url":"https:\/\/www.notibras.com\/site\/wp-content\/uploads\/2015\/07\/fredatleticoprxfluminensenelsonperezfluminensefc.jpg","type":"image\/jpeg"}],"author":"Reda\u00e7\u00e3o","twitter_card":"summary_large_image","twitter_creator":"@Notibras","twitter_site":"@Notibras","twitter_misc":{"Escrito por":"Reda\u00e7\u00e3o","Est. tempo de leitura":"2 minutos"},"schema":{"@context":"https:\/\/schema.org","@graph":[{"@type":"Article","@id":"https:\/\/www.notibras.com\/site\/estrela-e-cabeca-de-fred-colocam-fluminense-na-vice-lideranca\/#article","isPartOf":{"@id":"https:\/\/www.notibras.com\/site\/estrela-e-cabeca-de-fred-colocam-fluminense-na-vice-lideranca\/"},"author":{"name":"Reda\u00e7\u00e3o","@id":"https:\/\/www.notibras.com\/site\/#\/schema\/person\/36ab0979449956132d3e5b517ea76ac8"},"headline":"Estrela e cabe\u00e7a de Fred colocam Fluminense na vice-lideran\u00e7a","datePublished":"2015-07-12T21:13:29+00:00","mainEntityOfPage":{"@id":"https:\/\/www.notibras.com\/site\/estrela-e-cabeca-de-fred-colocam-fluminense-na-vice-lideranca\/"},"wordCount":313,"commentCount":0,"publisher":{"@id":"https:\/\/www.notibras.com\/site\/#organization"},"image":{"@id":"https:\/\/www.notibras.com\/site\/estrela-e-cabeca-de-fred-colocam-fluminense-na-vice-lideranca\/#primaryimage"},"thumbnailUrl":"https:\/\/www.notibras.com\/site\/wp-content\/uploads\/2015\/07\/fredatleticoprxfluminensenelsonperezfluminensefc.jpg","articleSection":["Esportes","Futebol"],"inLanguage":"pt-BR","potentialAction":[{"@type":"CommentAction","name":"Comment","target":["https:\/\/www.notibras.com\/site\/estrela-e-cabeca-de-fred-colocam-fluminense-na-vice-lideranca\/#respond"]}]},{"@type":"WebPage","@id":"https:\/\/www.notibras.com\/site\/estrela-e-cabeca-de-fred-colocam-fluminense-na-vice-lideranca\/","url":"https:\/\/www.notibras.com\/site\/estrela-e-cabeca-de-fred-colocam-fluminense-na-vice-lideranca\/","name":"Estrela e cabe\u00e7a de Fred colocam Fluminense na vice-lideran\u00e7a - Notibras","isPartOf":{"@id":"https:\/\/www.notibras.com\/site\/#website"},"primaryImageOfPage":{"@id":"https:\/\/www.notibras.com\/site\/estrela-e-cabeca-de-fred-colocam-fluminense-na-vice-lideranca\/#primaryimage"},"image":{"@id":"https:\/\/www.notibras.com\/site\/estrela-e-cabeca-de-fred-colocam-fluminense-na-vice-lideranca\/#primaryimage"},"thumbnailUrl":"https:\/\/www.notibras.com\/site\/wp-content\/uploads\/2015\/07\/fredatleticoprxfluminensenelsonperezfluminensefc.jpg","datePublished":"2015-07-12T21:13:29+00:00","breadcrumb":{"@id":"https:\/\/www.notibras.com\/site\/estrela-e-cabeca-de-fred-colocam-fluminense-na-vice-lideranca\/#breadcrumb"},"inLanguage":"pt-BR","potentialAction":[{"@type":"ReadAction","target":["https:\/\/www.notibras.com\/site\/estrela-e-cabeca-de-fred-colocam-fluminense-na-vice-lideranca\/"]}]},{"@type":"ImageObject","inLanguage":"pt-BR","@id":"https:\/\/www.notibras.com\/site\/estrela-e-cabeca-de-fred-colocam-fluminense-na-vice-lideranca\/#primaryimage","url":"https:\/\/www.notibras.com\/site\/wp-content\/uploads\/2015\/07\/fredatleticoprxfluminensenelsonperezfluminensefc.jpg","contentUrl":"https:\/\/www.notibras.com\/site\/wp-content\/uploads\/2015\/07\/fredatleticoprxfluminensenelsonperezfluminensefc.jpg","width":940,"height":545},{"@type":"BreadcrumbList","@id":"https:\/\/www.notibras.com\/site\/estrela-e-cabeca-de-fred-colocam-fluminense-na-vice-lideranca\/#breadcrumb","itemListElement":[{"@type":"ListItem","position":1,"name":"In\u00edcio","item":"https:\/\/www.notibras.com\/site\/"},{"@type":"ListItem","position":2,"name":"Estrela e cabe\u00e7a de Fred colocam Fluminense na vice-lideran\u00e7a"}]},{"@type":"WebSite","@id":"https:\/\/www.notibras.com\/site\/#website","url":"https:\/\/www.notibras.com\/site\/","name":"Notibras","description":"Not\u00edcias de Bras\u00edlia, do Brasil e do Mundo","publisher":{"@id":"https:\/\/www.notibras.com\/site\/#organization"},"potentialAction":[{"@type":"SearchAction","target":{"@type":"EntryPoint","urlTemplate":"https:\/\/www.notibras.com\/site\/?s={search_term_string}"},"query-input":{"@type":"PropertyValueSpecification","valueRequired":true,"valueName":"search_term_string"}}],"inLanguage":"pt-BR"},{"@type":"Organization","@id":"https:\/\/www.notibras.com\/site\/#organization","name":"Grupo Notibras de Comunica\u00e7\u00e3o","url":"https:\/\/www.notibras.com\/site\/","logo":{"@type":"ImageObject","inLanguage":"pt-BR","@id":"https:\/\/www.notibras.com\/site\/#\/schema\/logo\/image\/","url":"https:\/\/www.notibras.com\/site\/wp-content\/uploads\/2023\/01\/notibras23.png","contentUrl":"https:\/\/www.notibras.com\/site\/wp-content\/uploads\/2023\/01\/notibras23.png","width":350,"height":87,"caption":"Grupo Notibras de Comunica\u00e7\u00e3o"},"image":{"@id":"https:\/\/www.notibras.com\/site\/#\/schema\/logo\/image\/"},"sameAs":["https:\/\/www.facebook.com\/notibras\/","https:\/\/x.com\/Notibras","https:\/\/www.instagram.com\/notibras\/"]},{"@type":"Person","@id":"https:\/\/www.notibras.com\/site\/#\/schema\/person\/36ab0979449956132d3e5b517ea76ac8","name":"Reda\u00e7\u00e3o","image":{"@type":"ImageObject","inLanguage":"pt-BR","@id":"https:\/\/secure.gravatar.com\/avatar\/e0a867bdedb85fd243eadf09663511f96fc81e0720a4a42581f334ad4303aa6b?s=96&d=mm&r=g","url":"https:\/\/secure.gravatar.com\/avatar\/e0a867bdedb85fd243eadf09663511f96fc81e0720a4a42581f334ad4303aa6b?s=96&d=mm&r=g","contentUrl":"https:\/\/secure.gravatar.com\/avatar\/e0a867bdedb85fd243eadf09663511f96fc81e0720a4a42581f334ad4303aa6b?s=96&d=mm&r=g","caption":"Reda\u00e7\u00e3o"}}]}},"amp_enabled":true,"_links":{"self":[{"href":"https:\/\/www.notibras.com\/site\/wp-json\/wp\/v2\/posts\/57359","targetHints":{"allow":["GET"]}}],"collection":[{"href":"https:\/\/www.notibras.com\/site\/wp-json\/wp\/v2\/posts"}],"about":[{"href":"https:\/\/www.notibras.com\/site\/wp-json\/wp\/v2\/types\/post"}],"author":[{"embeddable":true,"href":"https:\/\/www.notibras.com\/site\/wp-json\/wp\/v2\/users\/2"}],"replies":[{"embeddable":true,"href":"https:\/\/www.notibras.com\/site\/wp-json\/wp\/v2\/comments?post=57359"}],"version-history":[{"count":0,"href":"https:\/\/www.notibras.com\/site\/wp-json\/wp\/v2\/posts\/57359\/revisions"}],"wp:featuredmedia":[{"embeddable":true,"href":"https:\/\/www.notibras.com\/site\/wp-json\/wp\/v2\/media\/57360"}],"wp:attachment":[{"href":"https:\/\/www.notibras.com\/site\/wp-json\/wp\/v2\/media?parent=57359"}],"wp:term":[{"taxonomy":"category","embeddable":true,"href":"https:\/\/www.notibras.com\/site\/wp-json\/wp\/v2\/categories?post=57359"},{"taxonomy":"post_tag","embeddable":true,"href":"https:\/\/www.notibras.com\/site\/wp-json\/wp\/v2\/tags?post=57359"}],"curies":[{"name":"wp","href":"https:\/\/api.w.org\/{rel}","templated":true}]}}