{"id":57402,"date":"2015-07-13T08:47:45","date_gmt":"2015-07-13T11:47:45","guid":{"rendered":"http:\/\/www.notibras.com\/site\/?p=57402"},"modified":"2015-07-13T08:47:45","modified_gmt":"2015-07-13T11:47:45","slug":"recusa-de-familiares-dificulta-programa-de-doacao-de-orgaos","status":"publish","type":"post","link":"https:\/\/www.notibras.com\/site\/recusa-de-familiares-dificulta-programa-de-doacao-de-orgaos\/","title":{"rendered":"Recusa de familiares dificulta programa de doa\u00e7\u00e3o de \u00f3rg\u00e3os"},"content":{"rendered":"<p>O transplante de um \u00f3rg\u00e3o \u00e9, em muitos casos, a \u00fanica alternativa terap\u00eautica em pacientes portadores de insufici\u00eancia funcional terminal de diferentes \u00f3rg\u00e3os essenciais.<\/p>\n<p>Acredito na doa\u00e7\u00e3o, pois por meio dela somos capazes de salvar vidas e fam\u00edlias, em um ato de generosidade e amor ao pr\u00f3ximo. Defendo a doa\u00e7\u00e3o de \u00f3rg\u00e3os e tudo o que pode ser criado de positivo nesse tipo de cirurgia.<\/p>\n<p>Vejo nosso sistema de forma positiva, nos oferecendo uma estrutura boa, por\u00e9m acredito que muitos pontos ainda precisam ser trabalhados. Precisamos de mais equipes especializadas na atua\u00e7\u00e3o com os potenciais doadores, equipes destinadas somente a isso, parcerias com empresas, entre outros.<\/p>\n<blockquote><p>Em vinte anos de profiss\u00e3o, quando se trabalha na \u00e1rea da sa\u00fade, \u00e9 comum termos que lidar com diferentes dificuldades. E posso afirmar com seguran\u00e7a que um dos principais inimigos do baixo n\u00famero de transplantes de \u00f3rg\u00e3os \u00e9 a recusa familiar.<\/p><\/blockquote>\n<p>A recusa pode estar ligada a falta de informa\u00e7\u00e3o, religi\u00e3o ou a outros dogmas. Defendo veemente a import\u00e2ncia do transplante de \u00f3rg\u00e3os e imponho toda essa defesa no meu projeto &#8220;Setembro Verde&#8221;.<\/p>\n<p>Acredito que devemos orientar desde a \u00e9poca de escola, tanto no ensino p\u00fablico, quanto no privado sobre o que \u00e9 a doa\u00e7\u00e3o de \u00f3rg\u00e3os, como ela pode mudar a vida do transplantado, qual a orienta\u00e7\u00e3o da fam\u00edlia. Precisamos informar essa nova juventude sobre o assunto.<\/p>\n<p>Nosso pa\u00eds realiza 23.500 transplantes por ano, temos o Brasil como o pa\u00eds com o segundo maior programa de transplantes do mundo, perdemos apenas para os Estados Unidos. Ressalto que 95% das cirurgias de transplantes acontecem em hospitais da rede p\u00fablica do SUS.<\/p>\n<p>\u00c9 comum ouvirmos certos questionamentos que indagam &#8220;Se temos toda essa estrutura, por que o nosso n\u00famero de transplantes ainda \u00e9 algo preocupante para a nossa sociedade?&#8221;.<\/p>\n<p>Vejo que o Brasil ainda \u00e9 muito carente de campanhas que falem sobre a doa\u00e7\u00e3o de \u00f3rg\u00e3os. A informa\u00e7\u00e3o \u00e9 algo fundamental para esse assunto, pois com a conscientiza\u00e7\u00e3o em grande escala o transplante deixaria de ser desconhecido, sendo debatido, desmitificando tudo o que existe em volta dele.<\/p>\n<p>Campanhas com foco nesse assunto deveriam ser elaboradas o ano todo. Saber sobre a import\u00e2ncia do transplante \u00e9 quase t\u00e3o fundamental, quanto saber sobre os m\u00e9todos preventivos contra a Aids, por exemplo.<\/p>\n<p>Outro ponto necess\u00e1rio para ser melhorado em nosso pa\u00eds \u00e9 a infraestrutura que possu\u00edmos, principalmente no diagn\u00f3stico da morte cerebral e no tratamento dos potenciais doadores. Precisamos de uma estrutura abaixo dos servi\u00e7os de procura de \u00f3rg\u00e3os e tecidos e acima das comiss\u00f5es intrahospitalares de doa\u00e7\u00e3o de \u00f3rg\u00e3os e transplantes.<\/p>\n<p>Para esse sistema, ter\u00edamos que contar com uma estrutura que engloba desde motoristas a m\u00e9dicos cirurgi\u00f5es, que trabalhassem em todos os prontos socorros e UTIs, \u00fanica e exclusivamente para realizar o diagn\u00f3stico do prov\u00e1vel doador, cuidar do mesmo e fechar o diagn\u00f3stico de morte cerebral.<\/p>\n<p>Nos \u00faltimos anos observou-se no Brasil e em outros pa\u00edses um aumento preocupante da despropor\u00e7\u00e3o entre a demanda de \u00f3rg\u00e3os para transplante e o n\u00famero de procedimentos realizados.<\/p>\n<blockquote><p>Esse quadro fez com que a meta de doa\u00e7\u00e3o do nosso pa\u00eds n\u00e3o fosse atingida em 2014. No primeiro trimestre, 43% das fam\u00edlias abordadas pelas equipes dos hospitais n\u00e3o autorizaram a doa\u00e7\u00e3o. O n\u00famero de doadores notificados caiu 1,4% e o de doadores efetivos 0,8%.<\/p><\/blockquote>\n<p>A mobiliza\u00e7\u00e3o para que essa realidade mude pode ser um divisor de \u00e1guas em transplantes de \u00f3rg\u00e3os no pa\u00eds. E isso significa salvar in\u00fameras vidas, uma causa muito nobre e que n\u00e3o pode ser preterida.<\/p>\n<p><strong>Jos\u00e9 Lima Oliveira Junior<\/strong><\/p>\n","protected":false},"excerpt":{"rendered":"<p>O transplante de um \u00f3rg\u00e3o \u00e9, em muitos casos, a \u00fanica alternativa terap\u00eautica em pacientes portadores de insufici\u00eancia funcional terminal de diferentes \u00f3rg\u00e3os essenciais. Acredito na doa\u00e7\u00e3o, pois por meio dela somos capazes de salvar vidas e fam\u00edlias, em um ato de generosidade e amor ao pr\u00f3ximo. Defendo a doa\u00e7\u00e3o de \u00f3rg\u00e3os e tudo o [&hellip;]<\/p>\n","protected":false},"author":2,"featured_media":0,"comment_status":"open","ping_status":"closed","sticky":false,"template":"","format":"standard","meta":{"_acf_changed":false,"footnotes":""},"categories":[25],"tags":[],"class_list":["post-57402","post","type-post","status-publish","format-standard","hentry","category-opina-ai"],"acf":[],"yoast_head":"<!-- This site is optimized with the Yoast SEO plugin v27.2 - https:\/\/yoast.com\/product\/yoast-seo-wordpress\/ -->\n<title>Recusa de familiares dificulta programa de doa\u00e7\u00e3o de \u00f3rg\u00e3os - Notibras<\/title>\n<meta name=\"robots\" content=\"index, follow, max-snippet:-1, max-image-preview:large, max-video-preview:-1\" \/>\n<link rel=\"canonical\" href=\"https:\/\/www.notibras.com\/site\/recusa-de-familiares-dificulta-programa-de-doacao-de-orgaos\/\" \/>\n<meta property=\"og:locale\" content=\"pt_BR\" \/>\n<meta property=\"og:type\" content=\"article\" \/>\n<meta property=\"og:title\" content=\"Recusa de familiares dificulta programa de doa\u00e7\u00e3o de \u00f3rg\u00e3os - Notibras\" \/>\n<meta property=\"og:description\" content=\"O transplante de um \u00f3rg\u00e3o \u00e9, em muitos casos, a \u00fanica alternativa terap\u00eautica em pacientes portadores de insufici\u00eancia funcional terminal de diferentes \u00f3rg\u00e3os essenciais. Acredito na doa\u00e7\u00e3o, pois por meio dela somos capazes de salvar vidas e fam\u00edlias, em um ato de generosidade e amor ao pr\u00f3ximo. Defendo a doa\u00e7\u00e3o de \u00f3rg\u00e3os e tudo o [&hellip;]\" \/>\n<meta property=\"og:url\" content=\"https:\/\/www.notibras.com\/site\/recusa-de-familiares-dificulta-programa-de-doacao-de-orgaos\/\" \/>\n<meta property=\"og:site_name\" content=\"Notibras\" \/>\n<meta property=\"article:publisher\" content=\"https:\/\/www.facebook.com\/notibras\/\" \/>\n<meta property=\"article:published_time\" content=\"2015-07-13T11:47:45+00:00\" \/>\n<meta property=\"og:image\" content=\"https:\/\/www.notibras.com\/site\/wp-content\/uploads\/2015\/07\/Sem-t\u00edtulo-18.jpg\" \/>\n\t<meta property=\"og:image:width\" content=\"500\" \/>\n\t<meta property=\"og:image:height\" content=\"326\" \/>\n\t<meta property=\"og:image:type\" content=\"image\/jpeg\" \/>\n<meta name=\"author\" content=\"Reda\u00e7\u00e3o\" \/>\n<meta name=\"twitter:card\" content=\"summary_large_image\" \/>\n<meta name=\"twitter:creator\" content=\"@Notibras\" \/>\n<meta name=\"twitter:site\" content=\"@Notibras\" \/>\n<meta name=\"twitter:label1\" content=\"Escrito por\" \/>\n\t<meta name=\"twitter:data1\" content=\"Reda\u00e7\u00e3o\" \/>\n\t<meta name=\"twitter:label2\" content=\"Est. tempo de leitura\" \/>\n\t<meta name=\"twitter:data2\" content=\"3 minutos\" \/>\n<script type=\"application\/ld+json\" class=\"yoast-schema-graph\">{\"@context\":\"https:\/\/schema.org\",\"@graph\":[{\"@type\":\"Article\",\"@id\":\"https:\/\/www.notibras.com\/site\/recusa-de-familiares-dificulta-programa-de-doacao-de-orgaos\/#article\",\"isPartOf\":{\"@id\":\"https:\/\/www.notibras.com\/site\/recusa-de-familiares-dificulta-programa-de-doacao-de-orgaos\/\"},\"author\":{\"name\":\"Reda\u00e7\u00e3o\",\"@id\":\"https:\/\/www.notibras.com\/site\/#\/schema\/person\/36ab0979449956132d3e5b517ea76ac8\"},\"headline\":\"Recusa de familiares dificulta programa de doa\u00e7\u00e3o de \u00f3rg\u00e3os\",\"datePublished\":\"2015-07-13T11:47:45+00:00\",\"mainEntityOfPage\":{\"@id\":\"https:\/\/www.notibras.com\/site\/recusa-de-familiares-dificulta-programa-de-doacao-de-orgaos\/\"},\"wordCount\":643,\"commentCount\":0,\"publisher\":{\"@id\":\"https:\/\/www.notibras.com\/site\/#organization\"},\"articleSection\":[\"Opina a\u00ed\"],\"inLanguage\":\"pt-BR\",\"potentialAction\":[{\"@type\":\"CommentAction\",\"name\":\"Comment\",\"target\":[\"https:\/\/www.notibras.com\/site\/recusa-de-familiares-dificulta-programa-de-doacao-de-orgaos\/#respond\"]}]},{\"@type\":\"WebPage\",\"@id\":\"https:\/\/www.notibras.com\/site\/recusa-de-familiares-dificulta-programa-de-doacao-de-orgaos\/\",\"url\":\"https:\/\/www.notibras.com\/site\/recusa-de-familiares-dificulta-programa-de-doacao-de-orgaos\/\",\"name\":\"Recusa de familiares dificulta programa de doa\u00e7\u00e3o de \u00f3rg\u00e3os - Notibras\",\"isPartOf\":{\"@id\":\"https:\/\/www.notibras.com\/site\/#website\"},\"datePublished\":\"2015-07-13T11:47:45+00:00\",\"breadcrumb\":{\"@id\":\"https:\/\/www.notibras.com\/site\/recusa-de-familiares-dificulta-programa-de-doacao-de-orgaos\/#breadcrumb\"},\"inLanguage\":\"pt-BR\",\"potentialAction\":[{\"@type\":\"ReadAction\",\"target\":[\"https:\/\/www.notibras.com\/site\/recusa-de-familiares-dificulta-programa-de-doacao-de-orgaos\/\"]}]},{\"@type\":\"BreadcrumbList\",\"@id\":\"https:\/\/www.notibras.com\/site\/recusa-de-familiares-dificulta-programa-de-doacao-de-orgaos\/#breadcrumb\",\"itemListElement\":[{\"@type\":\"ListItem\",\"position\":1,\"name\":\"In\u00edcio\",\"item\":\"https:\/\/www.notibras.com\/site\/\"},{\"@type\":\"ListItem\",\"position\":2,\"name\":\"Recusa de familiares dificulta programa de doa\u00e7\u00e3o de \u00f3rg\u00e3os\"}]},{\"@type\":\"WebSite\",\"@id\":\"https:\/\/www.notibras.com\/site\/#website\",\"url\":\"https:\/\/www.notibras.com\/site\/\",\"name\":\"Notibras\",\"description\":\"Not\u00edcias de Bras\u00edlia, do Brasil e do Mundo\",\"publisher\":{\"@id\":\"https:\/\/www.notibras.com\/site\/#organization\"},\"potentialAction\":[{\"@type\":\"SearchAction\",\"target\":{\"@type\":\"EntryPoint\",\"urlTemplate\":\"https:\/\/www.notibras.com\/site\/?s={search_term_string}\"},\"query-input\":{\"@type\":\"PropertyValueSpecification\",\"valueRequired\":true,\"valueName\":\"search_term_string\"}}],\"inLanguage\":\"pt-BR\"},{\"@type\":\"Organization\",\"@id\":\"https:\/\/www.notibras.com\/site\/#organization\",\"name\":\"Grupo Notibras de Comunica\u00e7\u00e3o\",\"url\":\"https:\/\/www.notibras.com\/site\/\",\"logo\":{\"@type\":\"ImageObject\",\"inLanguage\":\"pt-BR\",\"@id\":\"https:\/\/www.notibras.com\/site\/#\/schema\/logo\/image\/\",\"url\":\"https:\/\/www.notibras.com\/site\/wp-content\/uploads\/2023\/01\/notibras23.png\",\"contentUrl\":\"https:\/\/www.notibras.com\/site\/wp-content\/uploads\/2023\/01\/notibras23.png\",\"width\":350,\"height\":87,\"caption\":\"Grupo Notibras de Comunica\u00e7\u00e3o\"},\"image\":{\"@id\":\"https:\/\/www.notibras.com\/site\/#\/schema\/logo\/image\/\"},\"sameAs\":[\"https:\/\/www.facebook.com\/notibras\/\",\"https:\/\/x.com\/Notibras\",\"https:\/\/www.instagram.com\/notibras\/\"]},{\"@type\":\"Person\",\"@id\":\"https:\/\/www.notibras.com\/site\/#\/schema\/person\/36ab0979449956132d3e5b517ea76ac8\",\"name\":\"Reda\u00e7\u00e3o\",\"image\":{\"@type\":\"ImageObject\",\"inLanguage\":\"pt-BR\",\"@id\":\"https:\/\/secure.gravatar.com\/avatar\/e0a867bdedb85fd243eadf09663511f96fc81e0720a4a42581f334ad4303aa6b?s=96&d=mm&r=g\",\"url\":\"https:\/\/secure.gravatar.com\/avatar\/e0a867bdedb85fd243eadf09663511f96fc81e0720a4a42581f334ad4303aa6b?s=96&d=mm&r=g\",\"contentUrl\":\"https:\/\/secure.gravatar.com\/avatar\/e0a867bdedb85fd243eadf09663511f96fc81e0720a4a42581f334ad4303aa6b?s=96&d=mm&r=g\",\"caption\":\"Reda\u00e7\u00e3o\"}}]}<\/script>\n<!-- \/ Yoast SEO plugin. -->","yoast_head_json":{"title":"Recusa de familiares dificulta programa de doa\u00e7\u00e3o de \u00f3rg\u00e3os - Notibras","robots":{"index":"index","follow":"follow","max-snippet":"max-snippet:-1","max-image-preview":"max-image-preview:large","max-video-preview":"max-video-preview:-1"},"canonical":"https:\/\/www.notibras.com\/site\/recusa-de-familiares-dificulta-programa-de-doacao-de-orgaos\/","og_locale":"pt_BR","og_type":"article","og_title":"Recusa de familiares dificulta programa de doa\u00e7\u00e3o de \u00f3rg\u00e3os - Notibras","og_description":"O transplante de um \u00f3rg\u00e3o \u00e9, em muitos casos, a \u00fanica alternativa terap\u00eautica em pacientes portadores de insufici\u00eancia funcional terminal de diferentes \u00f3rg\u00e3os essenciais. Acredito na doa\u00e7\u00e3o, pois por meio dela somos capazes de salvar vidas e fam\u00edlias, em um ato de generosidade e amor ao pr\u00f3ximo. Defendo a doa\u00e7\u00e3o de \u00f3rg\u00e3os e tudo o [&hellip;]","og_url":"https:\/\/www.notibras.com\/site\/recusa-de-familiares-dificulta-programa-de-doacao-de-orgaos\/","og_site_name":"Notibras","article_publisher":"https:\/\/www.facebook.com\/notibras\/","article_published_time":"2015-07-13T11:47:45+00:00","og_image":[{"width":500,"height":326,"url":"https:\/\/www.notibras.com\/site\/wp-content\/uploads\/2015\/07\/Sem-t\u00edtulo-18.jpg","type":"image\/jpeg"}],"author":"Reda\u00e7\u00e3o","twitter_card":"summary_large_image","twitter_creator":"@Notibras","twitter_site":"@Notibras","twitter_misc":{"Escrito por":"Reda\u00e7\u00e3o","Est. tempo de leitura":"3 minutos"},"schema":{"@context":"https:\/\/schema.org","@graph":[{"@type":"Article","@id":"https:\/\/www.notibras.com\/site\/recusa-de-familiares-dificulta-programa-de-doacao-de-orgaos\/#article","isPartOf":{"@id":"https:\/\/www.notibras.com\/site\/recusa-de-familiares-dificulta-programa-de-doacao-de-orgaos\/"},"author":{"name":"Reda\u00e7\u00e3o","@id":"https:\/\/www.notibras.com\/site\/#\/schema\/person\/36ab0979449956132d3e5b517ea76ac8"},"headline":"Recusa de familiares dificulta programa de doa\u00e7\u00e3o de \u00f3rg\u00e3os","datePublished":"2015-07-13T11:47:45+00:00","mainEntityOfPage":{"@id":"https:\/\/www.notibras.com\/site\/recusa-de-familiares-dificulta-programa-de-doacao-de-orgaos\/"},"wordCount":643,"commentCount":0,"publisher":{"@id":"https:\/\/www.notibras.com\/site\/#organization"},"articleSection":["Opina a\u00ed"],"inLanguage":"pt-BR","potentialAction":[{"@type":"CommentAction","name":"Comment","target":["https:\/\/www.notibras.com\/site\/recusa-de-familiares-dificulta-programa-de-doacao-de-orgaos\/#respond"]}]},{"@type":"WebPage","@id":"https:\/\/www.notibras.com\/site\/recusa-de-familiares-dificulta-programa-de-doacao-de-orgaos\/","url":"https:\/\/www.notibras.com\/site\/recusa-de-familiares-dificulta-programa-de-doacao-de-orgaos\/","name":"Recusa de familiares dificulta programa de doa\u00e7\u00e3o de \u00f3rg\u00e3os - Notibras","isPartOf":{"@id":"https:\/\/www.notibras.com\/site\/#website"},"datePublished":"2015-07-13T11:47:45+00:00","breadcrumb":{"@id":"https:\/\/www.notibras.com\/site\/recusa-de-familiares-dificulta-programa-de-doacao-de-orgaos\/#breadcrumb"},"inLanguage":"pt-BR","potentialAction":[{"@type":"ReadAction","target":["https:\/\/www.notibras.com\/site\/recusa-de-familiares-dificulta-programa-de-doacao-de-orgaos\/"]}]},{"@type":"BreadcrumbList","@id":"https:\/\/www.notibras.com\/site\/recusa-de-familiares-dificulta-programa-de-doacao-de-orgaos\/#breadcrumb","itemListElement":[{"@type":"ListItem","position":1,"name":"In\u00edcio","item":"https:\/\/www.notibras.com\/site\/"},{"@type":"ListItem","position":2,"name":"Recusa de familiares dificulta programa de doa\u00e7\u00e3o de \u00f3rg\u00e3os"}]},{"@type":"WebSite","@id":"https:\/\/www.notibras.com\/site\/#website","url":"https:\/\/www.notibras.com\/site\/","name":"Notibras","description":"Not\u00edcias de Bras\u00edlia, do Brasil e do Mundo","publisher":{"@id":"https:\/\/www.notibras.com\/site\/#organization"},"potentialAction":[{"@type":"SearchAction","target":{"@type":"EntryPoint","urlTemplate":"https:\/\/www.notibras.com\/site\/?s={search_term_string}"},"query-input":{"@type":"PropertyValueSpecification","valueRequired":true,"valueName":"search_term_string"}}],"inLanguage":"pt-BR"},{"@type":"Organization","@id":"https:\/\/www.notibras.com\/site\/#organization","name":"Grupo Notibras de Comunica\u00e7\u00e3o","url":"https:\/\/www.notibras.com\/site\/","logo":{"@type":"ImageObject","inLanguage":"pt-BR","@id":"https:\/\/www.notibras.com\/site\/#\/schema\/logo\/image\/","url":"https:\/\/www.notibras.com\/site\/wp-content\/uploads\/2023\/01\/notibras23.png","contentUrl":"https:\/\/www.notibras.com\/site\/wp-content\/uploads\/2023\/01\/notibras23.png","width":350,"height":87,"caption":"Grupo Notibras de Comunica\u00e7\u00e3o"},"image":{"@id":"https:\/\/www.notibras.com\/site\/#\/schema\/logo\/image\/"},"sameAs":["https:\/\/www.facebook.com\/notibras\/","https:\/\/x.com\/Notibras","https:\/\/www.instagram.com\/notibras\/"]},{"@type":"Person","@id":"https:\/\/www.notibras.com\/site\/#\/schema\/person\/36ab0979449956132d3e5b517ea76ac8","name":"Reda\u00e7\u00e3o","image":{"@type":"ImageObject","inLanguage":"pt-BR","@id":"https:\/\/secure.gravatar.com\/avatar\/e0a867bdedb85fd243eadf09663511f96fc81e0720a4a42581f334ad4303aa6b?s=96&d=mm&r=g","url":"https:\/\/secure.gravatar.com\/avatar\/e0a867bdedb85fd243eadf09663511f96fc81e0720a4a42581f334ad4303aa6b?s=96&d=mm&r=g","contentUrl":"https:\/\/secure.gravatar.com\/avatar\/e0a867bdedb85fd243eadf09663511f96fc81e0720a4a42581f334ad4303aa6b?s=96&d=mm&r=g","caption":"Reda\u00e7\u00e3o"}}]}},"amp_enabled":true,"_links":{"self":[{"href":"https:\/\/www.notibras.com\/site\/wp-json\/wp\/v2\/posts\/57402","targetHints":{"allow":["GET"]}}],"collection":[{"href":"https:\/\/www.notibras.com\/site\/wp-json\/wp\/v2\/posts"}],"about":[{"href":"https:\/\/www.notibras.com\/site\/wp-json\/wp\/v2\/types\/post"}],"author":[{"embeddable":true,"href":"https:\/\/www.notibras.com\/site\/wp-json\/wp\/v2\/users\/2"}],"replies":[{"embeddable":true,"href":"https:\/\/www.notibras.com\/site\/wp-json\/wp\/v2\/comments?post=57402"}],"version-history":[{"count":0,"href":"https:\/\/www.notibras.com\/site\/wp-json\/wp\/v2\/posts\/57402\/revisions"}],"wp:attachment":[{"href":"https:\/\/www.notibras.com\/site\/wp-json\/wp\/v2\/media?parent=57402"}],"wp:term":[{"taxonomy":"category","embeddable":true,"href":"https:\/\/www.notibras.com\/site\/wp-json\/wp\/v2\/categories?post=57402"},{"taxonomy":"post_tag","embeddable":true,"href":"https:\/\/www.notibras.com\/site\/wp-json\/wp\/v2\/tags?post=57402"}],"curies":[{"name":"wp","href":"https:\/\/api.w.org\/{rel}","templated":true}]}}