{"id":57844,"date":"2015-07-16T15:06:52","date_gmt":"2015-07-16T18:06:52","guid":{"rendered":"http:\/\/www.notibras.com\/site\/?p=57844"},"modified":"2015-07-18T11:26:19","modified_gmt":"2015-07-18T14:26:19","slug":"camara-e-senado-divergem-e-reforma-politica-deve-ir-para-par-ou-impar","status":"publish","type":"post","link":"https:\/\/www.notibras.com\/site\/camara-e-senado-divergem-e-reforma-politica-deve-ir-para-par-ou-impar\/","title":{"rendered":"Congresso diverge, e reforma, se sair, ser\u00e1 no par ou \u00edmpar"},"content":{"rendered":"<p>A toque de caixa, a C\u00e2mara dos Deputados e o Senado Federal, nestas duas \u00faltimas semanas, debateram e votaram uma s\u00e9rie de propostas que mexem profundamente nas regras pol\u00edticas-eleitorais em vigor. Algumas propostas s\u00e3o coincidentes; outras bem divergentes. Exemplo: senadores querem o fim das coliga\u00e7\u00f5es de legendas nas elei\u00e7\u00f5es de deputados e vereadores. Esse sistema foi mantido pelos deputados.<\/p>\n<p>Na noite de quarta-feira, quando se votava a PEC da Reforma Pol\u00edtica, em segundo turno, os deputados decidiram anular um dispositivo que haviam aprovado no 1\u00b0 turno: reduziram de 5 para quatro anos a dura\u00e7\u00e3o dos mandatos do presidente da Rep\u00fablica, governadores, prefeitos, deputados e vereadores. O mandato de senador, anteriormente definido em cinco anos, voltou a ser de oito anos.<\/p>\n<p>Os deputados decidiram manter o fim da reelei\u00e7\u00e3o do presidente da Republica, governadores e senadores. N\u00e3o havendo acordo para a manuten\u00e7\u00e3o do item que autoriza as empresas a fazerem doa\u00e7\u00f5es para as campanhas eleitorais, decidiu-se transferir para a primeira semana de agosto a vota\u00e7\u00e3o final da PEC da Reforma Pol\u00edtica.<\/p>\n<p>Tudo aprovado na C\u00e2mara tem que passar pelo crivo do Senado, e vice-versa. H\u00e1 choque de opini\u00f5es, de decis\u00f5es.<\/p>\n<blockquote><p>Ser\u00e1 necess\u00e1rio um entendimento civilizado entre as duas Casas do Congresso Nacional, para alcan\u00e7arem a reforma pol\u00edtica, exigida pelo pa\u00eds h\u00e1 duas d\u00e9cadas. Essa tarefa s\u00f3 poder\u00e1 ser cumprida no in\u00edcio de agosto, ap\u00f3s as f\u00e9rias dos deputados e senadores, a serem iniciadas na pr\u00f3xima segunda-feira (20). Eles ter\u00e3o dois meses pela frente, at\u00e9 30 de setembro, para encontrarem as mudan\u00e7as pol\u00edticas-eleitorais t\u00e3o necess\u00e1rias para o Brasil. E assim, elas poder\u00e3o ser aplicadas j\u00e1 nas elei\u00e7\u00f5es municipais de 2016.<\/p><\/blockquote>\n<p>O Senado tamb\u00e9m avan\u00e7ou nas vota\u00e7\u00f5es de itens da reforma pol\u00edtica. Aprovou proposta para reduzir o poder das coliga\u00e7\u00f5es nas elei\u00e7\u00f5es proporcionais para o legislativo. Pelas regras atuais, quando em coliga\u00e7\u00e3o, os candidatos se beneficiam dos votos obtidos por pol\u00edticos de outras siglas para obter o \u00edndice suficiente para se elegerem, o chamado coeficiente eleitoral. Com a proposta aprovada pelos senadores, os concorrentes a um cargo eletivo s\u00f3 podem se beneficiar dos votos obtidos por candidatos do seu pr\u00f3prio partido para atingir o \u00edndice e tentar conseguir uma cadeira no Legislativo.<\/p>\n<p>O Senado aprovou ainda uma norma que obriga magistrado e integrantes do Minist\u00e9rio P\u00fablico a deixarem os cargos dois anos antes das elei\u00e7\u00f5es. Hoje, esse prazo \u00e9 de seis meses. Tal norma foi batizada de Lei Moro, em refer\u00eancia ao juiz federal S\u00e9rgio Moro da conhecida Opera\u00e7\u00e3o Lava-Jato.<\/p>\n<p>Em agosto, os senadores votar\u00e3o a proposta que pro\u00edbe a divulga\u00e7\u00e3o de pesquisas eleitorais, por qualquer meio de comunica\u00e7\u00e3o, sete dias antes das elei\u00e7\u00f5es. Igualmente, definir\u00e3o a quest\u00e3o do financiamento das campanhas eleitorais.<\/p>\n<p>Os deputados aprovaram tamb\u00e9m projeto de lei que limita as doa\u00e7\u00f5es de empresas e tamb\u00e9m regulamenta aspectos da PEC da Reforma Pol\u00edtica.<\/p>\n<p>As empresas podem doar no m\u00e1ximo R$20 milh\u00f5es para v\u00e1rios partidos ou 0,5% do faturamento para um partido. Os candidatos a Presid\u00eancia da Rep\u00fablica, governador, senador podem gastar at\u00e9 70% do maior gasto na campanha anterior. J\u00e1 para os candidatos a deputado federal foram limitados a 65% do maior gasto na campanha anterior. No caso do Estado de S\u00e3o Paulo, a campanha mais cara chegou a R$ 8,4 milh\u00f5es.<\/p>\n<p>Nos munic\u00edpios de at\u00e9 10 mil eleitores, o limite de gastos de campanha ser\u00e1 de R$ 100 mil para prefeito e R$ 10 mil para vereadores.<\/p>\n<p>A propaganda eleitoral poder\u00e1 ser iniciada em agosto. O hor\u00e1rio eleitoral na TV e no r\u00e1dio foi reduzido de 45 para 35 dias.<\/p>\n<p>Nos debates presidenciais, as emissoras s\u00f3 ficam obrigadas a convocar os candidatos cujos partidos tiverem pelo menos nove deputados federais. As emissoras ser\u00e3o proibidas de vincularem, a partir de 30 de junho do ano eleitoral, programas apresentados ou comentados por candidatos.<\/p>\n<p>Adesivos de propaganda em residenciais poder\u00e3o ter no m\u00e1ximo meio metro quadrado. Caiu de 1 ano para 6 meses o tempo m\u00ednimo de filia\u00e7\u00e3o antes das elei\u00e7\u00f5es.<\/p>\n<blockquote><p>Os deputados aprovaram um dispositivo que desestimula a forma\u00e7\u00e3o de coliga\u00e7\u00e3o para disputar os cargos de deputados e vereadores. Partido que concorrer sozinho na disputa proporcional ter\u00e1 direito a lan\u00e7ar um n\u00famero de candidatos equivalente a 150% das vagas em disputa. Se fizer uma coliga\u00e7\u00e3o, por\u00e9m, o n\u00famero cai para 100% das cadeiras dispon\u00edveis. Ou seja, se houver 10 vagas de vereador, o partido pode registrar 15 candidatos, enquanto a coliga\u00e7\u00e3o em que houver duas ou mais legendas ter\u00e1 direito a apenas 10 concorrentes.<\/p><\/blockquote>\n<p>Na quinta-feira (16), foram iniciados entendimentos entre deputados e senadores para a vota\u00e7\u00e3o de um texto de reforma pol\u00edtica que atenda aos reais interesses do pa\u00eds. N\u00e3o ser\u00e1 surpresa se for mantido o instituto da reelei\u00e7\u00e3o de presidente da Rep\u00fablica, governador e prefeito. Os mandatos continuariam com a dura\u00e7\u00e3o de quatro anos. O ponto crucial da reforma pol\u00edtica \u00e9 o do financiamento das campanhas eleitorais. A tend\u00eancia \u00e9 permitir que as empresas doassem aos partidos e candidatos, mas, desde que elas n\u00e3o mantenham contratos com o Poder P\u00fablico. Quanto \u00e0s coliga\u00e7\u00f5es de legendas -outro n\u00f3 da reforma pol\u00edtica- a tend\u00eancia \u00e9 acompanhar o projeto aprovado pelos senadores.<\/p>\n<p><strong>Cl\u00e1udio Coletti<\/strong><\/p>\n","protected":false},"excerpt":{"rendered":"<p>A toque de caixa, a C\u00e2mara dos Deputados e o Senado Federal, nestas duas \u00faltimas semanas, debateram e votaram uma s\u00e9rie de propostas que mexem profundamente nas regras pol\u00edticas-eleitorais em vigor. Algumas propostas s\u00e3o coincidentes; outras bem divergentes. Exemplo: senadores querem o fim das coliga\u00e7\u00f5es de legendas nas elei\u00e7\u00f5es de deputados e vereadores. Esse sistema [&hellip;]<\/p>\n","protected":false},"author":2,"featured_media":57846,"comment_status":"open","ping_status":"closed","sticky":false,"template":"","format":"standard","meta":{"_acf_changed":false,"footnotes":""},"categories":[25],"tags":[],"class_list":["post-57844","post","type-post","status-publish","format-standard","has-post-thumbnail","hentry","category-opina-ai"],"acf":[],"yoast_head":"<!-- This site is optimized with the Yoast SEO plugin v27.2 - https:\/\/yoast.com\/product\/yoast-seo-wordpress\/ -->\n<title>Congresso diverge, e reforma, se sair, ser\u00e1 no par ou \u00edmpar - Notibras<\/title>\n<meta name=\"robots\" content=\"index, follow, max-snippet:-1, max-image-preview:large, max-video-preview:-1\" \/>\n<link rel=\"canonical\" href=\"https:\/\/www.notibras.com\/site\/camara-e-senado-divergem-e-reforma-politica-deve-ir-para-par-ou-impar\/\" \/>\n<meta property=\"og:locale\" content=\"pt_BR\" \/>\n<meta property=\"og:type\" content=\"article\" \/>\n<meta property=\"og:title\" content=\"Congresso diverge, e reforma, se sair, ser\u00e1 no par ou \u00edmpar - Notibras\" \/>\n<meta property=\"og:description\" content=\"A toque de caixa, a C\u00e2mara dos Deputados e o Senado Federal, nestas duas \u00faltimas semanas, debateram e votaram uma s\u00e9rie de propostas que mexem profundamente nas regras pol\u00edticas-eleitorais em vigor. Algumas propostas s\u00e3o coincidentes; outras bem divergentes. Exemplo: senadores querem o fim das coliga\u00e7\u00f5es de legendas nas elei\u00e7\u00f5es de deputados e vereadores. Esse sistema [&hellip;]\" \/>\n<meta property=\"og:url\" content=\"https:\/\/www.notibras.com\/site\/camara-e-senado-divergem-e-reforma-politica-deve-ir-para-par-ou-impar\/\" \/>\n<meta property=\"og:site_name\" content=\"Notibras\" \/>\n<meta property=\"article:publisher\" content=\"https:\/\/www.facebook.com\/notibras\/\" \/>\n<meta property=\"article:published_time\" content=\"2015-07-16T18:06:52+00:00\" \/>\n<meta property=\"article:modified_time\" content=\"2015-07-18T14:26:19+00:00\" \/>\n<meta property=\"og:image\" content=\"https:\/\/www.notibras.com\/site\/wp-content\/uploads\/2015\/07\/cn76314.jpg\" \/>\n\t<meta property=\"og:image:width\" content=\"472\" \/>\n\t<meta property=\"og:image:height\" content=\"332\" \/>\n\t<meta property=\"og:image:type\" content=\"image\/jpeg\" \/>\n<meta name=\"author\" content=\"Reda\u00e7\u00e3o\" \/>\n<meta name=\"twitter:card\" content=\"summary_large_image\" \/>\n<meta name=\"twitter:creator\" content=\"@Notibras\" \/>\n<meta name=\"twitter:site\" content=\"@Notibras\" \/>\n<meta name=\"twitter:label1\" content=\"Escrito por\" \/>\n\t<meta name=\"twitter:data1\" content=\"Reda\u00e7\u00e3o\" \/>\n\t<meta name=\"twitter:label2\" content=\"Est. tempo de leitura\" \/>\n\t<meta name=\"twitter:data2\" content=\"5 minutos\" \/>\n<script type=\"application\/ld+json\" class=\"yoast-schema-graph\">{\"@context\":\"https:\/\/schema.org\",\"@graph\":[{\"@type\":\"Article\",\"@id\":\"https:\/\/www.notibras.com\/site\/camara-e-senado-divergem-e-reforma-politica-deve-ir-para-par-ou-impar\/#article\",\"isPartOf\":{\"@id\":\"https:\/\/www.notibras.com\/site\/camara-e-senado-divergem-e-reforma-politica-deve-ir-para-par-ou-impar\/\"},\"author\":{\"name\":\"Reda\u00e7\u00e3o\",\"@id\":\"https:\/\/www.notibras.com\/site\/#\/schema\/person\/36ab0979449956132d3e5b517ea76ac8\"},\"headline\":\"Congresso diverge, e reforma, se sair, ser\u00e1 no par ou \u00edmpar\",\"datePublished\":\"2015-07-16T18:06:52+00:00\",\"dateModified\":\"2015-07-18T14:26:19+00:00\",\"mainEntityOfPage\":{\"@id\":\"https:\/\/www.notibras.com\/site\/camara-e-senado-divergem-e-reforma-politica-deve-ir-para-par-ou-impar\/\"},\"wordCount\":925,\"commentCount\":0,\"publisher\":{\"@id\":\"https:\/\/www.notibras.com\/site\/#organization\"},\"image\":{\"@id\":\"https:\/\/www.notibras.com\/site\/camara-e-senado-divergem-e-reforma-politica-deve-ir-para-par-ou-impar\/#primaryimage\"},\"thumbnailUrl\":\"https:\/\/www.notibras.com\/site\/wp-content\/uploads\/2015\/07\/cn76314.jpg\",\"articleSection\":[\"Opina a\u00ed\"],\"inLanguage\":\"pt-BR\",\"potentialAction\":[{\"@type\":\"CommentAction\",\"name\":\"Comment\",\"target\":[\"https:\/\/www.notibras.com\/site\/camara-e-senado-divergem-e-reforma-politica-deve-ir-para-par-ou-impar\/#respond\"]}]},{\"@type\":\"WebPage\",\"@id\":\"https:\/\/www.notibras.com\/site\/camara-e-senado-divergem-e-reforma-politica-deve-ir-para-par-ou-impar\/\",\"url\":\"https:\/\/www.notibras.com\/site\/camara-e-senado-divergem-e-reforma-politica-deve-ir-para-par-ou-impar\/\",\"name\":\"Congresso diverge, e reforma, se sair, ser\u00e1 no par ou \u00edmpar - Notibras\",\"isPartOf\":{\"@id\":\"https:\/\/www.notibras.com\/site\/#website\"},\"primaryImageOfPage\":{\"@id\":\"https:\/\/www.notibras.com\/site\/camara-e-senado-divergem-e-reforma-politica-deve-ir-para-par-ou-impar\/#primaryimage\"},\"image\":{\"@id\":\"https:\/\/www.notibras.com\/site\/camara-e-senado-divergem-e-reforma-politica-deve-ir-para-par-ou-impar\/#primaryimage\"},\"thumbnailUrl\":\"https:\/\/www.notibras.com\/site\/wp-content\/uploads\/2015\/07\/cn76314.jpg\",\"datePublished\":\"2015-07-16T18:06:52+00:00\",\"dateModified\":\"2015-07-18T14:26:19+00:00\",\"breadcrumb\":{\"@id\":\"https:\/\/www.notibras.com\/site\/camara-e-senado-divergem-e-reforma-politica-deve-ir-para-par-ou-impar\/#breadcrumb\"},\"inLanguage\":\"pt-BR\",\"potentialAction\":[{\"@type\":\"ReadAction\",\"target\":[\"https:\/\/www.notibras.com\/site\/camara-e-senado-divergem-e-reforma-politica-deve-ir-para-par-ou-impar\/\"]}]},{\"@type\":\"ImageObject\",\"inLanguage\":\"pt-BR\",\"@id\":\"https:\/\/www.notibras.com\/site\/camara-e-senado-divergem-e-reforma-politica-deve-ir-para-par-ou-impar\/#primaryimage\",\"url\":\"https:\/\/www.notibras.com\/site\/wp-content\/uploads\/2015\/07\/cn76314.jpg\",\"contentUrl\":\"https:\/\/www.notibras.com\/site\/wp-content\/uploads\/2015\/07\/cn76314.jpg\",\"width\":472,\"height\":332},{\"@type\":\"BreadcrumbList\",\"@id\":\"https:\/\/www.notibras.com\/site\/camara-e-senado-divergem-e-reforma-politica-deve-ir-para-par-ou-impar\/#breadcrumb\",\"itemListElement\":[{\"@type\":\"ListItem\",\"position\":1,\"name\":\"In\u00edcio\",\"item\":\"https:\/\/www.notibras.com\/site\/\"},{\"@type\":\"ListItem\",\"position\":2,\"name\":\"Congresso diverge, e reforma, se sair, ser\u00e1 no par ou \u00edmpar\"}]},{\"@type\":\"WebSite\",\"@id\":\"https:\/\/www.notibras.com\/site\/#website\",\"url\":\"https:\/\/www.notibras.com\/site\/\",\"name\":\"Notibras\",\"description\":\"Not\u00edcias de Bras\u00edlia, do Brasil e do Mundo\",\"publisher\":{\"@id\":\"https:\/\/www.notibras.com\/site\/#organization\"},\"potentialAction\":[{\"@type\":\"SearchAction\",\"target\":{\"@type\":\"EntryPoint\",\"urlTemplate\":\"https:\/\/www.notibras.com\/site\/?s={search_term_string}\"},\"query-input\":{\"@type\":\"PropertyValueSpecification\",\"valueRequired\":true,\"valueName\":\"search_term_string\"}}],\"inLanguage\":\"pt-BR\"},{\"@type\":\"Organization\",\"@id\":\"https:\/\/www.notibras.com\/site\/#organization\",\"name\":\"Grupo Notibras de Comunica\u00e7\u00e3o\",\"url\":\"https:\/\/www.notibras.com\/site\/\",\"logo\":{\"@type\":\"ImageObject\",\"inLanguage\":\"pt-BR\",\"@id\":\"https:\/\/www.notibras.com\/site\/#\/schema\/logo\/image\/\",\"url\":\"https:\/\/www.notibras.com\/site\/wp-content\/uploads\/2023\/01\/notibras23.png\",\"contentUrl\":\"https:\/\/www.notibras.com\/site\/wp-content\/uploads\/2023\/01\/notibras23.png\",\"width\":350,\"height\":87,\"caption\":\"Grupo Notibras de Comunica\u00e7\u00e3o\"},\"image\":{\"@id\":\"https:\/\/www.notibras.com\/site\/#\/schema\/logo\/image\/\"},\"sameAs\":[\"https:\/\/www.facebook.com\/notibras\/\",\"https:\/\/x.com\/Notibras\",\"https:\/\/www.instagram.com\/notibras\/\"]},{\"@type\":\"Person\",\"@id\":\"https:\/\/www.notibras.com\/site\/#\/schema\/person\/36ab0979449956132d3e5b517ea76ac8\",\"name\":\"Reda\u00e7\u00e3o\",\"image\":{\"@type\":\"ImageObject\",\"inLanguage\":\"pt-BR\",\"@id\":\"https:\/\/secure.gravatar.com\/avatar\/e0a867bdedb85fd243eadf09663511f96fc81e0720a4a42581f334ad4303aa6b?s=96&d=mm&r=g\",\"url\":\"https:\/\/secure.gravatar.com\/avatar\/e0a867bdedb85fd243eadf09663511f96fc81e0720a4a42581f334ad4303aa6b?s=96&d=mm&r=g\",\"contentUrl\":\"https:\/\/secure.gravatar.com\/avatar\/e0a867bdedb85fd243eadf09663511f96fc81e0720a4a42581f334ad4303aa6b?s=96&d=mm&r=g\",\"caption\":\"Reda\u00e7\u00e3o\"}}]}<\/script>\n<!-- \/ Yoast SEO plugin. -->","yoast_head_json":{"title":"Congresso diverge, e reforma, se sair, ser\u00e1 no par ou \u00edmpar - Notibras","robots":{"index":"index","follow":"follow","max-snippet":"max-snippet:-1","max-image-preview":"max-image-preview:large","max-video-preview":"max-video-preview:-1"},"canonical":"https:\/\/www.notibras.com\/site\/camara-e-senado-divergem-e-reforma-politica-deve-ir-para-par-ou-impar\/","og_locale":"pt_BR","og_type":"article","og_title":"Congresso diverge, e reforma, se sair, ser\u00e1 no par ou \u00edmpar - Notibras","og_description":"A toque de caixa, a C\u00e2mara dos Deputados e o Senado Federal, nestas duas \u00faltimas semanas, debateram e votaram uma s\u00e9rie de propostas que mexem profundamente nas regras pol\u00edticas-eleitorais em vigor. Algumas propostas s\u00e3o coincidentes; outras bem divergentes. Exemplo: senadores querem o fim das coliga\u00e7\u00f5es de legendas nas elei\u00e7\u00f5es de deputados e vereadores. Esse sistema [&hellip;]","og_url":"https:\/\/www.notibras.com\/site\/camara-e-senado-divergem-e-reforma-politica-deve-ir-para-par-ou-impar\/","og_site_name":"Notibras","article_publisher":"https:\/\/www.facebook.com\/notibras\/","article_published_time":"2015-07-16T18:06:52+00:00","article_modified_time":"2015-07-18T14:26:19+00:00","og_image":[{"width":472,"height":332,"url":"https:\/\/www.notibras.com\/site\/wp-content\/uploads\/2015\/07\/cn76314.jpg","type":"image\/jpeg"}],"author":"Reda\u00e7\u00e3o","twitter_card":"summary_large_image","twitter_creator":"@Notibras","twitter_site":"@Notibras","twitter_misc":{"Escrito por":"Reda\u00e7\u00e3o","Est. tempo de leitura":"5 minutos"},"schema":{"@context":"https:\/\/schema.org","@graph":[{"@type":"Article","@id":"https:\/\/www.notibras.com\/site\/camara-e-senado-divergem-e-reforma-politica-deve-ir-para-par-ou-impar\/#article","isPartOf":{"@id":"https:\/\/www.notibras.com\/site\/camara-e-senado-divergem-e-reforma-politica-deve-ir-para-par-ou-impar\/"},"author":{"name":"Reda\u00e7\u00e3o","@id":"https:\/\/www.notibras.com\/site\/#\/schema\/person\/36ab0979449956132d3e5b517ea76ac8"},"headline":"Congresso diverge, e reforma, se sair, ser\u00e1 no par ou \u00edmpar","datePublished":"2015-07-16T18:06:52+00:00","dateModified":"2015-07-18T14:26:19+00:00","mainEntityOfPage":{"@id":"https:\/\/www.notibras.com\/site\/camara-e-senado-divergem-e-reforma-politica-deve-ir-para-par-ou-impar\/"},"wordCount":925,"commentCount":0,"publisher":{"@id":"https:\/\/www.notibras.com\/site\/#organization"},"image":{"@id":"https:\/\/www.notibras.com\/site\/camara-e-senado-divergem-e-reforma-politica-deve-ir-para-par-ou-impar\/#primaryimage"},"thumbnailUrl":"https:\/\/www.notibras.com\/site\/wp-content\/uploads\/2015\/07\/cn76314.jpg","articleSection":["Opina a\u00ed"],"inLanguage":"pt-BR","potentialAction":[{"@type":"CommentAction","name":"Comment","target":["https:\/\/www.notibras.com\/site\/camara-e-senado-divergem-e-reforma-politica-deve-ir-para-par-ou-impar\/#respond"]}]},{"@type":"WebPage","@id":"https:\/\/www.notibras.com\/site\/camara-e-senado-divergem-e-reforma-politica-deve-ir-para-par-ou-impar\/","url":"https:\/\/www.notibras.com\/site\/camara-e-senado-divergem-e-reforma-politica-deve-ir-para-par-ou-impar\/","name":"Congresso diverge, e reforma, se sair, ser\u00e1 no par ou \u00edmpar - Notibras","isPartOf":{"@id":"https:\/\/www.notibras.com\/site\/#website"},"primaryImageOfPage":{"@id":"https:\/\/www.notibras.com\/site\/camara-e-senado-divergem-e-reforma-politica-deve-ir-para-par-ou-impar\/#primaryimage"},"image":{"@id":"https:\/\/www.notibras.com\/site\/camara-e-senado-divergem-e-reforma-politica-deve-ir-para-par-ou-impar\/#primaryimage"},"thumbnailUrl":"https:\/\/www.notibras.com\/site\/wp-content\/uploads\/2015\/07\/cn76314.jpg","datePublished":"2015-07-16T18:06:52+00:00","dateModified":"2015-07-18T14:26:19+00:00","breadcrumb":{"@id":"https:\/\/www.notibras.com\/site\/camara-e-senado-divergem-e-reforma-politica-deve-ir-para-par-ou-impar\/#breadcrumb"},"inLanguage":"pt-BR","potentialAction":[{"@type":"ReadAction","target":["https:\/\/www.notibras.com\/site\/camara-e-senado-divergem-e-reforma-politica-deve-ir-para-par-ou-impar\/"]}]},{"@type":"ImageObject","inLanguage":"pt-BR","@id":"https:\/\/www.notibras.com\/site\/camara-e-senado-divergem-e-reforma-politica-deve-ir-para-par-ou-impar\/#primaryimage","url":"https:\/\/www.notibras.com\/site\/wp-content\/uploads\/2015\/07\/cn76314.jpg","contentUrl":"https:\/\/www.notibras.com\/site\/wp-content\/uploads\/2015\/07\/cn76314.jpg","width":472,"height":332},{"@type":"BreadcrumbList","@id":"https:\/\/www.notibras.com\/site\/camara-e-senado-divergem-e-reforma-politica-deve-ir-para-par-ou-impar\/#breadcrumb","itemListElement":[{"@type":"ListItem","position":1,"name":"In\u00edcio","item":"https:\/\/www.notibras.com\/site\/"},{"@type":"ListItem","position":2,"name":"Congresso diverge, e reforma, se sair, ser\u00e1 no par ou \u00edmpar"}]},{"@type":"WebSite","@id":"https:\/\/www.notibras.com\/site\/#website","url":"https:\/\/www.notibras.com\/site\/","name":"Notibras","description":"Not\u00edcias de Bras\u00edlia, do Brasil e do Mundo","publisher":{"@id":"https:\/\/www.notibras.com\/site\/#organization"},"potentialAction":[{"@type":"SearchAction","target":{"@type":"EntryPoint","urlTemplate":"https:\/\/www.notibras.com\/site\/?s={search_term_string}"},"query-input":{"@type":"PropertyValueSpecification","valueRequired":true,"valueName":"search_term_string"}}],"inLanguage":"pt-BR"},{"@type":"Organization","@id":"https:\/\/www.notibras.com\/site\/#organization","name":"Grupo Notibras de Comunica\u00e7\u00e3o","url":"https:\/\/www.notibras.com\/site\/","logo":{"@type":"ImageObject","inLanguage":"pt-BR","@id":"https:\/\/www.notibras.com\/site\/#\/schema\/logo\/image\/","url":"https:\/\/www.notibras.com\/site\/wp-content\/uploads\/2023\/01\/notibras23.png","contentUrl":"https:\/\/www.notibras.com\/site\/wp-content\/uploads\/2023\/01\/notibras23.png","width":350,"height":87,"caption":"Grupo Notibras de Comunica\u00e7\u00e3o"},"image":{"@id":"https:\/\/www.notibras.com\/site\/#\/schema\/logo\/image\/"},"sameAs":["https:\/\/www.facebook.com\/notibras\/","https:\/\/x.com\/Notibras","https:\/\/www.instagram.com\/notibras\/"]},{"@type":"Person","@id":"https:\/\/www.notibras.com\/site\/#\/schema\/person\/36ab0979449956132d3e5b517ea76ac8","name":"Reda\u00e7\u00e3o","image":{"@type":"ImageObject","inLanguage":"pt-BR","@id":"https:\/\/secure.gravatar.com\/avatar\/e0a867bdedb85fd243eadf09663511f96fc81e0720a4a42581f334ad4303aa6b?s=96&d=mm&r=g","url":"https:\/\/secure.gravatar.com\/avatar\/e0a867bdedb85fd243eadf09663511f96fc81e0720a4a42581f334ad4303aa6b?s=96&d=mm&r=g","contentUrl":"https:\/\/secure.gravatar.com\/avatar\/e0a867bdedb85fd243eadf09663511f96fc81e0720a4a42581f334ad4303aa6b?s=96&d=mm&r=g","caption":"Reda\u00e7\u00e3o"}}]}},"amp_enabled":true,"_links":{"self":[{"href":"https:\/\/www.notibras.com\/site\/wp-json\/wp\/v2\/posts\/57844","targetHints":{"allow":["GET"]}}],"collection":[{"href":"https:\/\/www.notibras.com\/site\/wp-json\/wp\/v2\/posts"}],"about":[{"href":"https:\/\/www.notibras.com\/site\/wp-json\/wp\/v2\/types\/post"}],"author":[{"embeddable":true,"href":"https:\/\/www.notibras.com\/site\/wp-json\/wp\/v2\/users\/2"}],"replies":[{"embeddable":true,"href":"https:\/\/www.notibras.com\/site\/wp-json\/wp\/v2\/comments?post=57844"}],"version-history":[{"count":0,"href":"https:\/\/www.notibras.com\/site\/wp-json\/wp\/v2\/posts\/57844\/revisions"}],"wp:featuredmedia":[{"embeddable":true,"href":"https:\/\/www.notibras.com\/site\/wp-json\/wp\/v2\/media\/57846"}],"wp:attachment":[{"href":"https:\/\/www.notibras.com\/site\/wp-json\/wp\/v2\/media?parent=57844"}],"wp:term":[{"taxonomy":"category","embeddable":true,"href":"https:\/\/www.notibras.com\/site\/wp-json\/wp\/v2\/categories?post=57844"},{"taxonomy":"post_tag","embeddable":true,"href":"https:\/\/www.notibras.com\/site\/wp-json\/wp\/v2\/tags?post=57844"}],"curies":[{"name":"wp","href":"https:\/\/api.w.org\/{rel}","templated":true}]}}