{"id":58026,"date":"2015-07-17T18:13:55","date_gmt":"2015-07-17T21:13:55","guid":{"rendered":"http:\/\/www.notibras.com\/site\/?p=58026"},"modified":"2015-07-18T09:05:49","modified_gmt":"2015-07-18T12:05:49","slug":"americanos-enterram-sonho-de-10o-titulo-do-brasil-na-liga-mundial-de-volei","status":"publish","type":"post","link":"https:\/\/www.notibras.com\/site\/americanos-enterram-sonho-de-10o-titulo-do-brasil-na-liga-mundial-de-volei\/","title":{"rendered":"Americanos enterram sonho de 10\u00ba t\u00edtulo do Brasil no Mundial de V\u00f4lei"},"content":{"rendered":"<p class=\"text\">A Sele\u00e7\u00e3o Brasileira adiou o sonho de conquistar o 10\u00ba t\u00edtulo na Liga Mundial. Os comandados de Bernardinho foram eliminados ap\u00f3s a vit\u00f3ria dos Estados Unidos sobre a Fran\u00e7a por 3 sets a 1, com parciais de 25\/21, 25\/22, 24\/26 e 25\/20, resultado que classificou as duas equipes para a semifinal do torneio.<\/p>\n<p class=\"text\">Depois de estrear com derrota para a Fran\u00e7a por 3 sets a 1 na fase final, o Brasil se reabilitou e venceu os EUA pelo mesmo resultado. O time verde-amarelo dependia do resultado do jogo entre norte-americanos e franceses. Ele avan\u00e7aria diretamente com qualquer resultado, exceto se os EUA vencessem por 3 sets a 1. Foi logo o que aconteceu, deixando as tr\u00eas sele\u00e7\u00f5es empatadas em n\u00famero de pontos, vit\u00f3rias, derrotas e sets.<\/p>\n<blockquote>\n<p class=\"text\">Ap\u00f3s sofrer 74 pontos e anotar 69 nas tr\u00eas primeiras parciais, a Fran\u00e7a n\u00e3o poderia passar dos 14 pontos no \u00faltimo set para que o Brasil tivesse chance. Por\u00e9m, os europeus anotaram 20 unidades e provocaram a elimina\u00e7\u00e3o brasileira diante da torcida no Maracan\u00e3zinho, no Rio de Janeiro.<\/p>\n<\/blockquote>\n<p class=\"text\">Na classifica\u00e7\u00e3o final, os EUA ficaram com m\u00e9dia de 1.031 pontos, a Fran\u00e7a com 1.000 e o Brasil com 0.970. Ao t\u00e9rmino do jogo, as equipes estrangeiras foram vaiadas pelas arquibancadas.<\/p>\n<p class=\"text\">Assim, Fran\u00e7a e Estados Unidos v\u00e3o brigar por uma vaga na decis\u00e3o. No Grupo J, a Pol\u00f4nia, j\u00e1 classificada, duela ainda nesta sexta com a S\u00e9rvia. Dependendo do resultado, pode tirar a vaga da It\u00e1lia.<\/p>\n","protected":false},"excerpt":{"rendered":"<p>A Sele\u00e7\u00e3o Brasileira adiou o sonho de conquistar o 10\u00ba t\u00edtulo na Liga Mundial. Os comandados de Bernardinho foram eliminados ap\u00f3s a vit\u00f3ria dos Estados Unidos sobre a Fran\u00e7a por 3 sets a 1, com parciais de 25\/21, 25\/22, 24\/26 e 25\/20, resultado que classificou as duas equipes para a semifinal do torneio. Depois de [&hellip;]<\/p>\n","protected":false},"author":2,"featured_media":58027,"comment_status":"open","ping_status":"closed","sticky":false,"template":"","format":"standard","meta":{"_acf_changed":false,"footnotes":""},"categories":[19,30],"tags":[],"class_list":["post-58026","post","type-post","status-publish","format-standard","has-post-thumbnail","hentry","category-esportes","category-volei"],"acf":[],"yoast_head":"<!-- This site is optimized with the Yoast SEO plugin v27.2 - https:\/\/yoast.com\/product\/yoast-seo-wordpress\/ -->\n<title>Americanos enterram sonho de 10\u00ba t\u00edtulo do Brasil no Mundial de V\u00f4lei - Notibras<\/title>\n<meta name=\"robots\" content=\"index, follow, max-snippet:-1, max-image-preview:large, max-video-preview:-1\" \/>\n<link rel=\"canonical\" href=\"https:\/\/www.notibras.com\/site\/americanos-enterram-sonho-de-10o-titulo-do-brasil-na-liga-mundial-de-volei\/\" \/>\n<meta property=\"og:locale\" content=\"pt_BR\" \/>\n<meta property=\"og:type\" content=\"article\" \/>\n<meta property=\"og:title\" content=\"Americanos enterram sonho de 10\u00ba t\u00edtulo do Brasil no Mundial de V\u00f4lei - Notibras\" \/>\n<meta property=\"og:description\" content=\"A Sele\u00e7\u00e3o Brasileira adiou o sonho de conquistar o 10\u00ba t\u00edtulo na Liga Mundial. Os comandados de Bernardinho foram eliminados ap\u00f3s a vit\u00f3ria dos Estados Unidos sobre a Fran\u00e7a por 3 sets a 1, com parciais de 25\/21, 25\/22, 24\/26 e 25\/20, resultado que classificou as duas equipes para a semifinal do torneio. Depois de [&hellip;]\" \/>\n<meta property=\"og:url\" content=\"https:\/\/www.notibras.com\/site\/americanos-enterram-sonho-de-10o-titulo-do-brasil-na-liga-mundial-de-volei\/\" \/>\n<meta property=\"og:site_name\" content=\"Notibras\" \/>\n<meta property=\"article:publisher\" content=\"https:\/\/www.facebook.com\/notibras\/\" \/>\n<meta property=\"article:published_time\" content=\"2015-07-17T21:13:55+00:00\" \/>\n<meta property=\"article:modified_time\" content=\"2015-07-18T12:05:49+00:00\" \/>\n<meta property=\"og:image\" content=\"https:\/\/www.notibras.com\/site\/wp-content\/uploads\/2015\/07\/volei-eua-antonio-lacerda-efe.jpg\" \/>\n\t<meta property=\"og:image:width\" content=\"940\" \/>\n\t<meta property=\"og:image:height\" content=\"673\" \/>\n\t<meta property=\"og:image:type\" content=\"image\/jpeg\" \/>\n<meta name=\"author\" content=\"Reda\u00e7\u00e3o\" \/>\n<meta name=\"twitter:card\" content=\"summary_large_image\" \/>\n<meta name=\"twitter:creator\" content=\"@Notibras\" \/>\n<meta name=\"twitter:site\" content=\"@Notibras\" \/>\n<meta name=\"twitter:label1\" content=\"Escrito por\" \/>\n\t<meta name=\"twitter:data1\" content=\"Reda\u00e7\u00e3o\" \/>\n\t<meta name=\"twitter:label2\" content=\"Est. tempo de leitura\" \/>\n\t<meta name=\"twitter:data2\" content=\"1 minuto\" \/>\n<script type=\"application\/ld+json\" class=\"yoast-schema-graph\">{\"@context\":\"https:\/\/schema.org\",\"@graph\":[{\"@type\":\"Article\",\"@id\":\"https:\/\/www.notibras.com\/site\/americanos-enterram-sonho-de-10o-titulo-do-brasil-na-liga-mundial-de-volei\/#article\",\"isPartOf\":{\"@id\":\"https:\/\/www.notibras.com\/site\/americanos-enterram-sonho-de-10o-titulo-do-brasil-na-liga-mundial-de-volei\/\"},\"author\":{\"name\":\"Reda\u00e7\u00e3o\",\"@id\":\"https:\/\/www.notibras.com\/site\/#\/schema\/person\/36ab0979449956132d3e5b517ea76ac8\"},\"headline\":\"Americanos enterram sonho de 10\u00ba t\u00edtulo do Brasil no Mundial de V\u00f4lei\",\"datePublished\":\"2015-07-17T21:13:55+00:00\",\"dateModified\":\"2015-07-18T12:05:49+00:00\",\"mainEntityOfPage\":{\"@id\":\"https:\/\/www.notibras.com\/site\/americanos-enterram-sonho-de-10o-titulo-do-brasil-na-liga-mundial-de-volei\/\"},\"wordCount\":263,\"commentCount\":0,\"publisher\":{\"@id\":\"https:\/\/www.notibras.com\/site\/#organization\"},\"image\":{\"@id\":\"https:\/\/www.notibras.com\/site\/americanos-enterram-sonho-de-10o-titulo-do-brasil-na-liga-mundial-de-volei\/#primaryimage\"},\"thumbnailUrl\":\"https:\/\/www.notibras.com\/site\/wp-content\/uploads\/2015\/07\/volei-eua-antonio-lacerda-efe.jpg\",\"articleSection\":[\"Esportes\",\"V\u00f4lei\"],\"inLanguage\":\"pt-BR\",\"potentialAction\":[{\"@type\":\"CommentAction\",\"name\":\"Comment\",\"target\":[\"https:\/\/www.notibras.com\/site\/americanos-enterram-sonho-de-10o-titulo-do-brasil-na-liga-mundial-de-volei\/#respond\"]}]},{\"@type\":\"WebPage\",\"@id\":\"https:\/\/www.notibras.com\/site\/americanos-enterram-sonho-de-10o-titulo-do-brasil-na-liga-mundial-de-volei\/\",\"url\":\"https:\/\/www.notibras.com\/site\/americanos-enterram-sonho-de-10o-titulo-do-brasil-na-liga-mundial-de-volei\/\",\"name\":\"Americanos enterram sonho de 10\u00ba t\u00edtulo do Brasil no Mundial de V\u00f4lei - Notibras\",\"isPartOf\":{\"@id\":\"https:\/\/www.notibras.com\/site\/#website\"},\"primaryImageOfPage\":{\"@id\":\"https:\/\/www.notibras.com\/site\/americanos-enterram-sonho-de-10o-titulo-do-brasil-na-liga-mundial-de-volei\/#primaryimage\"},\"image\":{\"@id\":\"https:\/\/www.notibras.com\/site\/americanos-enterram-sonho-de-10o-titulo-do-brasil-na-liga-mundial-de-volei\/#primaryimage\"},\"thumbnailUrl\":\"https:\/\/www.notibras.com\/site\/wp-content\/uploads\/2015\/07\/volei-eua-antonio-lacerda-efe.jpg\",\"datePublished\":\"2015-07-17T21:13:55+00:00\",\"dateModified\":\"2015-07-18T12:05:49+00:00\",\"breadcrumb\":{\"@id\":\"https:\/\/www.notibras.com\/site\/americanos-enterram-sonho-de-10o-titulo-do-brasil-na-liga-mundial-de-volei\/#breadcrumb\"},\"inLanguage\":\"pt-BR\",\"potentialAction\":[{\"@type\":\"ReadAction\",\"target\":[\"https:\/\/www.notibras.com\/site\/americanos-enterram-sonho-de-10o-titulo-do-brasil-na-liga-mundial-de-volei\/\"]}]},{\"@type\":\"ImageObject\",\"inLanguage\":\"pt-BR\",\"@id\":\"https:\/\/www.notibras.com\/site\/americanos-enterram-sonho-de-10o-titulo-do-brasil-na-liga-mundial-de-volei\/#primaryimage\",\"url\":\"https:\/\/www.notibras.com\/site\/wp-content\/uploads\/2015\/07\/volei-eua-antonio-lacerda-efe.jpg\",\"contentUrl\":\"https:\/\/www.notibras.com\/site\/wp-content\/uploads\/2015\/07\/volei-eua-antonio-lacerda-efe.jpg\",\"width\":940,\"height\":673},{\"@type\":\"BreadcrumbList\",\"@id\":\"https:\/\/www.notibras.com\/site\/americanos-enterram-sonho-de-10o-titulo-do-brasil-na-liga-mundial-de-volei\/#breadcrumb\",\"itemListElement\":[{\"@type\":\"ListItem\",\"position\":1,\"name\":\"In\u00edcio\",\"item\":\"https:\/\/www.notibras.com\/site\/\"},{\"@type\":\"ListItem\",\"position\":2,\"name\":\"Americanos enterram sonho de 10\u00ba t\u00edtulo do Brasil no Mundial de V\u00f4lei\"}]},{\"@type\":\"WebSite\",\"@id\":\"https:\/\/www.notibras.com\/site\/#website\",\"url\":\"https:\/\/www.notibras.com\/site\/\",\"name\":\"Notibras\",\"description\":\"Not\u00edcias de Bras\u00edlia, do Brasil e do Mundo\",\"publisher\":{\"@id\":\"https:\/\/www.notibras.com\/site\/#organization\"},\"potentialAction\":[{\"@type\":\"SearchAction\",\"target\":{\"@type\":\"EntryPoint\",\"urlTemplate\":\"https:\/\/www.notibras.com\/site\/?s={search_term_string}\"},\"query-input\":{\"@type\":\"PropertyValueSpecification\",\"valueRequired\":true,\"valueName\":\"search_term_string\"}}],\"inLanguage\":\"pt-BR\"},{\"@type\":\"Organization\",\"@id\":\"https:\/\/www.notibras.com\/site\/#organization\",\"name\":\"Grupo Notibras de Comunica\u00e7\u00e3o\",\"url\":\"https:\/\/www.notibras.com\/site\/\",\"logo\":{\"@type\":\"ImageObject\",\"inLanguage\":\"pt-BR\",\"@id\":\"https:\/\/www.notibras.com\/site\/#\/schema\/logo\/image\/\",\"url\":\"https:\/\/www.notibras.com\/site\/wp-content\/uploads\/2023\/01\/notibras23.png\",\"contentUrl\":\"https:\/\/www.notibras.com\/site\/wp-content\/uploads\/2023\/01\/notibras23.png\",\"width\":350,\"height\":87,\"caption\":\"Grupo Notibras de Comunica\u00e7\u00e3o\"},\"image\":{\"@id\":\"https:\/\/www.notibras.com\/site\/#\/schema\/logo\/image\/\"},\"sameAs\":[\"https:\/\/www.facebook.com\/notibras\/\",\"https:\/\/x.com\/Notibras\",\"https:\/\/www.instagram.com\/notibras\/\"]},{\"@type\":\"Person\",\"@id\":\"https:\/\/www.notibras.com\/site\/#\/schema\/person\/36ab0979449956132d3e5b517ea76ac8\",\"name\":\"Reda\u00e7\u00e3o\",\"image\":{\"@type\":\"ImageObject\",\"inLanguage\":\"pt-BR\",\"@id\":\"https:\/\/secure.gravatar.com\/avatar\/e0a867bdedb85fd243eadf09663511f96fc81e0720a4a42581f334ad4303aa6b?s=96&d=mm&r=g\",\"url\":\"https:\/\/secure.gravatar.com\/avatar\/e0a867bdedb85fd243eadf09663511f96fc81e0720a4a42581f334ad4303aa6b?s=96&d=mm&r=g\",\"contentUrl\":\"https:\/\/secure.gravatar.com\/avatar\/e0a867bdedb85fd243eadf09663511f96fc81e0720a4a42581f334ad4303aa6b?s=96&d=mm&r=g\",\"caption\":\"Reda\u00e7\u00e3o\"}}]}<\/script>\n<!-- \/ Yoast SEO plugin. -->","yoast_head_json":{"title":"Americanos enterram sonho de 10\u00ba t\u00edtulo do Brasil no Mundial de V\u00f4lei - Notibras","robots":{"index":"index","follow":"follow","max-snippet":"max-snippet:-1","max-image-preview":"max-image-preview:large","max-video-preview":"max-video-preview:-1"},"canonical":"https:\/\/www.notibras.com\/site\/americanos-enterram-sonho-de-10o-titulo-do-brasil-na-liga-mundial-de-volei\/","og_locale":"pt_BR","og_type":"article","og_title":"Americanos enterram sonho de 10\u00ba t\u00edtulo do Brasil no Mundial de V\u00f4lei - Notibras","og_description":"A Sele\u00e7\u00e3o Brasileira adiou o sonho de conquistar o 10\u00ba t\u00edtulo na Liga Mundial. Os comandados de Bernardinho foram eliminados ap\u00f3s a vit\u00f3ria dos Estados Unidos sobre a Fran\u00e7a por 3 sets a 1, com parciais de 25\/21, 25\/22, 24\/26 e 25\/20, resultado que classificou as duas equipes para a semifinal do torneio. Depois de [&hellip;]","og_url":"https:\/\/www.notibras.com\/site\/americanos-enterram-sonho-de-10o-titulo-do-brasil-na-liga-mundial-de-volei\/","og_site_name":"Notibras","article_publisher":"https:\/\/www.facebook.com\/notibras\/","article_published_time":"2015-07-17T21:13:55+00:00","article_modified_time":"2015-07-18T12:05:49+00:00","og_image":[{"width":940,"height":673,"url":"https:\/\/www.notibras.com\/site\/wp-content\/uploads\/2015\/07\/volei-eua-antonio-lacerda-efe.jpg","type":"image\/jpeg"}],"author":"Reda\u00e7\u00e3o","twitter_card":"summary_large_image","twitter_creator":"@Notibras","twitter_site":"@Notibras","twitter_misc":{"Escrito por":"Reda\u00e7\u00e3o","Est. tempo de leitura":"1 minuto"},"schema":{"@context":"https:\/\/schema.org","@graph":[{"@type":"Article","@id":"https:\/\/www.notibras.com\/site\/americanos-enterram-sonho-de-10o-titulo-do-brasil-na-liga-mundial-de-volei\/#article","isPartOf":{"@id":"https:\/\/www.notibras.com\/site\/americanos-enterram-sonho-de-10o-titulo-do-brasil-na-liga-mundial-de-volei\/"},"author":{"name":"Reda\u00e7\u00e3o","@id":"https:\/\/www.notibras.com\/site\/#\/schema\/person\/36ab0979449956132d3e5b517ea76ac8"},"headline":"Americanos enterram sonho de 10\u00ba t\u00edtulo do Brasil no Mundial de V\u00f4lei","datePublished":"2015-07-17T21:13:55+00:00","dateModified":"2015-07-18T12:05:49+00:00","mainEntityOfPage":{"@id":"https:\/\/www.notibras.com\/site\/americanos-enterram-sonho-de-10o-titulo-do-brasil-na-liga-mundial-de-volei\/"},"wordCount":263,"commentCount":0,"publisher":{"@id":"https:\/\/www.notibras.com\/site\/#organization"},"image":{"@id":"https:\/\/www.notibras.com\/site\/americanos-enterram-sonho-de-10o-titulo-do-brasil-na-liga-mundial-de-volei\/#primaryimage"},"thumbnailUrl":"https:\/\/www.notibras.com\/site\/wp-content\/uploads\/2015\/07\/volei-eua-antonio-lacerda-efe.jpg","articleSection":["Esportes","V\u00f4lei"],"inLanguage":"pt-BR","potentialAction":[{"@type":"CommentAction","name":"Comment","target":["https:\/\/www.notibras.com\/site\/americanos-enterram-sonho-de-10o-titulo-do-brasil-na-liga-mundial-de-volei\/#respond"]}]},{"@type":"WebPage","@id":"https:\/\/www.notibras.com\/site\/americanos-enterram-sonho-de-10o-titulo-do-brasil-na-liga-mundial-de-volei\/","url":"https:\/\/www.notibras.com\/site\/americanos-enterram-sonho-de-10o-titulo-do-brasil-na-liga-mundial-de-volei\/","name":"Americanos enterram sonho de 10\u00ba t\u00edtulo do Brasil no Mundial de V\u00f4lei - Notibras","isPartOf":{"@id":"https:\/\/www.notibras.com\/site\/#website"},"primaryImageOfPage":{"@id":"https:\/\/www.notibras.com\/site\/americanos-enterram-sonho-de-10o-titulo-do-brasil-na-liga-mundial-de-volei\/#primaryimage"},"image":{"@id":"https:\/\/www.notibras.com\/site\/americanos-enterram-sonho-de-10o-titulo-do-brasil-na-liga-mundial-de-volei\/#primaryimage"},"thumbnailUrl":"https:\/\/www.notibras.com\/site\/wp-content\/uploads\/2015\/07\/volei-eua-antonio-lacerda-efe.jpg","datePublished":"2015-07-17T21:13:55+00:00","dateModified":"2015-07-18T12:05:49+00:00","breadcrumb":{"@id":"https:\/\/www.notibras.com\/site\/americanos-enterram-sonho-de-10o-titulo-do-brasil-na-liga-mundial-de-volei\/#breadcrumb"},"inLanguage":"pt-BR","potentialAction":[{"@type":"ReadAction","target":["https:\/\/www.notibras.com\/site\/americanos-enterram-sonho-de-10o-titulo-do-brasil-na-liga-mundial-de-volei\/"]}]},{"@type":"ImageObject","inLanguage":"pt-BR","@id":"https:\/\/www.notibras.com\/site\/americanos-enterram-sonho-de-10o-titulo-do-brasil-na-liga-mundial-de-volei\/#primaryimage","url":"https:\/\/www.notibras.com\/site\/wp-content\/uploads\/2015\/07\/volei-eua-antonio-lacerda-efe.jpg","contentUrl":"https:\/\/www.notibras.com\/site\/wp-content\/uploads\/2015\/07\/volei-eua-antonio-lacerda-efe.jpg","width":940,"height":673},{"@type":"BreadcrumbList","@id":"https:\/\/www.notibras.com\/site\/americanos-enterram-sonho-de-10o-titulo-do-brasil-na-liga-mundial-de-volei\/#breadcrumb","itemListElement":[{"@type":"ListItem","position":1,"name":"In\u00edcio","item":"https:\/\/www.notibras.com\/site\/"},{"@type":"ListItem","position":2,"name":"Americanos enterram sonho de 10\u00ba t\u00edtulo do Brasil no Mundial de V\u00f4lei"}]},{"@type":"WebSite","@id":"https:\/\/www.notibras.com\/site\/#website","url":"https:\/\/www.notibras.com\/site\/","name":"Notibras","description":"Not\u00edcias de Bras\u00edlia, do Brasil e do Mundo","publisher":{"@id":"https:\/\/www.notibras.com\/site\/#organization"},"potentialAction":[{"@type":"SearchAction","target":{"@type":"EntryPoint","urlTemplate":"https:\/\/www.notibras.com\/site\/?s={search_term_string}"},"query-input":{"@type":"PropertyValueSpecification","valueRequired":true,"valueName":"search_term_string"}}],"inLanguage":"pt-BR"},{"@type":"Organization","@id":"https:\/\/www.notibras.com\/site\/#organization","name":"Grupo Notibras de Comunica\u00e7\u00e3o","url":"https:\/\/www.notibras.com\/site\/","logo":{"@type":"ImageObject","inLanguage":"pt-BR","@id":"https:\/\/www.notibras.com\/site\/#\/schema\/logo\/image\/","url":"https:\/\/www.notibras.com\/site\/wp-content\/uploads\/2023\/01\/notibras23.png","contentUrl":"https:\/\/www.notibras.com\/site\/wp-content\/uploads\/2023\/01\/notibras23.png","width":350,"height":87,"caption":"Grupo Notibras de Comunica\u00e7\u00e3o"},"image":{"@id":"https:\/\/www.notibras.com\/site\/#\/schema\/logo\/image\/"},"sameAs":["https:\/\/www.facebook.com\/notibras\/","https:\/\/x.com\/Notibras","https:\/\/www.instagram.com\/notibras\/"]},{"@type":"Person","@id":"https:\/\/www.notibras.com\/site\/#\/schema\/person\/36ab0979449956132d3e5b517ea76ac8","name":"Reda\u00e7\u00e3o","image":{"@type":"ImageObject","inLanguage":"pt-BR","@id":"https:\/\/secure.gravatar.com\/avatar\/e0a867bdedb85fd243eadf09663511f96fc81e0720a4a42581f334ad4303aa6b?s=96&d=mm&r=g","url":"https:\/\/secure.gravatar.com\/avatar\/e0a867bdedb85fd243eadf09663511f96fc81e0720a4a42581f334ad4303aa6b?s=96&d=mm&r=g","contentUrl":"https:\/\/secure.gravatar.com\/avatar\/e0a867bdedb85fd243eadf09663511f96fc81e0720a4a42581f334ad4303aa6b?s=96&d=mm&r=g","caption":"Reda\u00e7\u00e3o"}}]}},"amp_enabled":true,"_links":{"self":[{"href":"https:\/\/www.notibras.com\/site\/wp-json\/wp\/v2\/posts\/58026","targetHints":{"allow":["GET"]}}],"collection":[{"href":"https:\/\/www.notibras.com\/site\/wp-json\/wp\/v2\/posts"}],"about":[{"href":"https:\/\/www.notibras.com\/site\/wp-json\/wp\/v2\/types\/post"}],"author":[{"embeddable":true,"href":"https:\/\/www.notibras.com\/site\/wp-json\/wp\/v2\/users\/2"}],"replies":[{"embeddable":true,"href":"https:\/\/www.notibras.com\/site\/wp-json\/wp\/v2\/comments?post=58026"}],"version-history":[{"count":0,"href":"https:\/\/www.notibras.com\/site\/wp-json\/wp\/v2\/posts\/58026\/revisions"}],"wp:featuredmedia":[{"embeddable":true,"href":"https:\/\/www.notibras.com\/site\/wp-json\/wp\/v2\/media\/58027"}],"wp:attachment":[{"href":"https:\/\/www.notibras.com\/site\/wp-json\/wp\/v2\/media?parent=58026"}],"wp:term":[{"taxonomy":"category","embeddable":true,"href":"https:\/\/www.notibras.com\/site\/wp-json\/wp\/v2\/categories?post=58026"},{"taxonomy":"post_tag","embeddable":true,"href":"https:\/\/www.notibras.com\/site\/wp-json\/wp\/v2\/tags?post=58026"}],"curies":[{"name":"wp","href":"https:\/\/api.w.org\/{rel}","templated":true}]}}