{"id":58163,"date":"2015-07-18T20:20:38","date_gmt":"2015-07-18T23:20:38","guid":{"rendered":"http:\/\/www.notibras.com\/site\/?p=58163"},"modified":"2015-07-18T21:09:18","modified_gmt":"2015-07-19T00:09:18","slug":"renan-falha-e-inter-passa-pelo-goias-por-2-a-1-no-beira-rio","status":"publish","type":"post","link":"https:\/\/www.notibras.com\/site\/renan-falha-e-inter-passa-pelo-goias-por-2-a-1-no-beira-rio\/","title":{"rendered":"Renan falha e Inter passa pelo Goi\u00e1s por 2 a 1 no Beira-Rio"},"content":{"rendered":"<p>O confronto entre Internacional e Goi\u00e1s da 13\u00aa rodada do Campeonato Brasileiro ia terminar empatado, mas uma falha do goleiro Renan, revelado pelo clube colorado, mas defendendo a equipe esmeraldina, deu ao time ga\u00facho a vit\u00f3ria por 2 a 1 no Beira-Rio neste s\u00e1bado. Eduardo fez o primeiro do time da casa, Felipe Menezes empatou e Eduardo Sasha fechou o placar j\u00e1 no fim ap\u00f3s erro do camisa 1 dos visitantes. Veja como foi a partida minuto a minuto.<\/p>\n<p>O resultado melhorou a situa\u00e7\u00e3o do Inter na tabela. Os ga\u00fachos foram aos 19 pontos e se aproximaram do pelot\u00e3o de cima da competi\u00e7\u00e3o. Por outro lado, o time esmeraldino, 13 pontos, pode entrar para zona de rebaixamento caso o Santos , 13 pontos, empate o cl\u00e1ssico deste domingo contra o Palmeiras.<\/p>\n<p>Mesmo escalado sem seus principais jogadores na maioria das posi\u00e7\u00f5es, o Inter foi superior no primeiro tempo, controlando o ritmo da partida, mas com pouca criatividade no meio-campo. Pouco inspirados, os jogadores de frente colorados n\u00e3o amea\u00e7aram Renan nos primeiros 45min, que terminaram sem que ningu\u00e9m balan\u00e7asse as redes.<\/p>\n<blockquote><p>A hist\u00f3ria mudou na etapa complementar. Juan deixou o gramado para a entrada de Anderson no meio, o que qualificou ainda mais o passe do time ga\u00facho no setor. Com a transi\u00e7\u00e3o de jogo melhorada, os comandados de Diego Aguirre passaram a chegar com perigo ao gol advers\u00e1rio. A primeira investida significativa terminou com chute para fora de Alex, mas na segunda o jovem Eduardo n\u00e3o desperdi\u00e7ou.<\/p><\/blockquote>\n<p>Reserva, o zagueiro entrou no lugar de R\u00e9ver e apareceu no ataque aos 13min para aproveitar um momento de confus\u00e3o de Renan e mandar para o gol no seu primeiro toque na bola. A necessidade de buscar o empate for\u00e7ou o Goi\u00e1s a atacar, deixando o duelo franco no Beira-Rio, com boas oportunidades sendo criadas por ambas as equipes.<\/p>\n<p>De tanto insistir, embora sem brilho, o Goi\u00e1s arrumou um p\u00eanalti discut\u00edvel aos 33min, quando Lucas Coelho caiu na \u00e1rea ap\u00f3s contato com Nilton e teve infra\u00e7\u00e3o assinalada a seu favor pelo \u00e1rbitro Marcelo de Lima Henrique. Na batida, Muriel caiu para direita e Felipe Menezes mandou na esquerda, empatando o jogo.<\/p>\n<p>Eduardo Sasha, no entanto, garantiu a vit\u00f3ria do Inter aos 42min, se aproveitando de falha de Renan para fazer de cabe\u00e7a o segundo gol do Inter na noite, que assegurou o resultado positivo diante do torcedor colorado.<\/p>\n<p>O Inter retorna a campo na 14\u00aa rodada no pr\u00f3ximo domingo, \u00e0s 16h (de Bras\u00edlia), no Mois\u00e9s Lucarelli. Antes disso, no entanto, os colorados v\u00e3o ao M\u00e9xico para o jogo de volta da semifinal da Copa Libertadores , contra o Tigres. J\u00e1 o Goi\u00e1s recebe o Flamengo no mesmo dia e hor\u00e1rio no Serra Dourada.<\/p>\n","protected":false},"excerpt":{"rendered":"<p>O confronto entre Internacional e Goi\u00e1s da 13\u00aa rodada do Campeonato Brasileiro ia terminar empatado, mas uma falha do goleiro Renan, revelado pelo clube colorado, mas defendendo a equipe esmeraldina, deu ao time ga\u00facho a vit\u00f3ria por 2 a 1 no Beira-Rio neste s\u00e1bado. Eduardo fez o primeiro do time da casa, Felipe Menezes empatou [&hellip;]<\/p>\n","protected":false},"author":2,"featured_media":58164,"comment_status":"open","ping_status":"closed","sticky":false,"template":"","format":"standard","meta":{"_acf_changed":false,"footnotes":""},"categories":[19,29],"tags":[],"class_list":["post-58163","post","type-post","status-publish","format-standard","has-post-thumbnail","hentry","category-esportes","category-futebol"],"acf":[],"yoast_head":"<!-- This site is optimized with the Yoast SEO plugin v27.2 - https:\/\/yoast.com\/product\/yoast-seo-wordpress\/ -->\n<title>Renan falha e Inter passa pelo Goi\u00e1s por 2 a 1 no Beira-Rio - Notibras<\/title>\n<meta name=\"robots\" content=\"index, follow, max-snippet:-1, max-image-preview:large, max-video-preview:-1\" \/>\n<link rel=\"canonical\" href=\"https:\/\/www.notibras.com\/site\/renan-falha-e-inter-passa-pelo-goias-por-2-a-1-no-beira-rio\/\" \/>\n<meta property=\"og:locale\" content=\"pt_BR\" \/>\n<meta property=\"og:type\" content=\"article\" \/>\n<meta property=\"og:title\" content=\"Renan falha e Inter passa pelo Goi\u00e1s por 2 a 1 no Beira-Rio - Notibras\" \/>\n<meta property=\"og:description\" content=\"O confronto entre Internacional e Goi\u00e1s da 13\u00aa rodada do Campeonato Brasileiro ia terminar empatado, mas uma falha do goleiro Renan, revelado pelo clube colorado, mas defendendo a equipe esmeraldina, deu ao time ga\u00facho a vit\u00f3ria por 2 a 1 no Beira-Rio neste s\u00e1bado. Eduardo fez o primeiro do time da casa, Felipe Menezes empatou [&hellip;]\" \/>\n<meta property=\"og:url\" content=\"https:\/\/www.notibras.com\/site\/renan-falha-e-inter-passa-pelo-goias-por-2-a-1-no-beira-rio\/\" \/>\n<meta property=\"og:site_name\" content=\"Notibras\" \/>\n<meta property=\"article:publisher\" content=\"https:\/\/www.facebook.com\/notibras\/\" \/>\n<meta property=\"article:published_time\" content=\"2015-07-18T23:20:38+00:00\" \/>\n<meta property=\"article:modified_time\" content=\"2015-07-19T00:09:18+00:00\" \/>\n<meta property=\"og:image\" content=\"https:\/\/www.notibras.com\/site\/wp-content\/uploads\/2015\/07\/sashaprotegebolaviniciuscostafp.jpg\" \/>\n\t<meta property=\"og:image:width\" content=\"600\" \/>\n\t<meta property=\"og:image:height\" content=\"400\" \/>\n\t<meta property=\"og:image:type\" content=\"image\/jpeg\" \/>\n<meta name=\"author\" content=\"Reda\u00e7\u00e3o\" \/>\n<meta name=\"twitter:card\" content=\"summary_large_image\" \/>\n<meta name=\"twitter:creator\" content=\"@Notibras\" \/>\n<meta name=\"twitter:site\" content=\"@Notibras\" \/>\n<meta name=\"twitter:label1\" content=\"Escrito por\" \/>\n\t<meta name=\"twitter:data1\" content=\"Reda\u00e7\u00e3o\" \/>\n\t<meta name=\"twitter:label2\" content=\"Est. tempo de leitura\" \/>\n\t<meta name=\"twitter:data2\" content=\"2 minutos\" \/>\n<script type=\"application\/ld+json\" class=\"yoast-schema-graph\">{\"@context\":\"https:\/\/schema.org\",\"@graph\":[{\"@type\":\"Article\",\"@id\":\"https:\/\/www.notibras.com\/site\/renan-falha-e-inter-passa-pelo-goias-por-2-a-1-no-beira-rio\/#article\",\"isPartOf\":{\"@id\":\"https:\/\/www.notibras.com\/site\/renan-falha-e-inter-passa-pelo-goias-por-2-a-1-no-beira-rio\/\"},\"author\":{\"name\":\"Reda\u00e7\u00e3o\",\"@id\":\"https:\/\/www.notibras.com\/site\/#\/schema\/person\/36ab0979449956132d3e5b517ea76ac8\"},\"headline\":\"Renan falha e Inter passa pelo Goi\u00e1s por 2 a 1 no Beira-Rio\",\"datePublished\":\"2015-07-18T23:20:38+00:00\",\"dateModified\":\"2015-07-19T00:09:18+00:00\",\"mainEntityOfPage\":{\"@id\":\"https:\/\/www.notibras.com\/site\/renan-falha-e-inter-passa-pelo-goias-por-2-a-1-no-beira-rio\/\"},\"wordCount\":491,\"commentCount\":0,\"publisher\":{\"@id\":\"https:\/\/www.notibras.com\/site\/#organization\"},\"image\":{\"@id\":\"https:\/\/www.notibras.com\/site\/renan-falha-e-inter-passa-pelo-goias-por-2-a-1-no-beira-rio\/#primaryimage\"},\"thumbnailUrl\":\"https:\/\/www.notibras.com\/site\/wp-content\/uploads\/2015\/07\/sashaprotegebolaviniciuscostafp.jpg\",\"articleSection\":[\"Esportes\",\"Futebol\"],\"inLanguage\":\"pt-BR\",\"potentialAction\":[{\"@type\":\"CommentAction\",\"name\":\"Comment\",\"target\":[\"https:\/\/www.notibras.com\/site\/renan-falha-e-inter-passa-pelo-goias-por-2-a-1-no-beira-rio\/#respond\"]}]},{\"@type\":\"WebPage\",\"@id\":\"https:\/\/www.notibras.com\/site\/renan-falha-e-inter-passa-pelo-goias-por-2-a-1-no-beira-rio\/\",\"url\":\"https:\/\/www.notibras.com\/site\/renan-falha-e-inter-passa-pelo-goias-por-2-a-1-no-beira-rio\/\",\"name\":\"Renan falha e Inter passa pelo Goi\u00e1s por 2 a 1 no Beira-Rio - Notibras\",\"isPartOf\":{\"@id\":\"https:\/\/www.notibras.com\/site\/#website\"},\"primaryImageOfPage\":{\"@id\":\"https:\/\/www.notibras.com\/site\/renan-falha-e-inter-passa-pelo-goias-por-2-a-1-no-beira-rio\/#primaryimage\"},\"image\":{\"@id\":\"https:\/\/www.notibras.com\/site\/renan-falha-e-inter-passa-pelo-goias-por-2-a-1-no-beira-rio\/#primaryimage\"},\"thumbnailUrl\":\"https:\/\/www.notibras.com\/site\/wp-content\/uploads\/2015\/07\/sashaprotegebolaviniciuscostafp.jpg\",\"datePublished\":\"2015-07-18T23:20:38+00:00\",\"dateModified\":\"2015-07-19T00:09:18+00:00\",\"breadcrumb\":{\"@id\":\"https:\/\/www.notibras.com\/site\/renan-falha-e-inter-passa-pelo-goias-por-2-a-1-no-beira-rio\/#breadcrumb\"},\"inLanguage\":\"pt-BR\",\"potentialAction\":[{\"@type\":\"ReadAction\",\"target\":[\"https:\/\/www.notibras.com\/site\/renan-falha-e-inter-passa-pelo-goias-por-2-a-1-no-beira-rio\/\"]}]},{\"@type\":\"ImageObject\",\"inLanguage\":\"pt-BR\",\"@id\":\"https:\/\/www.notibras.com\/site\/renan-falha-e-inter-passa-pelo-goias-por-2-a-1-no-beira-rio\/#primaryimage\",\"url\":\"https:\/\/www.notibras.com\/site\/wp-content\/uploads\/2015\/07\/sashaprotegebolaviniciuscostafp.jpg\",\"contentUrl\":\"https:\/\/www.notibras.com\/site\/wp-content\/uploads\/2015\/07\/sashaprotegebolaviniciuscostafp.jpg\",\"width\":600,\"height\":400},{\"@type\":\"BreadcrumbList\",\"@id\":\"https:\/\/www.notibras.com\/site\/renan-falha-e-inter-passa-pelo-goias-por-2-a-1-no-beira-rio\/#breadcrumb\",\"itemListElement\":[{\"@type\":\"ListItem\",\"position\":1,\"name\":\"In\u00edcio\",\"item\":\"https:\/\/www.notibras.com\/site\/\"},{\"@type\":\"ListItem\",\"position\":2,\"name\":\"Renan falha e Inter passa pelo Goi\u00e1s por 2 a 1 no Beira-Rio\"}]},{\"@type\":\"WebSite\",\"@id\":\"https:\/\/www.notibras.com\/site\/#website\",\"url\":\"https:\/\/www.notibras.com\/site\/\",\"name\":\"Notibras\",\"description\":\"Not\u00edcias de Bras\u00edlia, do Brasil e do Mundo\",\"publisher\":{\"@id\":\"https:\/\/www.notibras.com\/site\/#organization\"},\"potentialAction\":[{\"@type\":\"SearchAction\",\"target\":{\"@type\":\"EntryPoint\",\"urlTemplate\":\"https:\/\/www.notibras.com\/site\/?s={search_term_string}\"},\"query-input\":{\"@type\":\"PropertyValueSpecification\",\"valueRequired\":true,\"valueName\":\"search_term_string\"}}],\"inLanguage\":\"pt-BR\"},{\"@type\":\"Organization\",\"@id\":\"https:\/\/www.notibras.com\/site\/#organization\",\"name\":\"Grupo Notibras de Comunica\u00e7\u00e3o\",\"url\":\"https:\/\/www.notibras.com\/site\/\",\"logo\":{\"@type\":\"ImageObject\",\"inLanguage\":\"pt-BR\",\"@id\":\"https:\/\/www.notibras.com\/site\/#\/schema\/logo\/image\/\",\"url\":\"https:\/\/www.notibras.com\/site\/wp-content\/uploads\/2023\/01\/notibras23.png\",\"contentUrl\":\"https:\/\/www.notibras.com\/site\/wp-content\/uploads\/2023\/01\/notibras23.png\",\"width\":350,\"height\":87,\"caption\":\"Grupo Notibras de Comunica\u00e7\u00e3o\"},\"image\":{\"@id\":\"https:\/\/www.notibras.com\/site\/#\/schema\/logo\/image\/\"},\"sameAs\":[\"https:\/\/www.facebook.com\/notibras\/\",\"https:\/\/x.com\/Notibras\",\"https:\/\/www.instagram.com\/notibras\/\"]},{\"@type\":\"Person\",\"@id\":\"https:\/\/www.notibras.com\/site\/#\/schema\/person\/36ab0979449956132d3e5b517ea76ac8\",\"name\":\"Reda\u00e7\u00e3o\",\"image\":{\"@type\":\"ImageObject\",\"inLanguage\":\"pt-BR\",\"@id\":\"https:\/\/secure.gravatar.com\/avatar\/e0a867bdedb85fd243eadf09663511f96fc81e0720a4a42581f334ad4303aa6b?s=96&d=mm&r=g\",\"url\":\"https:\/\/secure.gravatar.com\/avatar\/e0a867bdedb85fd243eadf09663511f96fc81e0720a4a42581f334ad4303aa6b?s=96&d=mm&r=g\",\"contentUrl\":\"https:\/\/secure.gravatar.com\/avatar\/e0a867bdedb85fd243eadf09663511f96fc81e0720a4a42581f334ad4303aa6b?s=96&d=mm&r=g\",\"caption\":\"Reda\u00e7\u00e3o\"}}]}<\/script>\n<!-- \/ Yoast SEO plugin. -->","yoast_head_json":{"title":"Renan falha e Inter passa pelo Goi\u00e1s por 2 a 1 no Beira-Rio - Notibras","robots":{"index":"index","follow":"follow","max-snippet":"max-snippet:-1","max-image-preview":"max-image-preview:large","max-video-preview":"max-video-preview:-1"},"canonical":"https:\/\/www.notibras.com\/site\/renan-falha-e-inter-passa-pelo-goias-por-2-a-1-no-beira-rio\/","og_locale":"pt_BR","og_type":"article","og_title":"Renan falha e Inter passa pelo Goi\u00e1s por 2 a 1 no Beira-Rio - Notibras","og_description":"O confronto entre Internacional e Goi\u00e1s da 13\u00aa rodada do Campeonato Brasileiro ia terminar empatado, mas uma falha do goleiro Renan, revelado pelo clube colorado, mas defendendo a equipe esmeraldina, deu ao time ga\u00facho a vit\u00f3ria por 2 a 1 no Beira-Rio neste s\u00e1bado. Eduardo fez o primeiro do time da casa, Felipe Menezes empatou [&hellip;]","og_url":"https:\/\/www.notibras.com\/site\/renan-falha-e-inter-passa-pelo-goias-por-2-a-1-no-beira-rio\/","og_site_name":"Notibras","article_publisher":"https:\/\/www.facebook.com\/notibras\/","article_published_time":"2015-07-18T23:20:38+00:00","article_modified_time":"2015-07-19T00:09:18+00:00","og_image":[{"width":600,"height":400,"url":"https:\/\/www.notibras.com\/site\/wp-content\/uploads\/2015\/07\/sashaprotegebolaviniciuscostafp.jpg","type":"image\/jpeg"}],"author":"Reda\u00e7\u00e3o","twitter_card":"summary_large_image","twitter_creator":"@Notibras","twitter_site":"@Notibras","twitter_misc":{"Escrito por":"Reda\u00e7\u00e3o","Est. tempo de leitura":"2 minutos"},"schema":{"@context":"https:\/\/schema.org","@graph":[{"@type":"Article","@id":"https:\/\/www.notibras.com\/site\/renan-falha-e-inter-passa-pelo-goias-por-2-a-1-no-beira-rio\/#article","isPartOf":{"@id":"https:\/\/www.notibras.com\/site\/renan-falha-e-inter-passa-pelo-goias-por-2-a-1-no-beira-rio\/"},"author":{"name":"Reda\u00e7\u00e3o","@id":"https:\/\/www.notibras.com\/site\/#\/schema\/person\/36ab0979449956132d3e5b517ea76ac8"},"headline":"Renan falha e Inter passa pelo Goi\u00e1s por 2 a 1 no Beira-Rio","datePublished":"2015-07-18T23:20:38+00:00","dateModified":"2015-07-19T00:09:18+00:00","mainEntityOfPage":{"@id":"https:\/\/www.notibras.com\/site\/renan-falha-e-inter-passa-pelo-goias-por-2-a-1-no-beira-rio\/"},"wordCount":491,"commentCount":0,"publisher":{"@id":"https:\/\/www.notibras.com\/site\/#organization"},"image":{"@id":"https:\/\/www.notibras.com\/site\/renan-falha-e-inter-passa-pelo-goias-por-2-a-1-no-beira-rio\/#primaryimage"},"thumbnailUrl":"https:\/\/www.notibras.com\/site\/wp-content\/uploads\/2015\/07\/sashaprotegebolaviniciuscostafp.jpg","articleSection":["Esportes","Futebol"],"inLanguage":"pt-BR","potentialAction":[{"@type":"CommentAction","name":"Comment","target":["https:\/\/www.notibras.com\/site\/renan-falha-e-inter-passa-pelo-goias-por-2-a-1-no-beira-rio\/#respond"]}]},{"@type":"WebPage","@id":"https:\/\/www.notibras.com\/site\/renan-falha-e-inter-passa-pelo-goias-por-2-a-1-no-beira-rio\/","url":"https:\/\/www.notibras.com\/site\/renan-falha-e-inter-passa-pelo-goias-por-2-a-1-no-beira-rio\/","name":"Renan falha e Inter passa pelo Goi\u00e1s por 2 a 1 no Beira-Rio - Notibras","isPartOf":{"@id":"https:\/\/www.notibras.com\/site\/#website"},"primaryImageOfPage":{"@id":"https:\/\/www.notibras.com\/site\/renan-falha-e-inter-passa-pelo-goias-por-2-a-1-no-beira-rio\/#primaryimage"},"image":{"@id":"https:\/\/www.notibras.com\/site\/renan-falha-e-inter-passa-pelo-goias-por-2-a-1-no-beira-rio\/#primaryimage"},"thumbnailUrl":"https:\/\/www.notibras.com\/site\/wp-content\/uploads\/2015\/07\/sashaprotegebolaviniciuscostafp.jpg","datePublished":"2015-07-18T23:20:38+00:00","dateModified":"2015-07-19T00:09:18+00:00","breadcrumb":{"@id":"https:\/\/www.notibras.com\/site\/renan-falha-e-inter-passa-pelo-goias-por-2-a-1-no-beira-rio\/#breadcrumb"},"inLanguage":"pt-BR","potentialAction":[{"@type":"ReadAction","target":["https:\/\/www.notibras.com\/site\/renan-falha-e-inter-passa-pelo-goias-por-2-a-1-no-beira-rio\/"]}]},{"@type":"ImageObject","inLanguage":"pt-BR","@id":"https:\/\/www.notibras.com\/site\/renan-falha-e-inter-passa-pelo-goias-por-2-a-1-no-beira-rio\/#primaryimage","url":"https:\/\/www.notibras.com\/site\/wp-content\/uploads\/2015\/07\/sashaprotegebolaviniciuscostafp.jpg","contentUrl":"https:\/\/www.notibras.com\/site\/wp-content\/uploads\/2015\/07\/sashaprotegebolaviniciuscostafp.jpg","width":600,"height":400},{"@type":"BreadcrumbList","@id":"https:\/\/www.notibras.com\/site\/renan-falha-e-inter-passa-pelo-goias-por-2-a-1-no-beira-rio\/#breadcrumb","itemListElement":[{"@type":"ListItem","position":1,"name":"In\u00edcio","item":"https:\/\/www.notibras.com\/site\/"},{"@type":"ListItem","position":2,"name":"Renan falha e Inter passa pelo Goi\u00e1s por 2 a 1 no Beira-Rio"}]},{"@type":"WebSite","@id":"https:\/\/www.notibras.com\/site\/#website","url":"https:\/\/www.notibras.com\/site\/","name":"Notibras","description":"Not\u00edcias de Bras\u00edlia, do Brasil e do Mundo","publisher":{"@id":"https:\/\/www.notibras.com\/site\/#organization"},"potentialAction":[{"@type":"SearchAction","target":{"@type":"EntryPoint","urlTemplate":"https:\/\/www.notibras.com\/site\/?s={search_term_string}"},"query-input":{"@type":"PropertyValueSpecification","valueRequired":true,"valueName":"search_term_string"}}],"inLanguage":"pt-BR"},{"@type":"Organization","@id":"https:\/\/www.notibras.com\/site\/#organization","name":"Grupo Notibras de Comunica\u00e7\u00e3o","url":"https:\/\/www.notibras.com\/site\/","logo":{"@type":"ImageObject","inLanguage":"pt-BR","@id":"https:\/\/www.notibras.com\/site\/#\/schema\/logo\/image\/","url":"https:\/\/www.notibras.com\/site\/wp-content\/uploads\/2023\/01\/notibras23.png","contentUrl":"https:\/\/www.notibras.com\/site\/wp-content\/uploads\/2023\/01\/notibras23.png","width":350,"height":87,"caption":"Grupo Notibras de Comunica\u00e7\u00e3o"},"image":{"@id":"https:\/\/www.notibras.com\/site\/#\/schema\/logo\/image\/"},"sameAs":["https:\/\/www.facebook.com\/notibras\/","https:\/\/x.com\/Notibras","https:\/\/www.instagram.com\/notibras\/"]},{"@type":"Person","@id":"https:\/\/www.notibras.com\/site\/#\/schema\/person\/36ab0979449956132d3e5b517ea76ac8","name":"Reda\u00e7\u00e3o","image":{"@type":"ImageObject","inLanguage":"pt-BR","@id":"https:\/\/secure.gravatar.com\/avatar\/e0a867bdedb85fd243eadf09663511f96fc81e0720a4a42581f334ad4303aa6b?s=96&d=mm&r=g","url":"https:\/\/secure.gravatar.com\/avatar\/e0a867bdedb85fd243eadf09663511f96fc81e0720a4a42581f334ad4303aa6b?s=96&d=mm&r=g","contentUrl":"https:\/\/secure.gravatar.com\/avatar\/e0a867bdedb85fd243eadf09663511f96fc81e0720a4a42581f334ad4303aa6b?s=96&d=mm&r=g","caption":"Reda\u00e7\u00e3o"}}]}},"amp_enabled":true,"_links":{"self":[{"href":"https:\/\/www.notibras.com\/site\/wp-json\/wp\/v2\/posts\/58163","targetHints":{"allow":["GET"]}}],"collection":[{"href":"https:\/\/www.notibras.com\/site\/wp-json\/wp\/v2\/posts"}],"about":[{"href":"https:\/\/www.notibras.com\/site\/wp-json\/wp\/v2\/types\/post"}],"author":[{"embeddable":true,"href":"https:\/\/www.notibras.com\/site\/wp-json\/wp\/v2\/users\/2"}],"replies":[{"embeddable":true,"href":"https:\/\/www.notibras.com\/site\/wp-json\/wp\/v2\/comments?post=58163"}],"version-history":[{"count":0,"href":"https:\/\/www.notibras.com\/site\/wp-json\/wp\/v2\/posts\/58163\/revisions"}],"wp:featuredmedia":[{"embeddable":true,"href":"https:\/\/www.notibras.com\/site\/wp-json\/wp\/v2\/media\/58164"}],"wp:attachment":[{"href":"https:\/\/www.notibras.com\/site\/wp-json\/wp\/v2\/media?parent=58163"}],"wp:term":[{"taxonomy":"category","embeddable":true,"href":"https:\/\/www.notibras.com\/site\/wp-json\/wp\/v2\/categories?post=58163"},{"taxonomy":"post_tag","embeddable":true,"href":"https:\/\/www.notibras.com\/site\/wp-json\/wp\/v2\/tags?post=58163"}],"curies":[{"name":"wp","href":"https:\/\/api.w.org\/{rel}","templated":true}]}}