{"id":58166,"date":"2015-07-18T23:17:20","date_gmt":"2015-07-19T02:17:20","guid":{"rendered":"http:\/\/www.notibras.com\/site\/?p=58166"},"modified":"2015-07-19T18:17:52","modified_gmt":"2015-07-19T21:17:52","slug":"corinthians-derruba-o-atletico-e-divide-a-lideranca-atras-pelo-saldo-de-gols","status":"publish","type":"post","link":"https:\/\/www.notibras.com\/site\/corinthians-derruba-o-atletico-e-divide-a-lideranca-atras-pelo-saldo-de-gols\/","title":{"rendered":"Tim\u00e3o derruba Galo e divide a lideran\u00e7a, atr\u00e1s, pelo saldo de gols"},"content":{"rendered":"<p>Na Arena Corinthians, o dono da casa derrotou o visitante Atl\u00e9tico Mineiro, na noite deste s\u00e1bado (18), por 1 a 0, com gol de Malcom. Os paulistas aguentaram a press\u00e3o dos mineiros na segunda etapa, mas conseguiram segurar o resultado e sair com importantes tr\u00eas pontos.<\/p>\n<p>Com a vit\u00f3ria, o Corinthians chega a 29 pontos, e fica na segunda coloca\u00e7\u00e3o no Campeonato Brasileiro. A pontua\u00e7\u00e3o \u00e9 a mesma do ainda l\u00edder Atl\u00e9tico-MG, que ainda leva a vantagem por ter melhor saldo de gols.<\/p>\n<p>Na pr\u00f3xima rodada, o clube paulista precisar\u00e1 viajar at\u00e9 Curitiba, para encarar o Coritiba no Couto Pereira, no domingo. O Atl\u00e9tico, por sua vez, recebe o Figueirense o Independ\u00eancia.<\/p>\n<p>A primeira etapa foi excelente, com boas chances e lances bonitos para os dois lados. No come\u00e7o, foi o Corinthians quem atacou mais, com um chute cruzado perigoso de Elias e uma bonita jogada individual de Renato Augusto, que driblou o marcador dentro da \u00e1rea mas acabou desarmado.<\/p>\n<p>Na segunda metade, o Atl\u00e9tico-MG cresceu e assustou demais: Lucas Pratto teve duas oportunidades, uma com o p\u00e9 esquerdo e outra de cabe\u00e7a, mas esbarrou em excelentes defesas de Walter. A atua\u00e7\u00e3o do goleiro acabou premiada: no finalzinho, V\u00e1gner Love arrancou pela esquerda e deu um \u00f3timo passe para Malcom, dentro da \u00e1rea, empurrar para as redes.<\/p>\n<blockquote><p>Na segunda etapa, o Atl\u00e9tico-MG voltou mais agressivo, e os donos da casa se seguraram como puderam. Aos 23 minutos, Giovanni Augusto carimbou a trave em cobran\u00e7a de falta, assustando a torcida na Arena.<\/p><\/blockquote>\n<p>Tite mexeu no time, colocando Danilo e Mendoza com orienta\u00e7\u00f5es expressas para segurar a bola. Deu resultado: Walter ainda precisou defender outros chutes: um de longe, de Giovanni Augusto, e outro cara a cara, de Pratto (defesa\u00e7a). Apesar do sofrimento nos minutos finais, o Corinthians saiu com vit\u00f3ria.<\/p>\n","protected":false},"excerpt":{"rendered":"<p>Na Arena Corinthians, o dono da casa derrotou o visitante Atl\u00e9tico Mineiro, na noite deste s\u00e1bado (18), por 1 a 0, com gol de Malcom. Os paulistas aguentaram a press\u00e3o dos mineiros na segunda etapa, mas conseguiram segurar o resultado e sair com importantes tr\u00eas pontos. Com a vit\u00f3ria, o Corinthians chega a 29 pontos, [&hellip;]<\/p>\n","protected":false},"author":2,"featured_media":58167,"comment_status":"open","ping_status":"closed","sticky":false,"template":"","format":"standard","meta":{"_acf_changed":false,"footnotes":""},"categories":[19,29],"tags":[],"class_list":["post-58166","post","type-post","status-publish","format-standard","has-post-thumbnail","hentry","category-esportes","category-futebol"],"acf":[],"yoast_head":"<!-- This site is optimized with the Yoast SEO plugin v27.2 - https:\/\/yoast.com\/product\/yoast-seo-wordpress\/ -->\n<title>Tim\u00e3o derruba Galo e divide a lideran\u00e7a, atr\u00e1s, pelo saldo de gols - Notibras<\/title>\n<meta name=\"robots\" content=\"index, follow, max-snippet:-1, max-image-preview:large, max-video-preview:-1\" \/>\n<link rel=\"canonical\" href=\"https:\/\/www.notibras.com\/site\/corinthians-derruba-o-atletico-e-divide-a-lideranca-atras-pelo-saldo-de-gols\/\" \/>\n<meta property=\"og:locale\" content=\"pt_BR\" \/>\n<meta property=\"og:type\" content=\"article\" \/>\n<meta property=\"og:title\" content=\"Tim\u00e3o derruba Galo e divide a lideran\u00e7a, atr\u00e1s, pelo saldo de gols - Notibras\" \/>\n<meta property=\"og:description\" content=\"Na Arena Corinthians, o dono da casa derrotou o visitante Atl\u00e9tico Mineiro, na noite deste s\u00e1bado (18), por 1 a 0, com gol de Malcom. Os paulistas aguentaram a press\u00e3o dos mineiros na segunda etapa, mas conseguiram segurar o resultado e sair com importantes tr\u00eas pontos. Com a vit\u00f3ria, o Corinthians chega a 29 pontos, [&hellip;]\" \/>\n<meta property=\"og:url\" content=\"https:\/\/www.notibras.com\/site\/corinthians-derruba-o-atletico-e-divide-a-lideranca-atras-pelo-saldo-de-gols\/\" \/>\n<meta property=\"og:site_name\" content=\"Notibras\" \/>\n<meta property=\"article:publisher\" content=\"https:\/\/www.facebook.com\/notibras\/\" \/>\n<meta property=\"article:published_time\" content=\"2015-07-19T02:17:20+00:00\" \/>\n<meta property=\"article:modified_time\" content=\"2015-07-19T21:17:52+00:00\" \/>\n<meta property=\"og:image\" content=\"https:\/\/www.notibras.com\/site\/wp-content\/uploads\/2015\/07\/corinthiansfestagolandrelucasalmeidafp.jpg\" \/>\n\t<meta property=\"og:image:width\" content=\"600\" \/>\n\t<meta property=\"og:image:height\" content=\"400\" \/>\n\t<meta property=\"og:image:type\" content=\"image\/jpeg\" \/>\n<meta name=\"author\" content=\"Reda\u00e7\u00e3o\" \/>\n<meta name=\"twitter:card\" content=\"summary_large_image\" \/>\n<meta name=\"twitter:creator\" content=\"@Notibras\" \/>\n<meta name=\"twitter:site\" content=\"@Notibras\" \/>\n<meta name=\"twitter:label1\" content=\"Escrito por\" \/>\n\t<meta name=\"twitter:data1\" content=\"Reda\u00e7\u00e3o\" \/>\n\t<meta name=\"twitter:label2\" content=\"Est. tempo de leitura\" \/>\n\t<meta name=\"twitter:data2\" content=\"2 minutos\" \/>\n<script type=\"application\/ld+json\" class=\"yoast-schema-graph\">{\"@context\":\"https:\/\/schema.org\",\"@graph\":[{\"@type\":\"Article\",\"@id\":\"https:\/\/www.notibras.com\/site\/corinthians-derruba-o-atletico-e-divide-a-lideranca-atras-pelo-saldo-de-gols\/#article\",\"isPartOf\":{\"@id\":\"https:\/\/www.notibras.com\/site\/corinthians-derruba-o-atletico-e-divide-a-lideranca-atras-pelo-saldo-de-gols\/\"},\"author\":{\"name\":\"Reda\u00e7\u00e3o\",\"@id\":\"https:\/\/www.notibras.com\/site\/#\/schema\/person\/36ab0979449956132d3e5b517ea76ac8\"},\"headline\":\"Tim\u00e3o derruba Galo e divide a lideran\u00e7a, atr\u00e1s, pelo saldo de gols\",\"datePublished\":\"2015-07-19T02:17:20+00:00\",\"dateModified\":\"2015-07-19T21:17:52+00:00\",\"mainEntityOfPage\":{\"@id\":\"https:\/\/www.notibras.com\/site\/corinthians-derruba-o-atletico-e-divide-a-lideranca-atras-pelo-saldo-de-gols\/\"},\"wordCount\":330,\"commentCount\":0,\"publisher\":{\"@id\":\"https:\/\/www.notibras.com\/site\/#organization\"},\"image\":{\"@id\":\"https:\/\/www.notibras.com\/site\/corinthians-derruba-o-atletico-e-divide-a-lideranca-atras-pelo-saldo-de-gols\/#primaryimage\"},\"thumbnailUrl\":\"https:\/\/www.notibras.com\/site\/wp-content\/uploads\/2015\/07\/corinthiansfestagolandrelucasalmeidafp.jpg\",\"articleSection\":[\"Esportes\",\"Futebol\"],\"inLanguage\":\"pt-BR\",\"potentialAction\":[{\"@type\":\"CommentAction\",\"name\":\"Comment\",\"target\":[\"https:\/\/www.notibras.com\/site\/corinthians-derruba-o-atletico-e-divide-a-lideranca-atras-pelo-saldo-de-gols\/#respond\"]}]},{\"@type\":\"WebPage\",\"@id\":\"https:\/\/www.notibras.com\/site\/corinthians-derruba-o-atletico-e-divide-a-lideranca-atras-pelo-saldo-de-gols\/\",\"url\":\"https:\/\/www.notibras.com\/site\/corinthians-derruba-o-atletico-e-divide-a-lideranca-atras-pelo-saldo-de-gols\/\",\"name\":\"Tim\u00e3o derruba Galo e divide a lideran\u00e7a, atr\u00e1s, pelo saldo de gols - Notibras\",\"isPartOf\":{\"@id\":\"https:\/\/www.notibras.com\/site\/#website\"},\"primaryImageOfPage\":{\"@id\":\"https:\/\/www.notibras.com\/site\/corinthians-derruba-o-atletico-e-divide-a-lideranca-atras-pelo-saldo-de-gols\/#primaryimage\"},\"image\":{\"@id\":\"https:\/\/www.notibras.com\/site\/corinthians-derruba-o-atletico-e-divide-a-lideranca-atras-pelo-saldo-de-gols\/#primaryimage\"},\"thumbnailUrl\":\"https:\/\/www.notibras.com\/site\/wp-content\/uploads\/2015\/07\/corinthiansfestagolandrelucasalmeidafp.jpg\",\"datePublished\":\"2015-07-19T02:17:20+00:00\",\"dateModified\":\"2015-07-19T21:17:52+00:00\",\"breadcrumb\":{\"@id\":\"https:\/\/www.notibras.com\/site\/corinthians-derruba-o-atletico-e-divide-a-lideranca-atras-pelo-saldo-de-gols\/#breadcrumb\"},\"inLanguage\":\"pt-BR\",\"potentialAction\":[{\"@type\":\"ReadAction\",\"target\":[\"https:\/\/www.notibras.com\/site\/corinthians-derruba-o-atletico-e-divide-a-lideranca-atras-pelo-saldo-de-gols\/\"]}]},{\"@type\":\"ImageObject\",\"inLanguage\":\"pt-BR\",\"@id\":\"https:\/\/www.notibras.com\/site\/corinthians-derruba-o-atletico-e-divide-a-lideranca-atras-pelo-saldo-de-gols\/#primaryimage\",\"url\":\"https:\/\/www.notibras.com\/site\/wp-content\/uploads\/2015\/07\/corinthiansfestagolandrelucasalmeidafp.jpg\",\"contentUrl\":\"https:\/\/www.notibras.com\/site\/wp-content\/uploads\/2015\/07\/corinthiansfestagolandrelucasalmeidafp.jpg\",\"width\":600,\"height\":400,\"caption\":\"O jogador Malcom do Corinthians comemora gol durante a partida entre Corinthians SP e Atl\u00e9tico MG v\u00e1lida pela S\u00e9rie A do Campeonato Brasileiro 2015 no Est\u00e1dio Arena Corinthians em S\u00e3o Paulo (SP), neste s\u00e1bado (18). Andr\u00e9 Lucas Almeida\/Futura Press\"},{\"@type\":\"BreadcrumbList\",\"@id\":\"https:\/\/www.notibras.com\/site\/corinthians-derruba-o-atletico-e-divide-a-lideranca-atras-pelo-saldo-de-gols\/#breadcrumb\",\"itemListElement\":[{\"@type\":\"ListItem\",\"position\":1,\"name\":\"In\u00edcio\",\"item\":\"https:\/\/www.notibras.com\/site\/\"},{\"@type\":\"ListItem\",\"position\":2,\"name\":\"Tim\u00e3o derruba Galo e divide a lideran\u00e7a, atr\u00e1s, pelo saldo de gols\"}]},{\"@type\":\"WebSite\",\"@id\":\"https:\/\/www.notibras.com\/site\/#website\",\"url\":\"https:\/\/www.notibras.com\/site\/\",\"name\":\"Notibras\",\"description\":\"Not\u00edcias de Bras\u00edlia, do Brasil e do Mundo\",\"publisher\":{\"@id\":\"https:\/\/www.notibras.com\/site\/#organization\"},\"potentialAction\":[{\"@type\":\"SearchAction\",\"target\":{\"@type\":\"EntryPoint\",\"urlTemplate\":\"https:\/\/www.notibras.com\/site\/?s={search_term_string}\"},\"query-input\":{\"@type\":\"PropertyValueSpecification\",\"valueRequired\":true,\"valueName\":\"search_term_string\"}}],\"inLanguage\":\"pt-BR\"},{\"@type\":\"Organization\",\"@id\":\"https:\/\/www.notibras.com\/site\/#organization\",\"name\":\"Grupo Notibras de Comunica\u00e7\u00e3o\",\"url\":\"https:\/\/www.notibras.com\/site\/\",\"logo\":{\"@type\":\"ImageObject\",\"inLanguage\":\"pt-BR\",\"@id\":\"https:\/\/www.notibras.com\/site\/#\/schema\/logo\/image\/\",\"url\":\"https:\/\/www.notibras.com\/site\/wp-content\/uploads\/2023\/01\/notibras23.png\",\"contentUrl\":\"https:\/\/www.notibras.com\/site\/wp-content\/uploads\/2023\/01\/notibras23.png\",\"width\":350,\"height\":87,\"caption\":\"Grupo Notibras de Comunica\u00e7\u00e3o\"},\"image\":{\"@id\":\"https:\/\/www.notibras.com\/site\/#\/schema\/logo\/image\/\"},\"sameAs\":[\"https:\/\/www.facebook.com\/notibras\/\",\"https:\/\/x.com\/Notibras\",\"https:\/\/www.instagram.com\/notibras\/\"]},{\"@type\":\"Person\",\"@id\":\"https:\/\/www.notibras.com\/site\/#\/schema\/person\/36ab0979449956132d3e5b517ea76ac8\",\"name\":\"Reda\u00e7\u00e3o\",\"image\":{\"@type\":\"ImageObject\",\"inLanguage\":\"pt-BR\",\"@id\":\"https:\/\/secure.gravatar.com\/avatar\/e0a867bdedb85fd243eadf09663511f96fc81e0720a4a42581f334ad4303aa6b?s=96&d=mm&r=g\",\"url\":\"https:\/\/secure.gravatar.com\/avatar\/e0a867bdedb85fd243eadf09663511f96fc81e0720a4a42581f334ad4303aa6b?s=96&d=mm&r=g\",\"contentUrl\":\"https:\/\/secure.gravatar.com\/avatar\/e0a867bdedb85fd243eadf09663511f96fc81e0720a4a42581f334ad4303aa6b?s=96&d=mm&r=g\",\"caption\":\"Reda\u00e7\u00e3o\"}}]}<\/script>\n<!-- \/ Yoast SEO plugin. -->","yoast_head_json":{"title":"Tim\u00e3o derruba Galo e divide a lideran\u00e7a, atr\u00e1s, pelo saldo de gols - Notibras","robots":{"index":"index","follow":"follow","max-snippet":"max-snippet:-1","max-image-preview":"max-image-preview:large","max-video-preview":"max-video-preview:-1"},"canonical":"https:\/\/www.notibras.com\/site\/corinthians-derruba-o-atletico-e-divide-a-lideranca-atras-pelo-saldo-de-gols\/","og_locale":"pt_BR","og_type":"article","og_title":"Tim\u00e3o derruba Galo e divide a lideran\u00e7a, atr\u00e1s, pelo saldo de gols - Notibras","og_description":"Na Arena Corinthians, o dono da casa derrotou o visitante Atl\u00e9tico Mineiro, na noite deste s\u00e1bado (18), por 1 a 0, com gol de Malcom. Os paulistas aguentaram a press\u00e3o dos mineiros na segunda etapa, mas conseguiram segurar o resultado e sair com importantes tr\u00eas pontos. Com a vit\u00f3ria, o Corinthians chega a 29 pontos, [&hellip;]","og_url":"https:\/\/www.notibras.com\/site\/corinthians-derruba-o-atletico-e-divide-a-lideranca-atras-pelo-saldo-de-gols\/","og_site_name":"Notibras","article_publisher":"https:\/\/www.facebook.com\/notibras\/","article_published_time":"2015-07-19T02:17:20+00:00","article_modified_time":"2015-07-19T21:17:52+00:00","og_image":[{"width":600,"height":400,"url":"https:\/\/www.notibras.com\/site\/wp-content\/uploads\/2015\/07\/corinthiansfestagolandrelucasalmeidafp.jpg","type":"image\/jpeg"}],"author":"Reda\u00e7\u00e3o","twitter_card":"summary_large_image","twitter_creator":"@Notibras","twitter_site":"@Notibras","twitter_misc":{"Escrito por":"Reda\u00e7\u00e3o","Est. tempo de leitura":"2 minutos"},"schema":{"@context":"https:\/\/schema.org","@graph":[{"@type":"Article","@id":"https:\/\/www.notibras.com\/site\/corinthians-derruba-o-atletico-e-divide-a-lideranca-atras-pelo-saldo-de-gols\/#article","isPartOf":{"@id":"https:\/\/www.notibras.com\/site\/corinthians-derruba-o-atletico-e-divide-a-lideranca-atras-pelo-saldo-de-gols\/"},"author":{"name":"Reda\u00e7\u00e3o","@id":"https:\/\/www.notibras.com\/site\/#\/schema\/person\/36ab0979449956132d3e5b517ea76ac8"},"headline":"Tim\u00e3o derruba Galo e divide a lideran\u00e7a, atr\u00e1s, pelo saldo de gols","datePublished":"2015-07-19T02:17:20+00:00","dateModified":"2015-07-19T21:17:52+00:00","mainEntityOfPage":{"@id":"https:\/\/www.notibras.com\/site\/corinthians-derruba-o-atletico-e-divide-a-lideranca-atras-pelo-saldo-de-gols\/"},"wordCount":330,"commentCount":0,"publisher":{"@id":"https:\/\/www.notibras.com\/site\/#organization"},"image":{"@id":"https:\/\/www.notibras.com\/site\/corinthians-derruba-o-atletico-e-divide-a-lideranca-atras-pelo-saldo-de-gols\/#primaryimage"},"thumbnailUrl":"https:\/\/www.notibras.com\/site\/wp-content\/uploads\/2015\/07\/corinthiansfestagolandrelucasalmeidafp.jpg","articleSection":["Esportes","Futebol"],"inLanguage":"pt-BR","potentialAction":[{"@type":"CommentAction","name":"Comment","target":["https:\/\/www.notibras.com\/site\/corinthians-derruba-o-atletico-e-divide-a-lideranca-atras-pelo-saldo-de-gols\/#respond"]}]},{"@type":"WebPage","@id":"https:\/\/www.notibras.com\/site\/corinthians-derruba-o-atletico-e-divide-a-lideranca-atras-pelo-saldo-de-gols\/","url":"https:\/\/www.notibras.com\/site\/corinthians-derruba-o-atletico-e-divide-a-lideranca-atras-pelo-saldo-de-gols\/","name":"Tim\u00e3o derruba Galo e divide a lideran\u00e7a, atr\u00e1s, pelo saldo de gols - Notibras","isPartOf":{"@id":"https:\/\/www.notibras.com\/site\/#website"},"primaryImageOfPage":{"@id":"https:\/\/www.notibras.com\/site\/corinthians-derruba-o-atletico-e-divide-a-lideranca-atras-pelo-saldo-de-gols\/#primaryimage"},"image":{"@id":"https:\/\/www.notibras.com\/site\/corinthians-derruba-o-atletico-e-divide-a-lideranca-atras-pelo-saldo-de-gols\/#primaryimage"},"thumbnailUrl":"https:\/\/www.notibras.com\/site\/wp-content\/uploads\/2015\/07\/corinthiansfestagolandrelucasalmeidafp.jpg","datePublished":"2015-07-19T02:17:20+00:00","dateModified":"2015-07-19T21:17:52+00:00","breadcrumb":{"@id":"https:\/\/www.notibras.com\/site\/corinthians-derruba-o-atletico-e-divide-a-lideranca-atras-pelo-saldo-de-gols\/#breadcrumb"},"inLanguage":"pt-BR","potentialAction":[{"@type":"ReadAction","target":["https:\/\/www.notibras.com\/site\/corinthians-derruba-o-atletico-e-divide-a-lideranca-atras-pelo-saldo-de-gols\/"]}]},{"@type":"ImageObject","inLanguage":"pt-BR","@id":"https:\/\/www.notibras.com\/site\/corinthians-derruba-o-atletico-e-divide-a-lideranca-atras-pelo-saldo-de-gols\/#primaryimage","url":"https:\/\/www.notibras.com\/site\/wp-content\/uploads\/2015\/07\/corinthiansfestagolandrelucasalmeidafp.jpg","contentUrl":"https:\/\/www.notibras.com\/site\/wp-content\/uploads\/2015\/07\/corinthiansfestagolandrelucasalmeidafp.jpg","width":600,"height":400,"caption":"O jogador Malcom do Corinthians comemora gol durante a partida entre Corinthians SP e Atl\u00e9tico MG v\u00e1lida pela S\u00e9rie A do Campeonato Brasileiro 2015 no Est\u00e1dio Arena Corinthians em S\u00e3o Paulo (SP), neste s\u00e1bado (18). Andr\u00e9 Lucas Almeida\/Futura Press"},{"@type":"BreadcrumbList","@id":"https:\/\/www.notibras.com\/site\/corinthians-derruba-o-atletico-e-divide-a-lideranca-atras-pelo-saldo-de-gols\/#breadcrumb","itemListElement":[{"@type":"ListItem","position":1,"name":"In\u00edcio","item":"https:\/\/www.notibras.com\/site\/"},{"@type":"ListItem","position":2,"name":"Tim\u00e3o derruba Galo e divide a lideran\u00e7a, atr\u00e1s, pelo saldo de gols"}]},{"@type":"WebSite","@id":"https:\/\/www.notibras.com\/site\/#website","url":"https:\/\/www.notibras.com\/site\/","name":"Notibras","description":"Not\u00edcias de Bras\u00edlia, do Brasil e do Mundo","publisher":{"@id":"https:\/\/www.notibras.com\/site\/#organization"},"potentialAction":[{"@type":"SearchAction","target":{"@type":"EntryPoint","urlTemplate":"https:\/\/www.notibras.com\/site\/?s={search_term_string}"},"query-input":{"@type":"PropertyValueSpecification","valueRequired":true,"valueName":"search_term_string"}}],"inLanguage":"pt-BR"},{"@type":"Organization","@id":"https:\/\/www.notibras.com\/site\/#organization","name":"Grupo Notibras de Comunica\u00e7\u00e3o","url":"https:\/\/www.notibras.com\/site\/","logo":{"@type":"ImageObject","inLanguage":"pt-BR","@id":"https:\/\/www.notibras.com\/site\/#\/schema\/logo\/image\/","url":"https:\/\/www.notibras.com\/site\/wp-content\/uploads\/2023\/01\/notibras23.png","contentUrl":"https:\/\/www.notibras.com\/site\/wp-content\/uploads\/2023\/01\/notibras23.png","width":350,"height":87,"caption":"Grupo Notibras de Comunica\u00e7\u00e3o"},"image":{"@id":"https:\/\/www.notibras.com\/site\/#\/schema\/logo\/image\/"},"sameAs":["https:\/\/www.facebook.com\/notibras\/","https:\/\/x.com\/Notibras","https:\/\/www.instagram.com\/notibras\/"]},{"@type":"Person","@id":"https:\/\/www.notibras.com\/site\/#\/schema\/person\/36ab0979449956132d3e5b517ea76ac8","name":"Reda\u00e7\u00e3o","image":{"@type":"ImageObject","inLanguage":"pt-BR","@id":"https:\/\/secure.gravatar.com\/avatar\/e0a867bdedb85fd243eadf09663511f96fc81e0720a4a42581f334ad4303aa6b?s=96&d=mm&r=g","url":"https:\/\/secure.gravatar.com\/avatar\/e0a867bdedb85fd243eadf09663511f96fc81e0720a4a42581f334ad4303aa6b?s=96&d=mm&r=g","contentUrl":"https:\/\/secure.gravatar.com\/avatar\/e0a867bdedb85fd243eadf09663511f96fc81e0720a4a42581f334ad4303aa6b?s=96&d=mm&r=g","caption":"Reda\u00e7\u00e3o"}}]}},"amp_enabled":true,"_links":{"self":[{"href":"https:\/\/www.notibras.com\/site\/wp-json\/wp\/v2\/posts\/58166","targetHints":{"allow":["GET"]}}],"collection":[{"href":"https:\/\/www.notibras.com\/site\/wp-json\/wp\/v2\/posts"}],"about":[{"href":"https:\/\/www.notibras.com\/site\/wp-json\/wp\/v2\/types\/post"}],"author":[{"embeddable":true,"href":"https:\/\/www.notibras.com\/site\/wp-json\/wp\/v2\/users\/2"}],"replies":[{"embeddable":true,"href":"https:\/\/www.notibras.com\/site\/wp-json\/wp\/v2\/comments?post=58166"}],"version-history":[{"count":0,"href":"https:\/\/www.notibras.com\/site\/wp-json\/wp\/v2\/posts\/58166\/revisions"}],"wp:featuredmedia":[{"embeddable":true,"href":"https:\/\/www.notibras.com\/site\/wp-json\/wp\/v2\/media\/58167"}],"wp:attachment":[{"href":"https:\/\/www.notibras.com\/site\/wp-json\/wp\/v2\/media?parent=58166"}],"wp:term":[{"taxonomy":"category","embeddable":true,"href":"https:\/\/www.notibras.com\/site\/wp-json\/wp\/v2\/categories?post=58166"},{"taxonomy":"post_tag","embeddable":true,"href":"https:\/\/www.notibras.com\/site\/wp-json\/wp\/v2\/tags?post=58166"}],"curies":[{"name":"wp","href":"https:\/\/api.w.org\/{rel}","templated":true}]}}