{"id":58285,"date":"2015-07-20T09:10:25","date_gmt":"2015-07-20T12:10:25","guid":{"rendered":"http:\/\/www.notibras.com\/site\/?p=58285"},"modified":"2015-07-20T09:10:25","modified_gmt":"2015-07-20T12:10:25","slug":"esta-chegando-a-hora-quando-e-como-dilma-caira","status":"publish","type":"post","link":"https:\/\/www.notibras.com\/site\/esta-chegando-a-hora-quando-e-como-dilma-caira\/","title":{"rendered":"Est\u00e1 chegando a hora&#8230; quando e como Dilma cair\u00e1"},"content":{"rendered":"<p>Em abril de 1969, quando eu n\u00e3o passava de um jovem de 18 anos que lera alguns cl\u00e1ssicos marxistas mas estava muito longe de saber discernir para onde os acontecimentos pol\u00edticos se encaminhavam, participei como convidado do Congresso da Vanguarda Popular Revolucion\u00e1ria em Mongagu\u00e1 (SP), representando meu grupo de oito secundaristas dispostos a ingressar na organiza\u00e7\u00e3o. A Queda \u00e9 s\u00f3 uma quest\u00e3o de tempo.<\/p>\n<p>Na volta, j\u00e1 como integrante da VPR, fui surpreendido com a designa\u00e7\u00e3o para criar e comandar um setor de Intelig\u00eancia, absoluta novidade nos agrupamentos de esquerda e incumb\u00eancia para a qual nada na vida me preparara.<\/p>\n<p>Mas, com o entusiasmo caracter\u00edstico da idade, mergulhei fundo nas minhas tarefas, inclusive a de, acompanhando o que sa\u00eda na imprensa e complementando-o com as not\u00edcias censuradas e informa\u00e7\u00f5es de bastidores que aliados jornalistas nos transmitiam, projetar cen\u00e1rios futuros. Com v\u00e1rias fac\u00e7\u00f5es disputando o poder, era important\u00edssimo sabermos qual a correla\u00e7\u00e3o de for\u00e7as no seio da ditadura, desdobramentos poss\u00edveis e consequ\u00eancias pr\u00e1ticas (abrandamento ou radicaliza\u00e7\u00e3o, p. ex.).<\/p>\n<p>Nossa luta foi esmagada, mas o h\u00e1bito ficou, at\u00e9 porque tamb\u00e9m tem muita serventia no of\u00edcio de jornalista. Passei o resto da vida me aprofundando na interpreta\u00e7\u00e3o dos cen\u00e1rios futuros, e quem acompanha meu trabalho sabe que geralmente acerto; como quando alertei que seria a maior roubada a Presid\u00eancia da Rep\u00fablica caber a algu\u00e9m de esquerda quando, por imposi\u00e7\u00e3o dos poderosos do capitalismo, o governo seria obrigado a executar um ajuste fiscal de cunho neoliberal. N\u00e3o deu outra, o PT est\u00e1 sendo destru\u00eddo em fun\u00e7\u00e3o disto, muito mais do que pelos esc\u00e2ndalos de corrup\u00e7\u00e3o.<\/p>\n<blockquote><p>Ent\u00e3o, os amigos agora me perguntam, preocupados, como e quando ser\u00e1 o desfecho da crise brasileira.\u00a0Eu diria que a possibilidade de come\u00e7armos 2016 com a Dilma na Presid\u00eancia \u00e9 muito pequena, quase nenhuma, pois a sua rejei\u00e7\u00e3o adv\u00e9m, principalmente:<\/p><\/blockquote>\n<p>da recess\u00e3o que fustiga o povo brasileiro, empobrecendo-o e fazendo dispararem as taxas de desemprego; e<br \/>\ndo estelionato eleitoral, pois j\u00e1 caiu at\u00e9 para o pov\u00e3o a ficha de que a Dilma a todos iludiu quando prometeu n\u00e3o impor os rigores que a Marina Silva e o A\u00e9cio Neves imporiam.<\/p>\n<p>Gritou &#8220;lobos!&#8221;, os cr\u00e9dulos engoliram, e ela tamb\u00e9m era loba. S\u00f3 que propaganda enganosa costuma ter efeito bumerangue, ainda que com efeito retardado&#8230;<\/p>\n<p>O pior \u00e9 que, em curto e m\u00e9dio prazos, a pen\u00faria s\u00f3 tende a aumentar; e a impopularidade presidencial, idem. Por causa deste sentimento hostil, as acusa\u00e7\u00f5es da Opera\u00e7\u00e3o Lava Jato causar\u00e3o estrago cada vez maior, devendo finalmente desembocar num processo de impeachment.<\/p>\n<p>Na hora da on\u00e7a beber \u00e1gua, duvido que haja um ter\u00e7o de deputados federais ou de senadores dispostos a contrariar os humores do eleitorado defendendo o mandato de uma presidenta t\u00e3o mal avaliada nas pesquisas de opini\u00e3o. Fisiol\u00f3gica como sempre, a maioria votar\u00e1 de olho no pr\u00f3prio futuro pol\u00edtico.<\/p>\n<p>Resta \u00e0 Dilma a op\u00e7\u00e3o de n\u00e3o conceder tal triunfo apote\u00f3tico \u00e0 direita, renunciando enquanto \u00e9 tempo. Depois que se evidenciar para o cidad\u00e3o comum que seu impedimento \u00e9 inevit\u00e1vel, tal ato perder\u00e1 muito em termos de valor simb\u00f3lico. Se quiser salvar um pouco de sua imagem, tem de renunciar antes que a corda esteja apertando-lhe o pesco\u00e7o.<\/p>\n<p>Um b\u00f4nus imediato seria o esfriamento da campanha adversa de m\u00eddia, com a Opera\u00e7\u00e3o Lava Jato deixando de ser trombeteada dia e noite. H\u00e1 muito de artificial nesta \u00eanfase desmedida.<\/p>\n<blockquote><p>E a maior vantagem: jogar toda a encrenca para o campo inimigo. Com o PT fora do Pal\u00e1cio do Planalto, \u00e9 quase certo que caber\u00e1 ao PSDB e ao PMDB administrarem a massa falida. N\u00e3o ser\u00e1 f\u00e1cil nem rapidamente que reerguer\u00e3o a economia brasileira, tendo, portanto, de assumir por bom tempo o desagrad\u00e1vel papel de vidra\u00e7a, enquanto os petistas come\u00e7ar\u00e3o a emergir do fundo do po\u00e7o ao voltarem a ser estilingues.<\/p><\/blockquote>\n<p>Enfim, a escolha real que restou ao PT \u00e9 a da hora de sair: pode fazer bom neg\u00f3cio se curvar-se \u00e0 evid\u00eancia dos fatos, mas afundar\u00e1 muito mais se teimar em ir contra uma mar\u00e9 j\u00e1 irresist\u00edvel.<\/p>\n<p>Quanto ao timing, eu chutaria que a direita continuar\u00e1 acumulando for\u00e7as ao longo deste m\u00eas, pois o per\u00edodo \u00e9 de f\u00e9rias escolares e consequente desmobiliza\u00e7\u00e3o das pessoas; e que botar\u00e1 seu bloco na rua, com for\u00e7a total, a partir de agosto, havendo grande chance de que o de 2015 venha mesmo a ser um m\u00eas do cachorro louco, como o de 1961.<\/p>\n<p>Uma data a ser temida \u00e9 o 16 de agosto, domingo em que haver\u00e1 novos protestos contra o governo em escala nacional. Tudo que a direita estar\u00e1 precisando \u00e9 de defunto(s) \u00fatil(eis), para servirem como ingrediente emocional, cereja do bolo da como\u00e7\u00e3o nacional que lhe conv\u00e9m criar (na linha, p. ex., da morte dos estudantes MMDC em maio de 1932).<\/p>\n<p>Se eu fosse o Lula, exortaria os militantes do PT, CUT, MST, MTST, etc., a ficarem bem longe da avenida Paulista e outros palcos das manifesta\u00e7\u00f5es, para n\u00e3o correrem o risco de fazer o jogo do inimigo.<\/p>\n<p><strong>Celso Lungaretti<\/strong><\/p>\n","protected":false},"excerpt":{"rendered":"<p>Em abril de 1969, quando eu n\u00e3o passava de um jovem de 18 anos que lera alguns cl\u00e1ssicos marxistas mas estava muito longe de saber discernir para onde os acontecimentos pol\u00edticos se encaminhavam, participei como convidado do Congresso da Vanguarda Popular Revolucion\u00e1ria em Mongagu\u00e1 (SP), representando meu grupo de oito secundaristas dispostos a ingressar na [&hellip;]<\/p>\n","protected":false},"author":2,"featured_media":58286,"comment_status":"open","ping_status":"closed","sticky":false,"template":"","format":"standard","meta":{"_acf_changed":false,"footnotes":""},"categories":[25],"tags":[],"class_list":["post-58285","post","type-post","status-publish","format-standard","has-post-thumbnail","hentry","category-opina-ai"],"acf":[],"yoast_head":"<!-- This site is optimized with the Yoast SEO plugin v27.5 - https:\/\/yoast.com\/product\/yoast-seo-wordpress\/ -->\n<title>Est\u00e1 chegando a hora... quando e como Dilma cair\u00e1 - Notibras<\/title>\n<meta name=\"robots\" content=\"index, follow, max-snippet:-1, max-image-preview:large, max-video-preview:-1\" \/>\n<link rel=\"canonical\" href=\"https:\/\/www.notibras.com\/site\/esta-chegando-a-hora-quando-e-como-dilma-caira\/\" \/>\n<meta property=\"og:locale\" content=\"pt_BR\" \/>\n<meta property=\"og:type\" content=\"article\" \/>\n<meta property=\"og:title\" content=\"Est\u00e1 chegando a hora... quando e como Dilma cair\u00e1 - Notibras\" \/>\n<meta property=\"og:description\" content=\"Em abril de 1969, quando eu n\u00e3o passava de um jovem de 18 anos que lera alguns cl\u00e1ssicos marxistas mas estava muito longe de saber discernir para onde os acontecimentos pol\u00edticos se encaminhavam, participei como convidado do Congresso da Vanguarda Popular Revolucion\u00e1ria em Mongagu\u00e1 (SP), representando meu grupo de oito secundaristas dispostos a ingressar na [&hellip;]\" \/>\n<meta property=\"og:url\" content=\"https:\/\/www.notibras.com\/site\/esta-chegando-a-hora-quando-e-como-dilma-caira\/\" \/>\n<meta property=\"og:site_name\" content=\"Notibras\" \/>\n<meta property=\"article:publisher\" content=\"https:\/\/www.facebook.com\/notibras\/\" \/>\n<meta property=\"article:published_time\" content=\"2015-07-20T12:10:25+00:00\" \/>\n<meta property=\"og:image\" content=\"https:\/\/www.notibras.com\/site\/wp-content\/uploads\/2015\/07\/queda.jpg\" \/>\n\t<meta property=\"og:image:width\" content=\"620\" \/>\n\t<meta property=\"og:image:height\" content=\"410\" \/>\n\t<meta property=\"og:image:type\" content=\"image\/jpeg\" \/>\n<meta name=\"author\" content=\"Reda\u00e7\u00e3o\" \/>\n<meta name=\"twitter:card\" content=\"summary_large_image\" \/>\n<meta name=\"twitter:creator\" content=\"@Notibras\" \/>\n<meta name=\"twitter:site\" content=\"@Notibras\" \/>\n<meta name=\"twitter:label1\" content=\"Escrito por\" \/>\n\t<meta name=\"twitter:data1\" content=\"Reda\u00e7\u00e3o\" \/>\n\t<meta name=\"twitter:label2\" content=\"Est. tempo de leitura\" \/>\n\t<meta name=\"twitter:data2\" content=\"4 minutos\" \/>\n<script type=\"application\/ld+json\" class=\"yoast-schema-graph\">{\"@context\":\"https:\\\/\\\/schema.org\",\"@graph\":[{\"@type\":\"Article\",\"@id\":\"https:\\\/\\\/www.notibras.com\\\/site\\\/esta-chegando-a-hora-quando-e-como-dilma-caira\\\/#article\",\"isPartOf\":{\"@id\":\"https:\\\/\\\/www.notibras.com\\\/site\\\/esta-chegando-a-hora-quando-e-como-dilma-caira\\\/\"},\"author\":{\"name\":\"Reda\u00e7\u00e3o\",\"@id\":\"https:\\\/\\\/www.notibras.com\\\/site\\\/#\\\/schema\\\/person\\\/36ab0979449956132d3e5b517ea76ac8\"},\"headline\":\"Est\u00e1 chegando a hora&#8230; quando e como Dilma cair\u00e1\",\"datePublished\":\"2015-07-20T12:10:25+00:00\",\"mainEntityOfPage\":{\"@id\":\"https:\\\/\\\/www.notibras.com\\\/site\\\/esta-chegando-a-hora-quando-e-como-dilma-caira\\\/\"},\"wordCount\":907,\"commentCount\":0,\"publisher\":{\"@id\":\"https:\\\/\\\/www.notibras.com\\\/site\\\/#organization\"},\"image\":{\"@id\":\"https:\\\/\\\/www.notibras.com\\\/site\\\/esta-chegando-a-hora-quando-e-como-dilma-caira\\\/#primaryimage\"},\"thumbnailUrl\":\"https:\\\/\\\/www.notibras.com\\\/site\\\/wp-content\\\/uploads\\\/2015\\\/07\\\/queda.jpg\",\"articleSection\":[\"Opina a\u00ed\"],\"inLanguage\":\"pt-BR\",\"potentialAction\":[{\"@type\":\"CommentAction\",\"name\":\"Comment\",\"target\":[\"https:\\\/\\\/www.notibras.com\\\/site\\\/esta-chegando-a-hora-quando-e-como-dilma-caira\\\/#respond\"]}]},{\"@type\":\"WebPage\",\"@id\":\"https:\\\/\\\/www.notibras.com\\\/site\\\/esta-chegando-a-hora-quando-e-como-dilma-caira\\\/\",\"url\":\"https:\\\/\\\/www.notibras.com\\\/site\\\/esta-chegando-a-hora-quando-e-como-dilma-caira\\\/\",\"name\":\"Est\u00e1 chegando a hora... quando e como Dilma cair\u00e1 - Notibras\",\"isPartOf\":{\"@id\":\"https:\\\/\\\/www.notibras.com\\\/site\\\/#website\"},\"primaryImageOfPage\":{\"@id\":\"https:\\\/\\\/www.notibras.com\\\/site\\\/esta-chegando-a-hora-quando-e-como-dilma-caira\\\/#primaryimage\"},\"image\":{\"@id\":\"https:\\\/\\\/www.notibras.com\\\/site\\\/esta-chegando-a-hora-quando-e-como-dilma-caira\\\/#primaryimage\"},\"thumbnailUrl\":\"https:\\\/\\\/www.notibras.com\\\/site\\\/wp-content\\\/uploads\\\/2015\\\/07\\\/queda.jpg\",\"datePublished\":\"2015-07-20T12:10:25+00:00\",\"breadcrumb\":{\"@id\":\"https:\\\/\\\/www.notibras.com\\\/site\\\/esta-chegando-a-hora-quando-e-como-dilma-caira\\\/#breadcrumb\"},\"inLanguage\":\"pt-BR\",\"potentialAction\":[{\"@type\":\"ReadAction\",\"target\":[\"https:\\\/\\\/www.notibras.com\\\/site\\\/esta-chegando-a-hora-quando-e-como-dilma-caira\\\/\"]}]},{\"@type\":\"ImageObject\",\"inLanguage\":\"pt-BR\",\"@id\":\"https:\\\/\\\/www.notibras.com\\\/site\\\/esta-chegando-a-hora-quando-e-como-dilma-caira\\\/#primaryimage\",\"url\":\"https:\\\/\\\/www.notibras.com\\\/site\\\/wp-content\\\/uploads\\\/2015\\\/07\\\/queda.jpg\",\"contentUrl\":\"https:\\\/\\\/www.notibras.com\\\/site\\\/wp-content\\\/uploads\\\/2015\\\/07\\\/queda.jpg\",\"width\":620,\"height\":410},{\"@type\":\"BreadcrumbList\",\"@id\":\"https:\\\/\\\/www.notibras.com\\\/site\\\/esta-chegando-a-hora-quando-e-como-dilma-caira\\\/#breadcrumb\",\"itemListElement\":[{\"@type\":\"ListItem\",\"position\":1,\"name\":\"In\u00edcio\",\"item\":\"https:\\\/\\\/www.notibras.com\\\/site\\\/\"},{\"@type\":\"ListItem\",\"position\":2,\"name\":\"Est\u00e1 chegando a hora&#8230; quando e como Dilma cair\u00e1\"}]},{\"@type\":\"WebSite\",\"@id\":\"https:\\\/\\\/www.notibras.com\\\/site\\\/#website\",\"url\":\"https:\\\/\\\/www.notibras.com\\\/site\\\/\",\"name\":\"Notibras\",\"description\":\"Not\u00edcias de Bras\u00edlia, do Brasil e do Mundo\",\"publisher\":{\"@id\":\"https:\\\/\\\/www.notibras.com\\\/site\\\/#organization\"},\"potentialAction\":[{\"@type\":\"SearchAction\",\"target\":{\"@type\":\"EntryPoint\",\"urlTemplate\":\"https:\\\/\\\/www.notibras.com\\\/site\\\/?s={search_term_string}\"},\"query-input\":{\"@type\":\"PropertyValueSpecification\",\"valueRequired\":true,\"valueName\":\"search_term_string\"}}],\"inLanguage\":\"pt-BR\"},{\"@type\":\"Organization\",\"@id\":\"https:\\\/\\\/www.notibras.com\\\/site\\\/#organization\",\"name\":\"Grupo Notibras de Comunica\u00e7\u00e3o\",\"url\":\"https:\\\/\\\/www.notibras.com\\\/site\\\/\",\"logo\":{\"@type\":\"ImageObject\",\"inLanguage\":\"pt-BR\",\"@id\":\"https:\\\/\\\/www.notibras.com\\\/site\\\/#\\\/schema\\\/logo\\\/image\\\/\",\"url\":\"https:\\\/\\\/www.notibras.com\\\/site\\\/wp-content\\\/uploads\\\/2023\\\/01\\\/notibras23.png\",\"contentUrl\":\"https:\\\/\\\/www.notibras.com\\\/site\\\/wp-content\\\/uploads\\\/2023\\\/01\\\/notibras23.png\",\"width\":350,\"height\":87,\"caption\":\"Grupo Notibras de Comunica\u00e7\u00e3o\"},\"image\":{\"@id\":\"https:\\\/\\\/www.notibras.com\\\/site\\\/#\\\/schema\\\/logo\\\/image\\\/\"},\"sameAs\":[\"https:\\\/\\\/www.facebook.com\\\/notibras\\\/\",\"https:\\\/\\\/x.com\\\/Notibras\",\"https:\\\/\\\/www.instagram.com\\\/notibras\\\/\"]},{\"@type\":\"Person\",\"@id\":\"https:\\\/\\\/www.notibras.com\\\/site\\\/#\\\/schema\\\/person\\\/36ab0979449956132d3e5b517ea76ac8\",\"name\":\"Reda\u00e7\u00e3o\",\"image\":{\"@type\":\"ImageObject\",\"inLanguage\":\"pt-BR\",\"@id\":\"https:\\\/\\\/secure.gravatar.com\\\/avatar\\\/e0a867bdedb85fd243eadf09663511f96fc81e0720a4a42581f334ad4303aa6b?s=96&d=mm&r=g\",\"url\":\"https:\\\/\\\/secure.gravatar.com\\\/avatar\\\/e0a867bdedb85fd243eadf09663511f96fc81e0720a4a42581f334ad4303aa6b?s=96&d=mm&r=g\",\"contentUrl\":\"https:\\\/\\\/secure.gravatar.com\\\/avatar\\\/e0a867bdedb85fd243eadf09663511f96fc81e0720a4a42581f334ad4303aa6b?s=96&d=mm&r=g\",\"caption\":\"Reda\u00e7\u00e3o\"}}]}<\/script>\n<!-- \/ Yoast SEO plugin. -->","yoast_head_json":{"title":"Est\u00e1 chegando a hora... quando e como Dilma cair\u00e1 - Notibras","robots":{"index":"index","follow":"follow","max-snippet":"max-snippet:-1","max-image-preview":"max-image-preview:large","max-video-preview":"max-video-preview:-1"},"canonical":"https:\/\/www.notibras.com\/site\/esta-chegando-a-hora-quando-e-como-dilma-caira\/","og_locale":"pt_BR","og_type":"article","og_title":"Est\u00e1 chegando a hora... quando e como Dilma cair\u00e1 - Notibras","og_description":"Em abril de 1969, quando eu n\u00e3o passava de um jovem de 18 anos que lera alguns cl\u00e1ssicos marxistas mas estava muito longe de saber discernir para onde os acontecimentos pol\u00edticos se encaminhavam, participei como convidado do Congresso da Vanguarda Popular Revolucion\u00e1ria em Mongagu\u00e1 (SP), representando meu grupo de oito secundaristas dispostos a ingressar na [&hellip;]","og_url":"https:\/\/www.notibras.com\/site\/esta-chegando-a-hora-quando-e-como-dilma-caira\/","og_site_name":"Notibras","article_publisher":"https:\/\/www.facebook.com\/notibras\/","article_published_time":"2015-07-20T12:10:25+00:00","og_image":[{"width":620,"height":410,"url":"https:\/\/www.notibras.com\/site\/wp-content\/uploads\/2015\/07\/queda.jpg","type":"image\/jpeg"}],"author":"Reda\u00e7\u00e3o","twitter_card":"summary_large_image","twitter_creator":"@Notibras","twitter_site":"@Notibras","twitter_misc":{"Escrito por":"Reda\u00e7\u00e3o","Est. tempo de leitura":"4 minutos"},"schema":{"@context":"https:\/\/schema.org","@graph":[{"@type":"Article","@id":"https:\/\/www.notibras.com\/site\/esta-chegando-a-hora-quando-e-como-dilma-caira\/#article","isPartOf":{"@id":"https:\/\/www.notibras.com\/site\/esta-chegando-a-hora-quando-e-como-dilma-caira\/"},"author":{"name":"Reda\u00e7\u00e3o","@id":"https:\/\/www.notibras.com\/site\/#\/schema\/person\/36ab0979449956132d3e5b517ea76ac8"},"headline":"Est\u00e1 chegando a hora&#8230; quando e como Dilma cair\u00e1","datePublished":"2015-07-20T12:10:25+00:00","mainEntityOfPage":{"@id":"https:\/\/www.notibras.com\/site\/esta-chegando-a-hora-quando-e-como-dilma-caira\/"},"wordCount":907,"commentCount":0,"publisher":{"@id":"https:\/\/www.notibras.com\/site\/#organization"},"image":{"@id":"https:\/\/www.notibras.com\/site\/esta-chegando-a-hora-quando-e-como-dilma-caira\/#primaryimage"},"thumbnailUrl":"https:\/\/www.notibras.com\/site\/wp-content\/uploads\/2015\/07\/queda.jpg","articleSection":["Opina a\u00ed"],"inLanguage":"pt-BR","potentialAction":[{"@type":"CommentAction","name":"Comment","target":["https:\/\/www.notibras.com\/site\/esta-chegando-a-hora-quando-e-como-dilma-caira\/#respond"]}]},{"@type":"WebPage","@id":"https:\/\/www.notibras.com\/site\/esta-chegando-a-hora-quando-e-como-dilma-caira\/","url":"https:\/\/www.notibras.com\/site\/esta-chegando-a-hora-quando-e-como-dilma-caira\/","name":"Est\u00e1 chegando a hora... quando e como Dilma cair\u00e1 - Notibras","isPartOf":{"@id":"https:\/\/www.notibras.com\/site\/#website"},"primaryImageOfPage":{"@id":"https:\/\/www.notibras.com\/site\/esta-chegando-a-hora-quando-e-como-dilma-caira\/#primaryimage"},"image":{"@id":"https:\/\/www.notibras.com\/site\/esta-chegando-a-hora-quando-e-como-dilma-caira\/#primaryimage"},"thumbnailUrl":"https:\/\/www.notibras.com\/site\/wp-content\/uploads\/2015\/07\/queda.jpg","datePublished":"2015-07-20T12:10:25+00:00","breadcrumb":{"@id":"https:\/\/www.notibras.com\/site\/esta-chegando-a-hora-quando-e-como-dilma-caira\/#breadcrumb"},"inLanguage":"pt-BR","potentialAction":[{"@type":"ReadAction","target":["https:\/\/www.notibras.com\/site\/esta-chegando-a-hora-quando-e-como-dilma-caira\/"]}]},{"@type":"ImageObject","inLanguage":"pt-BR","@id":"https:\/\/www.notibras.com\/site\/esta-chegando-a-hora-quando-e-como-dilma-caira\/#primaryimage","url":"https:\/\/www.notibras.com\/site\/wp-content\/uploads\/2015\/07\/queda.jpg","contentUrl":"https:\/\/www.notibras.com\/site\/wp-content\/uploads\/2015\/07\/queda.jpg","width":620,"height":410},{"@type":"BreadcrumbList","@id":"https:\/\/www.notibras.com\/site\/esta-chegando-a-hora-quando-e-como-dilma-caira\/#breadcrumb","itemListElement":[{"@type":"ListItem","position":1,"name":"In\u00edcio","item":"https:\/\/www.notibras.com\/site\/"},{"@type":"ListItem","position":2,"name":"Est\u00e1 chegando a hora&#8230; quando e como Dilma cair\u00e1"}]},{"@type":"WebSite","@id":"https:\/\/www.notibras.com\/site\/#website","url":"https:\/\/www.notibras.com\/site\/","name":"Notibras","description":"Not\u00edcias de Bras\u00edlia, do Brasil e do Mundo","publisher":{"@id":"https:\/\/www.notibras.com\/site\/#organization"},"potentialAction":[{"@type":"SearchAction","target":{"@type":"EntryPoint","urlTemplate":"https:\/\/www.notibras.com\/site\/?s={search_term_string}"},"query-input":{"@type":"PropertyValueSpecification","valueRequired":true,"valueName":"search_term_string"}}],"inLanguage":"pt-BR"},{"@type":"Organization","@id":"https:\/\/www.notibras.com\/site\/#organization","name":"Grupo Notibras de Comunica\u00e7\u00e3o","url":"https:\/\/www.notibras.com\/site\/","logo":{"@type":"ImageObject","inLanguage":"pt-BR","@id":"https:\/\/www.notibras.com\/site\/#\/schema\/logo\/image\/","url":"https:\/\/www.notibras.com\/site\/wp-content\/uploads\/2023\/01\/notibras23.png","contentUrl":"https:\/\/www.notibras.com\/site\/wp-content\/uploads\/2023\/01\/notibras23.png","width":350,"height":87,"caption":"Grupo Notibras de Comunica\u00e7\u00e3o"},"image":{"@id":"https:\/\/www.notibras.com\/site\/#\/schema\/logo\/image\/"},"sameAs":["https:\/\/www.facebook.com\/notibras\/","https:\/\/x.com\/Notibras","https:\/\/www.instagram.com\/notibras\/"]},{"@type":"Person","@id":"https:\/\/www.notibras.com\/site\/#\/schema\/person\/36ab0979449956132d3e5b517ea76ac8","name":"Reda\u00e7\u00e3o","image":{"@type":"ImageObject","inLanguage":"pt-BR","@id":"https:\/\/secure.gravatar.com\/avatar\/e0a867bdedb85fd243eadf09663511f96fc81e0720a4a42581f334ad4303aa6b?s=96&d=mm&r=g","url":"https:\/\/secure.gravatar.com\/avatar\/e0a867bdedb85fd243eadf09663511f96fc81e0720a4a42581f334ad4303aa6b?s=96&d=mm&r=g","contentUrl":"https:\/\/secure.gravatar.com\/avatar\/e0a867bdedb85fd243eadf09663511f96fc81e0720a4a42581f334ad4303aa6b?s=96&d=mm&r=g","caption":"Reda\u00e7\u00e3o"}}]}},"amp_enabled":true,"_links":{"self":[{"href":"https:\/\/www.notibras.com\/site\/wp-json\/wp\/v2\/posts\/58285","targetHints":{"allow":["GET"]}}],"collection":[{"href":"https:\/\/www.notibras.com\/site\/wp-json\/wp\/v2\/posts"}],"about":[{"href":"https:\/\/www.notibras.com\/site\/wp-json\/wp\/v2\/types\/post"}],"author":[{"embeddable":true,"href":"https:\/\/www.notibras.com\/site\/wp-json\/wp\/v2\/users\/2"}],"replies":[{"embeddable":true,"href":"https:\/\/www.notibras.com\/site\/wp-json\/wp\/v2\/comments?post=58285"}],"version-history":[{"count":0,"href":"https:\/\/www.notibras.com\/site\/wp-json\/wp\/v2\/posts\/58285\/revisions"}],"wp:featuredmedia":[{"embeddable":true,"href":"https:\/\/www.notibras.com\/site\/wp-json\/wp\/v2\/media\/58286"}],"wp:attachment":[{"href":"https:\/\/www.notibras.com\/site\/wp-json\/wp\/v2\/media?parent=58285"}],"wp:term":[{"taxonomy":"category","embeddable":true,"href":"https:\/\/www.notibras.com\/site\/wp-json\/wp\/v2\/categories?post=58285"},{"taxonomy":"post_tag","embeddable":true,"href":"https:\/\/www.notibras.com\/site\/wp-json\/wp\/v2\/tags?post=58285"}],"curies":[{"name":"wp","href":"https:\/\/api.w.org\/{rel}","templated":true}]}}